{"id":3214,"date":"2018-09-26T14:33:11","date_gmt":"2018-09-26T11:33:11","guid":{"rendered":"https:\/\/magdacesti.md\/?p=3214"},"modified":"2018-09-26T14:33:11","modified_gmt":"2018-09-26T11:33:11","slug":"inca-un-obiectiv-realizat-cu-succes-la-magdacesti-instalarea-camerelor-video-de-supraveghere","status":"publish","type":"post","link":"https:\/\/magdacesti.md\/?p=3214","title":{"rendered":"\u00cenc\u0103 un obiectiv realizat cu succes la M\u0103gd\u0103ce\u0219ti &#8211; instalarea camerelor video de supraveghere"},"content":{"rendered":"<p><img loading=\"lazy\" decoding=\"async\" class=\"aligncenter\" src=\"https:\/\/magdacesti.md\/wp-content\/uploads\/2018\/09\/465x0_camera-1.jpg\" alt=\"\" width=\"674\" height=\"449\" \/><\/p>\n<p><strong>Mai multe camere de supraveghere au fost montate la M\u0103gd\u0103ce\u0219ti. Prima etap\u0103 a proiectului a constituit amplasarea camerelor pe traiectul celor mai aglomerate intersec\u021bii din localitate \u0219i vor fi atent monitorizate.<\/strong><!--more--><\/p>\n<p>\u00cen viitorul apropiat, sistemul de supraveghere video va fi instalat \u0219i la periferii.<br \/>\nAdministra\u021bia public\u0103 local\u0103 are ca obiectiv prioritar: \u00eembun\u0103t\u0103\u021birea siguran\u021bei cet\u0103\u021benilor, reducerea num\u0103rului de infrac\u021biuni \u0219i men\u021binerea ordinii pu<span class=\"text_exposed_show\">blice.<br \/>\nO dat\u0103 cu iluminarea stradal\u0103 \u0219i a sistemului de supraveghere video 24 de ore din 24, ne va fi mult mai u\u0219or s\u0103 \u00eendeplinim toate aceste sarcini.<br \/>\nDe ieri, camerele video de monitorizare sunt func\u021bionale.<\/span><\/p>\n","protected":false},"excerpt":{"rendered":"<p>Mai multe camere de supraveghere au fost montate la M\u0103gd\u0103ce\u0219ti. Prima etap\u0103 a proiectului a constituit amplasarea camerelor pe traiectul celor mai aglomerate intersec\u021bii din localitate \u0219i vor fi atent monitorizate.<\/p>\n","protected":false},"author":2,"featured_media":0,"comment_status":"closed","ping_status":"closed","sticky":false,"template":"","format":"standard","meta":{"ngg_post_thumbnail":0,"footnotes":""},"categories":[4],"tags":[],"class_list":["post-3214","post","type-post","status-publish","format-standard","hentry","category-stiri"],"yoast_head":"<!-- This site is optimized with the Yoast SEO plugin v23.3 - https:\/\/yoast.com\/wordpress\/plugins\/seo\/ -->\n<title>\u00cenc\u0103 un obiectiv realizat cu succes la M\u0103gd\u0103ce\u0219ti - instalarea camerelor video de supraveghere - M\u0103gd\u0103ce\u0219ti<\/title>\n<meta name=\"description\" content=\"Bine ati venit pe pagina oficiala a Primariei Magdacesti.\" \/>\n<meta name=\"robots\" content=\"index, follow, max-snippet:-1, max-image-preview:large, max-video-preview:-1\" \/>\n<link rel=\"canonical\" href=\"https:\/\/magdacesti.md\/?p=3214\" \/>\n<meta property=\"og:locale\" content=\"en_US\" \/>\n<meta property=\"og:type\" content=\"article\" \/>\n<meta property=\"og:title\" content=\"\u00cenc\u0103 un obiectiv realizat cu succes la M\u0103gd\u0103ce\u0219ti - instalarea camerelor video de supraveghere - M\u0103gd\u0103ce\u0219ti\" \/>\n<meta property=\"og:description\" content=\"Bine ati venit pe pagina oficiala a Primariei Magdacesti.\" \/>\n<meta property=\"og:url\" content=\"https:\/\/magdacesti.md\/?p=3214\" \/>\n<meta property=\"og:site_name\" content=\"M\u0103gd\u0103ce\u0219ti\" \/>\n<meta property=\"article:publisher\" content=\"https:\/\/www.facebook.com\/magdacesti.md\/\" \/>\n<meta property=\"article:published_time\" content=\"2018-09-26T11:33:11+00:00\" \/>\n<meta property=\"og:image\" content=\"https:\/\/magdacesti.md\/wp-content\/uploads\/2018\/09\/465x0_camera-1.jpg\" \/>\n<meta name=\"author\" content=\"Olga Enachi\" \/>\n<meta name=\"twitter:card\" content=\"summary_large_image\" \/>\n<meta name=\"twitter:label1\" content=\"Written by\" \/>\n\t<meta name=\"twitter:data1\" content=\"Olga Enachi\" \/>\n\t<meta name=\"twitter:label2\" content=\"Est. reading time\" \/>\n\t<meta name=\"twitter:data2\" content=\"1 minute\" \/>\n<script type=\"application\/ld+json\" class=\"yoast-schema-graph\">{\"@context\":\"https:\/\/schema.org\",\"@graph\":[{\"@type\":\"Article\",\"@id\":\"https:\/\/magdacesti.md\/?p=3214#article\",\"isPartOf\":{\"@id\":\"https:\/\/magdacesti.md\/?p=3214\"},\"author\":{\"name\":\"Olga Enachi\",\"@id\":\"https:\/\/magdacesti.md\/#\/schema\/person\/0068cad735c7cf3ab41a532515da0575\"},\"headline\":\"\u00cenc\u0103 un obiectiv realizat cu succes la M\u0103gd\u0103ce\u0219ti &#8211; instalarea camerelor video de supraveghere\",\"datePublished\":\"2018-09-26T11:33:11+00:00\",\"dateModified\":\"2018-09-26T11:33:11+00:00\",\"mainEntityOfPage\":{\"@id\":\"https:\/\/magdacesti.md\/?p=3214\"},\"wordCount\":126,\"publisher\":{\"@id\":\"https:\/\/magdacesti.md\/#organization\"},\"image\":{\"@id\":\"https:\/\/magdacesti.md\/?p=3214#primaryimage\"},\"thumbnailUrl\":\"https:\/\/magdacesti.md\/wp-content\/uploads\/2018\/09\/465x0_camera-1.jpg\",\"articleSection\":[\"Stiri\"],\"inLanguage\":\"en-US\"},{\"@type\":\"WebPage\",\"@id\":\"https:\/\/magdacesti.md\/?p=3214\",\"url\":\"https:\/\/magdacesti.md\/?p=3214\",\"name\":\"\u00cenc\u0103 un obiectiv realizat cu succes la M\u0103gd\u0103ce\u0219ti - instalarea camerelor video de supraveghere - M\u0103gd\u0103ce\u0219ti\",\"isPartOf\":{\"@id\":\"https:\/\/magdacesti.md\/#website\"},\"primaryImageOfPage\":{\"@id\":\"https:\/\/magdacesti.md\/?p=3214#primaryimage\"},\"image\":{\"@id\":\"https:\/\/magdacesti.md\/?p=3214#primaryimage\"},\"thumbnailUrl\":\"https:\/\/magdacesti.md\/wp-content\/uploads\/2018\/09\/465x0_camera-1.jpg\",\"datePublished\":\"2018-09-26T11:33:11+00:00\",\"dateModified\":\"2018-09-26T11:33:11+00:00\",\"description\":\"Bine ati venit pe pagina oficiala a Primariei Magdacesti.\",\"breadcrumb\":{\"@id\":\"https:\/\/magdacesti.md\/?p=3214#breadcrumb\"},\"inLanguage\":\"en-US\",\"potentialAction\":[{\"@type\":\"ReadAction\",\"target\":[\"https:\/\/magdacesti.md\/?p=3214\"]}]},{\"@type\":\"ImageObject\",\"inLanguage\":\"en-US\",\"@id\":\"https:\/\/magdacesti.md\/?p=3214#primaryimage\",\"url\":\"https:\/\/magdacesti.md\/wp-content\/uploads\/2018\/09\/465x0_camera-1.jpg\",\"contentUrl\":\"https:\/\/magdacesti.md\/wp-content\/uploads\/2018\/09\/465x0_camera-1.jpg\"},{\"@type\":\"BreadcrumbList\",\"@id\":\"https:\/\/magdacesti.md\/?p=3214#breadcrumb\",\"itemListElement\":[{\"@type\":\"ListItem\",\"position\":1,\"name\":\"Home\",\"item\":\"https:\/\/magdacesti.md\/\"},{\"@type\":\"ListItem\",\"position\":2,\"name\":\"\u00cenc\u0103 un obiectiv realizat cu succes la M\u0103gd\u0103ce\u0219ti &#8211; instalarea camerelor video de supraveghere\"}]},{\"@type\":\"WebSite\",\"@id\":\"https:\/\/magdacesti.md\/#website\",\"url\":\"https:\/\/magdacesti.md\/\",\"name\":\"M\u0103gd\u0103ce\u0219ti\",\"description\":\"Un or\u0103\u0219el cu condi\u021bii decente de trai!\",\"publisher\":{\"@id\":\"https:\/\/magdacesti.md\/#organization\"},\"potentialAction\":[{\"@type\":\"SearchAction\",\"target\":{\"@type\":\"EntryPoint\",\"urlTemplate\":\"https:\/\/magdacesti.md\/?s={search_term_string}\"},\"query-input\":\"required name=search_term_string\"}],\"inLanguage\":\"en-US\"},{\"@type\":\"Organization\",\"@id\":\"https:\/\/magdacesti.md\/#organization\",\"name\":\"M\u0103gd\u0103ce\u0219ti\",\"url\":\"https:\/\/magdacesti.md\/\",\"logo\":{\"@type\":\"ImageObject\",\"inLanguage\":\"en-US\",\"@id\":\"https:\/\/magdacesti.md\/#\/schema\/logo\/image\/\",\"url\":\"https:\/\/magdacesti.md\/wp-content\/uploads\/2021\/03\/Foto-514-scaled.jpg\",\"contentUrl\":\"https:\/\/magdacesti.md\/wp-content\/uploads\/2021\/03\/Foto-514-scaled.jpg\",\"width\":2560,\"height\":1707,\"caption\":\"M\u0103gd\u0103ce\u0219ti\"},\"image\":{\"@id\":\"https:\/\/magdacesti.md\/#\/schema\/logo\/image\/\"},\"sameAs\":[\"https:\/\/www.facebook.com\/magdacesti.md\/\"]},{\"@type\":\"Person\",\"@id\":\"https:\/\/magdacesti.md\/#\/schema\/person\/0068cad735c7cf3ab41a532515da0575\",\"name\":\"Olga Enachi\",\"url\":\"https:\/\/magdacesti.md\/?author=2\"}]}<\/script>\n<!-- \/ Yoast SEO plugin. -->","yoast_head_json":{"title":"\u00cenc\u0103 un obiectiv realizat cu succes la M\u0103gd\u0103ce\u0219ti - instalarea camerelor video de supraveghere - M\u0103gd\u0103ce\u0219ti","description":"Bine ati venit pe pagina oficiala a Primariei Magdacesti.","robots":{"index":"index","follow":"follow","max-snippet":"max-snippet:-1","max-image-preview":"max-image-preview:large","max-video-preview":"max-video-preview:-1"},"canonical":"https:\/\/magdacesti.md\/?p=3214","og_locale":"en_US","og_type":"article","og_title":"\u00cenc\u0103 un obiectiv realizat cu succes la M\u0103gd\u0103ce\u0219ti - instalarea camerelor video de supraveghere - M\u0103gd\u0103ce\u0219ti","og_description":"Bine ati venit pe pagina oficiala a Primariei Magdacesti.","og_url":"https:\/\/magdacesti.md\/?p=3214","og_site_name":"M\u0103gd\u0103ce\u0219ti","article_publisher":"https:\/\/www.facebook.com\/magdacesti.md\/","article_published_time":"2018-09-26T11:33:11+00:00","og_image":[{"url":"https:\/\/magdacesti.md\/wp-content\/uploads\/2018\/09\/465x0_camera-1.jpg"}],"author":"Olga Enachi","twitter_card":"summary_large_image","twitter_misc":{"Written by":"Olga Enachi","Est. reading time":"1 minute"},"schema":{"@context":"https:\/\/schema.org","@graph":[{"@type":"Article","@id":"https:\/\/magdacesti.md\/?p=3214#article","isPartOf":{"@id":"https:\/\/magdacesti.md\/?p=3214"},"author":{"name":"Olga Enachi","@id":"https:\/\/magdacesti.md\/#\/schema\/person\/0068cad735c7cf3ab41a532515da0575"},"headline":"\u00cenc\u0103 un obiectiv realizat cu succes la M\u0103gd\u0103ce\u0219ti &#8211; instalarea camerelor video de supraveghere","datePublished":"2018-09-26T11:33:11+00:00","dateModified":"2018-09-26T11:33:11+00:00","mainEntityOfPage":{"@id":"https:\/\/magdacesti.md\/?p=3214"},"wordCount":126,"publisher":{"@id":"https:\/\/magdacesti.md\/#organization"},"image":{"@id":"https:\/\/magdacesti.md\/?p=3214#primaryimage"},"thumbnailUrl":"https:\/\/magdacesti.md\/wp-content\/uploads\/2018\/09\/465x0_camera-1.jpg","articleSection":["Stiri"],"inLanguage":"en-US"},{"@type":"WebPage","@id":"https:\/\/magdacesti.md\/?p=3214","url":"https:\/\/magdacesti.md\/?p=3214","name":"\u00cenc\u0103 un obiectiv realizat cu succes la M\u0103gd\u0103ce\u0219ti - instalarea camerelor video de supraveghere - M\u0103gd\u0103ce\u0219ti","isPartOf":{"@id":"https:\/\/magdacesti.md\/#website"},"primaryImageOfPage":{"@id":"https:\/\/magdacesti.md\/?p=3214#primaryimage"},"image":{"@id":"https:\/\/magdacesti.md\/?p=3214#primaryimage"},"thumbnailUrl":"https:\/\/magdacesti.md\/wp-content\/uploads\/2018\/09\/465x0_camera-1.jpg","datePublished":"2018-09-26T11:33:11+00:00","dateModified":"2018-09-26T11:33:11+00:00","description":"Bine ati venit pe pagina oficiala a Primariei Magdacesti.","breadcrumb":{"@id":"https:\/\/magdacesti.md\/?p=3214#breadcrumb"},"inLanguage":"en-US","potentialAction":[{"@type":"ReadAction","target":["https:\/\/magdacesti.md\/?p=3214"]}]},{"@type":"ImageObject","inLanguage":"en-US","@id":"https:\/\/magdacesti.md\/?p=3214#primaryimage","url":"https:\/\/magdacesti.md\/wp-content\/uploads\/2018\/09\/465x0_camera-1.jpg","contentUrl":"https:\/\/magdacesti.md\/wp-content\/uploads\/2018\/09\/465x0_camera-1.jpg"},{"@type":"BreadcrumbList","@id":"https:\/\/magdacesti.md\/?p=3214#breadcrumb","itemListElement":[{"@type":"ListItem","position":1,"name":"Home","item":"https:\/\/magdacesti.md\/"},{"@type":"ListItem","position":2,"name":"\u00cenc\u0103 un obiectiv realizat cu succes la M\u0103gd\u0103ce\u0219ti &#8211; instalarea camerelor video de supraveghere"}]},{"@type":"WebSite","@id":"https:\/\/magdacesti.md\/#website","url":"https:\/\/magdacesti.md\/","name":"M\u0103gd\u0103ce\u0219ti","description":"Un or\u0103\u0219el cu condi\u021bii decente de trai!","publisher":{"@id":"https:\/\/magdacesti.md\/#organization"},"potentialAction":[{"@type":"SearchAction","target":{"@type":"EntryPoint","urlTemplate":"https:\/\/magdacesti.md\/?s={search_term_string}"},"query-input":"required name=search_term_string"}],"inLanguage":"en-US"},{"@type":"Organization","@id":"https:\/\/magdacesti.md\/#organization","name":"M\u0103gd\u0103ce\u0219ti","url":"https:\/\/magdacesti.md\/","logo":{"@type":"ImageObject","inLanguage":"en-US","@id":"https:\/\/magdacesti.md\/#\/schema\/logo\/image\/","url":"https:\/\/magdacesti.md\/wp-content\/uploads\/2021\/03\/Foto-514-scaled.jpg","contentUrl":"https:\/\/magdacesti.md\/wp-content\/uploads\/2021\/03\/Foto-514-scaled.jpg","width":2560,"height":1707,"caption":"M\u0103gd\u0103ce\u0219ti"},"image":{"@id":"https:\/\/magdacesti.md\/#\/schema\/logo\/image\/"},"sameAs":["https:\/\/www.facebook.com\/magdacesti.md\/"]},{"@type":"Person","@id":"https:\/\/magdacesti.md\/#\/schema\/person\/0068cad735c7cf3ab41a532515da0575","name":"Olga Enachi","url":"https:\/\/magdacesti.md\/?author=2"}]}},"_links":{"self":[{"href":"https:\/\/magdacesti.md\/index.php?rest_route=\/wp\/v2\/posts\/3214","targetHints":{"allow":["GET"]}}],"collection":[{"href":"https:\/\/magdacesti.md\/index.php?rest_route=\/wp\/v2\/posts"}],"about":[{"href":"https:\/\/magdacesti.md\/index.php?rest_route=\/wp\/v2\/types\/post"}],"author":[{"embeddable":true,"href":"https:\/\/magdacesti.md\/index.php?rest_route=\/wp\/v2\/users\/2"}],"replies":[{"embeddable":true,"href":"https:\/\/magdacesti.md\/index.php?rest_route=%2Fwp%2Fv2%2Fcomments&post=3214"}],"version-history":[{"count":0,"href":"https:\/\/magdacesti.md\/index.php?rest_route=\/wp\/v2\/posts\/3214\/revisions"}],"wp:attachment":[{"href":"https:\/\/magdacesti.md\/index.php?rest_route=%2Fwp%2Fv2%2Fmedia&parent=3214"}],"wp:term":[{"taxonomy":"category","embeddable":true,"href":"https:\/\/magdacesti.md\/index.php?rest_route=%2Fwp%2Fv2%2Fcategories&post=3214"},{"taxonomy":"post_tag","embeddable":true,"href":"https:\/\/magdacesti.md\/index.php?rest_route=%2Fwp%2Fv2%2Ftags&post=3214"}],"curies":[{"name":"wp","href":"https:\/\/api.w.org\/{rel}","templated":true}]}}