{"id":3242,"date":"2018-10-04T15:39:30","date_gmt":"2018-10-04T12:39:30","guid":{"rendered":"https:\/\/magdacesti.md\/?p=3242"},"modified":"2018-10-04T15:39:30","modified_gmt":"2018-10-04T12:39:30","slug":"5-octombrie-ziua-mondiala-a-educatiei-si-ziua-profesorului","status":"publish","type":"post","link":"https:\/\/magdacesti.md\/?p=3242","title":{"rendered":"5 octombrie &#8211; Ziua Mondial\u0103 a Educa\u021biei \u0219i Ziua Profesorului"},"content":{"rendered":"<p><strong>Dragi colegi, mult stima\u021bi dasc\u0103li,<\/strong><\/p>\n<p><strong>V\u0103 adres\u0103m sincere felicit\u0103ri cu prilejul zilei dumneavoastr\u0103 profesionale!<\/strong><br \/>\n<strong>Vrem s\u0103 v\u0103 mul\u021bumim pentru r\u0103bdarea imens\u0103 \u0219i munca pe care o depune\u021bi zi de zi, \u00een educa\u021bia copiilor no\u0219tri. \u00cen zilele noastre, nu e deloc u\u0219or s\u0103 fii profesor, \u00eens\u0103 \u00een pofida tuturor dificult\u0103\u021bilor, dumneavoastr\u0103 v\u0103 face\u021bi meseria cu at\u00e2ta dedica\u021bie \u0219i responsabilitate.<\/strong><\/p>\n<p><img loading=\"lazy\" decoding=\"async\" class=\"aligncenter\" src=\"https:\/\/magdacesti.md\/wp-content\/uploads\/2018\/10\/21200884_1211560018990408_3194888107454974602_o.jpg\" alt=\"\" width=\"661\" height=\"400\" \/><\/p>\n<p><!--more--><\/p>\n<p><img loading=\"lazy\" decoding=\"async\" class=\"aligncenter\" src=\"https:\/\/magdacesti.md\/wp-content\/uploads\/2018\/10\/IMG_7039.jpg\" alt=\"\" width=\"646\" height=\"433\" \/><\/p>\n<p style=\"text-align: center;\"><strong>V\u0103 ur\u0103m de mult\u0103 s\u0103n\u0103tate, ani lungi \u0219i realiz\u0103ri frumoase, prosperitate \u0219i discipoli dornici de a cuceri noi culmi. <\/strong><br \/>\n<strong>V\u0103 dorim din suflet s\u0103 ave\u021bi parte de respectul \u0219i recuno\u0219tin\u021ba elevilor. Este un privilegiu s\u0103 po\u021bi modela suflete de oameni, s\u0103 \u0219tii c\u0103 \u00een spatele succesului lor, se afl\u0103 \u0219i o p\u0103rticic\u0103 din sufletul t\u0103u.<\/strong><br \/>\n<strong>La mul\u021bi \u0219i frumo\u0219i ani!<\/strong><\/p>\n<p><img loading=\"lazy\" decoding=\"async\" class=\"aligncenter\" src=\"https:\/\/magdacesti.md\/wp-content\/uploads\/2018\/10\/229ec7bc4a26199f5c240e0b1e657573.jpg\" alt=\"\" width=\"462\" height=\"695\" \/><\/p>\n","protected":false},"excerpt":{"rendered":"<p>Dragi colegi, mult stima\u021bi dasc\u0103li, V\u0103 adres\u0103m sincere felicit\u0103ri cu prilejul zilei dumneavoastr\u0103 profesionale! Vrem s\u0103 v\u0103 mul\u021bumim pentru r\u0103bdarea imens\u0103 \u0219i munca pe care o depune\u021bi zi de zi, \u00een educa\u021bia copiilor no\u0219tri. \u00cen zilele noastre, nu e deloc u\u0219or s\u0103 fii profesor, \u00eens\u0103 \u00een pofida tuturor dificult\u0103\u021bilor, dumneavoastr\u0103 v\u0103 face\u021bi meseria cu at\u00e2ta [&#8230;]\n","protected":false},"author":2,"featured_media":0,"comment_status":"closed","ping_status":"closed","sticky":false,"template":"","format":"standard","meta":{"ngg_post_thumbnail":0,"footnotes":""},"categories":[4],"tags":[],"class_list":["post-3242","post","type-post","status-publish","format-standard","hentry","category-stiri"],"yoast_head":"<!-- This site is optimized with the Yoast SEO plugin v23.3 - https:\/\/yoast.com\/wordpress\/plugins\/seo\/ -->\n<title>5 octombrie - Ziua Mondial\u0103 a Educa\u021biei \u0219i Ziua Profesorului - M\u0103gd\u0103ce\u0219ti<\/title>\n<meta name=\"description\" content=\"Bine ati venit pe pagina oficiala a Primariei Magdacesti.\" \/>\n<meta name=\"robots\" content=\"index, follow, max-snippet:-1, max-image-preview:large, max-video-preview:-1\" \/>\n<link rel=\"canonical\" href=\"https:\/\/magdacesti.md\/?p=3242\" \/>\n<meta property=\"og:locale\" content=\"en_US\" \/>\n<meta property=\"og:type\" content=\"article\" \/>\n<meta property=\"og:title\" content=\"5 octombrie - Ziua Mondial\u0103 a Educa\u021biei \u0219i Ziua Profesorului - M\u0103gd\u0103ce\u0219ti\" \/>\n<meta property=\"og:description\" content=\"Bine ati venit pe pagina oficiala a Primariei Magdacesti.\" \/>\n<meta property=\"og:url\" content=\"https:\/\/magdacesti.md\/?p=3242\" \/>\n<meta property=\"og:site_name\" content=\"M\u0103gd\u0103ce\u0219ti\" \/>\n<meta property=\"article:publisher\" content=\"https:\/\/www.facebook.com\/magdacesti.md\/\" \/>\n<meta property=\"article:published_time\" content=\"2018-10-04T12:39:30+00:00\" \/>\n<meta property=\"og:image\" content=\"https:\/\/magdacesti.md\/wp-content\/uploads\/2018\/10\/21200884_1211560018990408_3194888107454974602_o.jpg\" \/>\n<meta name=\"author\" content=\"Olga Enachi\" \/>\n<meta name=\"twitter:card\" content=\"summary_large_image\" \/>\n<meta name=\"twitter:label1\" content=\"Written by\" \/>\n\t<meta name=\"twitter:data1\" content=\"Olga Enachi\" \/>\n\t<meta name=\"twitter:label2\" content=\"Est. reading time\" \/>\n\t<meta name=\"twitter:data2\" content=\"1 minute\" \/>\n<script type=\"application\/ld+json\" class=\"yoast-schema-graph\">{\"@context\":\"https:\/\/schema.org\",\"@graph\":[{\"@type\":\"Article\",\"@id\":\"https:\/\/magdacesti.md\/?p=3242#article\",\"isPartOf\":{\"@id\":\"https:\/\/magdacesti.md\/?p=3242\"},\"author\":{\"name\":\"Olga Enachi\",\"@id\":\"https:\/\/magdacesti.md\/#\/schema\/person\/0068cad735c7cf3ab41a532515da0575\"},\"headline\":\"5 octombrie &#8211; Ziua Mondial\u0103 a Educa\u021biei \u0219i Ziua Profesorului\",\"datePublished\":\"2018-10-04T12:39:30+00:00\",\"dateModified\":\"2018-10-04T12:39:30+00:00\",\"mainEntityOfPage\":{\"@id\":\"https:\/\/magdacesti.md\/?p=3242\"},\"wordCount\":154,\"publisher\":{\"@id\":\"https:\/\/magdacesti.md\/#organization\"},\"image\":{\"@id\":\"https:\/\/magdacesti.md\/?p=3242#primaryimage\"},\"thumbnailUrl\":\"https:\/\/magdacesti.md\/wp-content\/uploads\/2018\/10\/21200884_1211560018990408_3194888107454974602_o.jpg\",\"articleSection\":[\"Stiri\"],\"inLanguage\":\"en-US\"},{\"@type\":\"WebPage\",\"@id\":\"https:\/\/magdacesti.md\/?p=3242\",\"url\":\"https:\/\/magdacesti.md\/?p=3242\",\"name\":\"5 octombrie - Ziua Mondial\u0103 a Educa\u021biei \u0219i Ziua Profesorului - M\u0103gd\u0103ce\u0219ti\",\"isPartOf\":{\"@id\":\"https:\/\/magdacesti.md\/#website\"},\"primaryImageOfPage\":{\"@id\":\"https:\/\/magdacesti.md\/?p=3242#primaryimage\"},\"image\":{\"@id\":\"https:\/\/magdacesti.md\/?p=3242#primaryimage\"},\"thumbnailUrl\":\"https:\/\/magdacesti.md\/wp-content\/uploads\/2018\/10\/21200884_1211560018990408_3194888107454974602_o.jpg\",\"datePublished\":\"2018-10-04T12:39:30+00:00\",\"dateModified\":\"2018-10-04T12:39:30+00:00\",\"description\":\"Bine ati venit pe pagina oficiala a Primariei Magdacesti.\",\"breadcrumb\":{\"@id\":\"https:\/\/magdacesti.md\/?p=3242#breadcrumb\"},\"inLanguage\":\"en-US\",\"potentialAction\":[{\"@type\":\"ReadAction\",\"target\":[\"https:\/\/magdacesti.md\/?p=3242\"]}]},{\"@type\":\"ImageObject\",\"inLanguage\":\"en-US\",\"@id\":\"https:\/\/magdacesti.md\/?p=3242#primaryimage\",\"url\":\"https:\/\/magdacesti.md\/wp-content\/uploads\/2018\/10\/21200884_1211560018990408_3194888107454974602_o.jpg\",\"contentUrl\":\"https:\/\/magdacesti.md\/wp-content\/uploads\/2018\/10\/21200884_1211560018990408_3194888107454974602_o.jpg\"},{\"@type\":\"BreadcrumbList\",\"@id\":\"https:\/\/magdacesti.md\/?p=3242#breadcrumb\",\"itemListElement\":[{\"@type\":\"ListItem\",\"position\":1,\"name\":\"Home\",\"item\":\"https:\/\/magdacesti.md\/\"},{\"@type\":\"ListItem\",\"position\":2,\"name\":\"5 octombrie &#8211; Ziua Mondial\u0103 a Educa\u021biei \u0219i Ziua Profesorului\"}]},{\"@type\":\"WebSite\",\"@id\":\"https:\/\/magdacesti.md\/#website\",\"url\":\"https:\/\/magdacesti.md\/\",\"name\":\"M\u0103gd\u0103ce\u0219ti\",\"description\":\"Un or\u0103\u0219el cu condi\u021bii decente de trai!\",\"publisher\":{\"@id\":\"https:\/\/magdacesti.md\/#organization\"},\"potentialAction\":[{\"@type\":\"SearchAction\",\"target\":{\"@type\":\"EntryPoint\",\"urlTemplate\":\"https:\/\/magdacesti.md\/?s={search_term_string}\"},\"query-input\":\"required name=search_term_string\"}],\"inLanguage\":\"en-US\"},{\"@type\":\"Organization\",\"@id\":\"https:\/\/magdacesti.md\/#organization\",\"name\":\"M\u0103gd\u0103ce\u0219ti\",\"url\":\"https:\/\/magdacesti.md\/\",\"logo\":{\"@type\":\"ImageObject\",\"inLanguage\":\"en-US\",\"@id\":\"https:\/\/magdacesti.md\/#\/schema\/logo\/image\/\",\"url\":\"https:\/\/magdacesti.md\/wp-content\/uploads\/2021\/03\/Foto-514-scaled.jpg\",\"contentUrl\":\"https:\/\/magdacesti.md\/wp-content\/uploads\/2021\/03\/Foto-514-scaled.jpg\",\"width\":2560,\"height\":1707,\"caption\":\"M\u0103gd\u0103ce\u0219ti\"},\"image\":{\"@id\":\"https:\/\/magdacesti.md\/#\/schema\/logo\/image\/\"},\"sameAs\":[\"https:\/\/www.facebook.com\/magdacesti.md\/\"]},{\"@type\":\"Person\",\"@id\":\"https:\/\/magdacesti.md\/#\/schema\/person\/0068cad735c7cf3ab41a532515da0575\",\"name\":\"Olga Enachi\",\"url\":\"https:\/\/magdacesti.md\/?author=2\"}]}<\/script>\n<!-- \/ Yoast SEO plugin. -->","yoast_head_json":{"title":"5 octombrie - Ziua Mondial\u0103 a Educa\u021biei \u0219i Ziua Profesorului - M\u0103gd\u0103ce\u0219ti","description":"Bine ati venit pe pagina oficiala a Primariei Magdacesti.","robots":{"index":"index","follow":"follow","max-snippet":"max-snippet:-1","max-image-preview":"max-image-preview:large","max-video-preview":"max-video-preview:-1"},"canonical":"https:\/\/magdacesti.md\/?p=3242","og_locale":"en_US","og_type":"article","og_title":"5 octombrie - Ziua Mondial\u0103 a Educa\u021biei \u0219i Ziua Profesorului - M\u0103gd\u0103ce\u0219ti","og_description":"Bine ati venit pe pagina oficiala a Primariei Magdacesti.","og_url":"https:\/\/magdacesti.md\/?p=3242","og_site_name":"M\u0103gd\u0103ce\u0219ti","article_publisher":"https:\/\/www.facebook.com\/magdacesti.md\/","article_published_time":"2018-10-04T12:39:30+00:00","og_image":[{"url":"https:\/\/magdacesti.md\/wp-content\/uploads\/2018\/10\/21200884_1211560018990408_3194888107454974602_o.jpg"}],"author":"Olga Enachi","twitter_card":"summary_large_image","twitter_misc":{"Written by":"Olga Enachi","Est. reading time":"1 minute"},"schema":{"@context":"https:\/\/schema.org","@graph":[{"@type":"Article","@id":"https:\/\/magdacesti.md\/?p=3242#article","isPartOf":{"@id":"https:\/\/magdacesti.md\/?p=3242"},"author":{"name":"Olga Enachi","@id":"https:\/\/magdacesti.md\/#\/schema\/person\/0068cad735c7cf3ab41a532515da0575"},"headline":"5 octombrie &#8211; Ziua Mondial\u0103 a Educa\u021biei \u0219i Ziua Profesorului","datePublished":"2018-10-04T12:39:30+00:00","dateModified":"2018-10-04T12:39:30+00:00","mainEntityOfPage":{"@id":"https:\/\/magdacesti.md\/?p=3242"},"wordCount":154,"publisher":{"@id":"https:\/\/magdacesti.md\/#organization"},"image":{"@id":"https:\/\/magdacesti.md\/?p=3242#primaryimage"},"thumbnailUrl":"https:\/\/magdacesti.md\/wp-content\/uploads\/2018\/10\/21200884_1211560018990408_3194888107454974602_o.jpg","articleSection":["Stiri"],"inLanguage":"en-US"},{"@type":"WebPage","@id":"https:\/\/magdacesti.md\/?p=3242","url":"https:\/\/magdacesti.md\/?p=3242","name":"5 octombrie - Ziua Mondial\u0103 a Educa\u021biei \u0219i Ziua Profesorului - M\u0103gd\u0103ce\u0219ti","isPartOf":{"@id":"https:\/\/magdacesti.md\/#website"},"primaryImageOfPage":{"@id":"https:\/\/magdacesti.md\/?p=3242#primaryimage"},"image":{"@id":"https:\/\/magdacesti.md\/?p=3242#primaryimage"},"thumbnailUrl":"https:\/\/magdacesti.md\/wp-content\/uploads\/2018\/10\/21200884_1211560018990408_3194888107454974602_o.jpg","datePublished":"2018-10-04T12:39:30+00:00","dateModified":"2018-10-04T12:39:30+00:00","description":"Bine ati venit pe pagina oficiala a Primariei Magdacesti.","breadcrumb":{"@id":"https:\/\/magdacesti.md\/?p=3242#breadcrumb"},"inLanguage":"en-US","potentialAction":[{"@type":"ReadAction","target":["https:\/\/magdacesti.md\/?p=3242"]}]},{"@type":"ImageObject","inLanguage":"en-US","@id":"https:\/\/magdacesti.md\/?p=3242#primaryimage","url":"https:\/\/magdacesti.md\/wp-content\/uploads\/2018\/10\/21200884_1211560018990408_3194888107454974602_o.jpg","contentUrl":"https:\/\/magdacesti.md\/wp-content\/uploads\/2018\/10\/21200884_1211560018990408_3194888107454974602_o.jpg"},{"@type":"BreadcrumbList","@id":"https:\/\/magdacesti.md\/?p=3242#breadcrumb","itemListElement":[{"@type":"ListItem","position":1,"name":"Home","item":"https:\/\/magdacesti.md\/"},{"@type":"ListItem","position":2,"name":"5 octombrie &#8211; Ziua Mondial\u0103 a Educa\u021biei \u0219i Ziua Profesorului"}]},{"@type":"WebSite","@id":"https:\/\/magdacesti.md\/#website","url":"https:\/\/magdacesti.md\/","name":"M\u0103gd\u0103ce\u0219ti","description":"Un or\u0103\u0219el cu condi\u021bii decente de trai!","publisher":{"@id":"https:\/\/magdacesti.md\/#organization"},"potentialAction":[{"@type":"SearchAction","target":{"@type":"EntryPoint","urlTemplate":"https:\/\/magdacesti.md\/?s={search_term_string}"},"query-input":"required name=search_term_string"}],"inLanguage":"en-US"},{"@type":"Organization","@id":"https:\/\/magdacesti.md\/#organization","name":"M\u0103gd\u0103ce\u0219ti","url":"https:\/\/magdacesti.md\/","logo":{"@type":"ImageObject","inLanguage":"en-US","@id":"https:\/\/magdacesti.md\/#\/schema\/logo\/image\/","url":"https:\/\/magdacesti.md\/wp-content\/uploads\/2021\/03\/Foto-514-scaled.jpg","contentUrl":"https:\/\/magdacesti.md\/wp-content\/uploads\/2021\/03\/Foto-514-scaled.jpg","width":2560,"height":1707,"caption":"M\u0103gd\u0103ce\u0219ti"},"image":{"@id":"https:\/\/magdacesti.md\/#\/schema\/logo\/image\/"},"sameAs":["https:\/\/www.facebook.com\/magdacesti.md\/"]},{"@type":"Person","@id":"https:\/\/magdacesti.md\/#\/schema\/person\/0068cad735c7cf3ab41a532515da0575","name":"Olga Enachi","url":"https:\/\/magdacesti.md\/?author=2"}]}},"_links":{"self":[{"href":"https:\/\/magdacesti.md\/index.php?rest_route=\/wp\/v2\/posts\/3242","targetHints":{"allow":["GET"]}}],"collection":[{"href":"https:\/\/magdacesti.md\/index.php?rest_route=\/wp\/v2\/posts"}],"about":[{"href":"https:\/\/magdacesti.md\/index.php?rest_route=\/wp\/v2\/types\/post"}],"author":[{"embeddable":true,"href":"https:\/\/magdacesti.md\/index.php?rest_route=\/wp\/v2\/users\/2"}],"replies":[{"embeddable":true,"href":"https:\/\/magdacesti.md\/index.php?rest_route=%2Fwp%2Fv2%2Fcomments&post=3242"}],"version-history":[{"count":0,"href":"https:\/\/magdacesti.md\/index.php?rest_route=\/wp\/v2\/posts\/3242\/revisions"}],"wp:attachment":[{"href":"https:\/\/magdacesti.md\/index.php?rest_route=%2Fwp%2Fv2%2Fmedia&parent=3242"}],"wp:term":[{"taxonomy":"category","embeddable":true,"href":"https:\/\/magdacesti.md\/index.php?rest_route=%2Fwp%2Fv2%2Fcategories&post=3242"},{"taxonomy":"post_tag","embeddable":true,"href":"https:\/\/magdacesti.md\/index.php?rest_route=%2Fwp%2Fv2%2Ftags&post=3242"}],"curies":[{"name":"wp","href":"https:\/\/api.w.org\/{rel}","templated":true}]}}