{"id":3253,"date":"2018-10-10T09:32:08","date_gmt":"2018-10-10T06:32:08","guid":{"rendered":"https:\/\/magdacesti.md\/?p=3253"},"modified":"2018-10-10T09:32:08","modified_gmt":"2018-10-10T06:32:08","slug":"varstnicii-la-o-intalnire-de-suflet-cu-primarul-s-magdacesti","status":"publish","type":"post","link":"https:\/\/magdacesti.md\/?p=3253","title":{"rendered":"V\u00e2rstnicii, la o \u00eent\u00e2lnire de suflet cu primarul s. M\u0103gd\u0103ce\u0219ti"},"content":{"rendered":"<p><strong><iframe loading=\"lazy\" src=\"\/\/www.youtube.com\/embed\/-pDRVY0iQ5Q\" allowfullscreen=\"allowfullscreen\" width=\"560\" height=\"314\"><\/iframe><\/strong><\/p>\n<p><strong>Cu ocazia Zilei Interna\u021bionale a Persoanelor V\u00e2rstnice, duminic\u0103, 7 octombrie 2018, \u00een incinta Cantinei Sociale, administra\u021bia public\u0103 local\u0103 a organizat o s\u0103rb\u0103toare de suflet, la care au participat peste 150 de v\u00e2rstnici din s. M\u0103gd\u0103ce\u0219ti.<\/strong><!--more--><\/p>\n<p><img loading=\"lazy\" decoding=\"async\" class=\"aligncenter\" src=\"https:\/\/magdacesti.md\/wp-content\/uploads\/2018\/10\/IMG_7665.jpg\" alt=\"\" width=\"640\" height=\"480\"><\/p>\n<p><img loading=\"lazy\" decoding=\"async\" class=\"aligncenter\" src=\"https:\/\/magdacesti.md\/wp-content\/uploads\/2018\/10\/IMG_7668.jpg\" alt=\"\" width=\"640\" height=\"480\"><\/p>\n<p><img loading=\"lazy\" decoding=\"async\" class=\"aligncenter\" src=\"https:\/\/magdacesti.md\/wp-content\/uploads\/2018\/10\/IMG_7695.jpg\" alt=\"\" width=\"640\" height=\"427\"><\/p>\n<p>\u00cent\u00e2lnirea a fost cu adev\u0103rat emo\u021bionant\u0103, devreme ce mul\u021bi din ei, abia \u0219i-au g\u0103sit puteri s\u0103 ajung\u0103 la eveniment. B\u0103tr\u00e2nii s-au bucurat de aten\u021bie \u0219i afec\u021biune deosebit\u0103, fiind invita\u021bi la o mas\u0103 de s\u0103rb\u0103toare cu bucate preg\u0103tite de gospodinele din localitate. Programul a debutat cu rug\u0103ciunea de binecuv\u00e2ntare a mesei de c\u0103tre p\u0103rintele Igor Condrea, apoi cu un mesaj de felicitare a venit \u0219i Pre\u0219edintele raionului Criuleni, Veaceslav Burlac.<\/p>\n<p>\u00cen cadrul festivit\u0103\u021bii, dou\u0103 cupluri \u0219i-au re\u00eennoit jur\u0103mintele dup\u0103 50 de ani de c\u0103snicie, dou\u0103 familii ce- au dat dovad\u0103 de putere, dragoste, in\u021belepciune \u0219i-au r\u0103mas \u00eempreun\u0103 la bine \u0219i la greu o jum\u0103tate de secol, fiind un exemplu demn de urmat pentru to\u021bi tinerii din M\u0103gd\u0103ce\u0219ti.<\/p>\n<p><img loading=\"lazy\" decoding=\"async\" class=\"aligncenter\" src=\"https:\/\/magdacesti.md\/wp-content\/uploads\/2018\/10\/IMG_7649.jpg\" alt=\"\" width=\"640\" height=\"480\"><\/p>\n<p><img loading=\"lazy\" decoding=\"async\" class=\"aligncenter\" src=\"https:\/\/magdacesti.md\/wp-content\/uploads\/2018\/10\/IMG_7648.jpg\" alt=\"\" width=\"640\" height=\"428\"><\/p>\n<p><img loading=\"lazy\" decoding=\"async\" class=\"aligncenter\" src=\"https:\/\/magdacesti.md\/wp-content\/uploads\/2018\/10\/IMG_7704.jpg\" alt=\"\" width=\"640\" height=\"428\"><\/p>\n<p><img loading=\"lazy\" decoding=\"async\" class=\"aligncenter\" src=\"https:\/\/magdacesti.md\/wp-content\/uploads\/2018\/10\/IMG_7727.jpg\" alt=\"\" width=\"640\" height=\"480\"><\/p>\n<p><img loading=\"lazy\" decoding=\"async\" class=\"aligncenter\" src=\"https:\/\/magdacesti.md\/wp-content\/uploads\/2018\/10\/IMG_7726.jpg\" alt=\"\" width=\"640\" height=\"427\"><\/p>\n<p>Momentul care a \u00eencununat evenimentul \u0219i i-a ridicat la o hor\u0103 pe to\u021bi invita\u021bii, a fost atunci, c\u00e2nd pe u\u0219\u0103 au intrat interpre\u021bii de muzic\u0103 popular\u0103 Nicolae \u0219i Isidor Glib, care le-au mai descre\u021bit frun\u021bile \u0219i i-au f\u0103cut s\u0103 uite de triste\u021bi \u0219i de nevoi.<\/p>\n<p><img loading=\"lazy\" decoding=\"async\" class=\"aligncenter\" src=\"https:\/\/magdacesti.md\/wp-content\/uploads\/2018\/10\/IMG_7767.jpg\" alt=\"\" width=\"640\" height=\"427\"><\/p>\n<p>V\u0103 ur\u0103m dragii no\u0219tri, cele mai sincere ur\u0103ri de s\u0103n\u0103tate, via\u021b\u0103 lung\u0103 al\u0103turi de copii \u0219i nepo\u021bi, de \u00eentreaga familie, iar noi, administra\u021bia public\u0103 local\u0103, promitem c\u0103 vom fi al\u0103turi, vom veni mai des \u00een vizit\u0103 \u0219i vom face tot posibilul c\u0103 s\u0103 va u\u0219ur\u0103m un pic din povara b\u0103tr\u00e2ne\u021bilor.<\/p>\n","protected":false},"excerpt":{"rendered":"<p>Cu ocazia Zilei Interna\u021bionale a Persoanelor V\u00e2rstnice, duminic\u0103, 7 octombrie 2018, \u00een incinta Cantinei Sociale, administra\u021bia public\u0103 local\u0103 a organizat o s\u0103rb\u0103toare de suflet, la care au participat peste 150 de v\u00e2rstnici din s. M\u0103gd\u0103ce\u0219ti.<\/p>\n","protected":false},"author":2,"featured_media":0,"comment_status":"closed","ping_status":"closed","sticky":false,"template":"","format":"standard","meta":{"ngg_post_thumbnail":0,"footnotes":""},"categories":[4],"tags":[],"class_list":["post-3253","post","type-post","status-publish","format-standard","hentry","category-stiri"],"yoast_head":"<!-- This site is optimized with the Yoast SEO plugin v23.3 - https:\/\/yoast.com\/wordpress\/plugins\/seo\/ -->\n<title>V\u00e2rstnicii, la o \u00eent\u00e2lnire de suflet cu primarul s. M\u0103gd\u0103ce\u0219ti - M\u0103gd\u0103ce\u0219ti<\/title>\n<meta name=\"description\" content=\"Bine ati venit pe pagina oficiala a Primariei Magdacesti.\" \/>\n<meta name=\"robots\" content=\"index, follow, max-snippet:-1, max-image-preview:large, max-video-preview:-1\" \/>\n<link rel=\"canonical\" href=\"https:\/\/magdacesti.md\/?p=3253\" \/>\n<meta property=\"og:locale\" content=\"en_US\" \/>\n<meta property=\"og:type\" content=\"article\" \/>\n<meta property=\"og:title\" content=\"V\u00e2rstnicii, la o \u00eent\u00e2lnire de suflet cu primarul s. M\u0103gd\u0103ce\u0219ti - M\u0103gd\u0103ce\u0219ti\" \/>\n<meta property=\"og:description\" content=\"Bine ati venit pe pagina oficiala a Primariei Magdacesti.\" \/>\n<meta property=\"og:url\" content=\"https:\/\/magdacesti.md\/?p=3253\" \/>\n<meta property=\"og:site_name\" content=\"M\u0103gd\u0103ce\u0219ti\" \/>\n<meta property=\"article:publisher\" content=\"https:\/\/www.facebook.com\/magdacesti.md\/\" \/>\n<meta property=\"article:published_time\" content=\"2018-10-10T06:32:08+00:00\" \/>\n<meta property=\"og:image\" content=\"https:\/\/magdacesti.md\/wp-content\/uploads\/2018\/10\/IMG_7665.jpg\" \/>\n<meta name=\"author\" content=\"Olga Enachi\" \/>\n<meta name=\"twitter:card\" content=\"summary_large_image\" \/>\n<meta name=\"twitter:label1\" content=\"Written by\" \/>\n\t<meta name=\"twitter:data1\" content=\"Olga Enachi\" \/>\n\t<meta name=\"twitter:label2\" content=\"Est. reading time\" \/>\n\t<meta name=\"twitter:data2\" content=\"2 minutes\" \/>\n<script type=\"application\/ld+json\" class=\"yoast-schema-graph\">{\"@context\":\"https:\/\/schema.org\",\"@graph\":[{\"@type\":\"Article\",\"@id\":\"https:\/\/magdacesti.md\/?p=3253#article\",\"isPartOf\":{\"@id\":\"https:\/\/magdacesti.md\/?p=3253\"},\"author\":{\"name\":\"Olga Enachi\",\"@id\":\"https:\/\/magdacesti.md\/#\/schema\/person\/0068cad735c7cf3ab41a532515da0575\"},\"headline\":\"V\u00e2rstnicii, la o \u00eent\u00e2lnire de suflet cu primarul s. M\u0103gd\u0103ce\u0219ti\",\"datePublished\":\"2018-10-10T06:32:08+00:00\",\"dateModified\":\"2018-10-10T06:32:08+00:00\",\"mainEntityOfPage\":{\"@id\":\"https:\/\/magdacesti.md\/?p=3253\"},\"wordCount\":317,\"publisher\":{\"@id\":\"https:\/\/magdacesti.md\/#organization\"},\"image\":{\"@id\":\"https:\/\/magdacesti.md\/?p=3253#primaryimage\"},\"thumbnailUrl\":\"https:\/\/magdacesti.md\/wp-content\/uploads\/2018\/10\/IMG_7665.jpg\",\"articleSection\":[\"Stiri\"],\"inLanguage\":\"en-US\"},{\"@type\":\"WebPage\",\"@id\":\"https:\/\/magdacesti.md\/?p=3253\",\"url\":\"https:\/\/magdacesti.md\/?p=3253\",\"name\":\"V\u00e2rstnicii, la o \u00eent\u00e2lnire de suflet cu primarul s. M\u0103gd\u0103ce\u0219ti - M\u0103gd\u0103ce\u0219ti\",\"isPartOf\":{\"@id\":\"https:\/\/magdacesti.md\/#website\"},\"primaryImageOfPage\":{\"@id\":\"https:\/\/magdacesti.md\/?p=3253#primaryimage\"},\"image\":{\"@id\":\"https:\/\/magdacesti.md\/?p=3253#primaryimage\"},\"thumbnailUrl\":\"https:\/\/magdacesti.md\/wp-content\/uploads\/2018\/10\/IMG_7665.jpg\",\"datePublished\":\"2018-10-10T06:32:08+00:00\",\"dateModified\":\"2018-10-10T06:32:08+00:00\",\"description\":\"Bine ati venit pe pagina oficiala a Primariei Magdacesti.\",\"breadcrumb\":{\"@id\":\"https:\/\/magdacesti.md\/?p=3253#breadcrumb\"},\"inLanguage\":\"en-US\",\"potentialAction\":[{\"@type\":\"ReadAction\",\"target\":[\"https:\/\/magdacesti.md\/?p=3253\"]}]},{\"@type\":\"ImageObject\",\"inLanguage\":\"en-US\",\"@id\":\"https:\/\/magdacesti.md\/?p=3253#primaryimage\",\"url\":\"https:\/\/magdacesti.md\/wp-content\/uploads\/2018\/10\/IMG_7665.jpg\",\"contentUrl\":\"https:\/\/magdacesti.md\/wp-content\/uploads\/2018\/10\/IMG_7665.jpg\"},{\"@type\":\"BreadcrumbList\",\"@id\":\"https:\/\/magdacesti.md\/?p=3253#breadcrumb\",\"itemListElement\":[{\"@type\":\"ListItem\",\"position\":1,\"name\":\"Home\",\"item\":\"https:\/\/magdacesti.md\/\"},{\"@type\":\"ListItem\",\"position\":2,\"name\":\"V\u00e2rstnicii, la o \u00eent\u00e2lnire de suflet cu primarul s. M\u0103gd\u0103ce\u0219ti\"}]},{\"@type\":\"WebSite\",\"@id\":\"https:\/\/magdacesti.md\/#website\",\"url\":\"https:\/\/magdacesti.md\/\",\"name\":\"M\u0103gd\u0103ce\u0219ti\",\"description\":\"Un or\u0103\u0219el cu condi\u021bii decente de trai!\",\"publisher\":{\"@id\":\"https:\/\/magdacesti.md\/#organization\"},\"potentialAction\":[{\"@type\":\"SearchAction\",\"target\":{\"@type\":\"EntryPoint\",\"urlTemplate\":\"https:\/\/magdacesti.md\/?s={search_term_string}\"},\"query-input\":\"required name=search_term_string\"}],\"inLanguage\":\"en-US\"},{\"@type\":\"Organization\",\"@id\":\"https:\/\/magdacesti.md\/#organization\",\"name\":\"M\u0103gd\u0103ce\u0219ti\",\"url\":\"https:\/\/magdacesti.md\/\",\"logo\":{\"@type\":\"ImageObject\",\"inLanguage\":\"en-US\",\"@id\":\"https:\/\/magdacesti.md\/#\/schema\/logo\/image\/\",\"url\":\"https:\/\/magdacesti.md\/wp-content\/uploads\/2021\/03\/Foto-514-scaled.jpg\",\"contentUrl\":\"https:\/\/magdacesti.md\/wp-content\/uploads\/2021\/03\/Foto-514-scaled.jpg\",\"width\":2560,\"height\":1707,\"caption\":\"M\u0103gd\u0103ce\u0219ti\"},\"image\":{\"@id\":\"https:\/\/magdacesti.md\/#\/schema\/logo\/image\/\"},\"sameAs\":[\"https:\/\/www.facebook.com\/magdacesti.md\/\"]},{\"@type\":\"Person\",\"@id\":\"https:\/\/magdacesti.md\/#\/schema\/person\/0068cad735c7cf3ab41a532515da0575\",\"name\":\"Olga Enachi\",\"url\":\"https:\/\/magdacesti.md\/?author=2\"}]}<\/script>\n<!-- \/ Yoast SEO plugin. -->","yoast_head_json":{"title":"V\u00e2rstnicii, la o \u00eent\u00e2lnire de suflet cu primarul s. M\u0103gd\u0103ce\u0219ti - M\u0103gd\u0103ce\u0219ti","description":"Bine ati venit pe pagina oficiala a Primariei Magdacesti.","robots":{"index":"index","follow":"follow","max-snippet":"max-snippet:-1","max-image-preview":"max-image-preview:large","max-video-preview":"max-video-preview:-1"},"canonical":"https:\/\/magdacesti.md\/?p=3253","og_locale":"en_US","og_type":"article","og_title":"V\u00e2rstnicii, la o \u00eent\u00e2lnire de suflet cu primarul s. M\u0103gd\u0103ce\u0219ti - M\u0103gd\u0103ce\u0219ti","og_description":"Bine ati venit pe pagina oficiala a Primariei Magdacesti.","og_url":"https:\/\/magdacesti.md\/?p=3253","og_site_name":"M\u0103gd\u0103ce\u0219ti","article_publisher":"https:\/\/www.facebook.com\/magdacesti.md\/","article_published_time":"2018-10-10T06:32:08+00:00","og_image":[{"url":"https:\/\/magdacesti.md\/wp-content\/uploads\/2018\/10\/IMG_7665.jpg"}],"author":"Olga Enachi","twitter_card":"summary_large_image","twitter_misc":{"Written by":"Olga Enachi","Est. reading time":"2 minutes"},"schema":{"@context":"https:\/\/schema.org","@graph":[{"@type":"Article","@id":"https:\/\/magdacesti.md\/?p=3253#article","isPartOf":{"@id":"https:\/\/magdacesti.md\/?p=3253"},"author":{"name":"Olga Enachi","@id":"https:\/\/magdacesti.md\/#\/schema\/person\/0068cad735c7cf3ab41a532515da0575"},"headline":"V\u00e2rstnicii, la o \u00eent\u00e2lnire de suflet cu primarul s. M\u0103gd\u0103ce\u0219ti","datePublished":"2018-10-10T06:32:08+00:00","dateModified":"2018-10-10T06:32:08+00:00","mainEntityOfPage":{"@id":"https:\/\/magdacesti.md\/?p=3253"},"wordCount":317,"publisher":{"@id":"https:\/\/magdacesti.md\/#organization"},"image":{"@id":"https:\/\/magdacesti.md\/?p=3253#primaryimage"},"thumbnailUrl":"https:\/\/magdacesti.md\/wp-content\/uploads\/2018\/10\/IMG_7665.jpg","articleSection":["Stiri"],"inLanguage":"en-US"},{"@type":"WebPage","@id":"https:\/\/magdacesti.md\/?p=3253","url":"https:\/\/magdacesti.md\/?p=3253","name":"V\u00e2rstnicii, la o \u00eent\u00e2lnire de suflet cu primarul s. M\u0103gd\u0103ce\u0219ti - M\u0103gd\u0103ce\u0219ti","isPartOf":{"@id":"https:\/\/magdacesti.md\/#website"},"primaryImageOfPage":{"@id":"https:\/\/magdacesti.md\/?p=3253#primaryimage"},"image":{"@id":"https:\/\/magdacesti.md\/?p=3253#primaryimage"},"thumbnailUrl":"https:\/\/magdacesti.md\/wp-content\/uploads\/2018\/10\/IMG_7665.jpg","datePublished":"2018-10-10T06:32:08+00:00","dateModified":"2018-10-10T06:32:08+00:00","description":"Bine ati venit pe pagina oficiala a Primariei Magdacesti.","breadcrumb":{"@id":"https:\/\/magdacesti.md\/?p=3253#breadcrumb"},"inLanguage":"en-US","potentialAction":[{"@type":"ReadAction","target":["https:\/\/magdacesti.md\/?p=3253"]}]},{"@type":"ImageObject","inLanguage":"en-US","@id":"https:\/\/magdacesti.md\/?p=3253#primaryimage","url":"https:\/\/magdacesti.md\/wp-content\/uploads\/2018\/10\/IMG_7665.jpg","contentUrl":"https:\/\/magdacesti.md\/wp-content\/uploads\/2018\/10\/IMG_7665.jpg"},{"@type":"BreadcrumbList","@id":"https:\/\/magdacesti.md\/?p=3253#breadcrumb","itemListElement":[{"@type":"ListItem","position":1,"name":"Home","item":"https:\/\/magdacesti.md\/"},{"@type":"ListItem","position":2,"name":"V\u00e2rstnicii, la o \u00eent\u00e2lnire de suflet cu primarul s. M\u0103gd\u0103ce\u0219ti"}]},{"@type":"WebSite","@id":"https:\/\/magdacesti.md\/#website","url":"https:\/\/magdacesti.md\/","name":"M\u0103gd\u0103ce\u0219ti","description":"Un or\u0103\u0219el cu condi\u021bii decente de trai!","publisher":{"@id":"https:\/\/magdacesti.md\/#organization"},"potentialAction":[{"@type":"SearchAction","target":{"@type":"EntryPoint","urlTemplate":"https:\/\/magdacesti.md\/?s={search_term_string}"},"query-input":"required name=search_term_string"}],"inLanguage":"en-US"},{"@type":"Organization","@id":"https:\/\/magdacesti.md\/#organization","name":"M\u0103gd\u0103ce\u0219ti","url":"https:\/\/magdacesti.md\/","logo":{"@type":"ImageObject","inLanguage":"en-US","@id":"https:\/\/magdacesti.md\/#\/schema\/logo\/image\/","url":"https:\/\/magdacesti.md\/wp-content\/uploads\/2021\/03\/Foto-514-scaled.jpg","contentUrl":"https:\/\/magdacesti.md\/wp-content\/uploads\/2021\/03\/Foto-514-scaled.jpg","width":2560,"height":1707,"caption":"M\u0103gd\u0103ce\u0219ti"},"image":{"@id":"https:\/\/magdacesti.md\/#\/schema\/logo\/image\/"},"sameAs":["https:\/\/www.facebook.com\/magdacesti.md\/"]},{"@type":"Person","@id":"https:\/\/magdacesti.md\/#\/schema\/person\/0068cad735c7cf3ab41a532515da0575","name":"Olga Enachi","url":"https:\/\/magdacesti.md\/?author=2"}]}},"_links":{"self":[{"href":"https:\/\/magdacesti.md\/index.php?rest_route=\/wp\/v2\/posts\/3253","targetHints":{"allow":["GET"]}}],"collection":[{"href":"https:\/\/magdacesti.md\/index.php?rest_route=\/wp\/v2\/posts"}],"about":[{"href":"https:\/\/magdacesti.md\/index.php?rest_route=\/wp\/v2\/types\/post"}],"author":[{"embeddable":true,"href":"https:\/\/magdacesti.md\/index.php?rest_route=\/wp\/v2\/users\/2"}],"replies":[{"embeddable":true,"href":"https:\/\/magdacesti.md\/index.php?rest_route=%2Fwp%2Fv2%2Fcomments&post=3253"}],"version-history":[{"count":0,"href":"https:\/\/magdacesti.md\/index.php?rest_route=\/wp\/v2\/posts\/3253\/revisions"}],"wp:attachment":[{"href":"https:\/\/magdacesti.md\/index.php?rest_route=%2Fwp%2Fv2%2Fmedia&parent=3253"}],"wp:term":[{"taxonomy":"category","embeddable":true,"href":"https:\/\/magdacesti.md\/index.php?rest_route=%2Fwp%2Fv2%2Fcategories&post=3253"},{"taxonomy":"post_tag","embeddable":true,"href":"https:\/\/magdacesti.md\/index.php?rest_route=%2Fwp%2Fv2%2Ftags&post=3253"}],"curies":[{"name":"wp","href":"https:\/\/api.w.org\/{rel}","templated":true}]}}