{"id":3303,"date":"2018-10-31T17:23:49","date_gmt":"2018-10-31T15:23:49","guid":{"rendered":"https:\/\/magdacesti.md\/?p=3303"},"modified":"2018-10-31T17:23:49","modified_gmt":"2018-10-31T15:23:49","slug":"o-plimbare-cu-trenutul-prin-centrul-satului-magdacesti","status":"publish","type":"post","link":"https:\/\/magdacesti.md\/?p=3303","title":{"rendered":"O plimbare cu trenu\u021bul prin centrul satului M\u0103gd\u0103ce\u0219ti"},"content":{"rendered":"<p><iframe loading=\"lazy\" src=\"\/\/www.youtube.com\/embed\/FT4C7Mp2CZ4?feature=youtu\" width=\"560\" height=\"314\" allowfullscreen=\"allowfullscreen\"><\/iframe><\/p>\n<p>Chiar dac\u0103 toamna aduce cu ea \u0219i vreme mohor\u00e2t\u0103, ast\u0103zi, micu\u021bii din Gr\u0103dini\u021ba&#8221; Floricica&#8221;, au avut parte de o zi minunat\u0103. Administra\u021bia public\u0103 local\u0103 a creat o tradi\u021bie prin a le face surprize pl\u0103cute micu\u021bilor exploratori, de care s\u0103-\u0219i aminteasc\u0103 peste ani.<\/p>\n<p><img loading=\"lazy\" decoding=\"async\" class=\"aligncenter\" src=\"https:\/\/magdacesti.md\/wp-content\/uploads\/2018\/10\/IMG_7970.jpg\" alt=\"\" width=\"720\" height=\"540\" \/><\/p>\n<p><img loading=\"lazy\" decoding=\"async\" class=\"aligncenter\" src=\"https:\/\/magdacesti.md\/wp-content\/uploads\/2018\/10\/IMG_7989.jpg\" alt=\"\" width=\"720\" height=\"540\" \/><\/p>\n<p><img loading=\"lazy\" decoding=\"async\" class=\"aligncenter\" src=\"https:\/\/magdacesti.md\/wp-content\/uploads\/2018\/10\/IMG_8031.jpg\" alt=\"\" width=\"720\" height=\"540\" \/><br \/>\nTrenu\u021bul din poveste \u0219i personajele mult \u00eendr\u0103gite Mickey \u0219i Minnie Mouse, i-au purtat pe uli\u021bele satului nostru iubit.<\/p>\n<p>G\u0103l\u0103gio\u0219i \u0219i z\u00e2mb\u0103re\u021bi din fire, piticii au atras toate privirile trec\u0103torilor, iar cei mai \u00eendr\u0103zne\u021bi i-au \u0219i salutat. Plimbarea a fost nemaipomenit\u0103, iar micii pasageri- mul\u021bumi\u021bi \u0219i dornici de noi experien\u021be&#8230;<\/p>\n<p><img loading=\"lazy\" decoding=\"async\" class=\"aligncenter\" src=\"https:\/\/magdacesti.md\/wp-content\/uploads\/2018\/10\/IMG_8018.jpg\" alt=\"\" width=\"720\" height=\"540\" \/><\/p>\n<p><img loading=\"lazy\" decoding=\"async\" class=\"aligncenter\" src=\"https:\/\/magdacesti.md\/wp-content\/uploads\/2018\/10\/IMG_7977.jpg\" alt=\"\" width=\"720\" height=\"540\" \/><\/p>\n<p><img loading=\"lazy\" decoding=\"async\" class=\"aligncenter\" src=\"https:\/\/magdacesti.md\/wp-content\/uploads\/2018\/10\/IMG_8055.jpg\" alt=\"\" width=\"720\" height=\"540\" \/><\/p>\n<p>&nbsp;<\/p>\n","protected":false},"excerpt":{"rendered":"<p>Chiar dac\u0103 toamna aduce cu ea \u0219i vreme mohor\u00e2t\u0103, ast\u0103zi, micu\u021bii din Gr\u0103dini\u021ba&#8221; Floricica&#8221;, au avut parte de o zi minunat\u0103. Administra\u021bia public\u0103 local\u0103 a creat o tradi\u021bie prin a le face surprize pl\u0103cute micu\u021bilor exploratori, de care s\u0103-\u0219i aminteasc\u0103 peste ani. Trenu\u021bul din poveste \u0219i personajele mult \u00eendr\u0103gite Mickey \u0219i Minnie Mouse, i-au purtat [&#8230;]\n","protected":false},"author":2,"featured_media":0,"comment_status":"closed","ping_status":"closed","sticky":false,"template":"","format":"standard","meta":{"ngg_post_thumbnail":0,"footnotes":""},"categories":[4],"tags":[],"class_list":["post-3303","post","type-post","status-publish","format-standard","hentry","category-stiri"],"yoast_head":"<!-- This site is optimized with the Yoast SEO plugin v23.3 - https:\/\/yoast.com\/wordpress\/plugins\/seo\/ -->\n<title>O plimbare cu trenu\u021bul prin centrul satului M\u0103gd\u0103ce\u0219ti - M\u0103gd\u0103ce\u0219ti<\/title>\n<meta name=\"description\" content=\"Bine ati venit pe pagina oficiala a Primariei Magdacesti.\" \/>\n<meta name=\"robots\" content=\"index, follow, max-snippet:-1, max-image-preview:large, max-video-preview:-1\" \/>\n<link rel=\"canonical\" href=\"https:\/\/magdacesti.md\/?p=3303\" \/>\n<meta property=\"og:locale\" content=\"en_US\" \/>\n<meta property=\"og:type\" content=\"article\" \/>\n<meta property=\"og:title\" content=\"O plimbare cu trenu\u021bul prin centrul satului M\u0103gd\u0103ce\u0219ti - M\u0103gd\u0103ce\u0219ti\" \/>\n<meta property=\"og:description\" content=\"Bine ati venit pe pagina oficiala a Primariei Magdacesti.\" \/>\n<meta property=\"og:url\" content=\"https:\/\/magdacesti.md\/?p=3303\" \/>\n<meta property=\"og:site_name\" content=\"M\u0103gd\u0103ce\u0219ti\" \/>\n<meta property=\"article:publisher\" content=\"https:\/\/www.facebook.com\/magdacesti.md\/\" \/>\n<meta property=\"article:published_time\" content=\"2018-10-31T15:23:49+00:00\" \/>\n<meta property=\"og:image\" content=\"https:\/\/magdacesti.md\/wp-content\/uploads\/2018\/10\/IMG_7970.jpg\" \/>\n<meta name=\"author\" content=\"Olga Enachi\" \/>\n<meta name=\"twitter:card\" content=\"summary_large_image\" \/>\n<meta name=\"twitter:label1\" content=\"Written by\" \/>\n\t<meta name=\"twitter:data1\" content=\"Olga Enachi\" \/>\n\t<meta name=\"twitter:label2\" content=\"Est. reading time\" \/>\n\t<meta name=\"twitter:data2\" content=\"1 minute\" \/>\n<script type=\"application\/ld+json\" class=\"yoast-schema-graph\">{\"@context\":\"https:\/\/schema.org\",\"@graph\":[{\"@type\":\"Article\",\"@id\":\"https:\/\/magdacesti.md\/?p=3303#article\",\"isPartOf\":{\"@id\":\"https:\/\/magdacesti.md\/?p=3303\"},\"author\":{\"name\":\"Olga Enachi\",\"@id\":\"https:\/\/magdacesti.md\/#\/schema\/person\/0068cad735c7cf3ab41a532515da0575\"},\"headline\":\"O plimbare cu trenu\u021bul prin centrul satului M\u0103gd\u0103ce\u0219ti\",\"datePublished\":\"2018-10-31T15:23:49+00:00\",\"dateModified\":\"2018-10-31T15:23:49+00:00\",\"mainEntityOfPage\":{\"@id\":\"https:\/\/magdacesti.md\/?p=3303\"},\"wordCount\":130,\"publisher\":{\"@id\":\"https:\/\/magdacesti.md\/#organization\"},\"image\":{\"@id\":\"https:\/\/magdacesti.md\/?p=3303#primaryimage\"},\"thumbnailUrl\":\"https:\/\/magdacesti.md\/wp-content\/uploads\/2018\/10\/IMG_7970.jpg\",\"articleSection\":[\"Stiri\"],\"inLanguage\":\"en-US\"},{\"@type\":\"WebPage\",\"@id\":\"https:\/\/magdacesti.md\/?p=3303\",\"url\":\"https:\/\/magdacesti.md\/?p=3303\",\"name\":\"O plimbare cu trenu\u021bul prin centrul satului M\u0103gd\u0103ce\u0219ti - M\u0103gd\u0103ce\u0219ti\",\"isPartOf\":{\"@id\":\"https:\/\/magdacesti.md\/#website\"},\"primaryImageOfPage\":{\"@id\":\"https:\/\/magdacesti.md\/?p=3303#primaryimage\"},\"image\":{\"@id\":\"https:\/\/magdacesti.md\/?p=3303#primaryimage\"},\"thumbnailUrl\":\"https:\/\/magdacesti.md\/wp-content\/uploads\/2018\/10\/IMG_7970.jpg\",\"datePublished\":\"2018-10-31T15:23:49+00:00\",\"dateModified\":\"2018-10-31T15:23:49+00:00\",\"description\":\"Bine ati venit pe pagina oficiala a Primariei Magdacesti.\",\"breadcrumb\":{\"@id\":\"https:\/\/magdacesti.md\/?p=3303#breadcrumb\"},\"inLanguage\":\"en-US\",\"potentialAction\":[{\"@type\":\"ReadAction\",\"target\":[\"https:\/\/magdacesti.md\/?p=3303\"]}]},{\"@type\":\"ImageObject\",\"inLanguage\":\"en-US\",\"@id\":\"https:\/\/magdacesti.md\/?p=3303#primaryimage\",\"url\":\"https:\/\/magdacesti.md\/wp-content\/uploads\/2018\/10\/IMG_7970.jpg\",\"contentUrl\":\"https:\/\/magdacesti.md\/wp-content\/uploads\/2018\/10\/IMG_7970.jpg\"},{\"@type\":\"BreadcrumbList\",\"@id\":\"https:\/\/magdacesti.md\/?p=3303#breadcrumb\",\"itemListElement\":[{\"@type\":\"ListItem\",\"position\":1,\"name\":\"Home\",\"item\":\"https:\/\/magdacesti.md\/\"},{\"@type\":\"ListItem\",\"position\":2,\"name\":\"O plimbare cu trenu\u021bul prin centrul satului M\u0103gd\u0103ce\u0219ti\"}]},{\"@type\":\"WebSite\",\"@id\":\"https:\/\/magdacesti.md\/#website\",\"url\":\"https:\/\/magdacesti.md\/\",\"name\":\"M\u0103gd\u0103ce\u0219ti\",\"description\":\"Un or\u0103\u0219el cu condi\u021bii decente de trai!\",\"publisher\":{\"@id\":\"https:\/\/magdacesti.md\/#organization\"},\"potentialAction\":[{\"@type\":\"SearchAction\",\"target\":{\"@type\":\"EntryPoint\",\"urlTemplate\":\"https:\/\/magdacesti.md\/?s={search_term_string}\"},\"query-input\":\"required name=search_term_string\"}],\"inLanguage\":\"en-US\"},{\"@type\":\"Organization\",\"@id\":\"https:\/\/magdacesti.md\/#organization\",\"name\":\"M\u0103gd\u0103ce\u0219ti\",\"url\":\"https:\/\/magdacesti.md\/\",\"logo\":{\"@type\":\"ImageObject\",\"inLanguage\":\"en-US\",\"@id\":\"https:\/\/magdacesti.md\/#\/schema\/logo\/image\/\",\"url\":\"https:\/\/magdacesti.md\/wp-content\/uploads\/2021\/03\/Foto-514-scaled.jpg\",\"contentUrl\":\"https:\/\/magdacesti.md\/wp-content\/uploads\/2021\/03\/Foto-514-scaled.jpg\",\"width\":2560,\"height\":1707,\"caption\":\"M\u0103gd\u0103ce\u0219ti\"},\"image\":{\"@id\":\"https:\/\/magdacesti.md\/#\/schema\/logo\/image\/\"},\"sameAs\":[\"https:\/\/www.facebook.com\/magdacesti.md\/\"]},{\"@type\":\"Person\",\"@id\":\"https:\/\/magdacesti.md\/#\/schema\/person\/0068cad735c7cf3ab41a532515da0575\",\"name\":\"Olga Enachi\",\"url\":\"https:\/\/magdacesti.md\/?author=2\"}]}<\/script>\n<!-- \/ Yoast SEO plugin. -->","yoast_head_json":{"title":"O plimbare cu trenu\u021bul prin centrul satului M\u0103gd\u0103ce\u0219ti - M\u0103gd\u0103ce\u0219ti","description":"Bine ati venit pe pagina oficiala a Primariei Magdacesti.","robots":{"index":"index","follow":"follow","max-snippet":"max-snippet:-1","max-image-preview":"max-image-preview:large","max-video-preview":"max-video-preview:-1"},"canonical":"https:\/\/magdacesti.md\/?p=3303","og_locale":"en_US","og_type":"article","og_title":"O plimbare cu trenu\u021bul prin centrul satului M\u0103gd\u0103ce\u0219ti - M\u0103gd\u0103ce\u0219ti","og_description":"Bine ati venit pe pagina oficiala a Primariei Magdacesti.","og_url":"https:\/\/magdacesti.md\/?p=3303","og_site_name":"M\u0103gd\u0103ce\u0219ti","article_publisher":"https:\/\/www.facebook.com\/magdacesti.md\/","article_published_time":"2018-10-31T15:23:49+00:00","og_image":[{"url":"https:\/\/magdacesti.md\/wp-content\/uploads\/2018\/10\/IMG_7970.jpg"}],"author":"Olga Enachi","twitter_card":"summary_large_image","twitter_misc":{"Written by":"Olga Enachi","Est. reading time":"1 minute"},"schema":{"@context":"https:\/\/schema.org","@graph":[{"@type":"Article","@id":"https:\/\/magdacesti.md\/?p=3303#article","isPartOf":{"@id":"https:\/\/magdacesti.md\/?p=3303"},"author":{"name":"Olga Enachi","@id":"https:\/\/magdacesti.md\/#\/schema\/person\/0068cad735c7cf3ab41a532515da0575"},"headline":"O plimbare cu trenu\u021bul prin centrul satului M\u0103gd\u0103ce\u0219ti","datePublished":"2018-10-31T15:23:49+00:00","dateModified":"2018-10-31T15:23:49+00:00","mainEntityOfPage":{"@id":"https:\/\/magdacesti.md\/?p=3303"},"wordCount":130,"publisher":{"@id":"https:\/\/magdacesti.md\/#organization"},"image":{"@id":"https:\/\/magdacesti.md\/?p=3303#primaryimage"},"thumbnailUrl":"https:\/\/magdacesti.md\/wp-content\/uploads\/2018\/10\/IMG_7970.jpg","articleSection":["Stiri"],"inLanguage":"en-US"},{"@type":"WebPage","@id":"https:\/\/magdacesti.md\/?p=3303","url":"https:\/\/magdacesti.md\/?p=3303","name":"O plimbare cu trenu\u021bul prin centrul satului M\u0103gd\u0103ce\u0219ti - M\u0103gd\u0103ce\u0219ti","isPartOf":{"@id":"https:\/\/magdacesti.md\/#website"},"primaryImageOfPage":{"@id":"https:\/\/magdacesti.md\/?p=3303#primaryimage"},"image":{"@id":"https:\/\/magdacesti.md\/?p=3303#primaryimage"},"thumbnailUrl":"https:\/\/magdacesti.md\/wp-content\/uploads\/2018\/10\/IMG_7970.jpg","datePublished":"2018-10-31T15:23:49+00:00","dateModified":"2018-10-31T15:23:49+00:00","description":"Bine ati venit pe pagina oficiala a Primariei Magdacesti.","breadcrumb":{"@id":"https:\/\/magdacesti.md\/?p=3303#breadcrumb"},"inLanguage":"en-US","potentialAction":[{"@type":"ReadAction","target":["https:\/\/magdacesti.md\/?p=3303"]}]},{"@type":"ImageObject","inLanguage":"en-US","@id":"https:\/\/magdacesti.md\/?p=3303#primaryimage","url":"https:\/\/magdacesti.md\/wp-content\/uploads\/2018\/10\/IMG_7970.jpg","contentUrl":"https:\/\/magdacesti.md\/wp-content\/uploads\/2018\/10\/IMG_7970.jpg"},{"@type":"BreadcrumbList","@id":"https:\/\/magdacesti.md\/?p=3303#breadcrumb","itemListElement":[{"@type":"ListItem","position":1,"name":"Home","item":"https:\/\/magdacesti.md\/"},{"@type":"ListItem","position":2,"name":"O plimbare cu trenu\u021bul prin centrul satului M\u0103gd\u0103ce\u0219ti"}]},{"@type":"WebSite","@id":"https:\/\/magdacesti.md\/#website","url":"https:\/\/magdacesti.md\/","name":"M\u0103gd\u0103ce\u0219ti","description":"Un or\u0103\u0219el cu condi\u021bii decente de trai!","publisher":{"@id":"https:\/\/magdacesti.md\/#organization"},"potentialAction":[{"@type":"SearchAction","target":{"@type":"EntryPoint","urlTemplate":"https:\/\/magdacesti.md\/?s={search_term_string}"},"query-input":"required name=search_term_string"}],"inLanguage":"en-US"},{"@type":"Organization","@id":"https:\/\/magdacesti.md\/#organization","name":"M\u0103gd\u0103ce\u0219ti","url":"https:\/\/magdacesti.md\/","logo":{"@type":"ImageObject","inLanguage":"en-US","@id":"https:\/\/magdacesti.md\/#\/schema\/logo\/image\/","url":"https:\/\/magdacesti.md\/wp-content\/uploads\/2021\/03\/Foto-514-scaled.jpg","contentUrl":"https:\/\/magdacesti.md\/wp-content\/uploads\/2021\/03\/Foto-514-scaled.jpg","width":2560,"height":1707,"caption":"M\u0103gd\u0103ce\u0219ti"},"image":{"@id":"https:\/\/magdacesti.md\/#\/schema\/logo\/image\/"},"sameAs":["https:\/\/www.facebook.com\/magdacesti.md\/"]},{"@type":"Person","@id":"https:\/\/magdacesti.md\/#\/schema\/person\/0068cad735c7cf3ab41a532515da0575","name":"Olga Enachi","url":"https:\/\/magdacesti.md\/?author=2"}]}},"_links":{"self":[{"href":"https:\/\/magdacesti.md\/index.php?rest_route=\/wp\/v2\/posts\/3303","targetHints":{"allow":["GET"]}}],"collection":[{"href":"https:\/\/magdacesti.md\/index.php?rest_route=\/wp\/v2\/posts"}],"about":[{"href":"https:\/\/magdacesti.md\/index.php?rest_route=\/wp\/v2\/types\/post"}],"author":[{"embeddable":true,"href":"https:\/\/magdacesti.md\/index.php?rest_route=\/wp\/v2\/users\/2"}],"replies":[{"embeddable":true,"href":"https:\/\/magdacesti.md\/index.php?rest_route=%2Fwp%2Fv2%2Fcomments&post=3303"}],"version-history":[{"count":0,"href":"https:\/\/magdacesti.md\/index.php?rest_route=\/wp\/v2\/posts\/3303\/revisions"}],"wp:attachment":[{"href":"https:\/\/magdacesti.md\/index.php?rest_route=%2Fwp%2Fv2%2Fmedia&parent=3303"}],"wp:term":[{"taxonomy":"category","embeddable":true,"href":"https:\/\/magdacesti.md\/index.php?rest_route=%2Fwp%2Fv2%2Fcategories&post=3303"},{"taxonomy":"post_tag","embeddable":true,"href":"https:\/\/magdacesti.md\/index.php?rest_route=%2Fwp%2Fv2%2Ftags&post=3303"}],"curies":[{"name":"wp","href":"https:\/\/api.w.org\/{rel}","templated":true}]}}