{"id":3351,"date":"2018-11-21T09:12:04","date_gmt":"2018-11-21T07:12:04","guid":{"rendered":"https:\/\/magdacesti.md\/?p=3351"},"modified":"2018-11-21T09:12:04","modified_gmt":"2018-11-21T07:12:04","slug":"la-multi-ani-de-sfintii-arhangheli-mihail-si-gavril","status":"publish","type":"post","link":"https:\/\/magdacesti.md\/?p=3351","title":{"rendered":"La mul\u021bi Ani de Sfin\u021bii Arhangheli Mihail \u0219i Gavril!"},"content":{"rendered":"<p style=\"text-align: center;\"><strong>Ast\u0103zi, cre\u0219tinii ortodoc\u0219i de rit vechi, \u00eei s\u0103rb\u0103toresc pe Sfin\u021bii Arhanghelii Mihail \u0219i Gavril!<\/strong><br \/>\n<strong>Cu acest prilej, dorim s\u0103 le ur\u0103m tuturor celor care \u00ee\u0219i aniverseaz\u0103 ziua onomastic\u0103, sincere ur\u0103ri de s\u0103n\u0103tate \u0219i g\u00e2nduri senine. V\u0103 dorim ca Sfin\u021bii Arhangheli s\u0103 v\u0103 ocroteasc\u0103 de cele rele \u0219i s\u0103 v\u0103 aduc\u0103 lini\u0219te \u00een suflet, pace \u0219i armonie \u00een familie.<\/strong><\/p>\n<p><img loading=\"lazy\" decoding=\"async\" class=\"aligncenter\" src=\"https:\/\/magdacesti.md\/wp-content\/uploads\/2018\/11\/Poza_Sf._Mihail_si_Gavriil_.jpg\" alt=\"\" width=\"700\" height=\"361\" \/><\/p>\n<p><strong>Arhanghelul Mihail<\/strong> semnific\u0103 \u201eputerea lui Dumnezeu\u201d \u0219i este voievodul o\u0219tilor cere\u0219ti \u0219i cel dint\u00e2i din ceata Sfin\u021bilor Arhangheli.<br \/>\n<strong>Arhanghelul Gavriil<\/strong> semnific\u0103 \u201eb\u0103rbat-Dumnezeu\u201d \u0219i este arhanghelul bunelor vestiri, acelora de bucurie, are \u0219i misiunea de a vesti oamenilor tainele cele mari dumnezeie\u0219ti.<\/p>\n<p><strong>La mul\u021bi ani tuturor!<\/strong><\/p>\n","protected":false},"excerpt":{"rendered":"<p>Ast\u0103zi, cre\u0219tinii ortodoc\u0219i de rit vechi, \u00eei s\u0103rb\u0103toresc pe Sfin\u021bii Arhanghelii Mihail \u0219i Gavril! Cu acest prilej, dorim s\u0103 le ur\u0103m tuturor celor care \u00ee\u0219i aniverseaz\u0103 ziua onomastic\u0103, sincere ur\u0103ri de s\u0103n\u0103tate \u0219i g\u00e2nduri senine. V\u0103 dorim ca Sfin\u021bii Arhangheli s\u0103 v\u0103 ocroteasc\u0103 de cele rele \u0219i s\u0103 v\u0103 aduc\u0103 lini\u0219te \u00een suflet, pace \u0219i [&#8230;]\n","protected":false},"author":2,"featured_media":0,"comment_status":"closed","ping_status":"closed","sticky":false,"template":"","format":"standard","meta":{"ngg_post_thumbnail":0,"footnotes":""},"categories":[4],"tags":[],"class_list":["post-3351","post","type-post","status-publish","format-standard","hentry","category-stiri"],"yoast_head":"<!-- This site is optimized with the Yoast SEO plugin v23.3 - https:\/\/yoast.com\/wordpress\/plugins\/seo\/ -->\n<title>La mul\u021bi Ani de Sfin\u021bii Arhangheli Mihail \u0219i Gavril! - M\u0103gd\u0103ce\u0219ti<\/title>\n<meta name=\"description\" content=\"Bine ati venit pe pagina oficiala a Primariei Magdacesti.\" \/>\n<meta name=\"robots\" content=\"index, follow, max-snippet:-1, max-image-preview:large, max-video-preview:-1\" \/>\n<link rel=\"canonical\" href=\"https:\/\/magdacesti.md\/?p=3351\" \/>\n<meta property=\"og:locale\" content=\"en_US\" \/>\n<meta property=\"og:type\" content=\"article\" \/>\n<meta property=\"og:title\" content=\"La mul\u021bi Ani de Sfin\u021bii Arhangheli Mihail \u0219i Gavril! - M\u0103gd\u0103ce\u0219ti\" \/>\n<meta property=\"og:description\" content=\"Bine ati venit pe pagina oficiala a Primariei Magdacesti.\" \/>\n<meta property=\"og:url\" content=\"https:\/\/magdacesti.md\/?p=3351\" \/>\n<meta property=\"og:site_name\" content=\"M\u0103gd\u0103ce\u0219ti\" \/>\n<meta property=\"article:publisher\" content=\"https:\/\/www.facebook.com\/magdacesti.md\/\" \/>\n<meta property=\"article:published_time\" content=\"2018-11-21T07:12:04+00:00\" \/>\n<meta property=\"og:image\" content=\"https:\/\/magdacesti.md\/wp-content\/uploads\/2018\/11\/Poza_Sf._Mihail_si_Gavriil_.jpg\" \/>\n<meta name=\"author\" content=\"Olga Enachi\" \/>\n<meta name=\"twitter:card\" content=\"summary_large_image\" \/>\n<meta name=\"twitter:label1\" content=\"Written by\" \/>\n\t<meta name=\"twitter:data1\" content=\"Olga Enachi\" \/>\n\t<meta name=\"twitter:label2\" content=\"Est. reading time\" \/>\n\t<meta name=\"twitter:data2\" content=\"1 minute\" \/>\n<script type=\"application\/ld+json\" class=\"yoast-schema-graph\">{\"@context\":\"https:\/\/schema.org\",\"@graph\":[{\"@type\":\"Article\",\"@id\":\"https:\/\/magdacesti.md\/?p=3351#article\",\"isPartOf\":{\"@id\":\"https:\/\/magdacesti.md\/?p=3351\"},\"author\":{\"name\":\"Olga Enachi\",\"@id\":\"https:\/\/magdacesti.md\/#\/schema\/person\/0068cad735c7cf3ab41a532515da0575\"},\"headline\":\"La mul\u021bi Ani de Sfin\u021bii Arhangheli Mihail \u0219i Gavril!\",\"datePublished\":\"2018-11-21T07:12:04+00:00\",\"dateModified\":\"2018-11-21T07:12:04+00:00\",\"mainEntityOfPage\":{\"@id\":\"https:\/\/magdacesti.md\/?p=3351\"},\"wordCount\":134,\"publisher\":{\"@id\":\"https:\/\/magdacesti.md\/#organization\"},\"image\":{\"@id\":\"https:\/\/magdacesti.md\/?p=3351#primaryimage\"},\"thumbnailUrl\":\"https:\/\/magdacesti.md\/wp-content\/uploads\/2018\/11\/Poza_Sf._Mihail_si_Gavriil_.jpg\",\"articleSection\":[\"Stiri\"],\"inLanguage\":\"en-US\"},{\"@type\":\"WebPage\",\"@id\":\"https:\/\/magdacesti.md\/?p=3351\",\"url\":\"https:\/\/magdacesti.md\/?p=3351\",\"name\":\"La mul\u021bi Ani de Sfin\u021bii Arhangheli Mihail \u0219i Gavril! - M\u0103gd\u0103ce\u0219ti\",\"isPartOf\":{\"@id\":\"https:\/\/magdacesti.md\/#website\"},\"primaryImageOfPage\":{\"@id\":\"https:\/\/magdacesti.md\/?p=3351#primaryimage\"},\"image\":{\"@id\":\"https:\/\/magdacesti.md\/?p=3351#primaryimage\"},\"thumbnailUrl\":\"https:\/\/magdacesti.md\/wp-content\/uploads\/2018\/11\/Poza_Sf._Mihail_si_Gavriil_.jpg\",\"datePublished\":\"2018-11-21T07:12:04+00:00\",\"dateModified\":\"2018-11-21T07:12:04+00:00\",\"description\":\"Bine ati venit pe pagina oficiala a Primariei Magdacesti.\",\"breadcrumb\":{\"@id\":\"https:\/\/magdacesti.md\/?p=3351#breadcrumb\"},\"inLanguage\":\"en-US\",\"potentialAction\":[{\"@type\":\"ReadAction\",\"target\":[\"https:\/\/magdacesti.md\/?p=3351\"]}]},{\"@type\":\"ImageObject\",\"inLanguage\":\"en-US\",\"@id\":\"https:\/\/magdacesti.md\/?p=3351#primaryimage\",\"url\":\"https:\/\/magdacesti.md\/wp-content\/uploads\/2018\/11\/Poza_Sf._Mihail_si_Gavriil_.jpg\",\"contentUrl\":\"https:\/\/magdacesti.md\/wp-content\/uploads\/2018\/11\/Poza_Sf._Mihail_si_Gavriil_.jpg\"},{\"@type\":\"BreadcrumbList\",\"@id\":\"https:\/\/magdacesti.md\/?p=3351#breadcrumb\",\"itemListElement\":[{\"@type\":\"ListItem\",\"position\":1,\"name\":\"Home\",\"item\":\"https:\/\/magdacesti.md\/\"},{\"@type\":\"ListItem\",\"position\":2,\"name\":\"La mul\u021bi Ani de Sfin\u021bii Arhangheli Mihail \u0219i Gavril!\"}]},{\"@type\":\"WebSite\",\"@id\":\"https:\/\/magdacesti.md\/#website\",\"url\":\"https:\/\/magdacesti.md\/\",\"name\":\"M\u0103gd\u0103ce\u0219ti\",\"description\":\"Un or\u0103\u0219el cu condi\u021bii decente de trai!\",\"publisher\":{\"@id\":\"https:\/\/magdacesti.md\/#organization\"},\"potentialAction\":[{\"@type\":\"SearchAction\",\"target\":{\"@type\":\"EntryPoint\",\"urlTemplate\":\"https:\/\/magdacesti.md\/?s={search_term_string}\"},\"query-input\":\"required name=search_term_string\"}],\"inLanguage\":\"en-US\"},{\"@type\":\"Organization\",\"@id\":\"https:\/\/magdacesti.md\/#organization\",\"name\":\"M\u0103gd\u0103ce\u0219ti\",\"url\":\"https:\/\/magdacesti.md\/\",\"logo\":{\"@type\":\"ImageObject\",\"inLanguage\":\"en-US\",\"@id\":\"https:\/\/magdacesti.md\/#\/schema\/logo\/image\/\",\"url\":\"https:\/\/magdacesti.md\/wp-content\/uploads\/2021\/03\/Foto-514-scaled.jpg\",\"contentUrl\":\"https:\/\/magdacesti.md\/wp-content\/uploads\/2021\/03\/Foto-514-scaled.jpg\",\"width\":2560,\"height\":1707,\"caption\":\"M\u0103gd\u0103ce\u0219ti\"},\"image\":{\"@id\":\"https:\/\/magdacesti.md\/#\/schema\/logo\/image\/\"},\"sameAs\":[\"https:\/\/www.facebook.com\/magdacesti.md\/\"]},{\"@type\":\"Person\",\"@id\":\"https:\/\/magdacesti.md\/#\/schema\/person\/0068cad735c7cf3ab41a532515da0575\",\"name\":\"Olga Enachi\",\"url\":\"https:\/\/magdacesti.md\/?author=2\"}]}<\/script>\n<!-- \/ Yoast SEO plugin. -->","yoast_head_json":{"title":"La mul\u021bi Ani de Sfin\u021bii Arhangheli Mihail \u0219i Gavril! - M\u0103gd\u0103ce\u0219ti","description":"Bine ati venit pe pagina oficiala a Primariei Magdacesti.","robots":{"index":"index","follow":"follow","max-snippet":"max-snippet:-1","max-image-preview":"max-image-preview:large","max-video-preview":"max-video-preview:-1"},"canonical":"https:\/\/magdacesti.md\/?p=3351","og_locale":"en_US","og_type":"article","og_title":"La mul\u021bi Ani de Sfin\u021bii Arhangheli Mihail \u0219i Gavril! - M\u0103gd\u0103ce\u0219ti","og_description":"Bine ati venit pe pagina oficiala a Primariei Magdacesti.","og_url":"https:\/\/magdacesti.md\/?p=3351","og_site_name":"M\u0103gd\u0103ce\u0219ti","article_publisher":"https:\/\/www.facebook.com\/magdacesti.md\/","article_published_time":"2018-11-21T07:12:04+00:00","og_image":[{"url":"https:\/\/magdacesti.md\/wp-content\/uploads\/2018\/11\/Poza_Sf._Mihail_si_Gavriil_.jpg"}],"author":"Olga Enachi","twitter_card":"summary_large_image","twitter_misc":{"Written by":"Olga Enachi","Est. reading time":"1 minute"},"schema":{"@context":"https:\/\/schema.org","@graph":[{"@type":"Article","@id":"https:\/\/magdacesti.md\/?p=3351#article","isPartOf":{"@id":"https:\/\/magdacesti.md\/?p=3351"},"author":{"name":"Olga Enachi","@id":"https:\/\/magdacesti.md\/#\/schema\/person\/0068cad735c7cf3ab41a532515da0575"},"headline":"La mul\u021bi Ani de Sfin\u021bii Arhangheli Mihail \u0219i Gavril!","datePublished":"2018-11-21T07:12:04+00:00","dateModified":"2018-11-21T07:12:04+00:00","mainEntityOfPage":{"@id":"https:\/\/magdacesti.md\/?p=3351"},"wordCount":134,"publisher":{"@id":"https:\/\/magdacesti.md\/#organization"},"image":{"@id":"https:\/\/magdacesti.md\/?p=3351#primaryimage"},"thumbnailUrl":"https:\/\/magdacesti.md\/wp-content\/uploads\/2018\/11\/Poza_Sf._Mihail_si_Gavriil_.jpg","articleSection":["Stiri"],"inLanguage":"en-US"},{"@type":"WebPage","@id":"https:\/\/magdacesti.md\/?p=3351","url":"https:\/\/magdacesti.md\/?p=3351","name":"La mul\u021bi Ani de Sfin\u021bii Arhangheli Mihail \u0219i Gavril! - M\u0103gd\u0103ce\u0219ti","isPartOf":{"@id":"https:\/\/magdacesti.md\/#website"},"primaryImageOfPage":{"@id":"https:\/\/magdacesti.md\/?p=3351#primaryimage"},"image":{"@id":"https:\/\/magdacesti.md\/?p=3351#primaryimage"},"thumbnailUrl":"https:\/\/magdacesti.md\/wp-content\/uploads\/2018\/11\/Poza_Sf._Mihail_si_Gavriil_.jpg","datePublished":"2018-11-21T07:12:04+00:00","dateModified":"2018-11-21T07:12:04+00:00","description":"Bine ati venit pe pagina oficiala a Primariei Magdacesti.","breadcrumb":{"@id":"https:\/\/magdacesti.md\/?p=3351#breadcrumb"},"inLanguage":"en-US","potentialAction":[{"@type":"ReadAction","target":["https:\/\/magdacesti.md\/?p=3351"]}]},{"@type":"ImageObject","inLanguage":"en-US","@id":"https:\/\/magdacesti.md\/?p=3351#primaryimage","url":"https:\/\/magdacesti.md\/wp-content\/uploads\/2018\/11\/Poza_Sf._Mihail_si_Gavriil_.jpg","contentUrl":"https:\/\/magdacesti.md\/wp-content\/uploads\/2018\/11\/Poza_Sf._Mihail_si_Gavriil_.jpg"},{"@type":"BreadcrumbList","@id":"https:\/\/magdacesti.md\/?p=3351#breadcrumb","itemListElement":[{"@type":"ListItem","position":1,"name":"Home","item":"https:\/\/magdacesti.md\/"},{"@type":"ListItem","position":2,"name":"La mul\u021bi Ani de Sfin\u021bii Arhangheli Mihail \u0219i Gavril!"}]},{"@type":"WebSite","@id":"https:\/\/magdacesti.md\/#website","url":"https:\/\/magdacesti.md\/","name":"M\u0103gd\u0103ce\u0219ti","description":"Un or\u0103\u0219el cu condi\u021bii decente de trai!","publisher":{"@id":"https:\/\/magdacesti.md\/#organization"},"potentialAction":[{"@type":"SearchAction","target":{"@type":"EntryPoint","urlTemplate":"https:\/\/magdacesti.md\/?s={search_term_string}"},"query-input":"required name=search_term_string"}],"inLanguage":"en-US"},{"@type":"Organization","@id":"https:\/\/magdacesti.md\/#organization","name":"M\u0103gd\u0103ce\u0219ti","url":"https:\/\/magdacesti.md\/","logo":{"@type":"ImageObject","inLanguage":"en-US","@id":"https:\/\/magdacesti.md\/#\/schema\/logo\/image\/","url":"https:\/\/magdacesti.md\/wp-content\/uploads\/2021\/03\/Foto-514-scaled.jpg","contentUrl":"https:\/\/magdacesti.md\/wp-content\/uploads\/2021\/03\/Foto-514-scaled.jpg","width":2560,"height":1707,"caption":"M\u0103gd\u0103ce\u0219ti"},"image":{"@id":"https:\/\/magdacesti.md\/#\/schema\/logo\/image\/"},"sameAs":["https:\/\/www.facebook.com\/magdacesti.md\/"]},{"@type":"Person","@id":"https:\/\/magdacesti.md\/#\/schema\/person\/0068cad735c7cf3ab41a532515da0575","name":"Olga Enachi","url":"https:\/\/magdacesti.md\/?author=2"}]}},"_links":{"self":[{"href":"https:\/\/magdacesti.md\/index.php?rest_route=\/wp\/v2\/posts\/3351","targetHints":{"allow":["GET"]}}],"collection":[{"href":"https:\/\/magdacesti.md\/index.php?rest_route=\/wp\/v2\/posts"}],"about":[{"href":"https:\/\/magdacesti.md\/index.php?rest_route=\/wp\/v2\/types\/post"}],"author":[{"embeddable":true,"href":"https:\/\/magdacesti.md\/index.php?rest_route=\/wp\/v2\/users\/2"}],"replies":[{"embeddable":true,"href":"https:\/\/magdacesti.md\/index.php?rest_route=%2Fwp%2Fv2%2Fcomments&post=3351"}],"version-history":[{"count":0,"href":"https:\/\/magdacesti.md\/index.php?rest_route=\/wp\/v2\/posts\/3351\/revisions"}],"wp:attachment":[{"href":"https:\/\/magdacesti.md\/index.php?rest_route=%2Fwp%2Fv2%2Fmedia&parent=3351"}],"wp:term":[{"taxonomy":"category","embeddable":true,"href":"https:\/\/magdacesti.md\/index.php?rest_route=%2Fwp%2Fv2%2Fcategories&post=3351"},{"taxonomy":"post_tag","embeddable":true,"href":"https:\/\/magdacesti.md\/index.php?rest_route=%2Fwp%2Fv2%2Ftags&post=3351"}],"curies":[{"name":"wp","href":"https:\/\/api.w.org\/{rel}","templated":true}]}}