{"id":3368,"date":"2018-12-01T07:25:50","date_gmt":"2018-12-01T05:25:50","guid":{"rendered":"https:\/\/magdacesti.md\/?p=3368"},"modified":"2018-12-01T07:25:50","modified_gmt":"2018-12-01T05:25:50","slug":"la-multi-ani-romania-mare","status":"publish","type":"post","link":"https:\/\/magdacesti.md\/?p=3368","title":{"rendered":"La Mul\u021bi ani, Rom\u00e2nia Mare!"},"content":{"rendered":"<p><strong>Ziua Na\u021bional\u0103 a Rom\u00e2niei este ziua \u00een care s\u0103rb\u0103torim Unirea tuturor Rom\u00e2nilor. Este o zi cu profunde semnifica\u021bii istorice, dar \u0219i un subiect care trebuie s\u0103 ne dea de g\u00e2ndit \u0219i s\u0103 ne fac\u0103 s\u0103 privim cu \u00eencredere \u00een viitor.<\/strong><br \/>\n<strong>Ast\u0103zi, s\u0103rb\u0103torim 100 de ani de la Marea Unire.<\/strong><\/p>\n<p><img loading=\"lazy\" decoding=\"async\" class=\"aligncenter\" src=\"https:\/\/magdacesti.md\/wp-content\/uploads\/2018\/12\/centenarul-marii-uniri.jpg\" alt=\"\" width=\"626\" height=\"205\" \/>Cu aceast\u0103 ocazie, la invita\u021bia domnului primar de Mioveni, domnul Ion Georgescu, avem marea onoare s\u0103 particip\u0103m la manifest\u0103rile dedicate Centenarului Marii Uniri \u0219i Zilei Na\u021bi<span class=\"text_exposed_show\">onale, \u00een ora\u0219ul Mioveni, jud. Arge\u0219.\u00a0<\/span><\/p>\n<p><span class=\"text_exposed_show\"><img loading=\"lazy\" decoding=\"async\" class=\"aligncenter\" src=\"https:\/\/magdacesti.md\/wp-content\/uploads\/2018\/12\/46800551_428677211002115_6923697055944671232_n.jpg\" alt=\"\" width=\"640\" height=\"427\" \/><\/span><\/p>\n<p><span class=\"text_exposed_show\"><img loading=\"lazy\" decoding=\"async\" class=\"aligncenter\" src=\"https:\/\/magdacesti.md\/wp-content\/uploads\/2018\/12\/jkmfh.jpg\" alt=\"\" width=\"640\" height=\"960\" \/><\/span><\/p>\n<p><span class=\"text_exposed_show\"><img loading=\"lazy\" decoding=\"async\" class=\"aligncenter\" src=\"https:\/\/magdacesti.md\/wp-content\/uploads\/2018\/12\/lkg.jpg\" alt=\"\" width=\"640\" height=\"427\" \/><\/span><\/p>\n<p><img loading=\"lazy\" decoding=\"async\" class=\"aligncenter\" src=\"https:\/\/magdacesti.md\/wp-content\/uploads\/2018\/12\/47039603_572057229874862_8354468361526050816_o.jpg\" alt=\"\" width=\"636\" height=\"424\" \/><\/p>\n<p style=\"text-align: center;\"><span class=\"text_exposed_show\"><img loading=\"lazy\" decoding=\"async\" class=\"aligncenter\" src=\"https:\/\/magdacesti.md\/wp-content\/uploads\/2018\/12\/hjgcfhjw.jpg\" alt=\"\" width=\"600\" height=\"400\" \/><br \/>\n<strong>Adres\u0103m sincere ur\u0103ri de s\u0103n\u0103tate \u0219i realiz\u0103ri frumoase tuturor rom\u00e2nilor de pretutindeni, dorindu-v\u0103 tuturor un c\u0103lduros \u0219i sincer La Mul\u021bi Ani!\u00a0<\/strong><br \/>\n<strong>Dumnezeu s\u0103 v\u0103 binecuv\u00e2nteze \u0219i s\u0103 v\u0103 c\u0103l\u0103uzeasc\u0103 g\u00e2ndurile \u0219i ac\u021biunile pentru un trai mai bun, \u00eentr-o \u021bar\u0103 deosebit de frumoas\u0103, construit\u0103 pe valori s\u0103n\u0103toase \u0219i benefice tuturor.<\/strong><br \/>\n<strong>La mul\u021bi ani, Rom\u00e2nia!<\/strong><br \/>\n<strong>La mul\u021bi ani, fra\u021bi rom\u00e2ni!<\/strong><\/span><\/p>\n","protected":false},"excerpt":{"rendered":"<p>Ziua Na\u021bional\u0103 a Rom\u00e2niei este ziua \u00een care s\u0103rb\u0103torim Unirea tuturor Rom\u00e2nilor. Este o zi cu profunde semnifica\u021bii istorice, dar \u0219i un subiect care trebuie s\u0103 ne dea de g\u00e2ndit \u0219i s\u0103 ne fac\u0103 s\u0103 privim cu \u00eencredere \u00een viitor. Ast\u0103zi, s\u0103rb\u0103torim 100 de ani de la Marea Unire. Cu aceast\u0103 ocazie, la invita\u021bia domnului [&#8230;]\n","protected":false},"author":2,"featured_media":0,"comment_status":"closed","ping_status":"closed","sticky":false,"template":"","format":"standard","meta":{"ngg_post_thumbnail":0,"footnotes":""},"categories":[4],"tags":[],"class_list":["post-3368","post","type-post","status-publish","format-standard","hentry","category-stiri"],"yoast_head":"<!-- This site is optimized with the Yoast SEO plugin v23.3 - https:\/\/yoast.com\/wordpress\/plugins\/seo\/ -->\n<title>La Mul\u021bi ani, Rom\u00e2nia Mare! - M\u0103gd\u0103ce\u0219ti<\/title>\n<meta name=\"description\" content=\"Bine ati venit pe pagina oficiala a Primariei Magdacesti.\" \/>\n<meta name=\"robots\" content=\"index, follow, max-snippet:-1, max-image-preview:large, max-video-preview:-1\" \/>\n<link rel=\"canonical\" href=\"https:\/\/magdacesti.md\/?p=3368\" \/>\n<meta property=\"og:locale\" content=\"en_US\" \/>\n<meta property=\"og:type\" content=\"article\" \/>\n<meta property=\"og:title\" content=\"La Mul\u021bi ani, Rom\u00e2nia Mare! - M\u0103gd\u0103ce\u0219ti\" \/>\n<meta property=\"og:description\" content=\"Bine ati venit pe pagina oficiala a Primariei Magdacesti.\" \/>\n<meta property=\"og:url\" content=\"https:\/\/magdacesti.md\/?p=3368\" \/>\n<meta property=\"og:site_name\" content=\"M\u0103gd\u0103ce\u0219ti\" \/>\n<meta property=\"article:publisher\" content=\"https:\/\/www.facebook.com\/magdacesti.md\/\" \/>\n<meta property=\"article:published_time\" content=\"2018-12-01T05:25:50+00:00\" \/>\n<meta property=\"og:image\" content=\"https:\/\/magdacesti.md\/wp-content\/uploads\/2018\/12\/centenarul-marii-uniri.jpg\" \/>\n<meta name=\"author\" content=\"Olga Enachi\" \/>\n<meta name=\"twitter:card\" content=\"summary_large_image\" \/>\n<meta name=\"twitter:label1\" content=\"Written by\" \/>\n\t<meta name=\"twitter:data1\" content=\"Olga Enachi\" \/>\n\t<meta name=\"twitter:label2\" content=\"Est. reading time\" \/>\n\t<meta name=\"twitter:data2\" content=\"1 minute\" \/>\n<script type=\"application\/ld+json\" class=\"yoast-schema-graph\">{\"@context\":\"https:\/\/schema.org\",\"@graph\":[{\"@type\":\"Article\",\"@id\":\"https:\/\/magdacesti.md\/?p=3368#article\",\"isPartOf\":{\"@id\":\"https:\/\/magdacesti.md\/?p=3368\"},\"author\":{\"name\":\"Olga Enachi\",\"@id\":\"https:\/\/magdacesti.md\/#\/schema\/person\/0068cad735c7cf3ab41a532515da0575\"},\"headline\":\"La Mul\u021bi ani, Rom\u00e2nia Mare!\",\"datePublished\":\"2018-12-01T05:25:50+00:00\",\"dateModified\":\"2018-12-01T05:25:50+00:00\",\"mainEntityOfPage\":{\"@id\":\"https:\/\/magdacesti.md\/?p=3368\"},\"wordCount\":179,\"publisher\":{\"@id\":\"https:\/\/magdacesti.md\/#organization\"},\"image\":{\"@id\":\"https:\/\/magdacesti.md\/?p=3368#primaryimage\"},\"thumbnailUrl\":\"https:\/\/magdacesti.md\/wp-content\/uploads\/2018\/12\/centenarul-marii-uniri.jpg\",\"articleSection\":[\"Stiri\"],\"inLanguage\":\"en-US\"},{\"@type\":\"WebPage\",\"@id\":\"https:\/\/magdacesti.md\/?p=3368\",\"url\":\"https:\/\/magdacesti.md\/?p=3368\",\"name\":\"La Mul\u021bi ani, Rom\u00e2nia Mare! - M\u0103gd\u0103ce\u0219ti\",\"isPartOf\":{\"@id\":\"https:\/\/magdacesti.md\/#website\"},\"primaryImageOfPage\":{\"@id\":\"https:\/\/magdacesti.md\/?p=3368#primaryimage\"},\"image\":{\"@id\":\"https:\/\/magdacesti.md\/?p=3368#primaryimage\"},\"thumbnailUrl\":\"https:\/\/magdacesti.md\/wp-content\/uploads\/2018\/12\/centenarul-marii-uniri.jpg\",\"datePublished\":\"2018-12-01T05:25:50+00:00\",\"dateModified\":\"2018-12-01T05:25:50+00:00\",\"description\":\"Bine ati venit pe pagina oficiala a Primariei Magdacesti.\",\"breadcrumb\":{\"@id\":\"https:\/\/magdacesti.md\/?p=3368#breadcrumb\"},\"inLanguage\":\"en-US\",\"potentialAction\":[{\"@type\":\"ReadAction\",\"target\":[\"https:\/\/magdacesti.md\/?p=3368\"]}]},{\"@type\":\"ImageObject\",\"inLanguage\":\"en-US\",\"@id\":\"https:\/\/magdacesti.md\/?p=3368#primaryimage\",\"url\":\"https:\/\/magdacesti.md\/wp-content\/uploads\/2018\/12\/centenarul-marii-uniri.jpg\",\"contentUrl\":\"https:\/\/magdacesti.md\/wp-content\/uploads\/2018\/12\/centenarul-marii-uniri.jpg\"},{\"@type\":\"BreadcrumbList\",\"@id\":\"https:\/\/magdacesti.md\/?p=3368#breadcrumb\",\"itemListElement\":[{\"@type\":\"ListItem\",\"position\":1,\"name\":\"Home\",\"item\":\"https:\/\/magdacesti.md\/\"},{\"@type\":\"ListItem\",\"position\":2,\"name\":\"La Mul\u021bi ani, Rom\u00e2nia Mare!\"}]},{\"@type\":\"WebSite\",\"@id\":\"https:\/\/magdacesti.md\/#website\",\"url\":\"https:\/\/magdacesti.md\/\",\"name\":\"M\u0103gd\u0103ce\u0219ti\",\"description\":\"Un or\u0103\u0219el cu condi\u021bii decente de trai!\",\"publisher\":{\"@id\":\"https:\/\/magdacesti.md\/#organization\"},\"potentialAction\":[{\"@type\":\"SearchAction\",\"target\":{\"@type\":\"EntryPoint\",\"urlTemplate\":\"https:\/\/magdacesti.md\/?s={search_term_string}\"},\"query-input\":\"required name=search_term_string\"}],\"inLanguage\":\"en-US\"},{\"@type\":\"Organization\",\"@id\":\"https:\/\/magdacesti.md\/#organization\",\"name\":\"M\u0103gd\u0103ce\u0219ti\",\"url\":\"https:\/\/magdacesti.md\/\",\"logo\":{\"@type\":\"ImageObject\",\"inLanguage\":\"en-US\",\"@id\":\"https:\/\/magdacesti.md\/#\/schema\/logo\/image\/\",\"url\":\"https:\/\/magdacesti.md\/wp-content\/uploads\/2021\/03\/Foto-514-scaled.jpg\",\"contentUrl\":\"https:\/\/magdacesti.md\/wp-content\/uploads\/2021\/03\/Foto-514-scaled.jpg\",\"width\":2560,\"height\":1707,\"caption\":\"M\u0103gd\u0103ce\u0219ti\"},\"image\":{\"@id\":\"https:\/\/magdacesti.md\/#\/schema\/logo\/image\/\"},\"sameAs\":[\"https:\/\/www.facebook.com\/magdacesti.md\/\"]},{\"@type\":\"Person\",\"@id\":\"https:\/\/magdacesti.md\/#\/schema\/person\/0068cad735c7cf3ab41a532515da0575\",\"name\":\"Olga Enachi\",\"url\":\"https:\/\/magdacesti.md\/?author=2\"}]}<\/script>\n<!-- \/ Yoast SEO plugin. -->","yoast_head_json":{"title":"La Mul\u021bi ani, Rom\u00e2nia Mare! - M\u0103gd\u0103ce\u0219ti","description":"Bine ati venit pe pagina oficiala a Primariei Magdacesti.","robots":{"index":"index","follow":"follow","max-snippet":"max-snippet:-1","max-image-preview":"max-image-preview:large","max-video-preview":"max-video-preview:-1"},"canonical":"https:\/\/magdacesti.md\/?p=3368","og_locale":"en_US","og_type":"article","og_title":"La Mul\u021bi ani, Rom\u00e2nia Mare! - M\u0103gd\u0103ce\u0219ti","og_description":"Bine ati venit pe pagina oficiala a Primariei Magdacesti.","og_url":"https:\/\/magdacesti.md\/?p=3368","og_site_name":"M\u0103gd\u0103ce\u0219ti","article_publisher":"https:\/\/www.facebook.com\/magdacesti.md\/","article_published_time":"2018-12-01T05:25:50+00:00","og_image":[{"url":"https:\/\/magdacesti.md\/wp-content\/uploads\/2018\/12\/centenarul-marii-uniri.jpg"}],"author":"Olga Enachi","twitter_card":"summary_large_image","twitter_misc":{"Written by":"Olga Enachi","Est. reading time":"1 minute"},"schema":{"@context":"https:\/\/schema.org","@graph":[{"@type":"Article","@id":"https:\/\/magdacesti.md\/?p=3368#article","isPartOf":{"@id":"https:\/\/magdacesti.md\/?p=3368"},"author":{"name":"Olga Enachi","@id":"https:\/\/magdacesti.md\/#\/schema\/person\/0068cad735c7cf3ab41a532515da0575"},"headline":"La Mul\u021bi ani, Rom\u00e2nia Mare!","datePublished":"2018-12-01T05:25:50+00:00","dateModified":"2018-12-01T05:25:50+00:00","mainEntityOfPage":{"@id":"https:\/\/magdacesti.md\/?p=3368"},"wordCount":179,"publisher":{"@id":"https:\/\/magdacesti.md\/#organization"},"image":{"@id":"https:\/\/magdacesti.md\/?p=3368#primaryimage"},"thumbnailUrl":"https:\/\/magdacesti.md\/wp-content\/uploads\/2018\/12\/centenarul-marii-uniri.jpg","articleSection":["Stiri"],"inLanguage":"en-US"},{"@type":"WebPage","@id":"https:\/\/magdacesti.md\/?p=3368","url":"https:\/\/magdacesti.md\/?p=3368","name":"La Mul\u021bi ani, Rom\u00e2nia Mare! - M\u0103gd\u0103ce\u0219ti","isPartOf":{"@id":"https:\/\/magdacesti.md\/#website"},"primaryImageOfPage":{"@id":"https:\/\/magdacesti.md\/?p=3368#primaryimage"},"image":{"@id":"https:\/\/magdacesti.md\/?p=3368#primaryimage"},"thumbnailUrl":"https:\/\/magdacesti.md\/wp-content\/uploads\/2018\/12\/centenarul-marii-uniri.jpg","datePublished":"2018-12-01T05:25:50+00:00","dateModified":"2018-12-01T05:25:50+00:00","description":"Bine ati venit pe pagina oficiala a Primariei Magdacesti.","breadcrumb":{"@id":"https:\/\/magdacesti.md\/?p=3368#breadcrumb"},"inLanguage":"en-US","potentialAction":[{"@type":"ReadAction","target":["https:\/\/magdacesti.md\/?p=3368"]}]},{"@type":"ImageObject","inLanguage":"en-US","@id":"https:\/\/magdacesti.md\/?p=3368#primaryimage","url":"https:\/\/magdacesti.md\/wp-content\/uploads\/2018\/12\/centenarul-marii-uniri.jpg","contentUrl":"https:\/\/magdacesti.md\/wp-content\/uploads\/2018\/12\/centenarul-marii-uniri.jpg"},{"@type":"BreadcrumbList","@id":"https:\/\/magdacesti.md\/?p=3368#breadcrumb","itemListElement":[{"@type":"ListItem","position":1,"name":"Home","item":"https:\/\/magdacesti.md\/"},{"@type":"ListItem","position":2,"name":"La Mul\u021bi ani, Rom\u00e2nia Mare!"}]},{"@type":"WebSite","@id":"https:\/\/magdacesti.md\/#website","url":"https:\/\/magdacesti.md\/","name":"M\u0103gd\u0103ce\u0219ti","description":"Un or\u0103\u0219el cu condi\u021bii decente de trai!","publisher":{"@id":"https:\/\/magdacesti.md\/#organization"},"potentialAction":[{"@type":"SearchAction","target":{"@type":"EntryPoint","urlTemplate":"https:\/\/magdacesti.md\/?s={search_term_string}"},"query-input":"required name=search_term_string"}],"inLanguage":"en-US"},{"@type":"Organization","@id":"https:\/\/magdacesti.md\/#organization","name":"M\u0103gd\u0103ce\u0219ti","url":"https:\/\/magdacesti.md\/","logo":{"@type":"ImageObject","inLanguage":"en-US","@id":"https:\/\/magdacesti.md\/#\/schema\/logo\/image\/","url":"https:\/\/magdacesti.md\/wp-content\/uploads\/2021\/03\/Foto-514-scaled.jpg","contentUrl":"https:\/\/magdacesti.md\/wp-content\/uploads\/2021\/03\/Foto-514-scaled.jpg","width":2560,"height":1707,"caption":"M\u0103gd\u0103ce\u0219ti"},"image":{"@id":"https:\/\/magdacesti.md\/#\/schema\/logo\/image\/"},"sameAs":["https:\/\/www.facebook.com\/magdacesti.md\/"]},{"@type":"Person","@id":"https:\/\/magdacesti.md\/#\/schema\/person\/0068cad735c7cf3ab41a532515da0575","name":"Olga Enachi","url":"https:\/\/magdacesti.md\/?author=2"}]}},"_links":{"self":[{"href":"https:\/\/magdacesti.md\/index.php?rest_route=\/wp\/v2\/posts\/3368","targetHints":{"allow":["GET"]}}],"collection":[{"href":"https:\/\/magdacesti.md\/index.php?rest_route=\/wp\/v2\/posts"}],"about":[{"href":"https:\/\/magdacesti.md\/index.php?rest_route=\/wp\/v2\/types\/post"}],"author":[{"embeddable":true,"href":"https:\/\/magdacesti.md\/index.php?rest_route=\/wp\/v2\/users\/2"}],"replies":[{"embeddable":true,"href":"https:\/\/magdacesti.md\/index.php?rest_route=%2Fwp%2Fv2%2Fcomments&post=3368"}],"version-history":[{"count":0,"href":"https:\/\/magdacesti.md\/index.php?rest_route=\/wp\/v2\/posts\/3368\/revisions"}],"wp:attachment":[{"href":"https:\/\/magdacesti.md\/index.php?rest_route=%2Fwp%2Fv2%2Fmedia&parent=3368"}],"wp:term":[{"taxonomy":"category","embeddable":true,"href":"https:\/\/magdacesti.md\/index.php?rest_route=%2Fwp%2Fv2%2Fcategories&post=3368"},{"taxonomy":"post_tag","embeddable":true,"href":"https:\/\/magdacesti.md\/index.php?rest_route=%2Fwp%2Fv2%2Ftags&post=3368"}],"curies":[{"name":"wp","href":"https:\/\/api.w.org\/{rel}","templated":true}]}}