{"id":3377,"date":"2018-12-04T08:50:06","date_gmt":"2018-12-04T06:50:06","guid":{"rendered":"https:\/\/magdacesti.md\/?p=3377"},"modified":"2018-12-04T08:50:06","modified_gmt":"2018-12-04T06:50:06","slug":"3-decembrie-ziua-internationala-a-persoanelor-cu-dizabilitati","status":"publish","type":"post","link":"https:\/\/magdacesti.md\/?p=3377","title":{"rendered":"3 decembrie- Ziua Interna\u021bional\u0103 a persoanelor cu dizabilit\u0103\u021bi"},"content":{"rendered":"<p>Cu prilejul <strong>Zilei Interna\u021bionale a persoanelor cu dizabilit\u0103\u021bi<\/strong>, s\u0103rb\u0103torit\u0103 \u00een fiecare an la 3 Decembrie, ast\u0103zi, au fost invita\u021bi la o \u00eent\u00e2lnire de suflet cu primarul, peste 175 de persoane cu diverse grade de invaliditate.<br \/>\n\u00cencrez\u0103tori \u0219i bucuro\u0219i c\u0103 autorit\u0103\u021bile locale n-au uitat de ei, oamenii au intrat optimi\u0219ti \u00een prim\u0103rie.<\/p>\n<p><img loading=\"lazy\" decoding=\"async\" class=\"aligncenter\" src=\"https:\/\/magdacesti.md\/wp-content\/uploads\/2018\/12\/IMG_8161.jpg\" alt=\"\" width=\"640\" height=\"480\" \/><\/p>\n<p><img loading=\"lazy\" decoding=\"async\" class=\"aligncenter\" src=\"https:\/\/magdacesti.md\/wp-content\/uploads\/2018\/12\/IMG_8177.jpg\" alt=\"\" width=\"640\" height=\"480\" \/><\/p>\n<p>Fiecare a beneficiat de un ajutor material \u00een valoare de 300 de lei, bani aloca\u021bi din bugetul loca<span class=\"text_exposed_show\">l, precum \u0219i colete umanitare cu haine calde pentru iarn\u0103.\u00a0<\/span><\/p>\n<p><span class=\"text_exposed_show\"><img loading=\"lazy\" decoding=\"async\" class=\"aligncenter\" src=\"https:\/\/magdacesti.md\/wp-content\/uploads\/2018\/12\/IMG_8182.jpg\" alt=\"\" width=\"640\" height=\"480\" \/><\/span><\/p>\n<p><span class=\"text_exposed_show\">Persoanele cu dizabilit\u0103\u021bi au mare nevoie de sus\u021binere \u0219i sprijin.<br \/>\nAdministra\u021bia public\u0103 local\u0103 depune mari eforturi \u00een acest sens, de a sus\u021bine oamenii curajo\u0219i \u0219i determina\u021bi, c\u0103rora le dator\u0103m respect pentru rolul lor important \u00een comunitate \u0219i pentru c\u0103 zi de zi ne arat\u0103 c\u0103 orice obstacol poate fi \u00eenl\u0103turat.<\/span><\/p>\n<div class=\"text_exposed_show\">\n<p>Ast\u0103zi, mesajul nostru este simplu \u0219i din suflet: <strong>V\u0103 mul\u021bumim pentru exemplul de curaj pe care ni-l oferi\u021bi necontenit \u00een fiecare zi!<\/strong><\/p>\n<\/div>\n","protected":false},"excerpt":{"rendered":"<p>Cu prilejul Zilei Interna\u021bionale a persoanelor cu dizabilit\u0103\u021bi, s\u0103rb\u0103torit\u0103 \u00een fiecare an la 3 Decembrie, ast\u0103zi, au fost invita\u021bi la o \u00eent\u00e2lnire de suflet cu primarul, peste 175 de persoane cu diverse grade de invaliditate. \u00cencrez\u0103tori \u0219i bucuro\u0219i c\u0103 autorit\u0103\u021bile locale n-au uitat de ei, oamenii au intrat optimi\u0219ti \u00een prim\u0103rie. Fiecare a beneficiat de [&#8230;]\n","protected":false},"author":2,"featured_media":0,"comment_status":"closed","ping_status":"closed","sticky":false,"template":"","format":"standard","meta":{"ngg_post_thumbnail":0,"footnotes":""},"categories":[4],"tags":[],"class_list":["post-3377","post","type-post","status-publish","format-standard","hentry","category-stiri"],"yoast_head":"<!-- This site is optimized with the Yoast SEO plugin v23.3 - https:\/\/yoast.com\/wordpress\/plugins\/seo\/ -->\n<title>3 decembrie- Ziua Interna\u021bional\u0103 a persoanelor cu dizabilit\u0103\u021bi - M\u0103gd\u0103ce\u0219ti<\/title>\n<meta name=\"description\" content=\"Bine ati venit pe pagina oficiala a Primariei Magdacesti.\" \/>\n<meta name=\"robots\" content=\"index, follow, max-snippet:-1, max-image-preview:large, max-video-preview:-1\" \/>\n<link rel=\"canonical\" href=\"https:\/\/magdacesti.md\/?p=3377\" \/>\n<meta property=\"og:locale\" content=\"en_US\" \/>\n<meta property=\"og:type\" content=\"article\" \/>\n<meta property=\"og:title\" content=\"3 decembrie- Ziua Interna\u021bional\u0103 a persoanelor cu dizabilit\u0103\u021bi - M\u0103gd\u0103ce\u0219ti\" \/>\n<meta property=\"og:description\" content=\"Bine ati venit pe pagina oficiala a Primariei Magdacesti.\" \/>\n<meta property=\"og:url\" content=\"https:\/\/magdacesti.md\/?p=3377\" \/>\n<meta property=\"og:site_name\" content=\"M\u0103gd\u0103ce\u0219ti\" \/>\n<meta property=\"article:publisher\" content=\"https:\/\/www.facebook.com\/magdacesti.md\/\" \/>\n<meta property=\"article:published_time\" content=\"2018-12-04T06:50:06+00:00\" \/>\n<meta property=\"og:image\" content=\"https:\/\/magdacesti.md\/wp-content\/uploads\/2018\/12\/IMG_8161.jpg\" \/>\n<meta name=\"author\" content=\"Olga Enachi\" \/>\n<meta name=\"twitter:card\" content=\"summary_large_image\" \/>\n<meta name=\"twitter:label1\" content=\"Written by\" \/>\n\t<meta name=\"twitter:data1\" content=\"Olga Enachi\" \/>\n\t<meta name=\"twitter:label2\" content=\"Est. reading time\" \/>\n\t<meta name=\"twitter:data2\" content=\"1 minute\" \/>\n<script type=\"application\/ld+json\" class=\"yoast-schema-graph\">{\"@context\":\"https:\/\/schema.org\",\"@graph\":[{\"@type\":\"Article\",\"@id\":\"https:\/\/magdacesti.md\/?p=3377#article\",\"isPartOf\":{\"@id\":\"https:\/\/magdacesti.md\/?p=3377\"},\"author\":{\"name\":\"Olga Enachi\",\"@id\":\"https:\/\/magdacesti.md\/#\/schema\/person\/0068cad735c7cf3ab41a532515da0575\"},\"headline\":\"3 decembrie- Ziua Interna\u021bional\u0103 a persoanelor cu dizabilit\u0103\u021bi\",\"datePublished\":\"2018-12-04T06:50:06+00:00\",\"dateModified\":\"2018-12-04T06:50:06+00:00\",\"mainEntityOfPage\":{\"@id\":\"https:\/\/magdacesti.md\/?p=3377\"},\"wordCount\":181,\"publisher\":{\"@id\":\"https:\/\/magdacesti.md\/#organization\"},\"image\":{\"@id\":\"https:\/\/magdacesti.md\/?p=3377#primaryimage\"},\"thumbnailUrl\":\"https:\/\/magdacesti.md\/wp-content\/uploads\/2018\/12\/IMG_8161.jpg\",\"articleSection\":[\"Stiri\"],\"inLanguage\":\"en-US\"},{\"@type\":\"WebPage\",\"@id\":\"https:\/\/magdacesti.md\/?p=3377\",\"url\":\"https:\/\/magdacesti.md\/?p=3377\",\"name\":\"3 decembrie- Ziua Interna\u021bional\u0103 a persoanelor cu dizabilit\u0103\u021bi - M\u0103gd\u0103ce\u0219ti\",\"isPartOf\":{\"@id\":\"https:\/\/magdacesti.md\/#website\"},\"primaryImageOfPage\":{\"@id\":\"https:\/\/magdacesti.md\/?p=3377#primaryimage\"},\"image\":{\"@id\":\"https:\/\/magdacesti.md\/?p=3377#primaryimage\"},\"thumbnailUrl\":\"https:\/\/magdacesti.md\/wp-content\/uploads\/2018\/12\/IMG_8161.jpg\",\"datePublished\":\"2018-12-04T06:50:06+00:00\",\"dateModified\":\"2018-12-04T06:50:06+00:00\",\"description\":\"Bine ati venit pe pagina oficiala a Primariei Magdacesti.\",\"breadcrumb\":{\"@id\":\"https:\/\/magdacesti.md\/?p=3377#breadcrumb\"},\"inLanguage\":\"en-US\",\"potentialAction\":[{\"@type\":\"ReadAction\",\"target\":[\"https:\/\/magdacesti.md\/?p=3377\"]}]},{\"@type\":\"ImageObject\",\"inLanguage\":\"en-US\",\"@id\":\"https:\/\/magdacesti.md\/?p=3377#primaryimage\",\"url\":\"https:\/\/magdacesti.md\/wp-content\/uploads\/2018\/12\/IMG_8161.jpg\",\"contentUrl\":\"https:\/\/magdacesti.md\/wp-content\/uploads\/2018\/12\/IMG_8161.jpg\"},{\"@type\":\"BreadcrumbList\",\"@id\":\"https:\/\/magdacesti.md\/?p=3377#breadcrumb\",\"itemListElement\":[{\"@type\":\"ListItem\",\"position\":1,\"name\":\"Home\",\"item\":\"https:\/\/magdacesti.md\/\"},{\"@type\":\"ListItem\",\"position\":2,\"name\":\"3 decembrie- Ziua Interna\u021bional\u0103 a persoanelor cu dizabilit\u0103\u021bi\"}]},{\"@type\":\"WebSite\",\"@id\":\"https:\/\/magdacesti.md\/#website\",\"url\":\"https:\/\/magdacesti.md\/\",\"name\":\"M\u0103gd\u0103ce\u0219ti\",\"description\":\"Un or\u0103\u0219el cu condi\u021bii decente de trai!\",\"publisher\":{\"@id\":\"https:\/\/magdacesti.md\/#organization\"},\"potentialAction\":[{\"@type\":\"SearchAction\",\"target\":{\"@type\":\"EntryPoint\",\"urlTemplate\":\"https:\/\/magdacesti.md\/?s={search_term_string}\"},\"query-input\":\"required name=search_term_string\"}],\"inLanguage\":\"en-US\"},{\"@type\":\"Organization\",\"@id\":\"https:\/\/magdacesti.md\/#organization\",\"name\":\"M\u0103gd\u0103ce\u0219ti\",\"url\":\"https:\/\/magdacesti.md\/\",\"logo\":{\"@type\":\"ImageObject\",\"inLanguage\":\"en-US\",\"@id\":\"https:\/\/magdacesti.md\/#\/schema\/logo\/image\/\",\"url\":\"https:\/\/magdacesti.md\/wp-content\/uploads\/2021\/03\/Foto-514-scaled.jpg\",\"contentUrl\":\"https:\/\/magdacesti.md\/wp-content\/uploads\/2021\/03\/Foto-514-scaled.jpg\",\"width\":2560,\"height\":1707,\"caption\":\"M\u0103gd\u0103ce\u0219ti\"},\"image\":{\"@id\":\"https:\/\/magdacesti.md\/#\/schema\/logo\/image\/\"},\"sameAs\":[\"https:\/\/www.facebook.com\/magdacesti.md\/\"]},{\"@type\":\"Person\",\"@id\":\"https:\/\/magdacesti.md\/#\/schema\/person\/0068cad735c7cf3ab41a532515da0575\",\"name\":\"Olga Enachi\",\"url\":\"https:\/\/magdacesti.md\/?author=2\"}]}<\/script>\n<!-- \/ Yoast SEO plugin. -->","yoast_head_json":{"title":"3 decembrie- Ziua Interna\u021bional\u0103 a persoanelor cu dizabilit\u0103\u021bi - M\u0103gd\u0103ce\u0219ti","description":"Bine ati venit pe pagina oficiala a Primariei Magdacesti.","robots":{"index":"index","follow":"follow","max-snippet":"max-snippet:-1","max-image-preview":"max-image-preview:large","max-video-preview":"max-video-preview:-1"},"canonical":"https:\/\/magdacesti.md\/?p=3377","og_locale":"en_US","og_type":"article","og_title":"3 decembrie- Ziua Interna\u021bional\u0103 a persoanelor cu dizabilit\u0103\u021bi - M\u0103gd\u0103ce\u0219ti","og_description":"Bine ati venit pe pagina oficiala a Primariei Magdacesti.","og_url":"https:\/\/magdacesti.md\/?p=3377","og_site_name":"M\u0103gd\u0103ce\u0219ti","article_publisher":"https:\/\/www.facebook.com\/magdacesti.md\/","article_published_time":"2018-12-04T06:50:06+00:00","og_image":[{"url":"https:\/\/magdacesti.md\/wp-content\/uploads\/2018\/12\/IMG_8161.jpg"}],"author":"Olga Enachi","twitter_card":"summary_large_image","twitter_misc":{"Written by":"Olga Enachi","Est. reading time":"1 minute"},"schema":{"@context":"https:\/\/schema.org","@graph":[{"@type":"Article","@id":"https:\/\/magdacesti.md\/?p=3377#article","isPartOf":{"@id":"https:\/\/magdacesti.md\/?p=3377"},"author":{"name":"Olga Enachi","@id":"https:\/\/magdacesti.md\/#\/schema\/person\/0068cad735c7cf3ab41a532515da0575"},"headline":"3 decembrie- Ziua Interna\u021bional\u0103 a persoanelor cu dizabilit\u0103\u021bi","datePublished":"2018-12-04T06:50:06+00:00","dateModified":"2018-12-04T06:50:06+00:00","mainEntityOfPage":{"@id":"https:\/\/magdacesti.md\/?p=3377"},"wordCount":181,"publisher":{"@id":"https:\/\/magdacesti.md\/#organization"},"image":{"@id":"https:\/\/magdacesti.md\/?p=3377#primaryimage"},"thumbnailUrl":"https:\/\/magdacesti.md\/wp-content\/uploads\/2018\/12\/IMG_8161.jpg","articleSection":["Stiri"],"inLanguage":"en-US"},{"@type":"WebPage","@id":"https:\/\/magdacesti.md\/?p=3377","url":"https:\/\/magdacesti.md\/?p=3377","name":"3 decembrie- Ziua Interna\u021bional\u0103 a persoanelor cu dizabilit\u0103\u021bi - M\u0103gd\u0103ce\u0219ti","isPartOf":{"@id":"https:\/\/magdacesti.md\/#website"},"primaryImageOfPage":{"@id":"https:\/\/magdacesti.md\/?p=3377#primaryimage"},"image":{"@id":"https:\/\/magdacesti.md\/?p=3377#primaryimage"},"thumbnailUrl":"https:\/\/magdacesti.md\/wp-content\/uploads\/2018\/12\/IMG_8161.jpg","datePublished":"2018-12-04T06:50:06+00:00","dateModified":"2018-12-04T06:50:06+00:00","description":"Bine ati venit pe pagina oficiala a Primariei Magdacesti.","breadcrumb":{"@id":"https:\/\/magdacesti.md\/?p=3377#breadcrumb"},"inLanguage":"en-US","potentialAction":[{"@type":"ReadAction","target":["https:\/\/magdacesti.md\/?p=3377"]}]},{"@type":"ImageObject","inLanguage":"en-US","@id":"https:\/\/magdacesti.md\/?p=3377#primaryimage","url":"https:\/\/magdacesti.md\/wp-content\/uploads\/2018\/12\/IMG_8161.jpg","contentUrl":"https:\/\/magdacesti.md\/wp-content\/uploads\/2018\/12\/IMG_8161.jpg"},{"@type":"BreadcrumbList","@id":"https:\/\/magdacesti.md\/?p=3377#breadcrumb","itemListElement":[{"@type":"ListItem","position":1,"name":"Home","item":"https:\/\/magdacesti.md\/"},{"@type":"ListItem","position":2,"name":"3 decembrie- Ziua Interna\u021bional\u0103 a persoanelor cu dizabilit\u0103\u021bi"}]},{"@type":"WebSite","@id":"https:\/\/magdacesti.md\/#website","url":"https:\/\/magdacesti.md\/","name":"M\u0103gd\u0103ce\u0219ti","description":"Un or\u0103\u0219el cu condi\u021bii decente de trai!","publisher":{"@id":"https:\/\/magdacesti.md\/#organization"},"potentialAction":[{"@type":"SearchAction","target":{"@type":"EntryPoint","urlTemplate":"https:\/\/magdacesti.md\/?s={search_term_string}"},"query-input":"required name=search_term_string"}],"inLanguage":"en-US"},{"@type":"Organization","@id":"https:\/\/magdacesti.md\/#organization","name":"M\u0103gd\u0103ce\u0219ti","url":"https:\/\/magdacesti.md\/","logo":{"@type":"ImageObject","inLanguage":"en-US","@id":"https:\/\/magdacesti.md\/#\/schema\/logo\/image\/","url":"https:\/\/magdacesti.md\/wp-content\/uploads\/2021\/03\/Foto-514-scaled.jpg","contentUrl":"https:\/\/magdacesti.md\/wp-content\/uploads\/2021\/03\/Foto-514-scaled.jpg","width":2560,"height":1707,"caption":"M\u0103gd\u0103ce\u0219ti"},"image":{"@id":"https:\/\/magdacesti.md\/#\/schema\/logo\/image\/"},"sameAs":["https:\/\/www.facebook.com\/magdacesti.md\/"]},{"@type":"Person","@id":"https:\/\/magdacesti.md\/#\/schema\/person\/0068cad735c7cf3ab41a532515da0575","name":"Olga Enachi","url":"https:\/\/magdacesti.md\/?author=2"}]}},"_links":{"self":[{"href":"https:\/\/magdacesti.md\/index.php?rest_route=\/wp\/v2\/posts\/3377","targetHints":{"allow":["GET"]}}],"collection":[{"href":"https:\/\/magdacesti.md\/index.php?rest_route=\/wp\/v2\/posts"}],"about":[{"href":"https:\/\/magdacesti.md\/index.php?rest_route=\/wp\/v2\/types\/post"}],"author":[{"embeddable":true,"href":"https:\/\/magdacesti.md\/index.php?rest_route=\/wp\/v2\/users\/2"}],"replies":[{"embeddable":true,"href":"https:\/\/magdacesti.md\/index.php?rest_route=%2Fwp%2Fv2%2Fcomments&post=3377"}],"version-history":[{"count":0,"href":"https:\/\/magdacesti.md\/index.php?rest_route=\/wp\/v2\/posts\/3377\/revisions"}],"wp:attachment":[{"href":"https:\/\/magdacesti.md\/index.php?rest_route=%2Fwp%2Fv2%2Fmedia&parent=3377"}],"wp:term":[{"taxonomy":"category","embeddable":true,"href":"https:\/\/magdacesti.md\/index.php?rest_route=%2Fwp%2Fv2%2Fcategories&post=3377"},{"taxonomy":"post_tag","embeddable":true,"href":"https:\/\/magdacesti.md\/index.php?rest_route=%2Fwp%2Fv2%2Ftags&post=3377"}],"curies":[{"name":"wp","href":"https:\/\/api.w.org\/{rel}","templated":true}]}}