{"id":3419,"date":"2019-01-04T11:44:14","date_gmt":"2019-01-04T09:44:14","guid":{"rendered":"https:\/\/magdacesti.md\/?p=3419"},"modified":"2019-01-04T11:44:14","modified_gmt":"2019-01-04T09:44:14","slug":"colinde-colinde-langa-cel-mai-mare-rug-de-craciun","status":"publish","type":"post","link":"https:\/\/magdacesti.md\/?p=3419","title":{"rendered":"Colinde-colinde, l\u00e2ng\u0103 cel mai mare rug de Cr\u0103ciun&#8230;"},"content":{"rendered":"<p><strong><iframe loading=\"lazy\" src=\"\/\/www.youtube.com\/embed\/4qZkIdAa9W4?t=412s\" width=\"560\" height=\"314\" allowfullscreen=\"allowfullscreen\"><\/iframe><\/strong><\/p>\n<p><strong>Dragi prieteni, stima\u021bi s\u0103teni,<\/strong><br \/>\n<strong>\u00een a doua zi de Cr\u0103ciun pe stil vechi, 8 ianuarie 2019, ora 17.00, v\u0103 a\u0219tept\u0103m pe to\u021bi \u00een centrul s. M\u0103gd\u0103ce\u0219ti, s\u0103 vestim \u00eempreun\u0103 Na\u0219terea Domnului.<\/strong><\/p>\n<p><img loading=\"lazy\" decoding=\"async\" class=\"aligncenter\" src=\"https:\/\/magdacesti.md\/wp-content\/uploads\/2019\/01\/bnvjkebvj.jpg\" alt=\"\" width=\"473\" height=\"841\" \/><br \/>\nA devenit deja o frumoas\u0103 tradi\u021bie s\u0103 ne adun\u0103m \u00eentreg satul \u00een jurul bradului, s\u0103 ne \u00eenc\u0103lzim l\u00e2ng\u0103 rugul imens \u0219i s\u0103 ascult\u0103m tradi\u021bionalele colinde, delect\u00e2ndu-ne cu cel mai bun vin fiert, preparat dup\u0103 o re\u021bet\u0103 tradi\u021bional\u0103.<\/p>\n<p><img loading=\"lazy\" decoding=\"async\" class=\"aligncenter\" src=\"https:\/\/magdacesti.md\/wp-content\/uploads\/2019\/01\/big_vin_fiert.jpg\" alt=\"\" width=\"625\" height=\"375\" \/><\/p>\n<div class=\"text_exposed_show\">\n<p>La eveniment vor fi nelipsi\u021bi Mo\u0219 Cr\u0103ciun \u0219i Alba ca Z\u0103pada, cetele de ur\u0103tori, colind\u0103tori, ansamblurile locale, dar \u0219i invita\u021bii no\u0219tri speciali, <strong>Ansamblul etnofolcloric &#8220;Pl\u0103ie\u0219ii&#8221; &amp; Nicolae Gribincea.<\/strong><\/p>\n<p><img loading=\"lazy\" decoding=\"async\" class=\"aligncenter\" src=\"https:\/\/magdacesti.md\/wp-content\/uploads\/2019\/01\/iogt5it5hjg.jpg\" alt=\"\" width=\"720\" height=\"480\" \/><br \/>\n<strong>V\u0103 promitem o sear\u0103 fierbinte \u0219i o atmosfer\u0103 de mare s\u0103rb\u0103toare!<\/strong><br \/>\n<strong>V\u0103 a\u0219tept\u0103m cu mult drag!<\/strong><\/p>\n<p><strong>Administra\u021bia public\u0103 local\u0103 M\u0103gd\u0103ce\u0219ti.<\/strong><\/p>\n<\/div>\n","protected":false},"excerpt":{"rendered":"<p>Dragi prieteni, stima\u021bi s\u0103teni, \u00een a doua zi de Cr\u0103ciun pe stil vechi, 8 ianuarie 2019, ora 17.00, v\u0103 a\u0219tept\u0103m pe to\u021bi \u00een centrul s. M\u0103gd\u0103ce\u0219ti, s\u0103 vestim \u00eempreun\u0103 Na\u0219terea Domnului. A devenit deja o frumoas\u0103 tradi\u021bie s\u0103 ne adun\u0103m \u00eentreg satul \u00een jurul bradului, s\u0103 ne \u00eenc\u0103lzim l\u00e2ng\u0103 rugul imens \u0219i s\u0103 ascult\u0103m tradi\u021bionalele [&#8230;]\n","protected":false},"author":2,"featured_media":0,"comment_status":"closed","ping_status":"closed","sticky":false,"template":"","format":"standard","meta":{"ngg_post_thumbnail":0,"footnotes":""},"categories":[4],"tags":[],"class_list":["post-3419","post","type-post","status-publish","format-standard","hentry","category-stiri"],"yoast_head":"<!-- This site is optimized with the Yoast SEO plugin v23.3 - https:\/\/yoast.com\/wordpress\/plugins\/seo\/ -->\n<title>Colinde-colinde, l\u00e2ng\u0103 cel mai mare rug de Cr\u0103ciun... - M\u0103gd\u0103ce\u0219ti<\/title>\n<meta name=\"description\" content=\"Bine ati venit pe pagina oficiala a Primariei Magdacesti.\" \/>\n<meta name=\"robots\" content=\"index, follow, max-snippet:-1, max-image-preview:large, max-video-preview:-1\" \/>\n<link rel=\"canonical\" href=\"https:\/\/magdacesti.md\/?p=3419\" \/>\n<meta property=\"og:locale\" content=\"en_US\" \/>\n<meta property=\"og:type\" content=\"article\" \/>\n<meta property=\"og:title\" content=\"Colinde-colinde, l\u00e2ng\u0103 cel mai mare rug de Cr\u0103ciun... - M\u0103gd\u0103ce\u0219ti\" \/>\n<meta property=\"og:description\" content=\"Bine ati venit pe pagina oficiala a Primariei Magdacesti.\" \/>\n<meta property=\"og:url\" content=\"https:\/\/magdacesti.md\/?p=3419\" \/>\n<meta property=\"og:site_name\" content=\"M\u0103gd\u0103ce\u0219ti\" \/>\n<meta property=\"article:publisher\" content=\"https:\/\/www.facebook.com\/magdacesti.md\/\" \/>\n<meta property=\"article:published_time\" content=\"2019-01-04T09:44:14+00:00\" \/>\n<meta property=\"og:image\" content=\"https:\/\/magdacesti.md\/wp-content\/uploads\/2019\/01\/bnvjkebvj.jpg\" \/>\n<meta name=\"author\" content=\"Olga Enachi\" \/>\n<meta name=\"twitter:card\" content=\"summary_large_image\" \/>\n<meta name=\"twitter:label1\" content=\"Written by\" \/>\n\t<meta name=\"twitter:data1\" content=\"Olga Enachi\" \/>\n\t<meta name=\"twitter:label2\" content=\"Est. reading time\" \/>\n\t<meta name=\"twitter:data2\" content=\"1 minute\" \/>\n<script type=\"application\/ld+json\" class=\"yoast-schema-graph\">{\"@context\":\"https:\/\/schema.org\",\"@graph\":[{\"@type\":\"Article\",\"@id\":\"https:\/\/magdacesti.md\/?p=3419#article\",\"isPartOf\":{\"@id\":\"https:\/\/magdacesti.md\/?p=3419\"},\"author\":{\"name\":\"Olga Enachi\",\"@id\":\"https:\/\/magdacesti.md\/#\/schema\/person\/0068cad735c7cf3ab41a532515da0575\"},\"headline\":\"Colinde-colinde, l\u00e2ng\u0103 cel mai mare rug de Cr\u0103ciun&#8230;\",\"datePublished\":\"2019-01-04T09:44:14+00:00\",\"dateModified\":\"2019-01-04T09:44:14+00:00\",\"mainEntityOfPage\":{\"@id\":\"https:\/\/magdacesti.md\/?p=3419\"},\"wordCount\":159,\"publisher\":{\"@id\":\"https:\/\/magdacesti.md\/#organization\"},\"image\":{\"@id\":\"https:\/\/magdacesti.md\/?p=3419#primaryimage\"},\"thumbnailUrl\":\"https:\/\/magdacesti.md\/wp-content\/uploads\/2019\/01\/bnvjkebvj.jpg\",\"articleSection\":[\"Stiri\"],\"inLanguage\":\"en-US\"},{\"@type\":\"WebPage\",\"@id\":\"https:\/\/magdacesti.md\/?p=3419\",\"url\":\"https:\/\/magdacesti.md\/?p=3419\",\"name\":\"Colinde-colinde, l\u00e2ng\u0103 cel mai mare rug de Cr\u0103ciun... - M\u0103gd\u0103ce\u0219ti\",\"isPartOf\":{\"@id\":\"https:\/\/magdacesti.md\/#website\"},\"primaryImageOfPage\":{\"@id\":\"https:\/\/magdacesti.md\/?p=3419#primaryimage\"},\"image\":{\"@id\":\"https:\/\/magdacesti.md\/?p=3419#primaryimage\"},\"thumbnailUrl\":\"https:\/\/magdacesti.md\/wp-content\/uploads\/2019\/01\/bnvjkebvj.jpg\",\"datePublished\":\"2019-01-04T09:44:14+00:00\",\"dateModified\":\"2019-01-04T09:44:14+00:00\",\"description\":\"Bine ati venit pe pagina oficiala a Primariei Magdacesti.\",\"breadcrumb\":{\"@id\":\"https:\/\/magdacesti.md\/?p=3419#breadcrumb\"},\"inLanguage\":\"en-US\",\"potentialAction\":[{\"@type\":\"ReadAction\",\"target\":[\"https:\/\/magdacesti.md\/?p=3419\"]}]},{\"@type\":\"ImageObject\",\"inLanguage\":\"en-US\",\"@id\":\"https:\/\/magdacesti.md\/?p=3419#primaryimage\",\"url\":\"https:\/\/magdacesti.md\/wp-content\/uploads\/2019\/01\/bnvjkebvj.jpg\",\"contentUrl\":\"https:\/\/magdacesti.md\/wp-content\/uploads\/2019\/01\/bnvjkebvj.jpg\"},{\"@type\":\"BreadcrumbList\",\"@id\":\"https:\/\/magdacesti.md\/?p=3419#breadcrumb\",\"itemListElement\":[{\"@type\":\"ListItem\",\"position\":1,\"name\":\"Home\",\"item\":\"https:\/\/magdacesti.md\/\"},{\"@type\":\"ListItem\",\"position\":2,\"name\":\"Colinde-colinde, l\u00e2ng\u0103 cel mai mare rug de Cr\u0103ciun&#8230;\"}]},{\"@type\":\"WebSite\",\"@id\":\"https:\/\/magdacesti.md\/#website\",\"url\":\"https:\/\/magdacesti.md\/\",\"name\":\"M\u0103gd\u0103ce\u0219ti\",\"description\":\"Un or\u0103\u0219el cu condi\u021bii decente de trai!\",\"publisher\":{\"@id\":\"https:\/\/magdacesti.md\/#organization\"},\"potentialAction\":[{\"@type\":\"SearchAction\",\"target\":{\"@type\":\"EntryPoint\",\"urlTemplate\":\"https:\/\/magdacesti.md\/?s={search_term_string}\"},\"query-input\":\"required name=search_term_string\"}],\"inLanguage\":\"en-US\"},{\"@type\":\"Organization\",\"@id\":\"https:\/\/magdacesti.md\/#organization\",\"name\":\"M\u0103gd\u0103ce\u0219ti\",\"url\":\"https:\/\/magdacesti.md\/\",\"logo\":{\"@type\":\"ImageObject\",\"inLanguage\":\"en-US\",\"@id\":\"https:\/\/magdacesti.md\/#\/schema\/logo\/image\/\",\"url\":\"https:\/\/magdacesti.md\/wp-content\/uploads\/2021\/03\/Foto-514-scaled.jpg\",\"contentUrl\":\"https:\/\/magdacesti.md\/wp-content\/uploads\/2021\/03\/Foto-514-scaled.jpg\",\"width\":2560,\"height\":1707,\"caption\":\"M\u0103gd\u0103ce\u0219ti\"},\"image\":{\"@id\":\"https:\/\/magdacesti.md\/#\/schema\/logo\/image\/\"},\"sameAs\":[\"https:\/\/www.facebook.com\/magdacesti.md\/\"]},{\"@type\":\"Person\",\"@id\":\"https:\/\/magdacesti.md\/#\/schema\/person\/0068cad735c7cf3ab41a532515da0575\",\"name\":\"Olga Enachi\",\"url\":\"https:\/\/magdacesti.md\/?author=2\"}]}<\/script>\n<!-- \/ Yoast SEO plugin. -->","yoast_head_json":{"title":"Colinde-colinde, l\u00e2ng\u0103 cel mai mare rug de Cr\u0103ciun... - M\u0103gd\u0103ce\u0219ti","description":"Bine ati venit pe pagina oficiala a Primariei Magdacesti.","robots":{"index":"index","follow":"follow","max-snippet":"max-snippet:-1","max-image-preview":"max-image-preview:large","max-video-preview":"max-video-preview:-1"},"canonical":"https:\/\/magdacesti.md\/?p=3419","og_locale":"en_US","og_type":"article","og_title":"Colinde-colinde, l\u00e2ng\u0103 cel mai mare rug de Cr\u0103ciun... - M\u0103gd\u0103ce\u0219ti","og_description":"Bine ati venit pe pagina oficiala a Primariei Magdacesti.","og_url":"https:\/\/magdacesti.md\/?p=3419","og_site_name":"M\u0103gd\u0103ce\u0219ti","article_publisher":"https:\/\/www.facebook.com\/magdacesti.md\/","article_published_time":"2019-01-04T09:44:14+00:00","og_image":[{"url":"https:\/\/magdacesti.md\/wp-content\/uploads\/2019\/01\/bnvjkebvj.jpg"}],"author":"Olga Enachi","twitter_card":"summary_large_image","twitter_misc":{"Written by":"Olga Enachi","Est. reading time":"1 minute"},"schema":{"@context":"https:\/\/schema.org","@graph":[{"@type":"Article","@id":"https:\/\/magdacesti.md\/?p=3419#article","isPartOf":{"@id":"https:\/\/magdacesti.md\/?p=3419"},"author":{"name":"Olga Enachi","@id":"https:\/\/magdacesti.md\/#\/schema\/person\/0068cad735c7cf3ab41a532515da0575"},"headline":"Colinde-colinde, l\u00e2ng\u0103 cel mai mare rug de Cr\u0103ciun&#8230;","datePublished":"2019-01-04T09:44:14+00:00","dateModified":"2019-01-04T09:44:14+00:00","mainEntityOfPage":{"@id":"https:\/\/magdacesti.md\/?p=3419"},"wordCount":159,"publisher":{"@id":"https:\/\/magdacesti.md\/#organization"},"image":{"@id":"https:\/\/magdacesti.md\/?p=3419#primaryimage"},"thumbnailUrl":"https:\/\/magdacesti.md\/wp-content\/uploads\/2019\/01\/bnvjkebvj.jpg","articleSection":["Stiri"],"inLanguage":"en-US"},{"@type":"WebPage","@id":"https:\/\/magdacesti.md\/?p=3419","url":"https:\/\/magdacesti.md\/?p=3419","name":"Colinde-colinde, l\u00e2ng\u0103 cel mai mare rug de Cr\u0103ciun... - M\u0103gd\u0103ce\u0219ti","isPartOf":{"@id":"https:\/\/magdacesti.md\/#website"},"primaryImageOfPage":{"@id":"https:\/\/magdacesti.md\/?p=3419#primaryimage"},"image":{"@id":"https:\/\/magdacesti.md\/?p=3419#primaryimage"},"thumbnailUrl":"https:\/\/magdacesti.md\/wp-content\/uploads\/2019\/01\/bnvjkebvj.jpg","datePublished":"2019-01-04T09:44:14+00:00","dateModified":"2019-01-04T09:44:14+00:00","description":"Bine ati venit pe pagina oficiala a Primariei Magdacesti.","breadcrumb":{"@id":"https:\/\/magdacesti.md\/?p=3419#breadcrumb"},"inLanguage":"en-US","potentialAction":[{"@type":"ReadAction","target":["https:\/\/magdacesti.md\/?p=3419"]}]},{"@type":"ImageObject","inLanguage":"en-US","@id":"https:\/\/magdacesti.md\/?p=3419#primaryimage","url":"https:\/\/magdacesti.md\/wp-content\/uploads\/2019\/01\/bnvjkebvj.jpg","contentUrl":"https:\/\/magdacesti.md\/wp-content\/uploads\/2019\/01\/bnvjkebvj.jpg"},{"@type":"BreadcrumbList","@id":"https:\/\/magdacesti.md\/?p=3419#breadcrumb","itemListElement":[{"@type":"ListItem","position":1,"name":"Home","item":"https:\/\/magdacesti.md\/"},{"@type":"ListItem","position":2,"name":"Colinde-colinde, l\u00e2ng\u0103 cel mai mare rug de Cr\u0103ciun&#8230;"}]},{"@type":"WebSite","@id":"https:\/\/magdacesti.md\/#website","url":"https:\/\/magdacesti.md\/","name":"M\u0103gd\u0103ce\u0219ti","description":"Un or\u0103\u0219el cu condi\u021bii decente de trai!","publisher":{"@id":"https:\/\/magdacesti.md\/#organization"},"potentialAction":[{"@type":"SearchAction","target":{"@type":"EntryPoint","urlTemplate":"https:\/\/magdacesti.md\/?s={search_term_string}"},"query-input":"required name=search_term_string"}],"inLanguage":"en-US"},{"@type":"Organization","@id":"https:\/\/magdacesti.md\/#organization","name":"M\u0103gd\u0103ce\u0219ti","url":"https:\/\/magdacesti.md\/","logo":{"@type":"ImageObject","inLanguage":"en-US","@id":"https:\/\/magdacesti.md\/#\/schema\/logo\/image\/","url":"https:\/\/magdacesti.md\/wp-content\/uploads\/2021\/03\/Foto-514-scaled.jpg","contentUrl":"https:\/\/magdacesti.md\/wp-content\/uploads\/2021\/03\/Foto-514-scaled.jpg","width":2560,"height":1707,"caption":"M\u0103gd\u0103ce\u0219ti"},"image":{"@id":"https:\/\/magdacesti.md\/#\/schema\/logo\/image\/"},"sameAs":["https:\/\/www.facebook.com\/magdacesti.md\/"]},{"@type":"Person","@id":"https:\/\/magdacesti.md\/#\/schema\/person\/0068cad735c7cf3ab41a532515da0575","name":"Olga Enachi","url":"https:\/\/magdacesti.md\/?author=2"}]}},"_links":{"self":[{"href":"https:\/\/magdacesti.md\/index.php?rest_route=\/wp\/v2\/posts\/3419","targetHints":{"allow":["GET"]}}],"collection":[{"href":"https:\/\/magdacesti.md\/index.php?rest_route=\/wp\/v2\/posts"}],"about":[{"href":"https:\/\/magdacesti.md\/index.php?rest_route=\/wp\/v2\/types\/post"}],"author":[{"embeddable":true,"href":"https:\/\/magdacesti.md\/index.php?rest_route=\/wp\/v2\/users\/2"}],"replies":[{"embeddable":true,"href":"https:\/\/magdacesti.md\/index.php?rest_route=%2Fwp%2Fv2%2Fcomments&post=3419"}],"version-history":[{"count":0,"href":"https:\/\/magdacesti.md\/index.php?rest_route=\/wp\/v2\/posts\/3419\/revisions"}],"wp:attachment":[{"href":"https:\/\/magdacesti.md\/index.php?rest_route=%2Fwp%2Fv2%2Fmedia&parent=3419"}],"wp:term":[{"taxonomy":"category","embeddable":true,"href":"https:\/\/magdacesti.md\/index.php?rest_route=%2Fwp%2Fv2%2Fcategories&post=3419"},{"taxonomy":"post_tag","embeddable":true,"href":"https:\/\/magdacesti.md\/index.php?rest_route=%2Fwp%2Fv2%2Ftags&post=3419"}],"curies":[{"name":"wp","href":"https:\/\/api.w.org\/{rel}","templated":true}]}}