{"id":3485,"date":"2019-03-02T16:57:00","date_gmt":"2019-03-02T14:57:00","guid":{"rendered":"https:\/\/magdacesti.md\/?p=3485"},"modified":"2019-03-02T16:57:00","modified_gmt":"2019-03-02T14:57:00","slug":"2-martie-o-pagina-trista-din-istoria-neamului-nostru","status":"publish","type":"post","link":"https:\/\/magdacesti.md\/?p=3485","title":{"rendered":"2 martie- o pagin\u0103 trist\u0103 din istoria neamului nostru\/ Foto."},"content":{"rendered":"<p><strong>Ziua de 2 martie este declarat\u0103 prin decizia Guvernului Republicii Moldova, zi de comemorare a persoanelor c\u0103zute \u00een Conflictul armat pentru ap\u0103rarea integrit\u0103\u021bii \u0219i independen\u021bei R. Moldova ( 1991-1992). <\/strong><br \/>\n<strong>Aceast\u0103 zi este comemorat\u0103 \u00een fiecare an, la M\u0103gd\u0103ce\u0219ti. <\/strong><\/p>\n<p><img loading=\"lazy\" decoding=\"async\" class=\"aligncenter\" src=\"https:\/\/magdacesti.md\/wp-content\/uploads\/2019\/03\/IMG_9550.jpg\" alt=\"\" width=\"640\" height=\"427\" \/><\/p>\n<p><strong>\u00a0 \u00cen acest r\u0103zboi \u0219i-au pierdut via\u021ba sute de oameni, printre care \u0219i cons\u0103teanul nostru, Ion B\u00eetlan. <\/strong><\/p>\n<p><strong>Ast\u0103zi, \u00een incinta prim\u0103riei au fost invita\u021bi to\u021bi combatan\u021bii r\u0103zboiului nistrean \u0219i participan\u021bii altor conflicte armate din s. M\u0103gd\u0103ce\u0219ti, pentru a le aduce un omagiu.<\/strong><\/p>\n<p><img loading=\"lazy\" decoding=\"async\" class=\"aligncenter\" src=\"https:\/\/magdacesti.md\/wp-content\/uploads\/2019\/03\/IMG_9562.jpg\" alt=\"\" width=\"640\" height=\"480\" \/><\/p>\n<p><img loading=\"lazy\" decoding=\"async\" class=\"aligncenter\" src=\"https:\/\/magdacesti.md\/wp-content\/uploads\/2019\/03\/IMG_9569.jpg\" alt=\"\" width=\"640\" height=\"480\" \/><\/p>\n<p>\u00cen debutul ceremoniei, primarul de M\u0103gd\u0103ce\u0219ti, doamna Liuba Cojocaru, \u0219i-a exprimat recuno\u0219tin\u021ba \u0219i a mul\u021bumit veteranilor pentru spiritul de sacrificiu de care au dat dovad\u0103. A adus condolean\u021be \u0219i celor care au pierdut un om drag pe c\u00e2mpul de lupt\u0103. Primarul, al\u0103turi de to\u021bi participan\u021bii au \u021binut un minut de reculegere \u00een memoria celor c\u0103zu\u021bi, apoi, le-a acordat fiec\u0103rui combatant un ajutor material \u00een valoare de 700 de lei.<\/p>\n<p>La eveniment a fost prezent \u0219i fiul eroului Ion Bitlan, c\u0103rui i-a fost \u00eenm\u00e2nat o medalie post- mortem \u0219i un ajutor b\u0103nesc \u00een valoare de 2000 de lei.<br \/>\nAc\u021biunea a continuat cu depunerea de flori la morm\u00e2ntul celui c\u0103zut pentru integritatea \u0219i independen\u021ba \u021b\u0103rii.<\/p>\n<p><img loading=\"lazy\" decoding=\"async\" class=\"aligncenter\" src=\"https:\/\/magdacesti.md\/wp-content\/uploads\/2019\/03\/IMG_9589.jpg\" alt=\"\" width=\"640\" height=\"427\" \/><\/p>\n<p><img loading=\"lazy\" decoding=\"async\" class=\"aligncenter\" src=\"https:\/\/magdacesti.md\/wp-content\/uploads\/2019\/03\/IMG_9599.jpg\" alt=\"\" width=\"640\" height=\"480\" \/><\/p>\n<p><img loading=\"lazy\" decoding=\"async\" class=\"aligncenter\" src=\"https:\/\/magdacesti.md\/wp-content\/uploads\/2019\/03\/IMG_9601.jpg\" alt=\"\" width=\"640\" height=\"428\" \/><\/p>\n<p><img loading=\"lazy\" decoding=\"async\" class=\"aligncenter\" src=\"https:\/\/magdacesti.md\/wp-content\/uploads\/2019\/03\/IMG_9610.jpg\" alt=\"\" width=\"640\" height=\"480\" \/><\/p>\n<p><img loading=\"lazy\" decoding=\"async\" class=\"aligncenter\" src=\"https:\/\/magdacesti.md\/wp-content\/uploads\/2019\/03\/IMG_9621.jpg\" alt=\"\" width=\"640\" height=\"480\" \/><\/p>\n<p><img loading=\"lazy\" decoding=\"async\" class=\"aligncenter\" src=\"https:\/\/magdacesti.md\/wp-content\/uploads\/2019\/03\/IMG_9625.jpg\" alt=\"\" width=\"640\" height=\"428\" \/><\/p>\n<p><img loading=\"lazy\" decoding=\"async\" class=\"aligncenter\" src=\"https:\/\/magdacesti.md\/wp-content\/uploads\/2019\/03\/IMG_9626.jpg\" alt=\"\" width=\"640\" height=\"427\" \/><\/p>\n<p><img loading=\"lazy\" decoding=\"async\" class=\"aligncenter\" src=\"https:\/\/magdacesti.md\/wp-content\/uploads\/2019\/03\/IMG_9637.jpg\" alt=\"\" width=\"640\" height=\"480\" \/><\/p>\n<p>Ziua s-a \u00eencheiat la &#8220;Casa Neamului&#8221; din satul M\u0103gd\u0103ce\u0219ti, cu o mas\u0103 de pomenire pentru cei care \u0219i-au pierdut via\u021ba \u00een conflictele armate.<\/p>\n<p><img loading=\"lazy\" decoding=\"async\" class=\"aligncenter\" src=\"https:\/\/magdacesti.md\/wp-content\/uploads\/2019\/03\/IMG_9668.jpg\" alt=\"\" width=\"640\" height=\"480\" \/><br \/>\n\u021ainem s\u0103 v\u0103 inform\u0103m c\u0103 administra\u021bia public\u0103 local\u0103 va aproba construc\u021bia unui parc memorial \u00een s. M\u0103gd\u0103ce\u0219ti, dedicat tuturor eroilor c\u0103zu\u021bi pe c\u00e2mpul de lupt\u0103.<\/p>\n","protected":false},"excerpt":{"rendered":"<p>Ziua de 2 martie este declarat\u0103 prin decizia Guvernului Republicii Moldova, zi de comemorare a persoanelor c\u0103zute \u00een Conflictul armat pentru ap\u0103rarea integrit\u0103\u021bii \u0219i independen\u021bei R. Moldova ( 1991-1992). Aceast\u0103 zi este comemorat\u0103 \u00een fiecare an, la M\u0103gd\u0103ce\u0219ti. \u00a0 \u00cen acest r\u0103zboi \u0219i-au pierdut via\u021ba sute de oameni, printre care \u0219i cons\u0103teanul nostru, Ion B\u00eetlan. [&#8230;]\n","protected":false},"author":2,"featured_media":0,"comment_status":"closed","ping_status":"closed","sticky":false,"template":"","format":"standard","meta":{"ngg_post_thumbnail":0,"footnotes":""},"categories":[4],"tags":[],"class_list":["post-3485","post","type-post","status-publish","format-standard","hentry","category-stiri"],"yoast_head":"<!-- This site is optimized with the Yoast SEO plugin v23.3 - https:\/\/yoast.com\/wordpress\/plugins\/seo\/ -->\n<title>2 martie- o pagin\u0103 trist\u0103 din istoria neamului nostru\/ Foto. - M\u0103gd\u0103ce\u0219ti<\/title>\n<meta name=\"description\" content=\"Bine ati venit pe pagina oficiala a Primariei Magdacesti.\" \/>\n<meta name=\"robots\" content=\"index, follow, max-snippet:-1, max-image-preview:large, max-video-preview:-1\" \/>\n<link rel=\"canonical\" href=\"https:\/\/magdacesti.md\/?p=3485\" \/>\n<meta property=\"og:locale\" content=\"en_US\" \/>\n<meta property=\"og:type\" content=\"article\" \/>\n<meta property=\"og:title\" content=\"2 martie- o pagin\u0103 trist\u0103 din istoria neamului nostru\/ Foto. - M\u0103gd\u0103ce\u0219ti\" \/>\n<meta property=\"og:description\" content=\"Bine ati venit pe pagina oficiala a Primariei Magdacesti.\" \/>\n<meta property=\"og:url\" content=\"https:\/\/magdacesti.md\/?p=3485\" \/>\n<meta property=\"og:site_name\" content=\"M\u0103gd\u0103ce\u0219ti\" \/>\n<meta property=\"article:publisher\" content=\"https:\/\/www.facebook.com\/magdacesti.md\/\" \/>\n<meta property=\"article:published_time\" content=\"2019-03-02T14:57:00+00:00\" \/>\n<meta property=\"og:image\" content=\"https:\/\/magdacesti.md\/wp-content\/uploads\/2019\/03\/IMG_9550.jpg\" \/>\n<meta name=\"author\" content=\"Olga Enachi\" \/>\n<meta name=\"twitter:card\" content=\"summary_large_image\" \/>\n<meta name=\"twitter:label1\" content=\"Written by\" \/>\n\t<meta name=\"twitter:data1\" content=\"Olga Enachi\" \/>\n\t<meta name=\"twitter:label2\" content=\"Est. reading time\" \/>\n\t<meta name=\"twitter:data2\" content=\"1 minute\" \/>\n<script type=\"application\/ld+json\" class=\"yoast-schema-graph\">{\"@context\":\"https:\/\/schema.org\",\"@graph\":[{\"@type\":\"Article\",\"@id\":\"https:\/\/magdacesti.md\/?p=3485#article\",\"isPartOf\":{\"@id\":\"https:\/\/magdacesti.md\/?p=3485\"},\"author\":{\"name\":\"Olga Enachi\",\"@id\":\"https:\/\/magdacesti.md\/#\/schema\/person\/0068cad735c7cf3ab41a532515da0575\"},\"headline\":\"2 martie- o pagin\u0103 trist\u0103 din istoria neamului nostru\/ Foto.\",\"datePublished\":\"2019-03-02T14:57:00+00:00\",\"dateModified\":\"2019-03-02T14:57:00+00:00\",\"mainEntityOfPage\":{\"@id\":\"https:\/\/magdacesti.md\/?p=3485\"},\"wordCount\":300,\"publisher\":{\"@id\":\"https:\/\/magdacesti.md\/#organization\"},\"image\":{\"@id\":\"https:\/\/magdacesti.md\/?p=3485#primaryimage\"},\"thumbnailUrl\":\"https:\/\/magdacesti.md\/wp-content\/uploads\/2019\/03\/IMG_9550.jpg\",\"articleSection\":[\"Stiri\"],\"inLanguage\":\"en-US\"},{\"@type\":\"WebPage\",\"@id\":\"https:\/\/magdacesti.md\/?p=3485\",\"url\":\"https:\/\/magdacesti.md\/?p=3485\",\"name\":\"2 martie- o pagin\u0103 trist\u0103 din istoria neamului nostru\/ Foto. - M\u0103gd\u0103ce\u0219ti\",\"isPartOf\":{\"@id\":\"https:\/\/magdacesti.md\/#website\"},\"primaryImageOfPage\":{\"@id\":\"https:\/\/magdacesti.md\/?p=3485#primaryimage\"},\"image\":{\"@id\":\"https:\/\/magdacesti.md\/?p=3485#primaryimage\"},\"thumbnailUrl\":\"https:\/\/magdacesti.md\/wp-content\/uploads\/2019\/03\/IMG_9550.jpg\",\"datePublished\":\"2019-03-02T14:57:00+00:00\",\"dateModified\":\"2019-03-02T14:57:00+00:00\",\"description\":\"Bine ati venit pe pagina oficiala a Primariei Magdacesti.\",\"breadcrumb\":{\"@id\":\"https:\/\/magdacesti.md\/?p=3485#breadcrumb\"},\"inLanguage\":\"en-US\",\"potentialAction\":[{\"@type\":\"ReadAction\",\"target\":[\"https:\/\/magdacesti.md\/?p=3485\"]}]},{\"@type\":\"ImageObject\",\"inLanguage\":\"en-US\",\"@id\":\"https:\/\/magdacesti.md\/?p=3485#primaryimage\",\"url\":\"https:\/\/magdacesti.md\/wp-content\/uploads\/2019\/03\/IMG_9550.jpg\",\"contentUrl\":\"https:\/\/magdacesti.md\/wp-content\/uploads\/2019\/03\/IMG_9550.jpg\"},{\"@type\":\"BreadcrumbList\",\"@id\":\"https:\/\/magdacesti.md\/?p=3485#breadcrumb\",\"itemListElement\":[{\"@type\":\"ListItem\",\"position\":1,\"name\":\"Home\",\"item\":\"https:\/\/magdacesti.md\/\"},{\"@type\":\"ListItem\",\"position\":2,\"name\":\"2 martie- o pagin\u0103 trist\u0103 din istoria neamului nostru\/ Foto.\"}]},{\"@type\":\"WebSite\",\"@id\":\"https:\/\/magdacesti.md\/#website\",\"url\":\"https:\/\/magdacesti.md\/\",\"name\":\"M\u0103gd\u0103ce\u0219ti\",\"description\":\"Un or\u0103\u0219el cu condi\u021bii decente de trai!\",\"publisher\":{\"@id\":\"https:\/\/magdacesti.md\/#organization\"},\"potentialAction\":[{\"@type\":\"SearchAction\",\"target\":{\"@type\":\"EntryPoint\",\"urlTemplate\":\"https:\/\/magdacesti.md\/?s={search_term_string}\"},\"query-input\":\"required name=search_term_string\"}],\"inLanguage\":\"en-US\"},{\"@type\":\"Organization\",\"@id\":\"https:\/\/magdacesti.md\/#organization\",\"name\":\"M\u0103gd\u0103ce\u0219ti\",\"url\":\"https:\/\/magdacesti.md\/\",\"logo\":{\"@type\":\"ImageObject\",\"inLanguage\":\"en-US\",\"@id\":\"https:\/\/magdacesti.md\/#\/schema\/logo\/image\/\",\"url\":\"https:\/\/magdacesti.md\/wp-content\/uploads\/2021\/03\/Foto-514-scaled.jpg\",\"contentUrl\":\"https:\/\/magdacesti.md\/wp-content\/uploads\/2021\/03\/Foto-514-scaled.jpg\",\"width\":2560,\"height\":1707,\"caption\":\"M\u0103gd\u0103ce\u0219ti\"},\"image\":{\"@id\":\"https:\/\/magdacesti.md\/#\/schema\/logo\/image\/\"},\"sameAs\":[\"https:\/\/www.facebook.com\/magdacesti.md\/\"]},{\"@type\":\"Person\",\"@id\":\"https:\/\/magdacesti.md\/#\/schema\/person\/0068cad735c7cf3ab41a532515da0575\",\"name\":\"Olga Enachi\",\"url\":\"https:\/\/magdacesti.md\/?author=2\"}]}<\/script>\n<!-- \/ Yoast SEO plugin. -->","yoast_head_json":{"title":"2 martie- o pagin\u0103 trist\u0103 din istoria neamului nostru\/ Foto. - M\u0103gd\u0103ce\u0219ti","description":"Bine ati venit pe pagina oficiala a Primariei Magdacesti.","robots":{"index":"index","follow":"follow","max-snippet":"max-snippet:-1","max-image-preview":"max-image-preview:large","max-video-preview":"max-video-preview:-1"},"canonical":"https:\/\/magdacesti.md\/?p=3485","og_locale":"en_US","og_type":"article","og_title":"2 martie- o pagin\u0103 trist\u0103 din istoria neamului nostru\/ Foto. - M\u0103gd\u0103ce\u0219ti","og_description":"Bine ati venit pe pagina oficiala a Primariei Magdacesti.","og_url":"https:\/\/magdacesti.md\/?p=3485","og_site_name":"M\u0103gd\u0103ce\u0219ti","article_publisher":"https:\/\/www.facebook.com\/magdacesti.md\/","article_published_time":"2019-03-02T14:57:00+00:00","og_image":[{"url":"https:\/\/magdacesti.md\/wp-content\/uploads\/2019\/03\/IMG_9550.jpg"}],"author":"Olga Enachi","twitter_card":"summary_large_image","twitter_misc":{"Written by":"Olga Enachi","Est. reading time":"1 minute"},"schema":{"@context":"https:\/\/schema.org","@graph":[{"@type":"Article","@id":"https:\/\/magdacesti.md\/?p=3485#article","isPartOf":{"@id":"https:\/\/magdacesti.md\/?p=3485"},"author":{"name":"Olga Enachi","@id":"https:\/\/magdacesti.md\/#\/schema\/person\/0068cad735c7cf3ab41a532515da0575"},"headline":"2 martie- o pagin\u0103 trist\u0103 din istoria neamului nostru\/ Foto.","datePublished":"2019-03-02T14:57:00+00:00","dateModified":"2019-03-02T14:57:00+00:00","mainEntityOfPage":{"@id":"https:\/\/magdacesti.md\/?p=3485"},"wordCount":300,"publisher":{"@id":"https:\/\/magdacesti.md\/#organization"},"image":{"@id":"https:\/\/magdacesti.md\/?p=3485#primaryimage"},"thumbnailUrl":"https:\/\/magdacesti.md\/wp-content\/uploads\/2019\/03\/IMG_9550.jpg","articleSection":["Stiri"],"inLanguage":"en-US"},{"@type":"WebPage","@id":"https:\/\/magdacesti.md\/?p=3485","url":"https:\/\/magdacesti.md\/?p=3485","name":"2 martie- o pagin\u0103 trist\u0103 din istoria neamului nostru\/ Foto. - M\u0103gd\u0103ce\u0219ti","isPartOf":{"@id":"https:\/\/magdacesti.md\/#website"},"primaryImageOfPage":{"@id":"https:\/\/magdacesti.md\/?p=3485#primaryimage"},"image":{"@id":"https:\/\/magdacesti.md\/?p=3485#primaryimage"},"thumbnailUrl":"https:\/\/magdacesti.md\/wp-content\/uploads\/2019\/03\/IMG_9550.jpg","datePublished":"2019-03-02T14:57:00+00:00","dateModified":"2019-03-02T14:57:00+00:00","description":"Bine ati venit pe pagina oficiala a Primariei Magdacesti.","breadcrumb":{"@id":"https:\/\/magdacesti.md\/?p=3485#breadcrumb"},"inLanguage":"en-US","potentialAction":[{"@type":"ReadAction","target":["https:\/\/magdacesti.md\/?p=3485"]}]},{"@type":"ImageObject","inLanguage":"en-US","@id":"https:\/\/magdacesti.md\/?p=3485#primaryimage","url":"https:\/\/magdacesti.md\/wp-content\/uploads\/2019\/03\/IMG_9550.jpg","contentUrl":"https:\/\/magdacesti.md\/wp-content\/uploads\/2019\/03\/IMG_9550.jpg"},{"@type":"BreadcrumbList","@id":"https:\/\/magdacesti.md\/?p=3485#breadcrumb","itemListElement":[{"@type":"ListItem","position":1,"name":"Home","item":"https:\/\/magdacesti.md\/"},{"@type":"ListItem","position":2,"name":"2 martie- o pagin\u0103 trist\u0103 din istoria neamului nostru\/ Foto."}]},{"@type":"WebSite","@id":"https:\/\/magdacesti.md\/#website","url":"https:\/\/magdacesti.md\/","name":"M\u0103gd\u0103ce\u0219ti","description":"Un or\u0103\u0219el cu condi\u021bii decente de trai!","publisher":{"@id":"https:\/\/magdacesti.md\/#organization"},"potentialAction":[{"@type":"SearchAction","target":{"@type":"EntryPoint","urlTemplate":"https:\/\/magdacesti.md\/?s={search_term_string}"},"query-input":"required name=search_term_string"}],"inLanguage":"en-US"},{"@type":"Organization","@id":"https:\/\/magdacesti.md\/#organization","name":"M\u0103gd\u0103ce\u0219ti","url":"https:\/\/magdacesti.md\/","logo":{"@type":"ImageObject","inLanguage":"en-US","@id":"https:\/\/magdacesti.md\/#\/schema\/logo\/image\/","url":"https:\/\/magdacesti.md\/wp-content\/uploads\/2021\/03\/Foto-514-scaled.jpg","contentUrl":"https:\/\/magdacesti.md\/wp-content\/uploads\/2021\/03\/Foto-514-scaled.jpg","width":2560,"height":1707,"caption":"M\u0103gd\u0103ce\u0219ti"},"image":{"@id":"https:\/\/magdacesti.md\/#\/schema\/logo\/image\/"},"sameAs":["https:\/\/www.facebook.com\/magdacesti.md\/"]},{"@type":"Person","@id":"https:\/\/magdacesti.md\/#\/schema\/person\/0068cad735c7cf3ab41a532515da0575","name":"Olga Enachi","url":"https:\/\/magdacesti.md\/?author=2"}]}},"_links":{"self":[{"href":"https:\/\/magdacesti.md\/index.php?rest_route=\/wp\/v2\/posts\/3485","targetHints":{"allow":["GET"]}}],"collection":[{"href":"https:\/\/magdacesti.md\/index.php?rest_route=\/wp\/v2\/posts"}],"about":[{"href":"https:\/\/magdacesti.md\/index.php?rest_route=\/wp\/v2\/types\/post"}],"author":[{"embeddable":true,"href":"https:\/\/magdacesti.md\/index.php?rest_route=\/wp\/v2\/users\/2"}],"replies":[{"embeddable":true,"href":"https:\/\/magdacesti.md\/index.php?rest_route=%2Fwp%2Fv2%2Fcomments&post=3485"}],"version-history":[{"count":0,"href":"https:\/\/magdacesti.md\/index.php?rest_route=\/wp\/v2\/posts\/3485\/revisions"}],"wp:attachment":[{"href":"https:\/\/magdacesti.md\/index.php?rest_route=%2Fwp%2Fv2%2Fmedia&parent=3485"}],"wp:term":[{"taxonomy":"category","embeddable":true,"href":"https:\/\/magdacesti.md\/index.php?rest_route=%2Fwp%2Fv2%2Fcategories&post=3485"},{"taxonomy":"post_tag","embeddable":true,"href":"https:\/\/magdacesti.md\/index.php?rest_route=%2Fwp%2Fv2%2Ftags&post=3485"}],"curies":[{"name":"wp","href":"https:\/\/api.w.org\/{rel}","templated":true}]}}