{"id":3522,"date":"2019-03-31T12:12:03","date_gmt":"2019-03-31T09:12:03","guid":{"rendered":"https:\/\/magdacesti.md\/?p=3522"},"modified":"2019-03-31T12:12:03","modified_gmt":"2019-03-31T09:12:03","slug":"o-noua-gradinita-cresa-va-fi-construita-la-magdacesti","status":"publish","type":"post","link":"https:\/\/magdacesti.md\/?p=3522","title":{"rendered":"O nou\u0103 gr\u0103dini\u021b\u0103-cre\u0219\u0103 va fi construit\u0103 la M\u0103gd\u0103ce\u015fti. Foto\/Video"},"content":{"rendered":"<h2><strong><span style=\"font-family: times new roman, times; font-size: 14pt;\">Satul M\u0103gd\u0103ce\u015fti va avea o gr\u0103dini\u021b\u0103-cre\u0219\u0103 construit\u0103 cu suportul financiar al ora\u0219ului Mioveni, jud Arge\u0219 (Rom\u00e2nia). O delega\u021bie a ora\u0219ului, format\u0103 din consilieri, un deputat \u0219i primarul Ion Georgescu, a sosit zilele trecute la M\u0103gd\u0103ce\u0219ti, pentru a semna acordul de finan\u021bare a reconstruc\u021biei edificiului.<\/span><\/strong><\/h2>\n<p><img loading=\"lazy\" decoding=\"async\" class=\"aligncenter\" src=\"https:\/\/magdacesti.md\/wp-content\/uploads\/2019\/03\/IMG_9939.jpg\" alt=\"\" width=\"678\" height=\"452\" \/><\/p>\n<p><img loading=\"lazy\" decoding=\"async\" class=\"aligncenter\" src=\"https:\/\/magdacesti.md\/wp-content\/uploads\/2019\/03\/IMG_9845.jpg\" alt=\"\" width=\"720\" height=\"480\" \/><\/p>\n<p><img loading=\"lazy\" decoding=\"async\" class=\"aligncenter\" src=\"https:\/\/magdacesti.md\/wp-content\/uploads\/2019\/03\/IMG_9853.jpg\" alt=\"\" width=\"720\" height=\"540\" \/><\/p>\n<p><img loading=\"lazy\" decoding=\"async\" class=\"aligncenter\" src=\"https:\/\/magdacesti.md\/wp-content\/uploads\/2019\/03\/IMG_9854.jpg\" alt=\"\" width=\"720\" height=\"540\" \/><\/p>\n<p><img loading=\"lazy\" decoding=\"async\" class=\"aligncenter\" src=\"https:\/\/magdacesti.md\/wp-content\/uploads\/2019\/03\/IMG_9866.jpg\" alt=\"\" width=\"800\" height=\"534\" \/><\/p>\n<p><img loading=\"lazy\" decoding=\"async\" class=\"aligncenter\" src=\"https:\/\/magdacesti.md\/wp-content\/uploads\/2019\/03\/IMG_9932.jpg\" alt=\"\" width=\"720\" height=\"540\" \/><\/p>\n<p><img loading=\"lazy\" decoding=\"async\" class=\"aligncenter\" src=\"https:\/\/magdacesti.md\/wp-content\/uploads\/2019\/03\/IMG_9896.jpg\" alt=\"\" width=\"720\" height=\"540\" \/><\/p>\n<p><img loading=\"lazy\" decoding=\"async\" class=\"aligncenter\" src=\"https:\/\/magdacesti.md\/wp-content\/uploads\/2019\/03\/IMG_9941.jpg\" alt=\"\" width=\"720\" height=\"479\" \/><\/p>\n<h4><em><span style=\"font-size: 14pt;\">Dona\u021bia se ridic\u0103 la mai mult de jum\u0103tate din suma necesar\u0103, mai exact 190 000 de euro. Prima tran\u0219\u0103 din asisten\u021ba financiar\u0103 din partea Rom\u00e2niei va fi eliberat\u0103 \u00een luna mai.\u00a0 Evenimentul face parte dintr-un lan\u021b de proiecte de finan\u021bare, care au \u00eenceput \u00eenc\u0103 \u00een 2016, atunci c\u00e2nd localit\u0103\u021bile noastre s-au \u00eenfr\u0103\u021bit.<\/span><\/em><\/h4>\n<h4><em><span style=\"font-size: 16pt;\">\u00a0<\/span><\/em><\/h4>\n<p>&nbsp;<\/p>\n<p><img loading=\"lazy\" decoding=\"async\" class=\"aligncenter\" src=\"https:\/\/magdacesti.md\/wp-content\/uploads\/2019\/03\/IMG_9949.jpg\" alt=\"\" width=\"720\" height=\"540\" \/><\/p>\n<p><img loading=\"lazy\" decoding=\"async\" class=\"aligncenter\" src=\"https:\/\/magdacesti.md\/wp-content\/uploads\/2019\/03\/IMG_9952.jpg\" alt=\"\" width=\"720\" height=\"540\" \/><\/p>\n<p><img loading=\"lazy\" decoding=\"async\" class=\"aligncenter\" src=\"https:\/\/magdacesti.md\/wp-content\/uploads\/2019\/03\/IMG_9960.jpg\" alt=\"\" width=\"720\" height=\"540\" \/><\/p>\n<p><img loading=\"lazy\" decoding=\"async\" class=\"aligncenter\" src=\"https:\/\/magdacesti.md\/wp-content\/uploads\/2019\/03\/IMG_9977.jpg\" alt=\"\" width=\"720\" height=\"540\" \/><\/p>\n<p><img loading=\"lazy\" decoding=\"async\" class=\"aligncenter\" src=\"https:\/\/magdacesti.md\/wp-content\/uploads\/2019\/03\/IMG_9981.jpg\" alt=\"\" width=\"720\" height=\"540\" \/><\/p>\n<p><img loading=\"lazy\" decoding=\"async\" class=\"aligncenter\" src=\"https:\/\/magdacesti.md\/wp-content\/uploads\/2019\/03\/IMG_0136.jpg\" alt=\"\" width=\"720\" height=\"481\" \/><\/p>\n<p><img loading=\"lazy\" decoding=\"async\" class=\"aligncenter\" src=\"https:\/\/magdacesti.md\/wp-content\/uploads\/2019\/03\/IMG_0137.jpg\" alt=\"\" width=\"720\" height=\"540\" \/><\/p>\n<p><img loading=\"lazy\" decoding=\"async\" class=\"aligncenter\" src=\"https:\/\/magdacesti.md\/wp-content\/uploads\/2019\/03\/IMG_0104.jpg\" alt=\"\" width=\"720\" height=\"481\" \/><\/p>\n<p><span style=\"font-size: 14pt; font-family: times new roman, times;\">Problema gr\u0103dini\u021bei este una dintre cele mai stringente \u00een ultimii ani. Din anul 2018, legea prevede frecventarea obligatorie a institu\u021biilor pre\u0219colare de la v\u00e2rsta de 2 ani.\u00a0 \u00cen prezent, se atest\u0103 un deficit de locuri \u00een gr\u0103dini\u021ba &#8220;Floricica&#8221;, iar unele grupe includ peste 30 de copii. Situa\u021bia cea mai dificil\u0103 se \u00eenregistreaz\u0103 \u00een grupele de cre\u0219\u0103, unde vor s\u0103-\u0219i dea copiii mul\u021bi doritori.\u00a0 Potrivit directorului gr\u0103dini\u021bei , \u00een prezent, 220 de copii frecventeaz\u0103 gr\u0103dini\u021ba, iar peste 120 de micu\u021bi a\u0219teapt\u0103 s\u0103 fie \u00eenregistra\u021bi. O dat\u0103 cu reconstruc\u021bia unei gr\u0103dini\u021be-cre\u0219e, aceast\u0103 problem\u0103 va fi solu\u021bionat\u0103.<\/span><\/p>\n<p><span style=\"font-size: 14pt; font-family: times new roman, times;\">Cei mai bucuro\u0219i de reconstruc\u021bia institu\u021biei, sunt locuitorii satului, care spun c\u0103 acum mamele nu vor fi nevoite s\u0103 stea cu micu\u021bii acas\u0103.<\/span><\/p>\n<p><span style=\"font-size: 14pt; font-family: times new roman, times;\">\u00cen ultimii doi ani, localit\u0103\u021bile M\u0103gd\u0103ce\u0219ti &#8211; Mioveni au organizat mai multe activit\u0103\u021bi comune educative, sportive \u0219i religioase.<\/span><\/p>\n<p><img loading=\"lazy\" decoding=\"async\" class=\"aligncenter\" src=\"https:\/\/magdacesti.md\/wp-content\/uploads\/2019\/03\/IMG_0111.jpg\" alt=\"\" width=\"720\" height=\"540\" \/><\/p>\n<p><!--more--><!--more--><iframe loading=\"lazy\" src=\"\/\/www.youtube.com\/embed\/0EE4rSidF7w?feature=youtu\" width=\"560\" height=\"314\" allowfullscreen=\"allowfullscreen\"><\/iframe><\/p>\n<p>&nbsp;<\/p>\n<p>&nbsp;<\/p>\n<p>&nbsp;<\/p>\n","protected":false},"excerpt":{"rendered":"<p>Satul M\u0103gd\u0103ce\u015fti va avea o gr\u0103dini\u021b\u0103-cre\u0219\u0103 construit\u0103 cu suportul financiar al ora\u0219ului Mioveni, jud Arge\u0219 (Rom\u00e2nia). O delega\u021bie a ora\u0219ului, format\u0103 din consilieri, un deputat \u0219i primarul Ion Georgescu, a sosit zilele trecute la M\u0103gd\u0103ce\u0219ti, pentru a semna acordul de finan\u021bare a reconstruc\u021biei edificiului. Dona\u021bia se ridic\u0103 la mai mult de jum\u0103tate din suma necesar\u0103, [&#8230;]\n","protected":false},"author":2,"featured_media":0,"comment_status":"closed","ping_status":"closed","sticky":false,"template":"","format":"standard","meta":{"ngg_post_thumbnail":0,"footnotes":""},"categories":[4],"tags":[],"class_list":["post-3522","post","type-post","status-publish","format-standard","hentry","category-stiri"],"yoast_head":"<!-- This site is optimized with the Yoast SEO plugin v23.3 - https:\/\/yoast.com\/wordpress\/plugins\/seo\/ -->\n<title>O nou\u0103 gr\u0103dini\u021b\u0103-cre\u0219\u0103 va fi construit\u0103 la M\u0103gd\u0103ce\u015fti. Foto\/Video - M\u0103gd\u0103ce\u0219ti<\/title>\n<meta name=\"description\" content=\"Bine ati venit pe pagina oficiala a Primariei Magdacesti.\" \/>\n<meta name=\"robots\" content=\"index, follow, max-snippet:-1, max-image-preview:large, max-video-preview:-1\" \/>\n<link rel=\"canonical\" href=\"https:\/\/magdacesti.md\/?p=3522\" \/>\n<meta property=\"og:locale\" content=\"en_US\" \/>\n<meta property=\"og:type\" content=\"article\" \/>\n<meta property=\"og:title\" content=\"O nou\u0103 gr\u0103dini\u021b\u0103-cre\u0219\u0103 va fi construit\u0103 la M\u0103gd\u0103ce\u015fti. Foto\/Video - M\u0103gd\u0103ce\u0219ti\" \/>\n<meta property=\"og:description\" content=\"Bine ati venit pe pagina oficiala a Primariei Magdacesti.\" \/>\n<meta property=\"og:url\" content=\"https:\/\/magdacesti.md\/?p=3522\" \/>\n<meta property=\"og:site_name\" content=\"M\u0103gd\u0103ce\u0219ti\" \/>\n<meta property=\"article:publisher\" content=\"https:\/\/www.facebook.com\/magdacesti.md\/\" \/>\n<meta property=\"article:published_time\" content=\"2019-03-31T09:12:03+00:00\" \/>\n<meta property=\"og:image\" content=\"https:\/\/magdacesti.md\/wp-content\/uploads\/2019\/03\/IMG_9939.jpg\" \/>\n<meta name=\"author\" content=\"Olga Enachi\" \/>\n<meta name=\"twitter:card\" content=\"summary_large_image\" \/>\n<meta name=\"twitter:label1\" content=\"Written by\" \/>\n\t<meta name=\"twitter:data1\" content=\"Olga Enachi\" \/>\n\t<meta name=\"twitter:label2\" content=\"Est. reading time\" \/>\n\t<meta name=\"twitter:data2\" content=\"1 minute\" \/>\n<script type=\"application\/ld+json\" class=\"yoast-schema-graph\">{\"@context\":\"https:\/\/schema.org\",\"@graph\":[{\"@type\":\"Article\",\"@id\":\"https:\/\/magdacesti.md\/?p=3522#article\",\"isPartOf\":{\"@id\":\"https:\/\/magdacesti.md\/?p=3522\"},\"author\":{\"name\":\"Olga Enachi\",\"@id\":\"https:\/\/magdacesti.md\/#\/schema\/person\/0068cad735c7cf3ab41a532515da0575\"},\"headline\":\"O nou\u0103 gr\u0103dini\u021b\u0103-cre\u0219\u0103 va fi construit\u0103 la M\u0103gd\u0103ce\u015fti. Foto\/Video\",\"datePublished\":\"2019-03-31T09:12:03+00:00\",\"dateModified\":\"2019-03-31T09:12:03+00:00\",\"mainEntityOfPage\":{\"@id\":\"https:\/\/magdacesti.md\/?p=3522\"},\"wordCount\":295,\"publisher\":{\"@id\":\"https:\/\/magdacesti.md\/#organization\"},\"image\":{\"@id\":\"https:\/\/magdacesti.md\/?p=3522#primaryimage\"},\"thumbnailUrl\":\"https:\/\/magdacesti.md\/wp-content\/uploads\/2019\/03\/IMG_9939.jpg\",\"articleSection\":[\"Stiri\"],\"inLanguage\":\"en-US\"},{\"@type\":\"WebPage\",\"@id\":\"https:\/\/magdacesti.md\/?p=3522\",\"url\":\"https:\/\/magdacesti.md\/?p=3522\",\"name\":\"O nou\u0103 gr\u0103dini\u021b\u0103-cre\u0219\u0103 va fi construit\u0103 la M\u0103gd\u0103ce\u015fti. Foto\/Video - M\u0103gd\u0103ce\u0219ti\",\"isPartOf\":{\"@id\":\"https:\/\/magdacesti.md\/#website\"},\"primaryImageOfPage\":{\"@id\":\"https:\/\/magdacesti.md\/?p=3522#primaryimage\"},\"image\":{\"@id\":\"https:\/\/magdacesti.md\/?p=3522#primaryimage\"},\"thumbnailUrl\":\"https:\/\/magdacesti.md\/wp-content\/uploads\/2019\/03\/IMG_9939.jpg\",\"datePublished\":\"2019-03-31T09:12:03+00:00\",\"dateModified\":\"2019-03-31T09:12:03+00:00\",\"description\":\"Bine ati venit pe pagina oficiala a Primariei Magdacesti.\",\"breadcrumb\":{\"@id\":\"https:\/\/magdacesti.md\/?p=3522#breadcrumb\"},\"inLanguage\":\"en-US\",\"potentialAction\":[{\"@type\":\"ReadAction\",\"target\":[\"https:\/\/magdacesti.md\/?p=3522\"]}]},{\"@type\":\"ImageObject\",\"inLanguage\":\"en-US\",\"@id\":\"https:\/\/magdacesti.md\/?p=3522#primaryimage\",\"url\":\"https:\/\/magdacesti.md\/wp-content\/uploads\/2019\/03\/IMG_9939.jpg\",\"contentUrl\":\"https:\/\/magdacesti.md\/wp-content\/uploads\/2019\/03\/IMG_9939.jpg\"},{\"@type\":\"BreadcrumbList\",\"@id\":\"https:\/\/magdacesti.md\/?p=3522#breadcrumb\",\"itemListElement\":[{\"@type\":\"ListItem\",\"position\":1,\"name\":\"Home\",\"item\":\"https:\/\/magdacesti.md\/\"},{\"@type\":\"ListItem\",\"position\":2,\"name\":\"O nou\u0103 gr\u0103dini\u021b\u0103-cre\u0219\u0103 va fi construit\u0103 la M\u0103gd\u0103ce\u015fti. Foto\/Video\"}]},{\"@type\":\"WebSite\",\"@id\":\"https:\/\/magdacesti.md\/#website\",\"url\":\"https:\/\/magdacesti.md\/\",\"name\":\"M\u0103gd\u0103ce\u0219ti\",\"description\":\"Un or\u0103\u0219el cu condi\u021bii decente de trai!\",\"publisher\":{\"@id\":\"https:\/\/magdacesti.md\/#organization\"},\"potentialAction\":[{\"@type\":\"SearchAction\",\"target\":{\"@type\":\"EntryPoint\",\"urlTemplate\":\"https:\/\/magdacesti.md\/?s={search_term_string}\"},\"query-input\":\"required name=search_term_string\"}],\"inLanguage\":\"en-US\"},{\"@type\":\"Organization\",\"@id\":\"https:\/\/magdacesti.md\/#organization\",\"name\":\"M\u0103gd\u0103ce\u0219ti\",\"url\":\"https:\/\/magdacesti.md\/\",\"logo\":{\"@type\":\"ImageObject\",\"inLanguage\":\"en-US\",\"@id\":\"https:\/\/magdacesti.md\/#\/schema\/logo\/image\/\",\"url\":\"https:\/\/magdacesti.md\/wp-content\/uploads\/2021\/03\/Foto-514-scaled.jpg\",\"contentUrl\":\"https:\/\/magdacesti.md\/wp-content\/uploads\/2021\/03\/Foto-514-scaled.jpg\",\"width\":2560,\"height\":1707,\"caption\":\"M\u0103gd\u0103ce\u0219ti\"},\"image\":{\"@id\":\"https:\/\/magdacesti.md\/#\/schema\/logo\/image\/\"},\"sameAs\":[\"https:\/\/www.facebook.com\/magdacesti.md\/\"]},{\"@type\":\"Person\",\"@id\":\"https:\/\/magdacesti.md\/#\/schema\/person\/0068cad735c7cf3ab41a532515da0575\",\"name\":\"Olga Enachi\",\"url\":\"https:\/\/magdacesti.md\/?author=2\"}]}<\/script>\n<!-- \/ Yoast SEO plugin. -->","yoast_head_json":{"title":"O nou\u0103 gr\u0103dini\u021b\u0103-cre\u0219\u0103 va fi construit\u0103 la M\u0103gd\u0103ce\u015fti. Foto\/Video - M\u0103gd\u0103ce\u0219ti","description":"Bine ati venit pe pagina oficiala a Primariei Magdacesti.","robots":{"index":"index","follow":"follow","max-snippet":"max-snippet:-1","max-image-preview":"max-image-preview:large","max-video-preview":"max-video-preview:-1"},"canonical":"https:\/\/magdacesti.md\/?p=3522","og_locale":"en_US","og_type":"article","og_title":"O nou\u0103 gr\u0103dini\u021b\u0103-cre\u0219\u0103 va fi construit\u0103 la M\u0103gd\u0103ce\u015fti. Foto\/Video - M\u0103gd\u0103ce\u0219ti","og_description":"Bine ati venit pe pagina oficiala a Primariei Magdacesti.","og_url":"https:\/\/magdacesti.md\/?p=3522","og_site_name":"M\u0103gd\u0103ce\u0219ti","article_publisher":"https:\/\/www.facebook.com\/magdacesti.md\/","article_published_time":"2019-03-31T09:12:03+00:00","og_image":[{"url":"https:\/\/magdacesti.md\/wp-content\/uploads\/2019\/03\/IMG_9939.jpg"}],"author":"Olga Enachi","twitter_card":"summary_large_image","twitter_misc":{"Written by":"Olga Enachi","Est. reading time":"1 minute"},"schema":{"@context":"https:\/\/schema.org","@graph":[{"@type":"Article","@id":"https:\/\/magdacesti.md\/?p=3522#article","isPartOf":{"@id":"https:\/\/magdacesti.md\/?p=3522"},"author":{"name":"Olga Enachi","@id":"https:\/\/magdacesti.md\/#\/schema\/person\/0068cad735c7cf3ab41a532515da0575"},"headline":"O nou\u0103 gr\u0103dini\u021b\u0103-cre\u0219\u0103 va fi construit\u0103 la M\u0103gd\u0103ce\u015fti. Foto\/Video","datePublished":"2019-03-31T09:12:03+00:00","dateModified":"2019-03-31T09:12:03+00:00","mainEntityOfPage":{"@id":"https:\/\/magdacesti.md\/?p=3522"},"wordCount":295,"publisher":{"@id":"https:\/\/magdacesti.md\/#organization"},"image":{"@id":"https:\/\/magdacesti.md\/?p=3522#primaryimage"},"thumbnailUrl":"https:\/\/magdacesti.md\/wp-content\/uploads\/2019\/03\/IMG_9939.jpg","articleSection":["Stiri"],"inLanguage":"en-US"},{"@type":"WebPage","@id":"https:\/\/magdacesti.md\/?p=3522","url":"https:\/\/magdacesti.md\/?p=3522","name":"O nou\u0103 gr\u0103dini\u021b\u0103-cre\u0219\u0103 va fi construit\u0103 la M\u0103gd\u0103ce\u015fti. Foto\/Video - M\u0103gd\u0103ce\u0219ti","isPartOf":{"@id":"https:\/\/magdacesti.md\/#website"},"primaryImageOfPage":{"@id":"https:\/\/magdacesti.md\/?p=3522#primaryimage"},"image":{"@id":"https:\/\/magdacesti.md\/?p=3522#primaryimage"},"thumbnailUrl":"https:\/\/magdacesti.md\/wp-content\/uploads\/2019\/03\/IMG_9939.jpg","datePublished":"2019-03-31T09:12:03+00:00","dateModified":"2019-03-31T09:12:03+00:00","description":"Bine ati venit pe pagina oficiala a Primariei Magdacesti.","breadcrumb":{"@id":"https:\/\/magdacesti.md\/?p=3522#breadcrumb"},"inLanguage":"en-US","potentialAction":[{"@type":"ReadAction","target":["https:\/\/magdacesti.md\/?p=3522"]}]},{"@type":"ImageObject","inLanguage":"en-US","@id":"https:\/\/magdacesti.md\/?p=3522#primaryimage","url":"https:\/\/magdacesti.md\/wp-content\/uploads\/2019\/03\/IMG_9939.jpg","contentUrl":"https:\/\/magdacesti.md\/wp-content\/uploads\/2019\/03\/IMG_9939.jpg"},{"@type":"BreadcrumbList","@id":"https:\/\/magdacesti.md\/?p=3522#breadcrumb","itemListElement":[{"@type":"ListItem","position":1,"name":"Home","item":"https:\/\/magdacesti.md\/"},{"@type":"ListItem","position":2,"name":"O nou\u0103 gr\u0103dini\u021b\u0103-cre\u0219\u0103 va fi construit\u0103 la M\u0103gd\u0103ce\u015fti. Foto\/Video"}]},{"@type":"WebSite","@id":"https:\/\/magdacesti.md\/#website","url":"https:\/\/magdacesti.md\/","name":"M\u0103gd\u0103ce\u0219ti","description":"Un or\u0103\u0219el cu condi\u021bii decente de trai!","publisher":{"@id":"https:\/\/magdacesti.md\/#organization"},"potentialAction":[{"@type":"SearchAction","target":{"@type":"EntryPoint","urlTemplate":"https:\/\/magdacesti.md\/?s={search_term_string}"},"query-input":"required name=search_term_string"}],"inLanguage":"en-US"},{"@type":"Organization","@id":"https:\/\/magdacesti.md\/#organization","name":"M\u0103gd\u0103ce\u0219ti","url":"https:\/\/magdacesti.md\/","logo":{"@type":"ImageObject","inLanguage":"en-US","@id":"https:\/\/magdacesti.md\/#\/schema\/logo\/image\/","url":"https:\/\/magdacesti.md\/wp-content\/uploads\/2021\/03\/Foto-514-scaled.jpg","contentUrl":"https:\/\/magdacesti.md\/wp-content\/uploads\/2021\/03\/Foto-514-scaled.jpg","width":2560,"height":1707,"caption":"M\u0103gd\u0103ce\u0219ti"},"image":{"@id":"https:\/\/magdacesti.md\/#\/schema\/logo\/image\/"},"sameAs":["https:\/\/www.facebook.com\/magdacesti.md\/"]},{"@type":"Person","@id":"https:\/\/magdacesti.md\/#\/schema\/person\/0068cad735c7cf3ab41a532515da0575","name":"Olga Enachi","url":"https:\/\/magdacesti.md\/?author=2"}]}},"_links":{"self":[{"href":"https:\/\/magdacesti.md\/index.php?rest_route=\/wp\/v2\/posts\/3522","targetHints":{"allow":["GET"]}}],"collection":[{"href":"https:\/\/magdacesti.md\/index.php?rest_route=\/wp\/v2\/posts"}],"about":[{"href":"https:\/\/magdacesti.md\/index.php?rest_route=\/wp\/v2\/types\/post"}],"author":[{"embeddable":true,"href":"https:\/\/magdacesti.md\/index.php?rest_route=\/wp\/v2\/users\/2"}],"replies":[{"embeddable":true,"href":"https:\/\/magdacesti.md\/index.php?rest_route=%2Fwp%2Fv2%2Fcomments&post=3522"}],"version-history":[{"count":0,"href":"https:\/\/magdacesti.md\/index.php?rest_route=\/wp\/v2\/posts\/3522\/revisions"}],"wp:attachment":[{"href":"https:\/\/magdacesti.md\/index.php?rest_route=%2Fwp%2Fv2%2Fmedia&parent=3522"}],"wp:term":[{"taxonomy":"category","embeddable":true,"href":"https:\/\/magdacesti.md\/index.php?rest_route=%2Fwp%2Fv2%2Fcategories&post=3522"},{"taxonomy":"post_tag","embeddable":true,"href":"https:\/\/magdacesti.md\/index.php?rest_route=%2Fwp%2Fv2%2Ftags&post=3522"}],"curies":[{"name":"wp","href":"https:\/\/api.w.org\/{rel}","templated":true}]}}