{"id":3557,"date":"2019-04-01T12:20:08","date_gmt":"2019-04-01T09:20:08","guid":{"rendered":"https:\/\/magdacesti.md\/?p=3557"},"modified":"2019-04-01T12:20:08","modified_gmt":"2019-04-01T09:20:08","slug":"a-darui-inseamna-a-iubi-a-ti-presara-un-crampei-de-suflet-in-sufletul-celor-din-jur","status":"publish","type":"post","link":"https:\/\/magdacesti.md\/?p=3557","title":{"rendered":"A d\u0103rui \u00eenseamn\u0103 a iubi, a-\u021bi pres\u0103ra un cr\u00e2mpei de suflet \u00een sufletul celor din jur&#8230;"},"content":{"rendered":"<p>&nbsp;<\/p>\n<p>Stimate Domnule Primar, Ion Georgescu,<br \/>\nStimat\u0103 Doamn\u0103 Deputat, Simona Bucura Oprescu,<br \/>\nStimat\u0103 echip\u0103 de consilieri ai ora\u0219ului Mioveni, jud Arge\u0219,\u00a0<span class=\"text_exposed_show\"><br \/>\nVreau s\u0103- mi exprim mul\u021bumirea pentru \u00eencrederea \u0219i sprijinul financiar acordat la reconstruc\u021bia gr\u0103dini\u021bei-cre\u0219e din localitatea M\u0103gd\u0103ce\u0219ti.<br \/>\nV\u0103 mul\u021bumim cu plec\u0103ciune pentru acest gest fr\u0103\u021besc \u0219i foarte important pentru p\u0103rin\u021bii \u0219i copiii din comunitatea noastr\u0103. \u00cempreun\u0103 sem\u0103n\u0103m educa\u021bie, iar educa\u021bia este cea mai puternic\u0103 arm\u0103 pe care o folosim pentru a schimba lumea.<br \/>\nMul\u021bumim pentru toat\u0103 bun\u0103tatea \u0219i generozitatea oferit\u0103 locuitorilor satului nostru.<br \/>\nSa \u0219ti\u021bi c\u0103 sunte\u021bi a\u0219tepta\u021bi oric\u00e2nd, cu drag, acas\u0103 la M\u0103gd\u0103ce\u0219ti!<br \/>\nV\u0103 dorim s\u0103 ave\u021bi un an prosper \u0219i plin de realiz\u0103ri frumoase.<\/span><\/p>\n<p><img loading=\"lazy\" decoding=\"async\" class=\"aligncenter\" src=\"https:\/\/magdacesti.md\/wp-content\/uploads\/2019\/03\/IMG_9981.jpg\" alt=\"\" width=\"720\" height=\"540\" \/><\/p>\n","protected":false},"excerpt":{"rendered":"<p>&nbsp; Stimate Domnule Primar, Ion Georgescu, Stimat\u0103 Doamn\u0103 Deputat, Simona Bucura Oprescu, Stimat\u0103 echip\u0103 de consilieri ai ora\u0219ului Mioveni, jud Arge\u0219,\u00a0 Vreau s\u0103- mi exprim mul\u021bumirea pentru \u00eencrederea \u0219i sprijinul financiar acordat la reconstruc\u021bia gr\u0103dini\u021bei-cre\u0219e din localitatea M\u0103gd\u0103ce\u0219ti. V\u0103 mul\u021bumim cu plec\u0103ciune pentru acest gest fr\u0103\u021besc \u0219i foarte important pentru p\u0103rin\u021bii \u0219i copiii din comunitatea [&#8230;]\n","protected":false},"author":2,"featured_media":0,"comment_status":"closed","ping_status":"closed","sticky":false,"template":"","format":"standard","meta":{"ngg_post_thumbnail":0,"footnotes":""},"categories":[4],"tags":[],"class_list":["post-3557","post","type-post","status-publish","format-standard","hentry","category-stiri"],"yoast_head":"<!-- This site is optimized with the Yoast SEO plugin v23.3 - https:\/\/yoast.com\/wordpress\/plugins\/seo\/ -->\n<title>A d\u0103rui \u00eenseamn\u0103 a iubi, a-\u021bi pres\u0103ra un cr\u00e2mpei de suflet \u00een sufletul celor din jur... - M\u0103gd\u0103ce\u0219ti<\/title>\n<meta name=\"description\" content=\"Bine ati venit pe pagina oficiala a Primariei Magdacesti.\" \/>\n<meta name=\"robots\" content=\"index, follow, max-snippet:-1, max-image-preview:large, max-video-preview:-1\" \/>\n<link rel=\"canonical\" href=\"https:\/\/magdacesti.md\/?p=3557\" \/>\n<meta property=\"og:locale\" content=\"en_US\" \/>\n<meta property=\"og:type\" content=\"article\" \/>\n<meta property=\"og:title\" content=\"A d\u0103rui \u00eenseamn\u0103 a iubi, a-\u021bi pres\u0103ra un cr\u00e2mpei de suflet \u00een sufletul celor din jur... - M\u0103gd\u0103ce\u0219ti\" \/>\n<meta property=\"og:description\" content=\"Bine ati venit pe pagina oficiala a Primariei Magdacesti.\" \/>\n<meta property=\"og:url\" content=\"https:\/\/magdacesti.md\/?p=3557\" \/>\n<meta property=\"og:site_name\" content=\"M\u0103gd\u0103ce\u0219ti\" \/>\n<meta property=\"article:publisher\" content=\"https:\/\/www.facebook.com\/magdacesti.md\/\" \/>\n<meta property=\"article:published_time\" content=\"2019-04-01T09:20:08+00:00\" \/>\n<meta property=\"og:image\" content=\"https:\/\/magdacesti.md\/wp-content\/uploads\/2019\/03\/IMG_9981.jpg\" \/>\n<meta name=\"author\" content=\"Olga Enachi\" \/>\n<meta name=\"twitter:card\" content=\"summary_large_image\" \/>\n<meta name=\"twitter:label1\" content=\"Written by\" \/>\n\t<meta name=\"twitter:data1\" content=\"Olga Enachi\" \/>\n\t<meta name=\"twitter:label2\" content=\"Est. reading time\" \/>\n\t<meta name=\"twitter:data2\" content=\"1 minute\" \/>\n<script type=\"application\/ld+json\" class=\"yoast-schema-graph\">{\"@context\":\"https:\/\/schema.org\",\"@graph\":[{\"@type\":\"Article\",\"@id\":\"https:\/\/magdacesti.md\/?p=3557#article\",\"isPartOf\":{\"@id\":\"https:\/\/magdacesti.md\/?p=3557\"},\"author\":{\"name\":\"Olga Enachi\",\"@id\":\"https:\/\/magdacesti.md\/#\/schema\/person\/0068cad735c7cf3ab41a532515da0575\"},\"headline\":\"A d\u0103rui \u00eenseamn\u0103 a iubi, a-\u021bi pres\u0103ra un cr\u00e2mpei de suflet \u00een sufletul celor din jur&#8230;\",\"datePublished\":\"2019-04-01T09:20:08+00:00\",\"dateModified\":\"2019-04-01T09:20:08+00:00\",\"mainEntityOfPage\":{\"@id\":\"https:\/\/magdacesti.md\/?p=3557\"},\"wordCount\":158,\"publisher\":{\"@id\":\"https:\/\/magdacesti.md\/#organization\"},\"image\":{\"@id\":\"https:\/\/magdacesti.md\/?p=3557#primaryimage\"},\"thumbnailUrl\":\"https:\/\/magdacesti.md\/wp-content\/uploads\/2019\/03\/IMG_9981.jpg\",\"articleSection\":[\"Stiri\"],\"inLanguage\":\"en-US\"},{\"@type\":\"WebPage\",\"@id\":\"https:\/\/magdacesti.md\/?p=3557\",\"url\":\"https:\/\/magdacesti.md\/?p=3557\",\"name\":\"A d\u0103rui \u00eenseamn\u0103 a iubi, a-\u021bi pres\u0103ra un cr\u00e2mpei de suflet \u00een sufletul celor din jur... - M\u0103gd\u0103ce\u0219ti\",\"isPartOf\":{\"@id\":\"https:\/\/magdacesti.md\/#website\"},\"primaryImageOfPage\":{\"@id\":\"https:\/\/magdacesti.md\/?p=3557#primaryimage\"},\"image\":{\"@id\":\"https:\/\/magdacesti.md\/?p=3557#primaryimage\"},\"thumbnailUrl\":\"https:\/\/magdacesti.md\/wp-content\/uploads\/2019\/03\/IMG_9981.jpg\",\"datePublished\":\"2019-04-01T09:20:08+00:00\",\"dateModified\":\"2019-04-01T09:20:08+00:00\",\"description\":\"Bine ati venit pe pagina oficiala a Primariei Magdacesti.\",\"breadcrumb\":{\"@id\":\"https:\/\/magdacesti.md\/?p=3557#breadcrumb\"},\"inLanguage\":\"en-US\",\"potentialAction\":[{\"@type\":\"ReadAction\",\"target\":[\"https:\/\/magdacesti.md\/?p=3557\"]}]},{\"@type\":\"ImageObject\",\"inLanguage\":\"en-US\",\"@id\":\"https:\/\/magdacesti.md\/?p=3557#primaryimage\",\"url\":\"https:\/\/magdacesti.md\/wp-content\/uploads\/2019\/03\/IMG_9981.jpg\",\"contentUrl\":\"https:\/\/magdacesti.md\/wp-content\/uploads\/2019\/03\/IMG_9981.jpg\"},{\"@type\":\"BreadcrumbList\",\"@id\":\"https:\/\/magdacesti.md\/?p=3557#breadcrumb\",\"itemListElement\":[{\"@type\":\"ListItem\",\"position\":1,\"name\":\"Home\",\"item\":\"https:\/\/magdacesti.md\/\"},{\"@type\":\"ListItem\",\"position\":2,\"name\":\"A d\u0103rui \u00eenseamn\u0103 a iubi, a-\u021bi pres\u0103ra un cr\u00e2mpei de suflet \u00een sufletul celor din jur&#8230;\"}]},{\"@type\":\"WebSite\",\"@id\":\"https:\/\/magdacesti.md\/#website\",\"url\":\"https:\/\/magdacesti.md\/\",\"name\":\"M\u0103gd\u0103ce\u0219ti\",\"description\":\"Un or\u0103\u0219el cu condi\u021bii decente de trai!\",\"publisher\":{\"@id\":\"https:\/\/magdacesti.md\/#organization\"},\"potentialAction\":[{\"@type\":\"SearchAction\",\"target\":{\"@type\":\"EntryPoint\",\"urlTemplate\":\"https:\/\/magdacesti.md\/?s={search_term_string}\"},\"query-input\":\"required name=search_term_string\"}],\"inLanguage\":\"en-US\"},{\"@type\":\"Organization\",\"@id\":\"https:\/\/magdacesti.md\/#organization\",\"name\":\"M\u0103gd\u0103ce\u0219ti\",\"url\":\"https:\/\/magdacesti.md\/\",\"logo\":{\"@type\":\"ImageObject\",\"inLanguage\":\"en-US\",\"@id\":\"https:\/\/magdacesti.md\/#\/schema\/logo\/image\/\",\"url\":\"https:\/\/magdacesti.md\/wp-content\/uploads\/2021\/03\/Foto-514-scaled.jpg\",\"contentUrl\":\"https:\/\/magdacesti.md\/wp-content\/uploads\/2021\/03\/Foto-514-scaled.jpg\",\"width\":2560,\"height\":1707,\"caption\":\"M\u0103gd\u0103ce\u0219ti\"},\"image\":{\"@id\":\"https:\/\/magdacesti.md\/#\/schema\/logo\/image\/\"},\"sameAs\":[\"https:\/\/www.facebook.com\/magdacesti.md\/\"]},{\"@type\":\"Person\",\"@id\":\"https:\/\/magdacesti.md\/#\/schema\/person\/0068cad735c7cf3ab41a532515da0575\",\"name\":\"Olga Enachi\",\"url\":\"https:\/\/magdacesti.md\/?author=2\"}]}<\/script>\n<!-- \/ Yoast SEO plugin. -->","yoast_head_json":{"title":"A d\u0103rui \u00eenseamn\u0103 a iubi, a-\u021bi pres\u0103ra un cr\u00e2mpei de suflet \u00een sufletul celor din jur... - M\u0103gd\u0103ce\u0219ti","description":"Bine ati venit pe pagina oficiala a Primariei Magdacesti.","robots":{"index":"index","follow":"follow","max-snippet":"max-snippet:-1","max-image-preview":"max-image-preview:large","max-video-preview":"max-video-preview:-1"},"canonical":"https:\/\/magdacesti.md\/?p=3557","og_locale":"en_US","og_type":"article","og_title":"A d\u0103rui \u00eenseamn\u0103 a iubi, a-\u021bi pres\u0103ra un cr\u00e2mpei de suflet \u00een sufletul celor din jur... - M\u0103gd\u0103ce\u0219ti","og_description":"Bine ati venit pe pagina oficiala a Primariei Magdacesti.","og_url":"https:\/\/magdacesti.md\/?p=3557","og_site_name":"M\u0103gd\u0103ce\u0219ti","article_publisher":"https:\/\/www.facebook.com\/magdacesti.md\/","article_published_time":"2019-04-01T09:20:08+00:00","og_image":[{"url":"https:\/\/magdacesti.md\/wp-content\/uploads\/2019\/03\/IMG_9981.jpg"}],"author":"Olga Enachi","twitter_card":"summary_large_image","twitter_misc":{"Written by":"Olga Enachi","Est. reading time":"1 minute"},"schema":{"@context":"https:\/\/schema.org","@graph":[{"@type":"Article","@id":"https:\/\/magdacesti.md\/?p=3557#article","isPartOf":{"@id":"https:\/\/magdacesti.md\/?p=3557"},"author":{"name":"Olga Enachi","@id":"https:\/\/magdacesti.md\/#\/schema\/person\/0068cad735c7cf3ab41a532515da0575"},"headline":"A d\u0103rui \u00eenseamn\u0103 a iubi, a-\u021bi pres\u0103ra un cr\u00e2mpei de suflet \u00een sufletul celor din jur&#8230;","datePublished":"2019-04-01T09:20:08+00:00","dateModified":"2019-04-01T09:20:08+00:00","mainEntityOfPage":{"@id":"https:\/\/magdacesti.md\/?p=3557"},"wordCount":158,"publisher":{"@id":"https:\/\/magdacesti.md\/#organization"},"image":{"@id":"https:\/\/magdacesti.md\/?p=3557#primaryimage"},"thumbnailUrl":"https:\/\/magdacesti.md\/wp-content\/uploads\/2019\/03\/IMG_9981.jpg","articleSection":["Stiri"],"inLanguage":"en-US"},{"@type":"WebPage","@id":"https:\/\/magdacesti.md\/?p=3557","url":"https:\/\/magdacesti.md\/?p=3557","name":"A d\u0103rui \u00eenseamn\u0103 a iubi, a-\u021bi pres\u0103ra un cr\u00e2mpei de suflet \u00een sufletul celor din jur... - M\u0103gd\u0103ce\u0219ti","isPartOf":{"@id":"https:\/\/magdacesti.md\/#website"},"primaryImageOfPage":{"@id":"https:\/\/magdacesti.md\/?p=3557#primaryimage"},"image":{"@id":"https:\/\/magdacesti.md\/?p=3557#primaryimage"},"thumbnailUrl":"https:\/\/magdacesti.md\/wp-content\/uploads\/2019\/03\/IMG_9981.jpg","datePublished":"2019-04-01T09:20:08+00:00","dateModified":"2019-04-01T09:20:08+00:00","description":"Bine ati venit pe pagina oficiala a Primariei Magdacesti.","breadcrumb":{"@id":"https:\/\/magdacesti.md\/?p=3557#breadcrumb"},"inLanguage":"en-US","potentialAction":[{"@type":"ReadAction","target":["https:\/\/magdacesti.md\/?p=3557"]}]},{"@type":"ImageObject","inLanguage":"en-US","@id":"https:\/\/magdacesti.md\/?p=3557#primaryimage","url":"https:\/\/magdacesti.md\/wp-content\/uploads\/2019\/03\/IMG_9981.jpg","contentUrl":"https:\/\/magdacesti.md\/wp-content\/uploads\/2019\/03\/IMG_9981.jpg"},{"@type":"BreadcrumbList","@id":"https:\/\/magdacesti.md\/?p=3557#breadcrumb","itemListElement":[{"@type":"ListItem","position":1,"name":"Home","item":"https:\/\/magdacesti.md\/"},{"@type":"ListItem","position":2,"name":"A d\u0103rui \u00eenseamn\u0103 a iubi, a-\u021bi pres\u0103ra un cr\u00e2mpei de suflet \u00een sufletul celor din jur&#8230;"}]},{"@type":"WebSite","@id":"https:\/\/magdacesti.md\/#website","url":"https:\/\/magdacesti.md\/","name":"M\u0103gd\u0103ce\u0219ti","description":"Un or\u0103\u0219el cu condi\u021bii decente de trai!","publisher":{"@id":"https:\/\/magdacesti.md\/#organization"},"potentialAction":[{"@type":"SearchAction","target":{"@type":"EntryPoint","urlTemplate":"https:\/\/magdacesti.md\/?s={search_term_string}"},"query-input":"required name=search_term_string"}],"inLanguage":"en-US"},{"@type":"Organization","@id":"https:\/\/magdacesti.md\/#organization","name":"M\u0103gd\u0103ce\u0219ti","url":"https:\/\/magdacesti.md\/","logo":{"@type":"ImageObject","inLanguage":"en-US","@id":"https:\/\/magdacesti.md\/#\/schema\/logo\/image\/","url":"https:\/\/magdacesti.md\/wp-content\/uploads\/2021\/03\/Foto-514-scaled.jpg","contentUrl":"https:\/\/magdacesti.md\/wp-content\/uploads\/2021\/03\/Foto-514-scaled.jpg","width":2560,"height":1707,"caption":"M\u0103gd\u0103ce\u0219ti"},"image":{"@id":"https:\/\/magdacesti.md\/#\/schema\/logo\/image\/"},"sameAs":["https:\/\/www.facebook.com\/magdacesti.md\/"]},{"@type":"Person","@id":"https:\/\/magdacesti.md\/#\/schema\/person\/0068cad735c7cf3ab41a532515da0575","name":"Olga Enachi","url":"https:\/\/magdacesti.md\/?author=2"}]}},"_links":{"self":[{"href":"https:\/\/magdacesti.md\/index.php?rest_route=\/wp\/v2\/posts\/3557","targetHints":{"allow":["GET"]}}],"collection":[{"href":"https:\/\/magdacesti.md\/index.php?rest_route=\/wp\/v2\/posts"}],"about":[{"href":"https:\/\/magdacesti.md\/index.php?rest_route=\/wp\/v2\/types\/post"}],"author":[{"embeddable":true,"href":"https:\/\/magdacesti.md\/index.php?rest_route=\/wp\/v2\/users\/2"}],"replies":[{"embeddable":true,"href":"https:\/\/magdacesti.md\/index.php?rest_route=%2Fwp%2Fv2%2Fcomments&post=3557"}],"version-history":[{"count":0,"href":"https:\/\/magdacesti.md\/index.php?rest_route=\/wp\/v2\/posts\/3557\/revisions"}],"wp:attachment":[{"href":"https:\/\/magdacesti.md\/index.php?rest_route=%2Fwp%2Fv2%2Fmedia&parent=3557"}],"wp:term":[{"taxonomy":"category","embeddable":true,"href":"https:\/\/magdacesti.md\/index.php?rest_route=%2Fwp%2Fv2%2Fcategories&post=3557"},{"taxonomy":"post_tag","embeddable":true,"href":"https:\/\/magdacesti.md\/index.php?rest_route=%2Fwp%2Fv2%2Ftags&post=3557"}],"curies":[{"name":"wp","href":"https:\/\/api.w.org\/{rel}","templated":true}]}}