{"id":3577,"date":"2019-05-10T10:28:13","date_gmt":"2019-05-10T07:28:13","guid":{"rendered":"https:\/\/magdacesti.md\/?p=3577"},"modified":"2019-05-10T10:28:13","modified_gmt":"2019-05-10T07:28:13","slug":"9-mai-ziua-victoriei-si-ziua-europei-in-republica-moldova-foto","status":"publish","type":"post","link":"https:\/\/magdacesti.md\/?p=3577","title":{"rendered":"9 mai- Ziua Victoriei \u0219i Ziua Europei \u00een Republica Moldova \/Foto"},"content":{"rendered":"<p><strong>Ast\u0103zi, 9 mai este ziua \u00een care le aducem un omagiu buneilor no\u0219tri, care au luptat \u00een cel de-al doilea R\u0103zboi Mondial.<\/strong><br \/>\n<strong>Trecut de 93 de ani, mo\u0219 Ion Efros este unicul veteran r\u0103mas \u00een via\u021b\u0103, din localitatea noastr\u0103, care a gustat din amarul r\u0103zboiului.<\/strong><\/p>\n<p><img loading=\"lazy\" decoding=\"async\" class=\"aligncenter\" src=\"https:\/\/magdacesti.md\/wp-content\/uploads\/2019\/05\/Foto-49.jpg\" alt=\"\" width=\"720\" height=\"480\" \/><\/p>\n<p><img loading=\"lazy\" decoding=\"async\" class=\"aligncenter\" src=\"https:\/\/magdacesti.md\/wp-content\/uploads\/2019\/05\/Foto-43.jpg\" alt=\"\" width=\"720\" height=\"480\" \/><\/p>\n<p><strong>Vizita noastr\u0103 i-a umplut, iar\u0103\u0219i, ochii cu lacrimi.<\/strong><\/p>\n<p><img loading=\"lazy\" decoding=\"async\" class=\"aligncenter\" src=\"https:\/\/magdacesti.md\/wp-content\/uploads\/2019\/05\/Foto-16.jpg\" alt=\"\" width=\"720\" height=\"480\" \/><br \/>\nAst\u0103zi, cu un cuv\u00e2nt de m\u00e2ng\u00e2iere. am fost \u00eempreun\u0103 la o \u00eent\u00e2lnire de suflet.\u00a0 C\u00e2teva clipe petrecute al\u0103turi de dumnealui este ca \u0219i cum ai deschide o carte de istorie. I-am ascultat cu emo\u021bie amintirile dureroase despre ororile celui de-al doilea r\u0103zboi mondial \u0219i l-am admirat pentru curajul cu care a reu\u0219it sa treac\u0103 peste toate greut\u0103\u021bile vie\u021bii.<\/p>\n<p><img loading=\"lazy\" decoding=\"async\" class=\"aligncenter\" src=\"https:\/\/magdacesti.md\/wp-content\/uploads\/2019\/05\/Foto-40.jpg\" alt=\"\" width=\"720\" height=\"480\" \/><\/p>\n<p><img loading=\"lazy\" decoding=\"async\" class=\"aligncenter\" src=\"https:\/\/magdacesti.md\/wp-content\/uploads\/2019\/05\/Foto-39.jpg\" alt=\"\" width=\"720\" height=\"480\" \/><\/p>\n<p><img loading=\"lazy\" decoding=\"async\" class=\"aligncenter\" src=\"https:\/\/magdacesti.md\/wp-content\/uploads\/2019\/05\/Foto-26.jpg\" alt=\"\" width=\"720\" height=\"480\" \/><\/p>\n<p><img loading=\"lazy\" decoding=\"async\" class=\"aligncenter\" src=\"https:\/\/magdacesti.md\/wp-content\/uploads\/2019\/05\/Foto-9.jpg\" alt=\"\" width=\"720\" height=\"480\" \/><\/p>\n<p><img loading=\"lazy\" decoding=\"async\" class=\"aligncenter\" src=\"https:\/\/magdacesti.md\/wp-content\/uploads\/2019\/05\/Foto-1.jpg\" alt=\"\" width=\"720\" height=\"480\" \/><\/p>\n<p>Medaliile sale, aten\u021bia noastr\u0103 \u0219i afec\u021biunea celor care-l \u00eenconjoar\u0103, i-au f\u0103cut ziua mai senin\u0103.<\/p>\n<p><img loading=\"lazy\" decoding=\"async\" class=\"aligncenter\" src=\"https:\/\/magdacesti.md\/wp-content\/uploads\/2019\/05\/Foto-36.jpg\" alt=\"\" width=\"720\" height=\"1080\" \/><\/p>\n<p><strong>\u00a0 S-ave\u021bi parte de mult\u0103, mult\u0103 s\u0103n\u0103tate, nea&#8217; Ion<\/strong><\/p>\n<p>&nbsp;<\/p>\n<p><em><strong>Photographer\/ Andrei Ursu si Tatiana Ursu<\/strong><\/em><\/p>\n","protected":false},"excerpt":{"rendered":"<p>Ast\u0103zi, 9 mai este ziua \u00een care le aducem un omagiu buneilor no\u0219tri, care au luptat \u00een cel de-al doilea R\u0103zboi Mondial. Trecut de 93 de ani, mo\u0219 Ion Efros este unicul veteran r\u0103mas \u00een via\u021b\u0103, din localitatea noastr\u0103, care a gustat din amarul r\u0103zboiului. Vizita noastr\u0103 i-a umplut, iar\u0103\u0219i, ochii cu lacrimi. Ast\u0103zi, cu [&#8230;]\n","protected":false},"author":2,"featured_media":0,"comment_status":"closed","ping_status":"closed","sticky":false,"template":"","format":"standard","meta":{"ngg_post_thumbnail":0,"footnotes":""},"categories":[4],"tags":[],"class_list":["post-3577","post","type-post","status-publish","format-standard","hentry","category-stiri"],"yoast_head":"<!-- This site is optimized with the Yoast SEO plugin v23.3 - https:\/\/yoast.com\/wordpress\/plugins\/seo\/ -->\n<title>9 mai- Ziua Victoriei \u0219i Ziua Europei \u00een Republica Moldova \/Foto - M\u0103gd\u0103ce\u0219ti<\/title>\n<meta name=\"description\" content=\"Bine ati venit pe pagina oficiala a Primariei Magdacesti.\" \/>\n<meta name=\"robots\" content=\"index, follow, max-snippet:-1, max-image-preview:large, max-video-preview:-1\" \/>\n<link rel=\"canonical\" href=\"https:\/\/magdacesti.md\/?p=3577\" \/>\n<meta property=\"og:locale\" content=\"en_US\" \/>\n<meta property=\"og:type\" content=\"article\" \/>\n<meta property=\"og:title\" content=\"9 mai- Ziua Victoriei \u0219i Ziua Europei \u00een Republica Moldova \/Foto - M\u0103gd\u0103ce\u0219ti\" \/>\n<meta property=\"og:description\" content=\"Bine ati venit pe pagina oficiala a Primariei Magdacesti.\" \/>\n<meta property=\"og:url\" content=\"https:\/\/magdacesti.md\/?p=3577\" \/>\n<meta property=\"og:site_name\" content=\"M\u0103gd\u0103ce\u0219ti\" \/>\n<meta property=\"article:publisher\" content=\"https:\/\/www.facebook.com\/magdacesti.md\/\" \/>\n<meta property=\"article:published_time\" content=\"2019-05-10T07:28:13+00:00\" \/>\n<meta property=\"og:image\" content=\"https:\/\/magdacesti.md\/wp-content\/uploads\/2019\/05\/Foto-49.jpg\" \/>\n<meta name=\"author\" content=\"Olga Enachi\" \/>\n<meta name=\"twitter:card\" content=\"summary_large_image\" \/>\n<meta name=\"twitter:label1\" content=\"Written by\" \/>\n\t<meta name=\"twitter:data1\" content=\"Olga Enachi\" \/>\n\t<meta name=\"twitter:label2\" content=\"Est. reading time\" \/>\n\t<meta name=\"twitter:data2\" content=\"1 minute\" \/>\n<script type=\"application\/ld+json\" class=\"yoast-schema-graph\">{\"@context\":\"https:\/\/schema.org\",\"@graph\":[{\"@type\":\"Article\",\"@id\":\"https:\/\/magdacesti.md\/?p=3577#article\",\"isPartOf\":{\"@id\":\"https:\/\/magdacesti.md\/?p=3577\"},\"author\":{\"name\":\"Olga Enachi\",\"@id\":\"https:\/\/magdacesti.md\/#\/schema\/person\/0068cad735c7cf3ab41a532515da0575\"},\"headline\":\"9 mai- Ziua Victoriei \u0219i Ziua Europei \u00een Republica Moldova \/Foto\",\"datePublished\":\"2019-05-10T07:28:13+00:00\",\"dateModified\":\"2019-05-10T07:28:13+00:00\",\"mainEntityOfPage\":{\"@id\":\"https:\/\/magdacesti.md\/?p=3577\"},\"wordCount\":172,\"publisher\":{\"@id\":\"https:\/\/magdacesti.md\/#organization\"},\"image\":{\"@id\":\"https:\/\/magdacesti.md\/?p=3577#primaryimage\"},\"thumbnailUrl\":\"https:\/\/magdacesti.md\/wp-content\/uploads\/2019\/05\/Foto-49.jpg\",\"articleSection\":[\"Stiri\"],\"inLanguage\":\"en-US\"},{\"@type\":\"WebPage\",\"@id\":\"https:\/\/magdacesti.md\/?p=3577\",\"url\":\"https:\/\/magdacesti.md\/?p=3577\",\"name\":\"9 mai- Ziua Victoriei \u0219i Ziua Europei \u00een Republica Moldova \/Foto - M\u0103gd\u0103ce\u0219ti\",\"isPartOf\":{\"@id\":\"https:\/\/magdacesti.md\/#website\"},\"primaryImageOfPage\":{\"@id\":\"https:\/\/magdacesti.md\/?p=3577#primaryimage\"},\"image\":{\"@id\":\"https:\/\/magdacesti.md\/?p=3577#primaryimage\"},\"thumbnailUrl\":\"https:\/\/magdacesti.md\/wp-content\/uploads\/2019\/05\/Foto-49.jpg\",\"datePublished\":\"2019-05-10T07:28:13+00:00\",\"dateModified\":\"2019-05-10T07:28:13+00:00\",\"description\":\"Bine ati venit pe pagina oficiala a Primariei Magdacesti.\",\"breadcrumb\":{\"@id\":\"https:\/\/magdacesti.md\/?p=3577#breadcrumb\"},\"inLanguage\":\"en-US\",\"potentialAction\":[{\"@type\":\"ReadAction\",\"target\":[\"https:\/\/magdacesti.md\/?p=3577\"]}]},{\"@type\":\"ImageObject\",\"inLanguage\":\"en-US\",\"@id\":\"https:\/\/magdacesti.md\/?p=3577#primaryimage\",\"url\":\"https:\/\/magdacesti.md\/wp-content\/uploads\/2019\/05\/Foto-49.jpg\",\"contentUrl\":\"https:\/\/magdacesti.md\/wp-content\/uploads\/2019\/05\/Foto-49.jpg\"},{\"@type\":\"BreadcrumbList\",\"@id\":\"https:\/\/magdacesti.md\/?p=3577#breadcrumb\",\"itemListElement\":[{\"@type\":\"ListItem\",\"position\":1,\"name\":\"Home\",\"item\":\"https:\/\/magdacesti.md\/\"},{\"@type\":\"ListItem\",\"position\":2,\"name\":\"9 mai- Ziua Victoriei \u0219i Ziua Europei \u00een Republica Moldova \/Foto\"}]},{\"@type\":\"WebSite\",\"@id\":\"https:\/\/magdacesti.md\/#website\",\"url\":\"https:\/\/magdacesti.md\/\",\"name\":\"M\u0103gd\u0103ce\u0219ti\",\"description\":\"Un or\u0103\u0219el cu condi\u021bii decente de trai!\",\"publisher\":{\"@id\":\"https:\/\/magdacesti.md\/#organization\"},\"potentialAction\":[{\"@type\":\"SearchAction\",\"target\":{\"@type\":\"EntryPoint\",\"urlTemplate\":\"https:\/\/magdacesti.md\/?s={search_term_string}\"},\"query-input\":\"required name=search_term_string\"}],\"inLanguage\":\"en-US\"},{\"@type\":\"Organization\",\"@id\":\"https:\/\/magdacesti.md\/#organization\",\"name\":\"M\u0103gd\u0103ce\u0219ti\",\"url\":\"https:\/\/magdacesti.md\/\",\"logo\":{\"@type\":\"ImageObject\",\"inLanguage\":\"en-US\",\"@id\":\"https:\/\/magdacesti.md\/#\/schema\/logo\/image\/\",\"url\":\"https:\/\/magdacesti.md\/wp-content\/uploads\/2021\/03\/Foto-514-scaled.jpg\",\"contentUrl\":\"https:\/\/magdacesti.md\/wp-content\/uploads\/2021\/03\/Foto-514-scaled.jpg\",\"width\":2560,\"height\":1707,\"caption\":\"M\u0103gd\u0103ce\u0219ti\"},\"image\":{\"@id\":\"https:\/\/magdacesti.md\/#\/schema\/logo\/image\/\"},\"sameAs\":[\"https:\/\/www.facebook.com\/magdacesti.md\/\"]},{\"@type\":\"Person\",\"@id\":\"https:\/\/magdacesti.md\/#\/schema\/person\/0068cad735c7cf3ab41a532515da0575\",\"name\":\"Olga Enachi\",\"url\":\"https:\/\/magdacesti.md\/?author=2\"}]}<\/script>\n<!-- \/ Yoast SEO plugin. -->","yoast_head_json":{"title":"9 mai- Ziua Victoriei \u0219i Ziua Europei \u00een Republica Moldova \/Foto - M\u0103gd\u0103ce\u0219ti","description":"Bine ati venit pe pagina oficiala a Primariei Magdacesti.","robots":{"index":"index","follow":"follow","max-snippet":"max-snippet:-1","max-image-preview":"max-image-preview:large","max-video-preview":"max-video-preview:-1"},"canonical":"https:\/\/magdacesti.md\/?p=3577","og_locale":"en_US","og_type":"article","og_title":"9 mai- Ziua Victoriei \u0219i Ziua Europei \u00een Republica Moldova \/Foto - M\u0103gd\u0103ce\u0219ti","og_description":"Bine ati venit pe pagina oficiala a Primariei Magdacesti.","og_url":"https:\/\/magdacesti.md\/?p=3577","og_site_name":"M\u0103gd\u0103ce\u0219ti","article_publisher":"https:\/\/www.facebook.com\/magdacesti.md\/","article_published_time":"2019-05-10T07:28:13+00:00","og_image":[{"url":"https:\/\/magdacesti.md\/wp-content\/uploads\/2019\/05\/Foto-49.jpg"}],"author":"Olga Enachi","twitter_card":"summary_large_image","twitter_misc":{"Written by":"Olga Enachi","Est. reading time":"1 minute"},"schema":{"@context":"https:\/\/schema.org","@graph":[{"@type":"Article","@id":"https:\/\/magdacesti.md\/?p=3577#article","isPartOf":{"@id":"https:\/\/magdacesti.md\/?p=3577"},"author":{"name":"Olga Enachi","@id":"https:\/\/magdacesti.md\/#\/schema\/person\/0068cad735c7cf3ab41a532515da0575"},"headline":"9 mai- Ziua Victoriei \u0219i Ziua Europei \u00een Republica Moldova \/Foto","datePublished":"2019-05-10T07:28:13+00:00","dateModified":"2019-05-10T07:28:13+00:00","mainEntityOfPage":{"@id":"https:\/\/magdacesti.md\/?p=3577"},"wordCount":172,"publisher":{"@id":"https:\/\/magdacesti.md\/#organization"},"image":{"@id":"https:\/\/magdacesti.md\/?p=3577#primaryimage"},"thumbnailUrl":"https:\/\/magdacesti.md\/wp-content\/uploads\/2019\/05\/Foto-49.jpg","articleSection":["Stiri"],"inLanguage":"en-US"},{"@type":"WebPage","@id":"https:\/\/magdacesti.md\/?p=3577","url":"https:\/\/magdacesti.md\/?p=3577","name":"9 mai- Ziua Victoriei \u0219i Ziua Europei \u00een Republica Moldova \/Foto - M\u0103gd\u0103ce\u0219ti","isPartOf":{"@id":"https:\/\/magdacesti.md\/#website"},"primaryImageOfPage":{"@id":"https:\/\/magdacesti.md\/?p=3577#primaryimage"},"image":{"@id":"https:\/\/magdacesti.md\/?p=3577#primaryimage"},"thumbnailUrl":"https:\/\/magdacesti.md\/wp-content\/uploads\/2019\/05\/Foto-49.jpg","datePublished":"2019-05-10T07:28:13+00:00","dateModified":"2019-05-10T07:28:13+00:00","description":"Bine ati venit pe pagina oficiala a Primariei Magdacesti.","breadcrumb":{"@id":"https:\/\/magdacesti.md\/?p=3577#breadcrumb"},"inLanguage":"en-US","potentialAction":[{"@type":"ReadAction","target":["https:\/\/magdacesti.md\/?p=3577"]}]},{"@type":"ImageObject","inLanguage":"en-US","@id":"https:\/\/magdacesti.md\/?p=3577#primaryimage","url":"https:\/\/magdacesti.md\/wp-content\/uploads\/2019\/05\/Foto-49.jpg","contentUrl":"https:\/\/magdacesti.md\/wp-content\/uploads\/2019\/05\/Foto-49.jpg"},{"@type":"BreadcrumbList","@id":"https:\/\/magdacesti.md\/?p=3577#breadcrumb","itemListElement":[{"@type":"ListItem","position":1,"name":"Home","item":"https:\/\/magdacesti.md\/"},{"@type":"ListItem","position":2,"name":"9 mai- Ziua Victoriei \u0219i Ziua Europei \u00een Republica Moldova \/Foto"}]},{"@type":"WebSite","@id":"https:\/\/magdacesti.md\/#website","url":"https:\/\/magdacesti.md\/","name":"M\u0103gd\u0103ce\u0219ti","description":"Un or\u0103\u0219el cu condi\u021bii decente de trai!","publisher":{"@id":"https:\/\/magdacesti.md\/#organization"},"potentialAction":[{"@type":"SearchAction","target":{"@type":"EntryPoint","urlTemplate":"https:\/\/magdacesti.md\/?s={search_term_string}"},"query-input":"required name=search_term_string"}],"inLanguage":"en-US"},{"@type":"Organization","@id":"https:\/\/magdacesti.md\/#organization","name":"M\u0103gd\u0103ce\u0219ti","url":"https:\/\/magdacesti.md\/","logo":{"@type":"ImageObject","inLanguage":"en-US","@id":"https:\/\/magdacesti.md\/#\/schema\/logo\/image\/","url":"https:\/\/magdacesti.md\/wp-content\/uploads\/2021\/03\/Foto-514-scaled.jpg","contentUrl":"https:\/\/magdacesti.md\/wp-content\/uploads\/2021\/03\/Foto-514-scaled.jpg","width":2560,"height":1707,"caption":"M\u0103gd\u0103ce\u0219ti"},"image":{"@id":"https:\/\/magdacesti.md\/#\/schema\/logo\/image\/"},"sameAs":["https:\/\/www.facebook.com\/magdacesti.md\/"]},{"@type":"Person","@id":"https:\/\/magdacesti.md\/#\/schema\/person\/0068cad735c7cf3ab41a532515da0575","name":"Olga Enachi","url":"https:\/\/magdacesti.md\/?author=2"}]}},"_links":{"self":[{"href":"https:\/\/magdacesti.md\/index.php?rest_route=\/wp\/v2\/posts\/3577","targetHints":{"allow":["GET"]}}],"collection":[{"href":"https:\/\/magdacesti.md\/index.php?rest_route=\/wp\/v2\/posts"}],"about":[{"href":"https:\/\/magdacesti.md\/index.php?rest_route=\/wp\/v2\/types\/post"}],"author":[{"embeddable":true,"href":"https:\/\/magdacesti.md\/index.php?rest_route=\/wp\/v2\/users\/2"}],"replies":[{"embeddable":true,"href":"https:\/\/magdacesti.md\/index.php?rest_route=%2Fwp%2Fv2%2Fcomments&post=3577"}],"version-history":[{"count":0,"href":"https:\/\/magdacesti.md\/index.php?rest_route=\/wp\/v2\/posts\/3577\/revisions"}],"wp:attachment":[{"href":"https:\/\/magdacesti.md\/index.php?rest_route=%2Fwp%2Fv2%2Fmedia&parent=3577"}],"wp:term":[{"taxonomy":"category","embeddable":true,"href":"https:\/\/magdacesti.md\/index.php?rest_route=%2Fwp%2Fv2%2Fcategories&post=3577"},{"taxonomy":"post_tag","embeddable":true,"href":"https:\/\/magdacesti.md\/index.php?rest_route=%2Fwp%2Fv2%2Ftags&post=3577"}],"curies":[{"name":"wp","href":"https:\/\/api.w.org\/{rel}","templated":true}]}}