{"id":3623,"date":"2019-06-09T16:23:25","date_gmt":"2019-06-09T13:23:25","guid":{"rendered":"https:\/\/magdacesti.md\/?p=3623"},"modified":"2019-06-09T16:23:25","modified_gmt":"2019-06-09T13:23:25","slug":"deschiderea-sezonului-sportiv-in-s-magdacesti-2","status":"publish","type":"post","link":"https:\/\/magdacesti.md\/?p=3623","title":{"rendered":"Deschiderea Sezonului Sportiv \u00een s. M\u0103gd\u0103ce\u0219ti, Video\/Foto"},"content":{"rendered":"<p><strong>Duminic\u0103, 9 iunie 2019, \u00een s. M\u0103gd\u0103ce\u0219ti s-a dat startul Sezonului Sportiv de Var\u0103. To\u021bi amatorii de sport au venit pe stadionul localit\u0103\u021bii pentru a participa la un amplu eveniment cultural-sportiv.\u00a0<\/strong><\/p>\n<p><!--more--><iframe loading=\"lazy\" src=\"\/\/www.youtube.com\/embed\/9ibOByrHp30?t=23s\" width=\"560\" height=\"314\" allowfullscreen=\"allowfullscreen\"><\/iframe><\/p>\n<p><img loading=\"lazy\" decoding=\"async\" class=\"aligncenter\" src=\"https:\/\/magdacesti.md\/wp-content\/uploads\/2019\/06\/IMG_1780.jpg\" alt=\"\" width=\"640\" height=\"480\" \/><\/p>\n<p><img loading=\"lazy\" decoding=\"async\" class=\"aligncenter\" src=\"https:\/\/magdacesti.md\/wp-content\/uploads\/2019\/06\/IMG_1792.jpg\" alt=\"\" width=\"640\" height=\"480\" \/><\/p>\n<p><img loading=\"lazy\" decoding=\"async\" class=\"aligncenter\" src=\"https:\/\/magdacesti.md\/wp-content\/uploads\/2019\/06\/IMG_1797.jpg\" alt=\"\" width=\"640\" height=\"480\" \/><\/p>\n<p><img loading=\"lazy\" decoding=\"async\" class=\"aligncenter\" src=\"https:\/\/magdacesti.md\/wp-content\/uploads\/2019\/06\/IMG_1810.jpg\" alt=\"\" width=\"640\" height=\"427\" \/><\/p>\n<p><img loading=\"lazy\" decoding=\"async\" class=\"aligncenter\" src=\"https:\/\/magdacesti.md\/wp-content\/uploads\/2019\/06\/IMG_1837.jpg\" alt=\"\" width=\"640\" height=\"480\" \/><\/p>\n<p><img loading=\"lazy\" decoding=\"async\" class=\"aligncenter\" src=\"https:\/\/magdacesti.md\/wp-content\/uploads\/2019\/06\/IMG_1859.jpg\" alt=\"\" width=\"640\" height=\"480\" \/><\/p>\n<p><img loading=\"lazy\" decoding=\"async\" class=\"aligncenter\" src=\"https:\/\/magdacesti.md\/wp-content\/uploads\/2019\/06\/IMG_1867.jpg\" alt=\"\" width=\"640\" height=\"480\" \/><\/p>\n<p>Evenimentul a fost organizat de administra\u021bia public\u0103 local\u0103, \u00eempreun\u0103 cu profesorii-antrenori ai \u0218colii Sportive M\u0103gd\u0103ce\u0219ti.<br \/>\nLa competi\u021bii au participat peste 100 de copii, cade\u021bi, tineri \u0219i tinere. Noroco\u0219ii care s-au bucurat de p<span class=\"text_exposed_show\">remii sunt:<\/span><\/p>\n<div class=\"text_exposed_show\">\n<p>1. Volei masculin &#8211; Echipa R\u0103deni<br \/>\n2. Mini-fotbal &#8211; Echipa Juniori<br \/>\n3. \u0218ah &#8211; Balan Tudor<br \/>\n4. Dame -Varzari Afanasie<br \/>\n5. Trac\u021biuni la bara fix\u0103- Ursu Gheroghe- 26 tr.<br \/>\n6. Alergare la vitez\u0103 30 m.<br \/>\nClasele 1-2 (b\u0103ie\u021bi) &#8211; Mirea Marc (5,36)<br \/>\n7.Alergare la vitez\u0103 30 m.<br \/>\nClasele 3-4 (fete) &#8211; Guzun Anca(5,32)<br \/>\n8..Alergare la vitez\u0103 30 m.<br \/>\nClasele 3-4 (b\u0103ie\u021bi) Popa Victor(4,72)<br \/>\n9. Alergare la vitez\u0103 60 m.<br \/>\nClasele 5-6 (b\u0103ie\u021bi)- C\u0103ldare Sergiu(8,80)<br \/>\n10. Alergare la vitez\u0103 60 m. Clasele 7 -8(baie\u021bi) -Zolutu\u0219ca Maxim(8,31)<br \/>\n11. Alergare la vitez\u0103 60 m. Clasele 7 -8(fete) &#8211; Cebanu Ilina (9,23)<br \/>\n12. Lupta Na\u021bional\u0103 \u201dTr\u00e2nta\u201d la iepura\u0219ul viu. a.n. 2007 &#8211; 2006 &#8211; Rusu Mihai<br \/>\n13. Lupta Na\u021bional\u0103 \u201dTr\u00e2nta\u201d la coco\u0219ul viu. a.n. 2005 &#8211; 2004 &#8211; Nicula Sergiu<br \/>\n14. Lupta Na\u021bional\u0103 \u201dTr\u00e2nta\u201d la c\u00e2rlanul viu a.n. 2003 &#8211; 2002 &#8211; Ciacovschii Cristi.<br \/>\n15. Lupta Na\u021bional\u0103 &#8220;Tr\u00e2nta la berbecul viu&#8221; &#8211; Chiri\u021b\u0103 Ion<\/p>\n<p><img loading=\"lazy\" decoding=\"async\" class=\"aligncenter\" src=\"https:\/\/magdacesti.md\/wp-content\/uploads\/2019\/06\/IMG_1911.jpg\" alt=\"\" width=\"640\" height=\"427\" \/><\/p>\n<p><img loading=\"lazy\" decoding=\"async\" class=\"aligncenter\" src=\"https:\/\/magdacesti.md\/wp-content\/uploads\/2019\/06\/IMG_1914.jpg\" alt=\"\" width=\"640\" height=\"427\" \/><\/p>\n<p><img loading=\"lazy\" decoding=\"async\" class=\"aligncenter\" src=\"https:\/\/magdacesti.md\/wp-content\/uploads\/2019\/06\/IMG_1917.jpg\" alt=\"\" width=\"640\" height=\"427\" \/><\/p>\n<p><img loading=\"lazy\" decoding=\"async\" class=\"aligncenter\" src=\"https:\/\/magdacesti.md\/wp-content\/uploads\/2019\/06\/IMG_1918.jpg\" alt=\"\" width=\"640\" height=\"427\" \/><\/p>\n<p><img loading=\"lazy\" decoding=\"async\" class=\"aligncenter\" src=\"https:\/\/magdacesti.md\/wp-content\/uploads\/2019\/06\/IMG_1921.jpg\" alt=\"\" width=\"640\" height=\"427\" \/><\/p>\n<p><img loading=\"lazy\" decoding=\"async\" class=\"aligncenter\" src=\"https:\/\/magdacesti.md\/wp-content\/uploads\/2019\/06\/IMG_1925.jpg\" alt=\"\" width=\"640\" height=\"428\" \/><\/p>\n<p><img loading=\"lazy\" decoding=\"async\" class=\"aligncenter\" src=\"https:\/\/magdacesti.md\/wp-content\/uploads\/2019\/06\/IMG_1927.jpg\" alt=\"\" width=\"640\" height=\"427\" \/><\/p>\n<p><img loading=\"lazy\" decoding=\"async\" class=\"aligncenter\" src=\"https:\/\/magdacesti.md\/wp-content\/uploads\/2019\/06\/IMG_1934.jpg\" alt=\"\" width=\"640\" height=\"426\" \/><\/p>\n<p><img loading=\"lazy\" decoding=\"async\" class=\"aligncenter\" src=\"https:\/\/magdacesti.md\/wp-content\/uploads\/2019\/06\/IMG_1937.jpg\" alt=\"\" width=\"640\" height=\"427\" \/><\/p>\n<p><img loading=\"lazy\" decoding=\"async\" class=\"aligncenter\" src=\"https:\/\/magdacesti.md\/wp-content\/uploads\/2019\/06\/IMG_1941.jpg\" alt=\"\" width=\"640\" height=\"426\" \/><\/p>\n<p><strong>Sincere felicit\u0103ri tuturor!<\/strong><\/p>\n<\/div>\n","protected":false},"excerpt":{"rendered":"<p>Duminic\u0103, 9 iunie 2019, \u00een s. M\u0103gd\u0103ce\u0219ti s-a dat startul Sezonului Sportiv de Var\u0103. To\u021bi amatorii de sport au venit pe stadionul localit\u0103\u021bii pentru a participa la un amplu eveniment cultural-sportiv.\u00a0<\/p>\n","protected":false},"author":2,"featured_media":3640,"comment_status":"closed","ping_status":"closed","sticky":false,"template":"","format":"standard","meta":{"ngg_post_thumbnail":0,"footnotes":""},"categories":[4],"tags":[6],"class_list":["post-3623","post","type-post","status-publish","format-standard","has-post-thumbnail","hentry","category-stiri","tag-deschiderea-sezonului-sportiv"],"yoast_head":"<!-- This site is optimized with the Yoast SEO plugin v23.3 - https:\/\/yoast.com\/wordpress\/plugins\/seo\/ -->\n<title>Deschiderea Sezonului Sportiv \u00een s. M\u0103gd\u0103ce\u0219ti, Video\/Foto - M\u0103gd\u0103ce\u0219ti<\/title>\n<meta name=\"description\" content=\"Bine ati venit pe pagina oficiala a Primariei Magdacesti.\" \/>\n<meta name=\"robots\" content=\"index, follow, max-snippet:-1, max-image-preview:large, max-video-preview:-1\" \/>\n<link rel=\"canonical\" href=\"https:\/\/magdacesti.md\/?p=3623\" \/>\n<meta property=\"og:locale\" content=\"en_US\" \/>\n<meta property=\"og:type\" content=\"article\" \/>\n<meta property=\"og:title\" content=\"Deschiderea Sezonului Sportiv \u00een s. M\u0103gd\u0103ce\u0219ti, Video\/Foto - M\u0103gd\u0103ce\u0219ti\" \/>\n<meta property=\"og:description\" content=\"Bine ati venit pe pagina oficiala a Primariei Magdacesti.\" \/>\n<meta property=\"og:url\" content=\"https:\/\/magdacesti.md\/?p=3623\" \/>\n<meta property=\"og:site_name\" content=\"M\u0103gd\u0103ce\u0219ti\" \/>\n<meta property=\"article:publisher\" content=\"https:\/\/www.facebook.com\/magdacesti.md\/\" \/>\n<meta property=\"article:published_time\" content=\"2019-06-09T13:23:25+00:00\" \/>\n<meta property=\"og:image\" content=\"https:\/\/magdacesti.md\/wp-content\/uploads\/2021\/03\/Foto-514-edit-scaled.jpg\" \/>\n\t<meta property=\"og:image:width\" content=\"2560\" \/>\n\t<meta property=\"og:image:height\" content=\"1707\" \/>\n\t<meta property=\"og:image:type\" content=\"image\/jpeg\" \/>\n<meta name=\"author\" content=\"Olga Enachi\" \/>\n<meta name=\"twitter:card\" content=\"summary_large_image\" \/>\n<meta name=\"twitter:label1\" content=\"Written by\" \/>\n\t<meta name=\"twitter:data1\" content=\"Olga Enachi\" \/>\n\t<meta name=\"twitter:label2\" content=\"Est. reading time\" \/>\n\t<meta name=\"twitter:data2\" content=\"1 minute\" \/>\n<script type=\"application\/ld+json\" class=\"yoast-schema-graph\">{\"@context\":\"https:\/\/schema.org\",\"@graph\":[{\"@type\":\"Article\",\"@id\":\"https:\/\/magdacesti.md\/?p=3623#article\",\"isPartOf\":{\"@id\":\"https:\/\/magdacesti.md\/?p=3623\"},\"author\":{\"name\":\"Olga Enachi\",\"@id\":\"https:\/\/magdacesti.md\/#\/schema\/person\/0068cad735c7cf3ab41a532515da0575\"},\"headline\":\"Deschiderea Sezonului Sportiv \u00een s. M\u0103gd\u0103ce\u0219ti, Video\/Foto\",\"datePublished\":\"2019-06-09T13:23:25+00:00\",\"dateModified\":\"2019-06-09T13:23:25+00:00\",\"mainEntityOfPage\":{\"@id\":\"https:\/\/magdacesti.md\/?p=3623\"},\"wordCount\":238,\"publisher\":{\"@id\":\"https:\/\/magdacesti.md\/#organization\"},\"image\":{\"@id\":\"https:\/\/magdacesti.md\/?p=3623#primaryimage\"},\"thumbnailUrl\":\"\",\"keywords\":[\"deschiderea sezonului sportiv\"],\"articleSection\":[\"Stiri\"],\"inLanguage\":\"en-US\"},{\"@type\":\"WebPage\",\"@id\":\"https:\/\/magdacesti.md\/?p=3623\",\"url\":\"https:\/\/magdacesti.md\/?p=3623\",\"name\":\"Deschiderea Sezonului Sportiv \u00een s. M\u0103gd\u0103ce\u0219ti, Video\/Foto - M\u0103gd\u0103ce\u0219ti\",\"isPartOf\":{\"@id\":\"https:\/\/magdacesti.md\/#website\"},\"primaryImageOfPage\":{\"@id\":\"https:\/\/magdacesti.md\/?p=3623#primaryimage\"},\"image\":{\"@id\":\"https:\/\/magdacesti.md\/?p=3623#primaryimage\"},\"thumbnailUrl\":\"\",\"datePublished\":\"2019-06-09T13:23:25+00:00\",\"dateModified\":\"2019-06-09T13:23:25+00:00\",\"description\":\"Bine ati venit pe pagina oficiala a Primariei Magdacesti.\",\"breadcrumb\":{\"@id\":\"https:\/\/magdacesti.md\/?p=3623#breadcrumb\"},\"inLanguage\":\"en-US\",\"potentialAction\":[{\"@type\":\"ReadAction\",\"target\":[\"https:\/\/magdacesti.md\/?p=3623\"]}]},{\"@type\":\"ImageObject\",\"inLanguage\":\"en-US\",\"@id\":\"https:\/\/magdacesti.md\/?p=3623#primaryimage\",\"url\":\"\",\"contentUrl\":\"\"},{\"@type\":\"BreadcrumbList\",\"@id\":\"https:\/\/magdacesti.md\/?p=3623#breadcrumb\",\"itemListElement\":[{\"@type\":\"ListItem\",\"position\":1,\"name\":\"Home\",\"item\":\"https:\/\/magdacesti.md\/\"},{\"@type\":\"ListItem\",\"position\":2,\"name\":\"Deschiderea Sezonului Sportiv \u00een s. M\u0103gd\u0103ce\u0219ti, Video\/Foto\"}]},{\"@type\":\"WebSite\",\"@id\":\"https:\/\/magdacesti.md\/#website\",\"url\":\"https:\/\/magdacesti.md\/\",\"name\":\"M\u0103gd\u0103ce\u0219ti\",\"description\":\"Un or\u0103\u0219el cu condi\u021bii decente de trai!\",\"publisher\":{\"@id\":\"https:\/\/magdacesti.md\/#organization\"},\"potentialAction\":[{\"@type\":\"SearchAction\",\"target\":{\"@type\":\"EntryPoint\",\"urlTemplate\":\"https:\/\/magdacesti.md\/?s={search_term_string}\"},\"query-input\":\"required name=search_term_string\"}],\"inLanguage\":\"en-US\"},{\"@type\":\"Organization\",\"@id\":\"https:\/\/magdacesti.md\/#organization\",\"name\":\"M\u0103gd\u0103ce\u0219ti\",\"url\":\"https:\/\/magdacesti.md\/\",\"logo\":{\"@type\":\"ImageObject\",\"inLanguage\":\"en-US\",\"@id\":\"https:\/\/magdacesti.md\/#\/schema\/logo\/image\/\",\"url\":\"https:\/\/magdacesti.md\/wp-content\/uploads\/2021\/03\/Foto-514-scaled.jpg\",\"contentUrl\":\"https:\/\/magdacesti.md\/wp-content\/uploads\/2021\/03\/Foto-514-scaled.jpg\",\"width\":2560,\"height\":1707,\"caption\":\"M\u0103gd\u0103ce\u0219ti\"},\"image\":{\"@id\":\"https:\/\/magdacesti.md\/#\/schema\/logo\/image\/\"},\"sameAs\":[\"https:\/\/www.facebook.com\/magdacesti.md\/\"]},{\"@type\":\"Person\",\"@id\":\"https:\/\/magdacesti.md\/#\/schema\/person\/0068cad735c7cf3ab41a532515da0575\",\"name\":\"Olga Enachi\",\"url\":\"https:\/\/magdacesti.md\/?author=2\"}]}<\/script>\n<!-- \/ Yoast SEO plugin. -->","yoast_head_json":{"title":"Deschiderea Sezonului Sportiv \u00een s. M\u0103gd\u0103ce\u0219ti, Video\/Foto - M\u0103gd\u0103ce\u0219ti","description":"Bine ati venit pe pagina oficiala a Primariei Magdacesti.","robots":{"index":"index","follow":"follow","max-snippet":"max-snippet:-1","max-image-preview":"max-image-preview:large","max-video-preview":"max-video-preview:-1"},"canonical":"https:\/\/magdacesti.md\/?p=3623","og_locale":"en_US","og_type":"article","og_title":"Deschiderea Sezonului Sportiv \u00een s. M\u0103gd\u0103ce\u0219ti, Video\/Foto - M\u0103gd\u0103ce\u0219ti","og_description":"Bine ati venit pe pagina oficiala a Primariei Magdacesti.","og_url":"https:\/\/magdacesti.md\/?p=3623","og_site_name":"M\u0103gd\u0103ce\u0219ti","article_publisher":"https:\/\/www.facebook.com\/magdacesti.md\/","article_published_time":"2019-06-09T13:23:25+00:00","og_image":[{"width":2560,"height":1707,"url":"https:\/\/magdacesti.md\/wp-content\/uploads\/2021\/03\/Foto-514-edit-scaled.jpg","type":"image\/jpeg"}],"author":"Olga Enachi","twitter_card":"summary_large_image","twitter_misc":{"Written by":"Olga Enachi","Est. reading time":"1 minute"},"schema":{"@context":"https:\/\/schema.org","@graph":[{"@type":"Article","@id":"https:\/\/magdacesti.md\/?p=3623#article","isPartOf":{"@id":"https:\/\/magdacesti.md\/?p=3623"},"author":{"name":"Olga Enachi","@id":"https:\/\/magdacesti.md\/#\/schema\/person\/0068cad735c7cf3ab41a532515da0575"},"headline":"Deschiderea Sezonului Sportiv \u00een s. M\u0103gd\u0103ce\u0219ti, Video\/Foto","datePublished":"2019-06-09T13:23:25+00:00","dateModified":"2019-06-09T13:23:25+00:00","mainEntityOfPage":{"@id":"https:\/\/magdacesti.md\/?p=3623"},"wordCount":238,"publisher":{"@id":"https:\/\/magdacesti.md\/#organization"},"image":{"@id":"https:\/\/magdacesti.md\/?p=3623#primaryimage"},"thumbnailUrl":"","keywords":["deschiderea sezonului sportiv"],"articleSection":["Stiri"],"inLanguage":"en-US"},{"@type":"WebPage","@id":"https:\/\/magdacesti.md\/?p=3623","url":"https:\/\/magdacesti.md\/?p=3623","name":"Deschiderea Sezonului Sportiv \u00een s. M\u0103gd\u0103ce\u0219ti, Video\/Foto - M\u0103gd\u0103ce\u0219ti","isPartOf":{"@id":"https:\/\/magdacesti.md\/#website"},"primaryImageOfPage":{"@id":"https:\/\/magdacesti.md\/?p=3623#primaryimage"},"image":{"@id":"https:\/\/magdacesti.md\/?p=3623#primaryimage"},"thumbnailUrl":"","datePublished":"2019-06-09T13:23:25+00:00","dateModified":"2019-06-09T13:23:25+00:00","description":"Bine ati venit pe pagina oficiala a Primariei Magdacesti.","breadcrumb":{"@id":"https:\/\/magdacesti.md\/?p=3623#breadcrumb"},"inLanguage":"en-US","potentialAction":[{"@type":"ReadAction","target":["https:\/\/magdacesti.md\/?p=3623"]}]},{"@type":"ImageObject","inLanguage":"en-US","@id":"https:\/\/magdacesti.md\/?p=3623#primaryimage","url":"","contentUrl":""},{"@type":"BreadcrumbList","@id":"https:\/\/magdacesti.md\/?p=3623#breadcrumb","itemListElement":[{"@type":"ListItem","position":1,"name":"Home","item":"https:\/\/magdacesti.md\/"},{"@type":"ListItem","position":2,"name":"Deschiderea Sezonului Sportiv \u00een s. M\u0103gd\u0103ce\u0219ti, Video\/Foto"}]},{"@type":"WebSite","@id":"https:\/\/magdacesti.md\/#website","url":"https:\/\/magdacesti.md\/","name":"M\u0103gd\u0103ce\u0219ti","description":"Un or\u0103\u0219el cu condi\u021bii decente de trai!","publisher":{"@id":"https:\/\/magdacesti.md\/#organization"},"potentialAction":[{"@type":"SearchAction","target":{"@type":"EntryPoint","urlTemplate":"https:\/\/magdacesti.md\/?s={search_term_string}"},"query-input":"required name=search_term_string"}],"inLanguage":"en-US"},{"@type":"Organization","@id":"https:\/\/magdacesti.md\/#organization","name":"M\u0103gd\u0103ce\u0219ti","url":"https:\/\/magdacesti.md\/","logo":{"@type":"ImageObject","inLanguage":"en-US","@id":"https:\/\/magdacesti.md\/#\/schema\/logo\/image\/","url":"https:\/\/magdacesti.md\/wp-content\/uploads\/2021\/03\/Foto-514-scaled.jpg","contentUrl":"https:\/\/magdacesti.md\/wp-content\/uploads\/2021\/03\/Foto-514-scaled.jpg","width":2560,"height":1707,"caption":"M\u0103gd\u0103ce\u0219ti"},"image":{"@id":"https:\/\/magdacesti.md\/#\/schema\/logo\/image\/"},"sameAs":["https:\/\/www.facebook.com\/magdacesti.md\/"]},{"@type":"Person","@id":"https:\/\/magdacesti.md\/#\/schema\/person\/0068cad735c7cf3ab41a532515da0575","name":"Olga Enachi","url":"https:\/\/magdacesti.md\/?author=2"}]}},"_links":{"self":[{"href":"https:\/\/magdacesti.md\/index.php?rest_route=\/wp\/v2\/posts\/3623","targetHints":{"allow":["GET"]}}],"collection":[{"href":"https:\/\/magdacesti.md\/index.php?rest_route=\/wp\/v2\/posts"}],"about":[{"href":"https:\/\/magdacesti.md\/index.php?rest_route=\/wp\/v2\/types\/post"}],"author":[{"embeddable":true,"href":"https:\/\/magdacesti.md\/index.php?rest_route=\/wp\/v2\/users\/2"}],"replies":[{"embeddable":true,"href":"https:\/\/magdacesti.md\/index.php?rest_route=%2Fwp%2Fv2%2Fcomments&post=3623"}],"version-history":[{"count":0,"href":"https:\/\/magdacesti.md\/index.php?rest_route=\/wp\/v2\/posts\/3623\/revisions"}],"wp:featuredmedia":[{"embeddable":true,"href":"https:\/\/magdacesti.md\/index.php?rest_route=\/"}],"wp:attachment":[{"href":"https:\/\/magdacesti.md\/index.php?rest_route=%2Fwp%2Fv2%2Fmedia&parent=3623"}],"wp:term":[{"taxonomy":"category","embeddable":true,"href":"https:\/\/magdacesti.md\/index.php?rest_route=%2Fwp%2Fv2%2Fcategories&post=3623"},{"taxonomy":"post_tag","embeddable":true,"href":"https:\/\/magdacesti.md\/index.php?rest_route=%2Fwp%2Fv2%2Ftags&post=3623"}],"curies":[{"name":"wp","href":"https:\/\/api.w.org\/{rel}","templated":true}]}}