{"id":3645,"date":"2019-06-15T20:45:04","date_gmt":"2019-06-15T17:45:04","guid":{"rendered":"https:\/\/magdacesti.md\/?p=3645"},"modified":"2019-06-15T20:45:04","modified_gmt":"2019-06-15T17:45:04","slug":"a-treia-duminica-din-luna-iunie-ziua-lucratorului-medical-si-a-farmacistului","status":"publish","type":"post","link":"https:\/\/magdacesti.md\/?p=3645","title":{"rendered":"A treia duminic\u0103 din luna iunie- Ziua Lucr\u0103torului Medical \u0219i a Farmacistului"},"content":{"rendered":"<p><img loading=\"lazy\" decoding=\"async\" class=\"aligncenter\" src=\"https:\/\/magdacesti.md\/wp-content\/uploads\/2019\/06\/Stefan_Lulu_Cutie_Flori_Vandas_Box_1.jpg\" alt=\"\" width=\"477\" height=\"477\" \/><\/p>\n<p style=\"margin: 6px 0px; display: block; font-family: Helvetica, Arial, sans-serif; color: #1c1e21; font-size: 14px; font-style: normal; font-variant-ligatures: normal; font-variant-caps: normal; font-weight: 400; letter-spacing: normal; text-align: center; text-indent: 0px; text-transform: none; white-space: normal; word-spacing: 0px; -webkit-text-stroke-width: 0px; background-color: #ffffff; text-decoration-style: initial; text-decoration-color: initial;\"><strong>Stima\u021bi medici \u0219i farmaci\u0219ti &#8211; angaja\u021bi ai Centrului de S\u0103n\u0103tate M\u0103gd\u0103ce\u0219ti,<\/strong><br \/>\n<strong>Cu prilejul zilei Lucr\u0103torului Medical \u0219i a Farmacistului, vin cu alese cuvinte de recuno\u0219tin\u021b\u0103 pentru munca nobil\u0103, pentru curaj, onestitate \u0219i responsabilitatea pe care o ave\u021bi zi de zi, fa\u021b\u0103 de locuitorii no\u0219tri.<\/strong><\/p>\n<div class=\"text_exposed_show\" style=\"display: inline; font-family: Helvetica, Arial, sans-serif; color: #1c1e21; font-size: 14px; font-style: normal; font-variant-ligatures: normal; font-variant-caps: normal; font-weight: 400; letter-spacing: normal; orphans: 2; text-align: start; text-indent: 0px; text-transform: none; white-space: normal; widows: 2; word-spacing: 0px; -webkit-text-stroke-width: 0px; background-color: #ffffff; text-decoration-style: initial; text-decoration-color: initial;\">\n<p style=\"margin: 0px 0px 6px; font-family: inherit; text-align: center;\"><strong>V\u0103 dorim s\u0103 ave\u021bi parte de mult\u0103 s\u0103n\u0103tate, de apreciere \u0219i respect din partea colegilor, de \u00een\u021belegere \u0219i recuno\u0219tin\u021b\u0103 din partea pacien\u021bilor, de mult\u0103 lini\u0219te \u0219i armonie \u00een familie.<\/strong><\/p>\n<p style=\"margin: 6px 0px; font-family: inherit; text-align: center;\"><strong>V\u0103 mul\u021bumim vou\u0103: oameni curajo\u0219i, puternici \u0219i profesioni\u0219ti, care a\u021bi transformat voca\u021bia \u00een profesie \u0219i sacrifica\u021bi parte din via\u021ba voastr\u0103 pentru bun\u0103starea tuturor.<\/strong><br \/>\n<strong>La mul\u021bi ani!<\/strong><\/p>\n<p><img loading=\"lazy\" decoding=\"async\" class=\"aligncenter\" src=\"https:\/\/magdacesti.md\/wp-content\/uploads\/2019\/06\/64243598_342957736391074_2847134692396761088_n.jpg\" alt=\"\" width=\"640\" height=\"480\" \/><\/p>\n<\/div>\n","protected":false},"excerpt":{"rendered":"<p>Stima\u021bi medici \u0219i farmaci\u0219ti &#8211; angaja\u021bi ai Centrului de S\u0103n\u0103tate M\u0103gd\u0103ce\u0219ti, Cu prilejul zilei Lucr\u0103torului Medical \u0219i a Farmacistului, vin cu alese cuvinte de recuno\u0219tin\u021b\u0103 pentru munca nobil\u0103, pentru curaj, onestitate \u0219i responsabilitatea pe care o ave\u021bi zi de zi, fa\u021b\u0103 de locuitorii no\u0219tri. V\u0103 dorim s\u0103 ave\u021bi parte de mult\u0103 s\u0103n\u0103tate, de apreciere \u0219i [&#8230;]\n","protected":false},"author":2,"featured_media":0,"comment_status":"closed","ping_status":"closed","sticky":false,"template":"","format":"standard","meta":{"ngg_post_thumbnail":0,"footnotes":""},"categories":[4],"tags":[],"class_list":["post-3645","post","type-post","status-publish","format-standard","hentry","category-stiri"],"yoast_head":"<!-- This site is optimized with the Yoast SEO plugin v23.3 - https:\/\/yoast.com\/wordpress\/plugins\/seo\/ -->\n<title>A treia duminic\u0103 din luna iunie- Ziua Lucr\u0103torului Medical \u0219i a Farmacistului - M\u0103gd\u0103ce\u0219ti<\/title>\n<meta name=\"description\" content=\"Bine ati venit pe pagina oficiala a Primariei Magdacesti.\" \/>\n<meta name=\"robots\" content=\"index, follow, max-snippet:-1, max-image-preview:large, max-video-preview:-1\" \/>\n<link rel=\"canonical\" href=\"https:\/\/magdacesti.md\/?p=3645\" \/>\n<meta property=\"og:locale\" content=\"en_US\" \/>\n<meta property=\"og:type\" content=\"article\" \/>\n<meta property=\"og:title\" content=\"A treia duminic\u0103 din luna iunie- Ziua Lucr\u0103torului Medical \u0219i a Farmacistului - M\u0103gd\u0103ce\u0219ti\" \/>\n<meta property=\"og:description\" content=\"Bine ati venit pe pagina oficiala a Primariei Magdacesti.\" \/>\n<meta property=\"og:url\" content=\"https:\/\/magdacesti.md\/?p=3645\" \/>\n<meta property=\"og:site_name\" content=\"M\u0103gd\u0103ce\u0219ti\" \/>\n<meta property=\"article:publisher\" content=\"https:\/\/www.facebook.com\/magdacesti.md\/\" \/>\n<meta property=\"article:published_time\" content=\"2019-06-15T17:45:04+00:00\" \/>\n<meta property=\"og:image\" content=\"https:\/\/magdacesti.md\/wp-content\/uploads\/2019\/06\/Stefan_Lulu_Cutie_Flori_Vandas_Box_1.jpg\" \/>\n<meta name=\"author\" content=\"Olga Enachi\" \/>\n<meta name=\"twitter:card\" content=\"summary_large_image\" \/>\n<meta name=\"twitter:label1\" content=\"Written by\" \/>\n\t<meta name=\"twitter:data1\" content=\"Olga Enachi\" \/>\n\t<meta name=\"twitter:label2\" content=\"Est. reading time\" \/>\n\t<meta name=\"twitter:data2\" content=\"1 minute\" \/>\n<script type=\"application\/ld+json\" class=\"yoast-schema-graph\">{\"@context\":\"https:\/\/schema.org\",\"@graph\":[{\"@type\":\"Article\",\"@id\":\"https:\/\/magdacesti.md\/?p=3645#article\",\"isPartOf\":{\"@id\":\"https:\/\/magdacesti.md\/?p=3645\"},\"author\":{\"name\":\"Olga Enachi\",\"@id\":\"https:\/\/magdacesti.md\/#\/schema\/person\/0068cad735c7cf3ab41a532515da0575\"},\"headline\":\"A treia duminic\u0103 din luna iunie- Ziua Lucr\u0103torului Medical \u0219i a Farmacistului\",\"datePublished\":\"2019-06-15T17:45:04+00:00\",\"dateModified\":\"2019-06-15T17:45:04+00:00\",\"mainEntityOfPage\":{\"@id\":\"https:\/\/magdacesti.md\/?p=3645\"},\"wordCount\":140,\"publisher\":{\"@id\":\"https:\/\/magdacesti.md\/#organization\"},\"image\":{\"@id\":\"https:\/\/magdacesti.md\/?p=3645#primaryimage\"},\"thumbnailUrl\":\"https:\/\/magdacesti.md\/wp-content\/uploads\/2019\/06\/Stefan_Lulu_Cutie_Flori_Vandas_Box_1.jpg\",\"articleSection\":[\"Stiri\"],\"inLanguage\":\"en-US\"},{\"@type\":\"WebPage\",\"@id\":\"https:\/\/magdacesti.md\/?p=3645\",\"url\":\"https:\/\/magdacesti.md\/?p=3645\",\"name\":\"A treia duminic\u0103 din luna iunie- Ziua Lucr\u0103torului Medical \u0219i a Farmacistului - M\u0103gd\u0103ce\u0219ti\",\"isPartOf\":{\"@id\":\"https:\/\/magdacesti.md\/#website\"},\"primaryImageOfPage\":{\"@id\":\"https:\/\/magdacesti.md\/?p=3645#primaryimage\"},\"image\":{\"@id\":\"https:\/\/magdacesti.md\/?p=3645#primaryimage\"},\"thumbnailUrl\":\"https:\/\/magdacesti.md\/wp-content\/uploads\/2019\/06\/Stefan_Lulu_Cutie_Flori_Vandas_Box_1.jpg\",\"datePublished\":\"2019-06-15T17:45:04+00:00\",\"dateModified\":\"2019-06-15T17:45:04+00:00\",\"description\":\"Bine ati venit pe pagina oficiala a Primariei Magdacesti.\",\"breadcrumb\":{\"@id\":\"https:\/\/magdacesti.md\/?p=3645#breadcrumb\"},\"inLanguage\":\"en-US\",\"potentialAction\":[{\"@type\":\"ReadAction\",\"target\":[\"https:\/\/magdacesti.md\/?p=3645\"]}]},{\"@type\":\"ImageObject\",\"inLanguage\":\"en-US\",\"@id\":\"https:\/\/magdacesti.md\/?p=3645#primaryimage\",\"url\":\"https:\/\/magdacesti.md\/wp-content\/uploads\/2019\/06\/Stefan_Lulu_Cutie_Flori_Vandas_Box_1.jpg\",\"contentUrl\":\"https:\/\/magdacesti.md\/wp-content\/uploads\/2019\/06\/Stefan_Lulu_Cutie_Flori_Vandas_Box_1.jpg\"},{\"@type\":\"BreadcrumbList\",\"@id\":\"https:\/\/magdacesti.md\/?p=3645#breadcrumb\",\"itemListElement\":[{\"@type\":\"ListItem\",\"position\":1,\"name\":\"Home\",\"item\":\"https:\/\/magdacesti.md\/\"},{\"@type\":\"ListItem\",\"position\":2,\"name\":\"A treia duminic\u0103 din luna iunie- Ziua Lucr\u0103torului Medical \u0219i a Farmacistului\"}]},{\"@type\":\"WebSite\",\"@id\":\"https:\/\/magdacesti.md\/#website\",\"url\":\"https:\/\/magdacesti.md\/\",\"name\":\"M\u0103gd\u0103ce\u0219ti\",\"description\":\"Un or\u0103\u0219el cu condi\u021bii decente de trai!\",\"publisher\":{\"@id\":\"https:\/\/magdacesti.md\/#organization\"},\"potentialAction\":[{\"@type\":\"SearchAction\",\"target\":{\"@type\":\"EntryPoint\",\"urlTemplate\":\"https:\/\/magdacesti.md\/?s={search_term_string}\"},\"query-input\":\"required name=search_term_string\"}],\"inLanguage\":\"en-US\"},{\"@type\":\"Organization\",\"@id\":\"https:\/\/magdacesti.md\/#organization\",\"name\":\"M\u0103gd\u0103ce\u0219ti\",\"url\":\"https:\/\/magdacesti.md\/\",\"logo\":{\"@type\":\"ImageObject\",\"inLanguage\":\"en-US\",\"@id\":\"https:\/\/magdacesti.md\/#\/schema\/logo\/image\/\",\"url\":\"https:\/\/magdacesti.md\/wp-content\/uploads\/2021\/03\/Foto-514-scaled.jpg\",\"contentUrl\":\"https:\/\/magdacesti.md\/wp-content\/uploads\/2021\/03\/Foto-514-scaled.jpg\",\"width\":2560,\"height\":1707,\"caption\":\"M\u0103gd\u0103ce\u0219ti\"},\"image\":{\"@id\":\"https:\/\/magdacesti.md\/#\/schema\/logo\/image\/\"},\"sameAs\":[\"https:\/\/www.facebook.com\/magdacesti.md\/\"]},{\"@type\":\"Person\",\"@id\":\"https:\/\/magdacesti.md\/#\/schema\/person\/0068cad735c7cf3ab41a532515da0575\",\"name\":\"Olga Enachi\",\"url\":\"https:\/\/magdacesti.md\/?author=2\"}]}<\/script>\n<!-- \/ Yoast SEO plugin. -->","yoast_head_json":{"title":"A treia duminic\u0103 din luna iunie- Ziua Lucr\u0103torului Medical \u0219i a Farmacistului - M\u0103gd\u0103ce\u0219ti","description":"Bine ati venit pe pagina oficiala a Primariei Magdacesti.","robots":{"index":"index","follow":"follow","max-snippet":"max-snippet:-1","max-image-preview":"max-image-preview:large","max-video-preview":"max-video-preview:-1"},"canonical":"https:\/\/magdacesti.md\/?p=3645","og_locale":"en_US","og_type":"article","og_title":"A treia duminic\u0103 din luna iunie- Ziua Lucr\u0103torului Medical \u0219i a Farmacistului - M\u0103gd\u0103ce\u0219ti","og_description":"Bine ati venit pe pagina oficiala a Primariei Magdacesti.","og_url":"https:\/\/magdacesti.md\/?p=3645","og_site_name":"M\u0103gd\u0103ce\u0219ti","article_publisher":"https:\/\/www.facebook.com\/magdacesti.md\/","article_published_time":"2019-06-15T17:45:04+00:00","og_image":[{"url":"https:\/\/magdacesti.md\/wp-content\/uploads\/2019\/06\/Stefan_Lulu_Cutie_Flori_Vandas_Box_1.jpg"}],"author":"Olga Enachi","twitter_card":"summary_large_image","twitter_misc":{"Written by":"Olga Enachi","Est. reading time":"1 minute"},"schema":{"@context":"https:\/\/schema.org","@graph":[{"@type":"Article","@id":"https:\/\/magdacesti.md\/?p=3645#article","isPartOf":{"@id":"https:\/\/magdacesti.md\/?p=3645"},"author":{"name":"Olga Enachi","@id":"https:\/\/magdacesti.md\/#\/schema\/person\/0068cad735c7cf3ab41a532515da0575"},"headline":"A treia duminic\u0103 din luna iunie- Ziua Lucr\u0103torului Medical \u0219i a Farmacistului","datePublished":"2019-06-15T17:45:04+00:00","dateModified":"2019-06-15T17:45:04+00:00","mainEntityOfPage":{"@id":"https:\/\/magdacesti.md\/?p=3645"},"wordCount":140,"publisher":{"@id":"https:\/\/magdacesti.md\/#organization"},"image":{"@id":"https:\/\/magdacesti.md\/?p=3645#primaryimage"},"thumbnailUrl":"https:\/\/magdacesti.md\/wp-content\/uploads\/2019\/06\/Stefan_Lulu_Cutie_Flori_Vandas_Box_1.jpg","articleSection":["Stiri"],"inLanguage":"en-US"},{"@type":"WebPage","@id":"https:\/\/magdacesti.md\/?p=3645","url":"https:\/\/magdacesti.md\/?p=3645","name":"A treia duminic\u0103 din luna iunie- Ziua Lucr\u0103torului Medical \u0219i a Farmacistului - M\u0103gd\u0103ce\u0219ti","isPartOf":{"@id":"https:\/\/magdacesti.md\/#website"},"primaryImageOfPage":{"@id":"https:\/\/magdacesti.md\/?p=3645#primaryimage"},"image":{"@id":"https:\/\/magdacesti.md\/?p=3645#primaryimage"},"thumbnailUrl":"https:\/\/magdacesti.md\/wp-content\/uploads\/2019\/06\/Stefan_Lulu_Cutie_Flori_Vandas_Box_1.jpg","datePublished":"2019-06-15T17:45:04+00:00","dateModified":"2019-06-15T17:45:04+00:00","description":"Bine ati venit pe pagina oficiala a Primariei Magdacesti.","breadcrumb":{"@id":"https:\/\/magdacesti.md\/?p=3645#breadcrumb"},"inLanguage":"en-US","potentialAction":[{"@type":"ReadAction","target":["https:\/\/magdacesti.md\/?p=3645"]}]},{"@type":"ImageObject","inLanguage":"en-US","@id":"https:\/\/magdacesti.md\/?p=3645#primaryimage","url":"https:\/\/magdacesti.md\/wp-content\/uploads\/2019\/06\/Stefan_Lulu_Cutie_Flori_Vandas_Box_1.jpg","contentUrl":"https:\/\/magdacesti.md\/wp-content\/uploads\/2019\/06\/Stefan_Lulu_Cutie_Flori_Vandas_Box_1.jpg"},{"@type":"BreadcrumbList","@id":"https:\/\/magdacesti.md\/?p=3645#breadcrumb","itemListElement":[{"@type":"ListItem","position":1,"name":"Home","item":"https:\/\/magdacesti.md\/"},{"@type":"ListItem","position":2,"name":"A treia duminic\u0103 din luna iunie- Ziua Lucr\u0103torului Medical \u0219i a Farmacistului"}]},{"@type":"WebSite","@id":"https:\/\/magdacesti.md\/#website","url":"https:\/\/magdacesti.md\/","name":"M\u0103gd\u0103ce\u0219ti","description":"Un or\u0103\u0219el cu condi\u021bii decente de trai!","publisher":{"@id":"https:\/\/magdacesti.md\/#organization"},"potentialAction":[{"@type":"SearchAction","target":{"@type":"EntryPoint","urlTemplate":"https:\/\/magdacesti.md\/?s={search_term_string}"},"query-input":"required name=search_term_string"}],"inLanguage":"en-US"},{"@type":"Organization","@id":"https:\/\/magdacesti.md\/#organization","name":"M\u0103gd\u0103ce\u0219ti","url":"https:\/\/magdacesti.md\/","logo":{"@type":"ImageObject","inLanguage":"en-US","@id":"https:\/\/magdacesti.md\/#\/schema\/logo\/image\/","url":"https:\/\/magdacesti.md\/wp-content\/uploads\/2021\/03\/Foto-514-scaled.jpg","contentUrl":"https:\/\/magdacesti.md\/wp-content\/uploads\/2021\/03\/Foto-514-scaled.jpg","width":2560,"height":1707,"caption":"M\u0103gd\u0103ce\u0219ti"},"image":{"@id":"https:\/\/magdacesti.md\/#\/schema\/logo\/image\/"},"sameAs":["https:\/\/www.facebook.com\/magdacesti.md\/"]},{"@type":"Person","@id":"https:\/\/magdacesti.md\/#\/schema\/person\/0068cad735c7cf3ab41a532515da0575","name":"Olga Enachi","url":"https:\/\/magdacesti.md\/?author=2"}]}},"_links":{"self":[{"href":"https:\/\/magdacesti.md\/index.php?rest_route=\/wp\/v2\/posts\/3645","targetHints":{"allow":["GET"]}}],"collection":[{"href":"https:\/\/magdacesti.md\/index.php?rest_route=\/wp\/v2\/posts"}],"about":[{"href":"https:\/\/magdacesti.md\/index.php?rest_route=\/wp\/v2\/types\/post"}],"author":[{"embeddable":true,"href":"https:\/\/magdacesti.md\/index.php?rest_route=\/wp\/v2\/users\/2"}],"replies":[{"embeddable":true,"href":"https:\/\/magdacesti.md\/index.php?rest_route=%2Fwp%2Fv2%2Fcomments&post=3645"}],"version-history":[{"count":0,"href":"https:\/\/magdacesti.md\/index.php?rest_route=\/wp\/v2\/posts\/3645\/revisions"}],"wp:attachment":[{"href":"https:\/\/magdacesti.md\/index.php?rest_route=%2Fwp%2Fv2%2Fmedia&parent=3645"}],"wp:term":[{"taxonomy":"category","embeddable":true,"href":"https:\/\/magdacesti.md\/index.php?rest_route=%2Fwp%2Fv2%2Fcategories&post=3645"},{"taxonomy":"post_tag","embeddable":true,"href":"https:\/\/magdacesti.md\/index.php?rest_route=%2Fwp%2Fv2%2Ftags&post=3645"}],"curies":[{"name":"wp","href":"https:\/\/api.w.org\/{rel}","templated":true}]}}