{"id":3679,"date":"2019-06-30T10:28:11","date_gmt":"2019-06-30T07:28:11","guid":{"rendered":"https:\/\/magdacesti.md\/?p=3679"},"modified":"2019-06-30T10:28:11","modified_gmt":"2019-06-30T07:28:11","slug":"la-multi-ani-mioveni","status":"publish","type":"post","link":"https:\/\/magdacesti.md\/?p=3679","title":{"rendered":"La Mul\u021bi Ani, ora\u0219ul Mioveni!"},"content":{"rendered":"<p><strong>La invita\u021bia domnului primar, Ion Georgescu, \u00eempreun\u0103 cu o delega\u021bie din localitatea M\u0103gd\u0103ce\u0219ti, avem onoarea s\u0103 fim prezen\u021bi, al patrulea an, la manifest\u0103rile dedicate <em>&#8220;Zilele ora\u0219ului Mioveni, jud. Arge\u0219&#8221;<\/em>, ce se desf\u0103\u0219oar\u0103 \u00een perioada 28-30 iunie.<\/strong><\/p>\n<p><img loading=\"lazy\" decoding=\"async\" class=\"aligncenter\" src=\"https:\/\/magdacesti.md\/wp-content\/uploads\/2019\/06\/65491399_687074895039761_4976201069659947008_o.jpg\" alt=\"\" width=\"641\" height=\"427\" \/><\/p>\n<p><img loading=\"lazy\" decoding=\"async\" class=\"aligncenter\" src=\"https:\/\/magdacesti.md\/wp-content\/uploads\/2019\/06\/65925911_687074881706429_2403487591744667648_o.jpg\" alt=\"\" width=\"644\" height=\"429\" \/><\/p>\n<p><img loading=\"lazy\" decoding=\"async\" class=\"aligncenter\" src=\"https:\/\/magdacesti.md\/wp-content\/uploads\/2019\/06\/65556215_483079712440337_4101330099914145792_n.jpg\" alt=\"\" width=\"647\" height=\"432\" \/><\/p>\n<p>Suntem ca de fiecare dat\u0103 impresiona\u021bi de felul cum administra\u021bia s-a preg\u0103tit pentru cel mai important eveniment al ora\u0219ului.<br \/>\nConstat cu pl\u0103cere c\u0103 Mioveni-ul \u00eenflore\u0219te \u00een fiecare z<span class=\"text_exposed_show\">i, consolid\u00e2ndu-\u0219i practic statutul de <strong>&#8221; Cel mai frumos \u0219i prosper ora\u0219 din Rom\u00e2nia&#8221;<\/strong>, fiind un exemplu viu pentru noi.<\/span><\/p>\n<p><img loading=\"lazy\" decoding=\"async\" class=\"aligncenter\" src=\"https:\/\/magdacesti.md\/wp-content\/uploads\/2019\/06\/65206334_597351524005031_101309907621380096_n.jpg\" alt=\"\" width=\"635\" height=\"423\" \/><\/p>\n<p><img loading=\"lazy\" decoding=\"async\" class=\"aligncenter\" src=\"https:\/\/magdacesti.md\/wp-content\/uploads\/2019\/06\/65599931_370809626954566_5559841448209154048_n.jpg\" alt=\"\" width=\"633\" height=\"422\" \/><\/p>\n<p style=\"text-align: center;\"><strong>Domnule Primar, \u00een numele colectivului pe care am onoarea s\u0103-l conduc, V\u0103 adresez sincere mul\u021bumiri pentru primirea frumoas\u0103, prietenoas\u0103, pentru g\u0103zduire, ospitalitate \u0219i pentru toat\u0103 sus\u021binerea ce ne-o oferi\u021bi de fiecare dat\u0103.<\/strong><\/p>\n<div class=\"text_exposed_show\">\n<p style=\"text-align: center;\"><strong>La mul\u021bi ani tuturor locuitorilor or. Mioveni!<\/strong><\/p>\n<p><img loading=\"lazy\" decoding=\"async\" class=\"aligncenter\" src=\"https:\/\/magdacesti.md\/wp-content\/uploads\/2019\/06\/19894625_247702655731344_5416921666802897535_n.jpg\" alt=\"\" width=\"720\" height=\"404\" \/><\/p>\n<\/div>\n","protected":false},"excerpt":{"rendered":"<p>La invita\u021bia domnului primar, Ion Georgescu, \u00eempreun\u0103 cu o delega\u021bie din localitatea M\u0103gd\u0103ce\u0219ti, avem onoarea s\u0103 fim prezen\u021bi, al patrulea an, la manifest\u0103rile dedicate &#8220;Zilele ora\u0219ului Mioveni, jud. Arge\u0219&#8221;, ce se desf\u0103\u0219oar\u0103 \u00een perioada 28-30 iunie. Suntem ca de fiecare dat\u0103 impresiona\u021bi de felul cum administra\u021bia s-a preg\u0103tit pentru cel mai important eveniment al ora\u0219ului. [&#8230;]\n","protected":false},"author":2,"featured_media":0,"comment_status":"closed","ping_status":"closed","sticky":false,"template":"","format":"standard","meta":{"ngg_post_thumbnail":0,"footnotes":""},"categories":[4],"tags":[],"class_list":["post-3679","post","type-post","status-publish","format-standard","hentry","category-stiri"],"yoast_head":"<!-- This site is optimized with the Yoast SEO plugin v23.3 - https:\/\/yoast.com\/wordpress\/plugins\/seo\/ -->\n<title>La Mul\u021bi Ani, ora\u0219ul Mioveni! - M\u0103gd\u0103ce\u0219ti<\/title>\n<meta name=\"description\" content=\"Bine ati venit pe pagina oficiala a Primariei Magdacesti.\" \/>\n<meta name=\"robots\" content=\"index, follow, max-snippet:-1, max-image-preview:large, max-video-preview:-1\" \/>\n<link rel=\"canonical\" href=\"https:\/\/magdacesti.md\/?p=3679\" \/>\n<meta property=\"og:locale\" content=\"en_US\" \/>\n<meta property=\"og:type\" content=\"article\" \/>\n<meta property=\"og:title\" content=\"La Mul\u021bi Ani, ora\u0219ul Mioveni! - M\u0103gd\u0103ce\u0219ti\" \/>\n<meta property=\"og:description\" content=\"Bine ati venit pe pagina oficiala a Primariei Magdacesti.\" \/>\n<meta property=\"og:url\" content=\"https:\/\/magdacesti.md\/?p=3679\" \/>\n<meta property=\"og:site_name\" content=\"M\u0103gd\u0103ce\u0219ti\" \/>\n<meta property=\"article:publisher\" content=\"https:\/\/www.facebook.com\/magdacesti.md\/\" \/>\n<meta property=\"article:published_time\" content=\"2019-06-30T07:28:11+00:00\" \/>\n<meta property=\"og:image\" content=\"https:\/\/magdacesti.md\/wp-content\/uploads\/2019\/06\/65491399_687074895039761_4976201069659947008_o.jpg\" \/>\n<meta name=\"author\" content=\"Olga Enachi\" \/>\n<meta name=\"twitter:card\" content=\"summary_large_image\" \/>\n<meta name=\"twitter:label1\" content=\"Written by\" \/>\n\t<meta name=\"twitter:data1\" content=\"Olga Enachi\" \/>\n\t<meta name=\"twitter:label2\" content=\"Est. reading time\" \/>\n\t<meta name=\"twitter:data2\" content=\"1 minute\" \/>\n<script type=\"application\/ld+json\" class=\"yoast-schema-graph\">{\"@context\":\"https:\/\/schema.org\",\"@graph\":[{\"@type\":\"Article\",\"@id\":\"https:\/\/magdacesti.md\/?p=3679#article\",\"isPartOf\":{\"@id\":\"https:\/\/magdacesti.md\/?p=3679\"},\"author\":{\"name\":\"Olga Enachi\",\"@id\":\"https:\/\/magdacesti.md\/#\/schema\/person\/0068cad735c7cf3ab41a532515da0575\"},\"headline\":\"La Mul\u021bi Ani, ora\u0219ul Mioveni!\",\"datePublished\":\"2019-06-30T07:28:11+00:00\",\"dateModified\":\"2019-06-30T07:28:11+00:00\",\"mainEntityOfPage\":{\"@id\":\"https:\/\/magdacesti.md\/?p=3679\"},\"wordCount\":152,\"publisher\":{\"@id\":\"https:\/\/magdacesti.md\/#organization\"},\"image\":{\"@id\":\"https:\/\/magdacesti.md\/?p=3679#primaryimage\"},\"thumbnailUrl\":\"https:\/\/magdacesti.md\/wp-content\/uploads\/2019\/06\/65491399_687074895039761_4976201069659947008_o.jpg\",\"articleSection\":[\"Stiri\"],\"inLanguage\":\"en-US\"},{\"@type\":\"WebPage\",\"@id\":\"https:\/\/magdacesti.md\/?p=3679\",\"url\":\"https:\/\/magdacesti.md\/?p=3679\",\"name\":\"La Mul\u021bi Ani, ora\u0219ul Mioveni! - M\u0103gd\u0103ce\u0219ti\",\"isPartOf\":{\"@id\":\"https:\/\/magdacesti.md\/#website\"},\"primaryImageOfPage\":{\"@id\":\"https:\/\/magdacesti.md\/?p=3679#primaryimage\"},\"image\":{\"@id\":\"https:\/\/magdacesti.md\/?p=3679#primaryimage\"},\"thumbnailUrl\":\"https:\/\/magdacesti.md\/wp-content\/uploads\/2019\/06\/65491399_687074895039761_4976201069659947008_o.jpg\",\"datePublished\":\"2019-06-30T07:28:11+00:00\",\"dateModified\":\"2019-06-30T07:28:11+00:00\",\"description\":\"Bine ati venit pe pagina oficiala a Primariei Magdacesti.\",\"breadcrumb\":{\"@id\":\"https:\/\/magdacesti.md\/?p=3679#breadcrumb\"},\"inLanguage\":\"en-US\",\"potentialAction\":[{\"@type\":\"ReadAction\",\"target\":[\"https:\/\/magdacesti.md\/?p=3679\"]}]},{\"@type\":\"ImageObject\",\"inLanguage\":\"en-US\",\"@id\":\"https:\/\/magdacesti.md\/?p=3679#primaryimage\",\"url\":\"https:\/\/magdacesti.md\/wp-content\/uploads\/2019\/06\/65491399_687074895039761_4976201069659947008_o.jpg\",\"contentUrl\":\"https:\/\/magdacesti.md\/wp-content\/uploads\/2019\/06\/65491399_687074895039761_4976201069659947008_o.jpg\"},{\"@type\":\"BreadcrumbList\",\"@id\":\"https:\/\/magdacesti.md\/?p=3679#breadcrumb\",\"itemListElement\":[{\"@type\":\"ListItem\",\"position\":1,\"name\":\"Home\",\"item\":\"https:\/\/magdacesti.md\/\"},{\"@type\":\"ListItem\",\"position\":2,\"name\":\"La Mul\u021bi Ani, ora\u0219ul Mioveni!\"}]},{\"@type\":\"WebSite\",\"@id\":\"https:\/\/magdacesti.md\/#website\",\"url\":\"https:\/\/magdacesti.md\/\",\"name\":\"M\u0103gd\u0103ce\u0219ti\",\"description\":\"Un or\u0103\u0219el cu condi\u021bii decente de trai!\",\"publisher\":{\"@id\":\"https:\/\/magdacesti.md\/#organization\"},\"potentialAction\":[{\"@type\":\"SearchAction\",\"target\":{\"@type\":\"EntryPoint\",\"urlTemplate\":\"https:\/\/magdacesti.md\/?s={search_term_string}\"},\"query-input\":\"required name=search_term_string\"}],\"inLanguage\":\"en-US\"},{\"@type\":\"Organization\",\"@id\":\"https:\/\/magdacesti.md\/#organization\",\"name\":\"M\u0103gd\u0103ce\u0219ti\",\"url\":\"https:\/\/magdacesti.md\/\",\"logo\":{\"@type\":\"ImageObject\",\"inLanguage\":\"en-US\",\"@id\":\"https:\/\/magdacesti.md\/#\/schema\/logo\/image\/\",\"url\":\"https:\/\/magdacesti.md\/wp-content\/uploads\/2021\/03\/Foto-514-scaled.jpg\",\"contentUrl\":\"https:\/\/magdacesti.md\/wp-content\/uploads\/2021\/03\/Foto-514-scaled.jpg\",\"width\":2560,\"height\":1707,\"caption\":\"M\u0103gd\u0103ce\u0219ti\"},\"image\":{\"@id\":\"https:\/\/magdacesti.md\/#\/schema\/logo\/image\/\"},\"sameAs\":[\"https:\/\/www.facebook.com\/magdacesti.md\/\"]},{\"@type\":\"Person\",\"@id\":\"https:\/\/magdacesti.md\/#\/schema\/person\/0068cad735c7cf3ab41a532515da0575\",\"name\":\"Olga Enachi\",\"url\":\"https:\/\/magdacesti.md\/?author=2\"}]}<\/script>\n<!-- \/ Yoast SEO plugin. -->","yoast_head_json":{"title":"La Mul\u021bi Ani, ora\u0219ul Mioveni! - M\u0103gd\u0103ce\u0219ti","description":"Bine ati venit pe pagina oficiala a Primariei Magdacesti.","robots":{"index":"index","follow":"follow","max-snippet":"max-snippet:-1","max-image-preview":"max-image-preview:large","max-video-preview":"max-video-preview:-1"},"canonical":"https:\/\/magdacesti.md\/?p=3679","og_locale":"en_US","og_type":"article","og_title":"La Mul\u021bi Ani, ora\u0219ul Mioveni! - M\u0103gd\u0103ce\u0219ti","og_description":"Bine ati venit pe pagina oficiala a Primariei Magdacesti.","og_url":"https:\/\/magdacesti.md\/?p=3679","og_site_name":"M\u0103gd\u0103ce\u0219ti","article_publisher":"https:\/\/www.facebook.com\/magdacesti.md\/","article_published_time":"2019-06-30T07:28:11+00:00","og_image":[{"url":"https:\/\/magdacesti.md\/wp-content\/uploads\/2019\/06\/65491399_687074895039761_4976201069659947008_o.jpg"}],"author":"Olga Enachi","twitter_card":"summary_large_image","twitter_misc":{"Written by":"Olga Enachi","Est. reading time":"1 minute"},"schema":{"@context":"https:\/\/schema.org","@graph":[{"@type":"Article","@id":"https:\/\/magdacesti.md\/?p=3679#article","isPartOf":{"@id":"https:\/\/magdacesti.md\/?p=3679"},"author":{"name":"Olga Enachi","@id":"https:\/\/magdacesti.md\/#\/schema\/person\/0068cad735c7cf3ab41a532515da0575"},"headline":"La Mul\u021bi Ani, ora\u0219ul Mioveni!","datePublished":"2019-06-30T07:28:11+00:00","dateModified":"2019-06-30T07:28:11+00:00","mainEntityOfPage":{"@id":"https:\/\/magdacesti.md\/?p=3679"},"wordCount":152,"publisher":{"@id":"https:\/\/magdacesti.md\/#organization"},"image":{"@id":"https:\/\/magdacesti.md\/?p=3679#primaryimage"},"thumbnailUrl":"https:\/\/magdacesti.md\/wp-content\/uploads\/2019\/06\/65491399_687074895039761_4976201069659947008_o.jpg","articleSection":["Stiri"],"inLanguage":"en-US"},{"@type":"WebPage","@id":"https:\/\/magdacesti.md\/?p=3679","url":"https:\/\/magdacesti.md\/?p=3679","name":"La Mul\u021bi Ani, ora\u0219ul Mioveni! - M\u0103gd\u0103ce\u0219ti","isPartOf":{"@id":"https:\/\/magdacesti.md\/#website"},"primaryImageOfPage":{"@id":"https:\/\/magdacesti.md\/?p=3679#primaryimage"},"image":{"@id":"https:\/\/magdacesti.md\/?p=3679#primaryimage"},"thumbnailUrl":"https:\/\/magdacesti.md\/wp-content\/uploads\/2019\/06\/65491399_687074895039761_4976201069659947008_o.jpg","datePublished":"2019-06-30T07:28:11+00:00","dateModified":"2019-06-30T07:28:11+00:00","description":"Bine ati venit pe pagina oficiala a Primariei Magdacesti.","breadcrumb":{"@id":"https:\/\/magdacesti.md\/?p=3679#breadcrumb"},"inLanguage":"en-US","potentialAction":[{"@type":"ReadAction","target":["https:\/\/magdacesti.md\/?p=3679"]}]},{"@type":"ImageObject","inLanguage":"en-US","@id":"https:\/\/magdacesti.md\/?p=3679#primaryimage","url":"https:\/\/magdacesti.md\/wp-content\/uploads\/2019\/06\/65491399_687074895039761_4976201069659947008_o.jpg","contentUrl":"https:\/\/magdacesti.md\/wp-content\/uploads\/2019\/06\/65491399_687074895039761_4976201069659947008_o.jpg"},{"@type":"BreadcrumbList","@id":"https:\/\/magdacesti.md\/?p=3679#breadcrumb","itemListElement":[{"@type":"ListItem","position":1,"name":"Home","item":"https:\/\/magdacesti.md\/"},{"@type":"ListItem","position":2,"name":"La Mul\u021bi Ani, ora\u0219ul Mioveni!"}]},{"@type":"WebSite","@id":"https:\/\/magdacesti.md\/#website","url":"https:\/\/magdacesti.md\/","name":"M\u0103gd\u0103ce\u0219ti","description":"Un or\u0103\u0219el cu condi\u021bii decente de trai!","publisher":{"@id":"https:\/\/magdacesti.md\/#organization"},"potentialAction":[{"@type":"SearchAction","target":{"@type":"EntryPoint","urlTemplate":"https:\/\/magdacesti.md\/?s={search_term_string}"},"query-input":"required name=search_term_string"}],"inLanguage":"en-US"},{"@type":"Organization","@id":"https:\/\/magdacesti.md\/#organization","name":"M\u0103gd\u0103ce\u0219ti","url":"https:\/\/magdacesti.md\/","logo":{"@type":"ImageObject","inLanguage":"en-US","@id":"https:\/\/magdacesti.md\/#\/schema\/logo\/image\/","url":"https:\/\/magdacesti.md\/wp-content\/uploads\/2021\/03\/Foto-514-scaled.jpg","contentUrl":"https:\/\/magdacesti.md\/wp-content\/uploads\/2021\/03\/Foto-514-scaled.jpg","width":2560,"height":1707,"caption":"M\u0103gd\u0103ce\u0219ti"},"image":{"@id":"https:\/\/magdacesti.md\/#\/schema\/logo\/image\/"},"sameAs":["https:\/\/www.facebook.com\/magdacesti.md\/"]},{"@type":"Person","@id":"https:\/\/magdacesti.md\/#\/schema\/person\/0068cad735c7cf3ab41a532515da0575","name":"Olga Enachi","url":"https:\/\/magdacesti.md\/?author=2"}]}},"_links":{"self":[{"href":"https:\/\/magdacesti.md\/index.php?rest_route=\/wp\/v2\/posts\/3679","targetHints":{"allow":["GET"]}}],"collection":[{"href":"https:\/\/magdacesti.md\/index.php?rest_route=\/wp\/v2\/posts"}],"about":[{"href":"https:\/\/magdacesti.md\/index.php?rest_route=\/wp\/v2\/types\/post"}],"author":[{"embeddable":true,"href":"https:\/\/magdacesti.md\/index.php?rest_route=\/wp\/v2\/users\/2"}],"replies":[{"embeddable":true,"href":"https:\/\/magdacesti.md\/index.php?rest_route=%2Fwp%2Fv2%2Fcomments&post=3679"}],"version-history":[{"count":0,"href":"https:\/\/magdacesti.md\/index.php?rest_route=\/wp\/v2\/posts\/3679\/revisions"}],"wp:attachment":[{"href":"https:\/\/magdacesti.md\/index.php?rest_route=%2Fwp%2Fv2%2Fmedia&parent=3679"}],"wp:term":[{"taxonomy":"category","embeddable":true,"href":"https:\/\/magdacesti.md\/index.php?rest_route=%2Fwp%2Fv2%2Fcategories&post=3679"},{"taxonomy":"post_tag","embeddable":true,"href":"https:\/\/magdacesti.md\/index.php?rest_route=%2Fwp%2Fv2%2Ftags&post=3679"}],"curies":[{"name":"wp","href":"https:\/\/api.w.org\/{rel}","templated":true}]}}