{"id":3691,"date":"2019-07-02T16:46:31","date_gmt":"2019-07-02T13:46:31","guid":{"rendered":"https:\/\/magdacesti.md\/?p=3691"},"modified":"2019-07-02T16:46:31","modified_gmt":"2019-07-02T13:46:31","slug":"centrul-de-cultura-si-limba-coreeana-invita-toti-elevii-la-tabara-de-vara-filiala-magdacesti","status":"publish","type":"post","link":"https:\/\/magdacesti.md\/?p=3691","title":{"rendered":"Centrul de Cultur\u0103 \u0219i Limba Coreeana invit\u0103 to\u021bi elevii la Tab\u0103ra de Var\u0103, filiala M\u0103gd\u0103ce\u0219ti"},"content":{"rendered":"<p><strong>Azi, \u00een incinta Liceului Teoretic M\u0103gd\u0103ce\u0219ti, s-a dat startul \u0218colii de var\u0103 \u201dIT, limba \u0219i cultura coreean\u0103\u201d, organizat\u0103 de Agen\u021bia de Stat a Coreei de Sud (NIA), Institutul de \u0218tiin\u021be Tehnologice din Gwang Ju (GIST), \u00een colaborare cu Centrul de Cultur\u0103 \u0219i Limb\u0103 Coreean\u0103 \u201dSe Jong\u201d din cadrul ULIM si Ministerul Educa\u021biei.\u00a0Cu aceast\u0103 ocazie, echipa de voluntari au \u00eentreprins o vizit\u0103\u00a0<span class=\"text_exposed_show\">la prim\u0103rie, pentru a discuta mai multe despre acest proiect.<\/span><\/strong><\/p>\n<p><img loading=\"lazy\" decoding=\"async\" class=\"aligncenter\" src=\"https:\/\/magdacesti.md\/wp-content\/uploads\/2019\/07\/viber_image_2019-07-02_12-50-15.jpg\" alt=\"\" width=\"623\" height=\"468\" \/><\/p>\n<p><img loading=\"lazy\" decoding=\"async\" class=\"aligncenter\" src=\"https:\/\/magdacesti.md\/wp-content\/uploads\/2019\/07\/viber_image_2019-07-02_12-50-11.jpg\" alt=\"\" width=\"615\" height=\"462\" \/><\/p>\n<p><img loading=\"lazy\" decoding=\"async\" class=\"aligncenter\" src=\"https:\/\/magdacesti.md\/wp-content\/uploads\/2019\/07\/viber_image_2019-07-02_12-50-09.jpg\" alt=\"\" width=\"621\" height=\"467\" \/><\/p>\n<p><img loading=\"lazy\" decoding=\"async\" class=\"aligncenter\" src=\"https:\/\/magdacesti.md\/wp-content\/uploads\/2019\/07\/viber_image_2019-07-02_12-50-22.jpg\" alt=\"\" width=\"618\" height=\"464\" \/><\/p>\n<p>Aceast\u0103 tab\u0103r\u0103 devine tot mai popular\u0103 \u00een r\u00e2ndul tinerilor din Republica Moldova, dornici s\u0103-\u0219i aprofundeze cuno\u0219tin\u021bele de limb\u0103 coreean\u0103 \u0219i s\u0103 studieze cultura \u201d\u021a\u0103rii dimine\u021bilor lini\u0219tite\u201d.<\/p>\n<div class=\"text_exposed_show\">\n<p>Cursurile vor avea loc \u00een fiecare zi, de la <strong>ora 9.00<\/strong>, \u00een perioada <strong>2 Iulie &#8211; 31 Iulie.<\/strong><br \/>\nLa final, to\u021bi participan\u021bii vor primi certificate \u0219i diplome.<\/p>\n<p>Suntem siguri c\u0103 vom avea o colaborare frumoas\u0103!<\/p>\n<\/div>\n","protected":false},"excerpt":{"rendered":"<p>Azi, \u00een incinta Liceului Teoretic M\u0103gd\u0103ce\u0219ti, s-a dat startul \u0218colii de var\u0103 \u201dIT, limba \u0219i cultura coreean\u0103\u201d, organizat\u0103 de Agen\u021bia de Stat a Coreei de Sud (NIA), Institutul de \u0218tiin\u021be Tehnologice din Gwang Ju (GIST), \u00een colaborare cu Centrul de Cultur\u0103 \u0219i Limb\u0103 Coreean\u0103 \u201dSe Jong\u201d din cadrul ULIM si Ministerul Educa\u021biei.\u00a0Cu aceast\u0103 ocazie, echipa [&#8230;]\n","protected":false},"author":2,"featured_media":0,"comment_status":"closed","ping_status":"closed","sticky":false,"template":"","format":"standard","meta":{"ngg_post_thumbnail":0,"footnotes":""},"categories":[4],"tags":[],"class_list":["post-3691","post","type-post","status-publish","format-standard","hentry","category-stiri"],"yoast_head":"<!-- This site is optimized with the Yoast SEO plugin v23.3 - https:\/\/yoast.com\/wordpress\/plugins\/seo\/ -->\n<title>Centrul de Cultur\u0103 \u0219i Limba Coreeana invit\u0103 to\u021bi elevii la Tab\u0103ra de Var\u0103, filiala M\u0103gd\u0103ce\u0219ti - M\u0103gd\u0103ce\u0219ti<\/title>\n<meta name=\"description\" content=\"Bine ati venit pe pagina oficiala a Primariei Magdacesti.\" \/>\n<meta name=\"robots\" content=\"index, follow, max-snippet:-1, max-image-preview:large, max-video-preview:-1\" \/>\n<link rel=\"canonical\" href=\"https:\/\/magdacesti.md\/?p=3691\" \/>\n<meta property=\"og:locale\" content=\"en_US\" \/>\n<meta property=\"og:type\" content=\"article\" \/>\n<meta property=\"og:title\" content=\"Centrul de Cultur\u0103 \u0219i Limba Coreeana invit\u0103 to\u021bi elevii la Tab\u0103ra de Var\u0103, filiala M\u0103gd\u0103ce\u0219ti - M\u0103gd\u0103ce\u0219ti\" \/>\n<meta property=\"og:description\" content=\"Bine ati venit pe pagina oficiala a Primariei Magdacesti.\" \/>\n<meta property=\"og:url\" content=\"https:\/\/magdacesti.md\/?p=3691\" \/>\n<meta property=\"og:site_name\" content=\"M\u0103gd\u0103ce\u0219ti\" \/>\n<meta property=\"article:publisher\" content=\"https:\/\/www.facebook.com\/magdacesti.md\/\" \/>\n<meta property=\"article:published_time\" content=\"2019-07-02T13:46:31+00:00\" \/>\n<meta property=\"og:image\" content=\"https:\/\/magdacesti.md\/wp-content\/uploads\/2019\/07\/viber_image_2019-07-02_12-50-15.jpg\" \/>\n<meta name=\"author\" content=\"Olga Enachi\" \/>\n<meta name=\"twitter:card\" content=\"summary_large_image\" \/>\n<meta name=\"twitter:label1\" content=\"Written by\" \/>\n\t<meta name=\"twitter:data1\" content=\"Olga Enachi\" \/>\n\t<meta name=\"twitter:label2\" content=\"Est. reading time\" \/>\n\t<meta name=\"twitter:data2\" content=\"1 minute\" \/>\n<script type=\"application\/ld+json\" class=\"yoast-schema-graph\">{\"@context\":\"https:\/\/schema.org\",\"@graph\":[{\"@type\":\"Article\",\"@id\":\"https:\/\/magdacesti.md\/?p=3691#article\",\"isPartOf\":{\"@id\":\"https:\/\/magdacesti.md\/?p=3691\"},\"author\":{\"name\":\"Olga Enachi\",\"@id\":\"https:\/\/magdacesti.md\/#\/schema\/person\/0068cad735c7cf3ab41a532515da0575\"},\"headline\":\"Centrul de Cultur\u0103 \u0219i Limba Coreeana invit\u0103 to\u021bi elevii la Tab\u0103ra de Var\u0103, filiala M\u0103gd\u0103ce\u0219ti\",\"datePublished\":\"2019-07-02T13:46:31+00:00\",\"dateModified\":\"2019-07-02T13:46:31+00:00\",\"mainEntityOfPage\":{\"@id\":\"https:\/\/magdacesti.md\/?p=3691\"},\"wordCount\":167,\"publisher\":{\"@id\":\"https:\/\/magdacesti.md\/#organization\"},\"image\":{\"@id\":\"https:\/\/magdacesti.md\/?p=3691#primaryimage\"},\"thumbnailUrl\":\"https:\/\/magdacesti.md\/wp-content\/uploads\/2019\/07\/viber_image_2019-07-02_12-50-15.jpg\",\"articleSection\":[\"Stiri\"],\"inLanguage\":\"en-US\"},{\"@type\":\"WebPage\",\"@id\":\"https:\/\/magdacesti.md\/?p=3691\",\"url\":\"https:\/\/magdacesti.md\/?p=3691\",\"name\":\"Centrul de Cultur\u0103 \u0219i Limba Coreeana invit\u0103 to\u021bi elevii la Tab\u0103ra de Var\u0103, filiala M\u0103gd\u0103ce\u0219ti - M\u0103gd\u0103ce\u0219ti\",\"isPartOf\":{\"@id\":\"https:\/\/magdacesti.md\/#website\"},\"primaryImageOfPage\":{\"@id\":\"https:\/\/magdacesti.md\/?p=3691#primaryimage\"},\"image\":{\"@id\":\"https:\/\/magdacesti.md\/?p=3691#primaryimage\"},\"thumbnailUrl\":\"https:\/\/magdacesti.md\/wp-content\/uploads\/2019\/07\/viber_image_2019-07-02_12-50-15.jpg\",\"datePublished\":\"2019-07-02T13:46:31+00:00\",\"dateModified\":\"2019-07-02T13:46:31+00:00\",\"description\":\"Bine ati venit pe pagina oficiala a Primariei Magdacesti.\",\"breadcrumb\":{\"@id\":\"https:\/\/magdacesti.md\/?p=3691#breadcrumb\"},\"inLanguage\":\"en-US\",\"potentialAction\":[{\"@type\":\"ReadAction\",\"target\":[\"https:\/\/magdacesti.md\/?p=3691\"]}]},{\"@type\":\"ImageObject\",\"inLanguage\":\"en-US\",\"@id\":\"https:\/\/magdacesti.md\/?p=3691#primaryimage\",\"url\":\"https:\/\/magdacesti.md\/wp-content\/uploads\/2019\/07\/viber_image_2019-07-02_12-50-15.jpg\",\"contentUrl\":\"https:\/\/magdacesti.md\/wp-content\/uploads\/2019\/07\/viber_image_2019-07-02_12-50-15.jpg\"},{\"@type\":\"BreadcrumbList\",\"@id\":\"https:\/\/magdacesti.md\/?p=3691#breadcrumb\",\"itemListElement\":[{\"@type\":\"ListItem\",\"position\":1,\"name\":\"Home\",\"item\":\"https:\/\/magdacesti.md\/\"},{\"@type\":\"ListItem\",\"position\":2,\"name\":\"Centrul de Cultur\u0103 \u0219i Limba Coreeana invit\u0103 to\u021bi elevii la Tab\u0103ra de Var\u0103, filiala M\u0103gd\u0103ce\u0219ti\"}]},{\"@type\":\"WebSite\",\"@id\":\"https:\/\/magdacesti.md\/#website\",\"url\":\"https:\/\/magdacesti.md\/\",\"name\":\"M\u0103gd\u0103ce\u0219ti\",\"description\":\"Un or\u0103\u0219el cu condi\u021bii decente de trai!\",\"publisher\":{\"@id\":\"https:\/\/magdacesti.md\/#organization\"},\"potentialAction\":[{\"@type\":\"SearchAction\",\"target\":{\"@type\":\"EntryPoint\",\"urlTemplate\":\"https:\/\/magdacesti.md\/?s={search_term_string}\"},\"query-input\":\"required name=search_term_string\"}],\"inLanguage\":\"en-US\"},{\"@type\":\"Organization\",\"@id\":\"https:\/\/magdacesti.md\/#organization\",\"name\":\"M\u0103gd\u0103ce\u0219ti\",\"url\":\"https:\/\/magdacesti.md\/\",\"logo\":{\"@type\":\"ImageObject\",\"inLanguage\":\"en-US\",\"@id\":\"https:\/\/magdacesti.md\/#\/schema\/logo\/image\/\",\"url\":\"https:\/\/magdacesti.md\/wp-content\/uploads\/2021\/03\/Foto-514-scaled.jpg\",\"contentUrl\":\"https:\/\/magdacesti.md\/wp-content\/uploads\/2021\/03\/Foto-514-scaled.jpg\",\"width\":2560,\"height\":1707,\"caption\":\"M\u0103gd\u0103ce\u0219ti\"},\"image\":{\"@id\":\"https:\/\/magdacesti.md\/#\/schema\/logo\/image\/\"},\"sameAs\":[\"https:\/\/www.facebook.com\/magdacesti.md\/\"]},{\"@type\":\"Person\",\"@id\":\"https:\/\/magdacesti.md\/#\/schema\/person\/0068cad735c7cf3ab41a532515da0575\",\"name\":\"Olga Enachi\",\"url\":\"https:\/\/magdacesti.md\/?author=2\"}]}<\/script>\n<!-- \/ Yoast SEO plugin. -->","yoast_head_json":{"title":"Centrul de Cultur\u0103 \u0219i Limba Coreeana invit\u0103 to\u021bi elevii la Tab\u0103ra de Var\u0103, filiala M\u0103gd\u0103ce\u0219ti - M\u0103gd\u0103ce\u0219ti","description":"Bine ati venit pe pagina oficiala a Primariei Magdacesti.","robots":{"index":"index","follow":"follow","max-snippet":"max-snippet:-1","max-image-preview":"max-image-preview:large","max-video-preview":"max-video-preview:-1"},"canonical":"https:\/\/magdacesti.md\/?p=3691","og_locale":"en_US","og_type":"article","og_title":"Centrul de Cultur\u0103 \u0219i Limba Coreeana invit\u0103 to\u021bi elevii la Tab\u0103ra de Var\u0103, filiala M\u0103gd\u0103ce\u0219ti - M\u0103gd\u0103ce\u0219ti","og_description":"Bine ati venit pe pagina oficiala a Primariei Magdacesti.","og_url":"https:\/\/magdacesti.md\/?p=3691","og_site_name":"M\u0103gd\u0103ce\u0219ti","article_publisher":"https:\/\/www.facebook.com\/magdacesti.md\/","article_published_time":"2019-07-02T13:46:31+00:00","og_image":[{"url":"https:\/\/magdacesti.md\/wp-content\/uploads\/2019\/07\/viber_image_2019-07-02_12-50-15.jpg"}],"author":"Olga Enachi","twitter_card":"summary_large_image","twitter_misc":{"Written by":"Olga Enachi","Est. reading time":"1 minute"},"schema":{"@context":"https:\/\/schema.org","@graph":[{"@type":"Article","@id":"https:\/\/magdacesti.md\/?p=3691#article","isPartOf":{"@id":"https:\/\/magdacesti.md\/?p=3691"},"author":{"name":"Olga Enachi","@id":"https:\/\/magdacesti.md\/#\/schema\/person\/0068cad735c7cf3ab41a532515da0575"},"headline":"Centrul de Cultur\u0103 \u0219i Limba Coreeana invit\u0103 to\u021bi elevii la Tab\u0103ra de Var\u0103, filiala M\u0103gd\u0103ce\u0219ti","datePublished":"2019-07-02T13:46:31+00:00","dateModified":"2019-07-02T13:46:31+00:00","mainEntityOfPage":{"@id":"https:\/\/magdacesti.md\/?p=3691"},"wordCount":167,"publisher":{"@id":"https:\/\/magdacesti.md\/#organization"},"image":{"@id":"https:\/\/magdacesti.md\/?p=3691#primaryimage"},"thumbnailUrl":"https:\/\/magdacesti.md\/wp-content\/uploads\/2019\/07\/viber_image_2019-07-02_12-50-15.jpg","articleSection":["Stiri"],"inLanguage":"en-US"},{"@type":"WebPage","@id":"https:\/\/magdacesti.md\/?p=3691","url":"https:\/\/magdacesti.md\/?p=3691","name":"Centrul de Cultur\u0103 \u0219i Limba Coreeana invit\u0103 to\u021bi elevii la Tab\u0103ra de Var\u0103, filiala M\u0103gd\u0103ce\u0219ti - M\u0103gd\u0103ce\u0219ti","isPartOf":{"@id":"https:\/\/magdacesti.md\/#website"},"primaryImageOfPage":{"@id":"https:\/\/magdacesti.md\/?p=3691#primaryimage"},"image":{"@id":"https:\/\/magdacesti.md\/?p=3691#primaryimage"},"thumbnailUrl":"https:\/\/magdacesti.md\/wp-content\/uploads\/2019\/07\/viber_image_2019-07-02_12-50-15.jpg","datePublished":"2019-07-02T13:46:31+00:00","dateModified":"2019-07-02T13:46:31+00:00","description":"Bine ati venit pe pagina oficiala a Primariei Magdacesti.","breadcrumb":{"@id":"https:\/\/magdacesti.md\/?p=3691#breadcrumb"},"inLanguage":"en-US","potentialAction":[{"@type":"ReadAction","target":["https:\/\/magdacesti.md\/?p=3691"]}]},{"@type":"ImageObject","inLanguage":"en-US","@id":"https:\/\/magdacesti.md\/?p=3691#primaryimage","url":"https:\/\/magdacesti.md\/wp-content\/uploads\/2019\/07\/viber_image_2019-07-02_12-50-15.jpg","contentUrl":"https:\/\/magdacesti.md\/wp-content\/uploads\/2019\/07\/viber_image_2019-07-02_12-50-15.jpg"},{"@type":"BreadcrumbList","@id":"https:\/\/magdacesti.md\/?p=3691#breadcrumb","itemListElement":[{"@type":"ListItem","position":1,"name":"Home","item":"https:\/\/magdacesti.md\/"},{"@type":"ListItem","position":2,"name":"Centrul de Cultur\u0103 \u0219i Limba Coreeana invit\u0103 to\u021bi elevii la Tab\u0103ra de Var\u0103, filiala M\u0103gd\u0103ce\u0219ti"}]},{"@type":"WebSite","@id":"https:\/\/magdacesti.md\/#website","url":"https:\/\/magdacesti.md\/","name":"M\u0103gd\u0103ce\u0219ti","description":"Un or\u0103\u0219el cu condi\u021bii decente de trai!","publisher":{"@id":"https:\/\/magdacesti.md\/#organization"},"potentialAction":[{"@type":"SearchAction","target":{"@type":"EntryPoint","urlTemplate":"https:\/\/magdacesti.md\/?s={search_term_string}"},"query-input":"required name=search_term_string"}],"inLanguage":"en-US"},{"@type":"Organization","@id":"https:\/\/magdacesti.md\/#organization","name":"M\u0103gd\u0103ce\u0219ti","url":"https:\/\/magdacesti.md\/","logo":{"@type":"ImageObject","inLanguage":"en-US","@id":"https:\/\/magdacesti.md\/#\/schema\/logo\/image\/","url":"https:\/\/magdacesti.md\/wp-content\/uploads\/2021\/03\/Foto-514-scaled.jpg","contentUrl":"https:\/\/magdacesti.md\/wp-content\/uploads\/2021\/03\/Foto-514-scaled.jpg","width":2560,"height":1707,"caption":"M\u0103gd\u0103ce\u0219ti"},"image":{"@id":"https:\/\/magdacesti.md\/#\/schema\/logo\/image\/"},"sameAs":["https:\/\/www.facebook.com\/magdacesti.md\/"]},{"@type":"Person","@id":"https:\/\/magdacesti.md\/#\/schema\/person\/0068cad735c7cf3ab41a532515da0575","name":"Olga Enachi","url":"https:\/\/magdacesti.md\/?author=2"}]}},"_links":{"self":[{"href":"https:\/\/magdacesti.md\/index.php?rest_route=\/wp\/v2\/posts\/3691","targetHints":{"allow":["GET"]}}],"collection":[{"href":"https:\/\/magdacesti.md\/index.php?rest_route=\/wp\/v2\/posts"}],"about":[{"href":"https:\/\/magdacesti.md\/index.php?rest_route=\/wp\/v2\/types\/post"}],"author":[{"embeddable":true,"href":"https:\/\/magdacesti.md\/index.php?rest_route=\/wp\/v2\/users\/2"}],"replies":[{"embeddable":true,"href":"https:\/\/magdacesti.md\/index.php?rest_route=%2Fwp%2Fv2%2Fcomments&post=3691"}],"version-history":[{"count":0,"href":"https:\/\/magdacesti.md\/index.php?rest_route=\/wp\/v2\/posts\/3691\/revisions"}],"wp:attachment":[{"href":"https:\/\/magdacesti.md\/index.php?rest_route=%2Fwp%2Fv2%2Fmedia&parent=3691"}],"wp:term":[{"taxonomy":"category","embeddable":true,"href":"https:\/\/magdacesti.md\/index.php?rest_route=%2Fwp%2Fv2%2Fcategories&post=3691"},{"taxonomy":"post_tag","embeddable":true,"href":"https:\/\/magdacesti.md\/index.php?rest_route=%2Fwp%2Fv2%2Ftags&post=3691"}],"curies":[{"name":"wp","href":"https:\/\/api.w.org\/{rel}","templated":true}]}}