{"id":3714,"date":"2019-07-10T12:20:38","date_gmt":"2019-07-10T09:20:38","guid":{"rendered":"https:\/\/magdacesti.md\/?p=3714"},"modified":"2019-07-10T12:20:38","modified_gmt":"2019-07-10T09:20:38","slug":"16-iulie-2019-sedinta-ordinara-a-consiliului-satesc","status":"publish","type":"post","link":"https:\/\/magdacesti.md\/?p=3714","title":{"rendered":"Anun\u021b! 16 Iulie  2019  &#8211; convocarea \u0219edin\u021bei ordinare a Consiliului s\u0103tesc M\u0103gd\u0103ce\u015fti"},"content":{"rendered":"<p>\u00cen conformitate cu art. 16 p.1 p .5 din Legea privind administra\u021bia public\u0103 local\u0103 nr.436-XVI din 28.12.2006 dispozi\u021bia nr.31 A\/B din 01 iulie 2019<\/p>\n<p>16 Iulie 2019 <strong>ora 18.00<\/strong> \u00een incinta Prim\u0103riei M\u0103gd\u0103ce\u0219ti din se convoac\u0103 \u0219edin\u021ba ordinar\u0103 a Consiliului s\u0103tesc cu ORDINEA DE ZI :<\/p>\n<p><!--more--><\/p>\n<ol>\n<li>Cu privire la rectificarea bugetului satului M\u0103gd\u0103ce\u0219ti\n<ul>\n<li>Raportor: Liuba COJOCARU, primar<\/li>\n<\/ul>\n<\/li>\n<li>Cu privire la atribuirea terenului\n<ul>\n<li>Raportor: Liuba COJOCARU, primar<\/li>\n<\/ul>\n<\/li>\n<li>Cu privire la ini\u021bierea procedurii de delimitare \u00een mod selectiv a bunului imobil proprietare APL M\u0103gd\u0103ce\u0219ti\n<ul>\n<li>Raportor: Liuba COJOCARU, primar<\/li>\n<\/ul>\n<\/li>\n<li>Cu privire la ini\u021bierea procedurii de delimitare \u00een mod selectiv a bunului imobil proprietare APL M\u0103gd\u0103ce\u0219ti\n<ul>\n<li>Raportor: Liuba COJOCARU, primar<\/li>\n<\/ul>\n<\/li>\n<li>Cu privire la acordarea ajutorului material cet\u0103\u0163enilor\n<ul>\n<li>Raportor: Liuba COJOCARU, primar<\/li>\n<\/ul>\n<\/li>\n<li>Cu privire la examinarea cererii locatarilor str\u0103zii Dacia\n<ul>\n<li>Raportor: Liuba COJOCARU, primar<\/li>\n<\/ul>\n<\/li>\n<li>Cu privire la examinarea cererii cet. Ursu Constantin\n<ul>\n<li>Raportor: Liuba COJOCARU, primar<\/li>\n<\/ul>\n<\/li>\n<li>Cu privire la examinarea cererii prealabile\n<ul>\n<li>Raportor: Liuba COJOCARU, primar<\/li>\n<\/ul>\n<\/li>\n<li>Cu privire la desemnarea reprezentan\u0163ilor Consiliului s\u0103tesc M\u0103gd\u0103ce\u015fti \u00een instan\u0163a de judecat\u0103<\/li>\n<li>Cu privire la modificarea Regulamentului de organizare \u015fi func\u0163ionare a \u00ce M Ap\u0103 Canal M\u0103gd\u0103ce\u015fti\n<ul>\n<li>Raportor: Andrei DRAGOMAN, administrator<\/li>\n<\/ul>\n<\/li>\n<li>Cu privire la modificarea schemei de \u00eencadrare a personalului \u00ceM \u201d Ap\u0103 -Canal M\u0103gd\u0103ce\u0219ti \u201d\n<ul>\n<li>Raportor: Andrei DRAGOMAN, administrator<\/li>\n<\/ul>\n<\/li>\n<li>Cu privire la casarea mijloacelor fixe\n<ul>\n<li>Raportor: Cezara Boaghie, contabil \u0219ef<\/li>\n<\/ul>\n<\/li>\n<li>Cu privire la transmiterea cu titlu gratuit\n<ul>\n<li>Raportor Cezara Boaghie, contabil \u0219ef<\/li>\n<\/ul>\n<\/li>\n<\/ol>\n","protected":false},"excerpt":{"rendered":"<p>\u00cen conformitate cu art. 16 p.1 p .5 din Legea privind administra\u021bia public\u0103 local\u0103 nr.436-XVI din 28.12.2006 dispozi\u021bia nr.31 A\/B din 01 iulie 2019 16 Iulie 2019 ora 18.00 \u00een incinta Prim\u0103riei M\u0103gd\u0103ce\u0219ti din se convoac\u0103 \u0219edin\u021ba ordinar\u0103 a Consiliului s\u0103tesc cu ORDINEA DE ZI :<\/p>\n","protected":false},"author":1,"featured_media":0,"comment_status":"closed","ping_status":"closed","sticky":false,"template":"","format":"standard","meta":{"ngg_post_thumbnail":0,"footnotes":""},"categories":[4],"tags":[],"class_list":["post-3714","post","type-post","status-publish","format-standard","hentry","category-stiri"],"yoast_head":"<!-- This site is optimized with the Yoast SEO plugin v23.3 - https:\/\/yoast.com\/wordpress\/plugins\/seo\/ -->\n<title>Anun\u021b! 16 Iulie 2019 - convocarea \u0219edin\u021bei ordinare a Consiliului s\u0103tesc M\u0103gd\u0103ce\u015fti - M\u0103gd\u0103ce\u0219ti<\/title>\n<meta name=\"description\" content=\"Bine ati venit pe pagina oficiala a Primariei Magdacesti.\" \/>\n<meta name=\"robots\" content=\"index, follow, max-snippet:-1, max-image-preview:large, max-video-preview:-1\" \/>\n<link rel=\"canonical\" href=\"https:\/\/magdacesti.md\/?p=3714\" \/>\n<meta property=\"og:locale\" content=\"en_US\" \/>\n<meta property=\"og:type\" content=\"article\" \/>\n<meta property=\"og:title\" content=\"Anun\u021b! 16 Iulie 2019 - convocarea \u0219edin\u021bei ordinare a Consiliului s\u0103tesc M\u0103gd\u0103ce\u015fti - M\u0103gd\u0103ce\u0219ti\" \/>\n<meta property=\"og:description\" content=\"Bine ati venit pe pagina oficiala a Primariei Magdacesti.\" \/>\n<meta property=\"og:url\" content=\"https:\/\/magdacesti.md\/?p=3714\" \/>\n<meta property=\"og:site_name\" content=\"M\u0103gd\u0103ce\u0219ti\" \/>\n<meta property=\"article:publisher\" content=\"https:\/\/www.facebook.com\/magdacesti.md\/\" \/>\n<meta property=\"article:published_time\" content=\"2019-07-10T09:20:38+00:00\" \/>\n<meta property=\"og:image\" content=\"https:\/\/magdacesti.md\/wp-content\/uploads\/2021\/03\/Foto-514-edit-scaled.jpg\" \/>\n\t<meta property=\"og:image:width\" content=\"2560\" \/>\n\t<meta property=\"og:image:height\" content=\"1707\" \/>\n\t<meta property=\"og:image:type\" content=\"image\/jpeg\" \/>\n<meta name=\"author\" content=\"magdacesti\" \/>\n<meta name=\"twitter:card\" content=\"summary_large_image\" \/>\n<meta name=\"twitter:label1\" content=\"Written by\" \/>\n\t<meta name=\"twitter:data1\" content=\"magdacesti\" \/>\n\t<meta name=\"twitter:label2\" content=\"Est. reading time\" \/>\n\t<meta name=\"twitter:data2\" content=\"1 minute\" \/>\n<script type=\"application\/ld+json\" class=\"yoast-schema-graph\">{\"@context\":\"https:\/\/schema.org\",\"@graph\":[{\"@type\":\"Article\",\"@id\":\"https:\/\/magdacesti.md\/?p=3714#article\",\"isPartOf\":{\"@id\":\"https:\/\/magdacesti.md\/?p=3714\"},\"author\":{\"name\":\"magdacesti\",\"@id\":\"https:\/\/magdacesti.md\/#\/schema\/person\/ee6a6d0a5f0b0cb676ac992c8e414842\"},\"headline\":\"Anun\u021b! 16 Iulie 2019 &#8211; convocarea \u0219edin\u021bei ordinare a Consiliului s\u0103tesc M\u0103gd\u0103ce\u015fti\",\"datePublished\":\"2019-07-10T09:20:38+00:00\",\"dateModified\":\"2019-07-10T09:20:38+00:00\",\"mainEntityOfPage\":{\"@id\":\"https:\/\/magdacesti.md\/?p=3714\"},\"wordCount\":263,\"publisher\":{\"@id\":\"https:\/\/magdacesti.md\/#organization\"},\"articleSection\":[\"Stiri\"],\"inLanguage\":\"en-US\"},{\"@type\":\"WebPage\",\"@id\":\"https:\/\/magdacesti.md\/?p=3714\",\"url\":\"https:\/\/magdacesti.md\/?p=3714\",\"name\":\"Anun\u021b! 16 Iulie 2019 - convocarea \u0219edin\u021bei ordinare a Consiliului s\u0103tesc M\u0103gd\u0103ce\u015fti - M\u0103gd\u0103ce\u0219ti\",\"isPartOf\":{\"@id\":\"https:\/\/magdacesti.md\/#website\"},\"datePublished\":\"2019-07-10T09:20:38+00:00\",\"dateModified\":\"2019-07-10T09:20:38+00:00\",\"description\":\"Bine ati venit pe pagina oficiala a Primariei Magdacesti.\",\"breadcrumb\":{\"@id\":\"https:\/\/magdacesti.md\/?p=3714#breadcrumb\"},\"inLanguage\":\"en-US\",\"potentialAction\":[{\"@type\":\"ReadAction\",\"target\":[\"https:\/\/magdacesti.md\/?p=3714\"]}]},{\"@type\":\"BreadcrumbList\",\"@id\":\"https:\/\/magdacesti.md\/?p=3714#breadcrumb\",\"itemListElement\":[{\"@type\":\"ListItem\",\"position\":1,\"name\":\"Home\",\"item\":\"https:\/\/magdacesti.md\/\"},{\"@type\":\"ListItem\",\"position\":2,\"name\":\"Anun\u021b! 16 Iulie 2019 &#8211; convocarea \u0219edin\u021bei ordinare a Consiliului s\u0103tesc M\u0103gd\u0103ce\u015fti\"}]},{\"@type\":\"WebSite\",\"@id\":\"https:\/\/magdacesti.md\/#website\",\"url\":\"https:\/\/magdacesti.md\/\",\"name\":\"M\u0103gd\u0103ce\u0219ti\",\"description\":\"Un or\u0103\u0219el cu condi\u021bii decente de trai!\",\"publisher\":{\"@id\":\"https:\/\/magdacesti.md\/#organization\"},\"potentialAction\":[{\"@type\":\"SearchAction\",\"target\":{\"@type\":\"EntryPoint\",\"urlTemplate\":\"https:\/\/magdacesti.md\/?s={search_term_string}\"},\"query-input\":\"required name=search_term_string\"}],\"inLanguage\":\"en-US\"},{\"@type\":\"Organization\",\"@id\":\"https:\/\/magdacesti.md\/#organization\",\"name\":\"M\u0103gd\u0103ce\u0219ti\",\"url\":\"https:\/\/magdacesti.md\/\",\"logo\":{\"@type\":\"ImageObject\",\"inLanguage\":\"en-US\",\"@id\":\"https:\/\/magdacesti.md\/#\/schema\/logo\/image\/\",\"url\":\"https:\/\/magdacesti.md\/wp-content\/uploads\/2021\/03\/Foto-514-scaled.jpg\",\"contentUrl\":\"https:\/\/magdacesti.md\/wp-content\/uploads\/2021\/03\/Foto-514-scaled.jpg\",\"width\":2560,\"height\":1707,\"caption\":\"M\u0103gd\u0103ce\u0219ti\"},\"image\":{\"@id\":\"https:\/\/magdacesti.md\/#\/schema\/logo\/image\/\"},\"sameAs\":[\"https:\/\/www.facebook.com\/magdacesti.md\/\"]},{\"@type\":\"Person\",\"@id\":\"https:\/\/magdacesti.md\/#\/schema\/person\/ee6a6d0a5f0b0cb676ac992c8e414842\",\"name\":\"magdacesti\",\"sameAs\":[\"https:\/\/magdacesti.md\"],\"url\":\"https:\/\/magdacesti.md\/?author=1\"}]}<\/script>\n<!-- \/ Yoast SEO plugin. -->","yoast_head_json":{"title":"Anun\u021b! 16 Iulie 2019 - convocarea \u0219edin\u021bei ordinare a Consiliului s\u0103tesc M\u0103gd\u0103ce\u015fti - M\u0103gd\u0103ce\u0219ti","description":"Bine ati venit pe pagina oficiala a Primariei Magdacesti.","robots":{"index":"index","follow":"follow","max-snippet":"max-snippet:-1","max-image-preview":"max-image-preview:large","max-video-preview":"max-video-preview:-1"},"canonical":"https:\/\/magdacesti.md\/?p=3714","og_locale":"en_US","og_type":"article","og_title":"Anun\u021b! 16 Iulie 2019 - convocarea \u0219edin\u021bei ordinare a Consiliului s\u0103tesc M\u0103gd\u0103ce\u015fti - M\u0103gd\u0103ce\u0219ti","og_description":"Bine ati venit pe pagina oficiala a Primariei Magdacesti.","og_url":"https:\/\/magdacesti.md\/?p=3714","og_site_name":"M\u0103gd\u0103ce\u0219ti","article_publisher":"https:\/\/www.facebook.com\/magdacesti.md\/","article_published_time":"2019-07-10T09:20:38+00:00","og_image":[{"width":2560,"height":1707,"url":"https:\/\/magdacesti.md\/wp-content\/uploads\/2021\/03\/Foto-514-edit-scaled.jpg","type":"image\/jpeg"}],"author":"magdacesti","twitter_card":"summary_large_image","twitter_misc":{"Written by":"magdacesti","Est. reading time":"1 minute"},"schema":{"@context":"https:\/\/schema.org","@graph":[{"@type":"Article","@id":"https:\/\/magdacesti.md\/?p=3714#article","isPartOf":{"@id":"https:\/\/magdacesti.md\/?p=3714"},"author":{"name":"magdacesti","@id":"https:\/\/magdacesti.md\/#\/schema\/person\/ee6a6d0a5f0b0cb676ac992c8e414842"},"headline":"Anun\u021b! 16 Iulie 2019 &#8211; convocarea \u0219edin\u021bei ordinare a Consiliului s\u0103tesc M\u0103gd\u0103ce\u015fti","datePublished":"2019-07-10T09:20:38+00:00","dateModified":"2019-07-10T09:20:38+00:00","mainEntityOfPage":{"@id":"https:\/\/magdacesti.md\/?p=3714"},"wordCount":263,"publisher":{"@id":"https:\/\/magdacesti.md\/#organization"},"articleSection":["Stiri"],"inLanguage":"en-US"},{"@type":"WebPage","@id":"https:\/\/magdacesti.md\/?p=3714","url":"https:\/\/magdacesti.md\/?p=3714","name":"Anun\u021b! 16 Iulie 2019 - convocarea \u0219edin\u021bei ordinare a Consiliului s\u0103tesc M\u0103gd\u0103ce\u015fti - M\u0103gd\u0103ce\u0219ti","isPartOf":{"@id":"https:\/\/magdacesti.md\/#website"},"datePublished":"2019-07-10T09:20:38+00:00","dateModified":"2019-07-10T09:20:38+00:00","description":"Bine ati venit pe pagina oficiala a Primariei Magdacesti.","breadcrumb":{"@id":"https:\/\/magdacesti.md\/?p=3714#breadcrumb"},"inLanguage":"en-US","potentialAction":[{"@type":"ReadAction","target":["https:\/\/magdacesti.md\/?p=3714"]}]},{"@type":"BreadcrumbList","@id":"https:\/\/magdacesti.md\/?p=3714#breadcrumb","itemListElement":[{"@type":"ListItem","position":1,"name":"Home","item":"https:\/\/magdacesti.md\/"},{"@type":"ListItem","position":2,"name":"Anun\u021b! 16 Iulie 2019 &#8211; convocarea \u0219edin\u021bei ordinare a Consiliului s\u0103tesc M\u0103gd\u0103ce\u015fti"}]},{"@type":"WebSite","@id":"https:\/\/magdacesti.md\/#website","url":"https:\/\/magdacesti.md\/","name":"M\u0103gd\u0103ce\u0219ti","description":"Un or\u0103\u0219el cu condi\u021bii decente de trai!","publisher":{"@id":"https:\/\/magdacesti.md\/#organization"},"potentialAction":[{"@type":"SearchAction","target":{"@type":"EntryPoint","urlTemplate":"https:\/\/magdacesti.md\/?s={search_term_string}"},"query-input":"required name=search_term_string"}],"inLanguage":"en-US"},{"@type":"Organization","@id":"https:\/\/magdacesti.md\/#organization","name":"M\u0103gd\u0103ce\u0219ti","url":"https:\/\/magdacesti.md\/","logo":{"@type":"ImageObject","inLanguage":"en-US","@id":"https:\/\/magdacesti.md\/#\/schema\/logo\/image\/","url":"https:\/\/magdacesti.md\/wp-content\/uploads\/2021\/03\/Foto-514-scaled.jpg","contentUrl":"https:\/\/magdacesti.md\/wp-content\/uploads\/2021\/03\/Foto-514-scaled.jpg","width":2560,"height":1707,"caption":"M\u0103gd\u0103ce\u0219ti"},"image":{"@id":"https:\/\/magdacesti.md\/#\/schema\/logo\/image\/"},"sameAs":["https:\/\/www.facebook.com\/magdacesti.md\/"]},{"@type":"Person","@id":"https:\/\/magdacesti.md\/#\/schema\/person\/ee6a6d0a5f0b0cb676ac992c8e414842","name":"magdacesti","sameAs":["https:\/\/magdacesti.md"],"url":"https:\/\/magdacesti.md\/?author=1"}]}},"_links":{"self":[{"href":"https:\/\/magdacesti.md\/index.php?rest_route=\/wp\/v2\/posts\/3714","targetHints":{"allow":["GET"]}}],"collection":[{"href":"https:\/\/magdacesti.md\/index.php?rest_route=\/wp\/v2\/posts"}],"about":[{"href":"https:\/\/magdacesti.md\/index.php?rest_route=\/wp\/v2\/types\/post"}],"author":[{"embeddable":true,"href":"https:\/\/magdacesti.md\/index.php?rest_route=\/wp\/v2\/users\/1"}],"replies":[{"embeddable":true,"href":"https:\/\/magdacesti.md\/index.php?rest_route=%2Fwp%2Fv2%2Fcomments&post=3714"}],"version-history":[{"count":0,"href":"https:\/\/magdacesti.md\/index.php?rest_route=\/wp\/v2\/posts\/3714\/revisions"}],"wp:attachment":[{"href":"https:\/\/magdacesti.md\/index.php?rest_route=%2Fwp%2Fv2%2Fmedia&parent=3714"}],"wp:term":[{"taxonomy":"category","embeddable":true,"href":"https:\/\/magdacesti.md\/index.php?rest_route=%2Fwp%2Fv2%2Fcategories&post=3714"},{"taxonomy":"post_tag","embeddable":true,"href":"https:\/\/magdacesti.md\/index.php?rest_route=%2Fwp%2Fv2%2Ftags&post=3714"}],"curies":[{"name":"wp","href":"https:\/\/api.w.org\/{rel}","templated":true}]}}