{"id":3729,"date":"2019-09-01T11:38:08","date_gmt":"2019-09-01T08:38:08","guid":{"rendered":"https:\/\/magdacesti.md\/?p=3729"},"modified":"2019-09-01T11:38:08","modified_gmt":"2019-09-01T08:38:08","slug":"bine-ai-venit-septembrie-maine-va-fi-prima-zi-de-scoala","status":"publish","type":"post","link":"https:\/\/magdacesti.md\/?p=3729","title":{"rendered":"Bine-ai venit, SEPTEMBRIE! M\u00e2ine va fi PRIMA ZI DE \u0218COAL\u0102"},"content":{"rendered":"<p><img loading=\"lazy\" decoding=\"async\" class=\"aligncenter\" src=\"https:\/\/magdacesti.md\/wp-content\/uploads\/2019\/09\/RO-Bine-ai-venit-Septembrie-aaron-burden-40491.jpg\" alt=\"\" width=\"640\" height=\"360\" \/><\/p>\n<p style=\"text-align: center;\"><strong>Stima\u021bi profesori, educatori, elevi \u0219i p\u0103rin\u021bi,\u00a0<span class=\"text_exposed_show\"><br \/>\nV\u0103 adres\u0103m cele mai frumoase\u00a0<span id=\"u_hv_3\" class=\"_ezo\">felicit\u0103ri<\/span>\u00a0cu ocazia Zilei Cuno\u0219tin\u021belor \u2013 1 septembrie.<br \/>\nElevilor le ur\u0103m un \u00eenceput de bun augur, minte ager\u0103, sete de carte, profesorilor- un an bogat \u00een realiz\u0103ri frumoase \u0219i mult succes \u00een atingerea obiectivelor trasate, iar p\u0103rin\u021bilor s\u0103 se realizeze prin bucuriile \u0219i succesele odraslelor.<br \/>\nUn \u00eenceput, cu dreptul!<\/span><\/strong><\/p>\n","protected":false},"excerpt":{"rendered":"<p>Stima\u021bi profesori, educatori, elevi \u0219i p\u0103rin\u021bi,\u00a0 V\u0103 adres\u0103m cele mai frumoase\u00a0felicit\u0103ri\u00a0cu ocazia Zilei Cuno\u0219tin\u021belor \u2013 1 septembrie. Elevilor le ur\u0103m un \u00eenceput de bun augur, minte ager\u0103, sete de carte, profesorilor- un an bogat \u00een realiz\u0103ri frumoase \u0219i mult succes \u00een atingerea obiectivelor trasate, iar p\u0103rin\u021bilor s\u0103 se realizeze prin bucuriile \u0219i succesele odraslelor. Un [&#8230;]\n","protected":false},"author":2,"featured_media":0,"comment_status":"closed","ping_status":"closed","sticky":false,"template":"","format":"standard","meta":{"ngg_post_thumbnail":0,"footnotes":""},"categories":[4],"tags":[],"class_list":["post-3729","post","type-post","status-publish","format-standard","hentry","category-stiri"],"yoast_head":"<!-- This site is optimized with the Yoast SEO plugin v23.3 - https:\/\/yoast.com\/wordpress\/plugins\/seo\/ -->\n<title>Bine-ai venit, SEPTEMBRIE! M\u00e2ine va fi PRIMA ZI DE \u0218COAL\u0102 - M\u0103gd\u0103ce\u0219ti<\/title>\n<meta name=\"description\" content=\"Bine ati venit pe pagina oficiala a Primariei Magdacesti.\" \/>\n<meta name=\"robots\" content=\"index, follow, max-snippet:-1, max-image-preview:large, max-video-preview:-1\" \/>\n<link rel=\"canonical\" href=\"https:\/\/magdacesti.md\/?p=3729\" \/>\n<meta property=\"og:locale\" content=\"en_US\" \/>\n<meta property=\"og:type\" content=\"article\" \/>\n<meta property=\"og:title\" content=\"Bine-ai venit, SEPTEMBRIE! M\u00e2ine va fi PRIMA ZI DE \u0218COAL\u0102 - M\u0103gd\u0103ce\u0219ti\" \/>\n<meta property=\"og:description\" content=\"Bine ati venit pe pagina oficiala a Primariei Magdacesti.\" \/>\n<meta property=\"og:url\" content=\"https:\/\/magdacesti.md\/?p=3729\" \/>\n<meta property=\"og:site_name\" content=\"M\u0103gd\u0103ce\u0219ti\" \/>\n<meta property=\"article:publisher\" content=\"https:\/\/www.facebook.com\/magdacesti.md\/\" \/>\n<meta property=\"article:published_time\" content=\"2019-09-01T08:38:08+00:00\" \/>\n<meta property=\"og:image\" content=\"https:\/\/magdacesti.md\/wp-content\/uploads\/2019\/09\/RO-Bine-ai-venit-Septembrie-aaron-burden-40491.jpg\" \/>\n<meta name=\"author\" content=\"Olga Enachi\" \/>\n<meta name=\"twitter:card\" content=\"summary_large_image\" \/>\n<meta name=\"twitter:label1\" content=\"Written by\" \/>\n\t<meta name=\"twitter:data1\" content=\"Olga Enachi\" \/>\n<script type=\"application\/ld+json\" class=\"yoast-schema-graph\">{\"@context\":\"https:\/\/schema.org\",\"@graph\":[{\"@type\":\"Article\",\"@id\":\"https:\/\/magdacesti.md\/?p=3729#article\",\"isPartOf\":{\"@id\":\"https:\/\/magdacesti.md\/?p=3729\"},\"author\":{\"name\":\"Olga Enachi\",\"@id\":\"https:\/\/magdacesti.md\/#\/schema\/person\/0068cad735c7cf3ab41a532515da0575\"},\"headline\":\"Bine-ai venit, SEPTEMBRIE! M\u00e2ine va fi PRIMA ZI DE \u0218COAL\u0102\",\"datePublished\":\"2019-09-01T08:38:08+00:00\",\"dateModified\":\"2019-09-01T08:38:08+00:00\",\"mainEntityOfPage\":{\"@id\":\"https:\/\/magdacesti.md\/?p=3729\"},\"wordCount\":80,\"publisher\":{\"@id\":\"https:\/\/magdacesti.md\/#organization\"},\"image\":{\"@id\":\"https:\/\/magdacesti.md\/?p=3729#primaryimage\"},\"thumbnailUrl\":\"https:\/\/magdacesti.md\/wp-content\/uploads\/2019\/09\/RO-Bine-ai-venit-Septembrie-aaron-burden-40491.jpg\",\"articleSection\":[\"Stiri\"],\"inLanguage\":\"en-US\"},{\"@type\":\"WebPage\",\"@id\":\"https:\/\/magdacesti.md\/?p=3729\",\"url\":\"https:\/\/magdacesti.md\/?p=3729\",\"name\":\"Bine-ai venit, SEPTEMBRIE! M\u00e2ine va fi PRIMA ZI DE \u0218COAL\u0102 - M\u0103gd\u0103ce\u0219ti\",\"isPartOf\":{\"@id\":\"https:\/\/magdacesti.md\/#website\"},\"primaryImageOfPage\":{\"@id\":\"https:\/\/magdacesti.md\/?p=3729#primaryimage\"},\"image\":{\"@id\":\"https:\/\/magdacesti.md\/?p=3729#primaryimage\"},\"thumbnailUrl\":\"https:\/\/magdacesti.md\/wp-content\/uploads\/2019\/09\/RO-Bine-ai-venit-Septembrie-aaron-burden-40491.jpg\",\"datePublished\":\"2019-09-01T08:38:08+00:00\",\"dateModified\":\"2019-09-01T08:38:08+00:00\",\"description\":\"Bine ati venit pe pagina oficiala a Primariei Magdacesti.\",\"breadcrumb\":{\"@id\":\"https:\/\/magdacesti.md\/?p=3729#breadcrumb\"},\"inLanguage\":\"en-US\",\"potentialAction\":[{\"@type\":\"ReadAction\",\"target\":[\"https:\/\/magdacesti.md\/?p=3729\"]}]},{\"@type\":\"ImageObject\",\"inLanguage\":\"en-US\",\"@id\":\"https:\/\/magdacesti.md\/?p=3729#primaryimage\",\"url\":\"https:\/\/magdacesti.md\/wp-content\/uploads\/2019\/09\/RO-Bine-ai-venit-Septembrie-aaron-burden-40491.jpg\",\"contentUrl\":\"https:\/\/magdacesti.md\/wp-content\/uploads\/2019\/09\/RO-Bine-ai-venit-Septembrie-aaron-burden-40491.jpg\"},{\"@type\":\"BreadcrumbList\",\"@id\":\"https:\/\/magdacesti.md\/?p=3729#breadcrumb\",\"itemListElement\":[{\"@type\":\"ListItem\",\"position\":1,\"name\":\"Home\",\"item\":\"https:\/\/magdacesti.md\/\"},{\"@type\":\"ListItem\",\"position\":2,\"name\":\"Bine-ai venit, SEPTEMBRIE! M\u00e2ine va fi PRIMA ZI DE \u0218COAL\u0102\"}]},{\"@type\":\"WebSite\",\"@id\":\"https:\/\/magdacesti.md\/#website\",\"url\":\"https:\/\/magdacesti.md\/\",\"name\":\"M\u0103gd\u0103ce\u0219ti\",\"description\":\"Un or\u0103\u0219el cu condi\u021bii decente de trai!\",\"publisher\":{\"@id\":\"https:\/\/magdacesti.md\/#organization\"},\"potentialAction\":[{\"@type\":\"SearchAction\",\"target\":{\"@type\":\"EntryPoint\",\"urlTemplate\":\"https:\/\/magdacesti.md\/?s={search_term_string}\"},\"query-input\":\"required name=search_term_string\"}],\"inLanguage\":\"en-US\"},{\"@type\":\"Organization\",\"@id\":\"https:\/\/magdacesti.md\/#organization\",\"name\":\"M\u0103gd\u0103ce\u0219ti\",\"url\":\"https:\/\/magdacesti.md\/\",\"logo\":{\"@type\":\"ImageObject\",\"inLanguage\":\"en-US\",\"@id\":\"https:\/\/magdacesti.md\/#\/schema\/logo\/image\/\",\"url\":\"https:\/\/magdacesti.md\/wp-content\/uploads\/2021\/03\/Foto-514-scaled.jpg\",\"contentUrl\":\"https:\/\/magdacesti.md\/wp-content\/uploads\/2021\/03\/Foto-514-scaled.jpg\",\"width\":2560,\"height\":1707,\"caption\":\"M\u0103gd\u0103ce\u0219ti\"},\"image\":{\"@id\":\"https:\/\/magdacesti.md\/#\/schema\/logo\/image\/\"},\"sameAs\":[\"https:\/\/www.facebook.com\/magdacesti.md\/\"]},{\"@type\":\"Person\",\"@id\":\"https:\/\/magdacesti.md\/#\/schema\/person\/0068cad735c7cf3ab41a532515da0575\",\"name\":\"Olga Enachi\",\"url\":\"https:\/\/magdacesti.md\/?author=2\"}]}<\/script>\n<!-- \/ Yoast SEO plugin. -->","yoast_head_json":{"title":"Bine-ai venit, SEPTEMBRIE! M\u00e2ine va fi PRIMA ZI DE \u0218COAL\u0102 - M\u0103gd\u0103ce\u0219ti","description":"Bine ati venit pe pagina oficiala a Primariei Magdacesti.","robots":{"index":"index","follow":"follow","max-snippet":"max-snippet:-1","max-image-preview":"max-image-preview:large","max-video-preview":"max-video-preview:-1"},"canonical":"https:\/\/magdacesti.md\/?p=3729","og_locale":"en_US","og_type":"article","og_title":"Bine-ai venit, SEPTEMBRIE! M\u00e2ine va fi PRIMA ZI DE \u0218COAL\u0102 - M\u0103gd\u0103ce\u0219ti","og_description":"Bine ati venit pe pagina oficiala a Primariei Magdacesti.","og_url":"https:\/\/magdacesti.md\/?p=3729","og_site_name":"M\u0103gd\u0103ce\u0219ti","article_publisher":"https:\/\/www.facebook.com\/magdacesti.md\/","article_published_time":"2019-09-01T08:38:08+00:00","og_image":[{"url":"https:\/\/magdacesti.md\/wp-content\/uploads\/2019\/09\/RO-Bine-ai-venit-Septembrie-aaron-burden-40491.jpg"}],"author":"Olga Enachi","twitter_card":"summary_large_image","twitter_misc":{"Written by":"Olga Enachi"},"schema":{"@context":"https:\/\/schema.org","@graph":[{"@type":"Article","@id":"https:\/\/magdacesti.md\/?p=3729#article","isPartOf":{"@id":"https:\/\/magdacesti.md\/?p=3729"},"author":{"name":"Olga Enachi","@id":"https:\/\/magdacesti.md\/#\/schema\/person\/0068cad735c7cf3ab41a532515da0575"},"headline":"Bine-ai venit, SEPTEMBRIE! M\u00e2ine va fi PRIMA ZI DE \u0218COAL\u0102","datePublished":"2019-09-01T08:38:08+00:00","dateModified":"2019-09-01T08:38:08+00:00","mainEntityOfPage":{"@id":"https:\/\/magdacesti.md\/?p=3729"},"wordCount":80,"publisher":{"@id":"https:\/\/magdacesti.md\/#organization"},"image":{"@id":"https:\/\/magdacesti.md\/?p=3729#primaryimage"},"thumbnailUrl":"https:\/\/magdacesti.md\/wp-content\/uploads\/2019\/09\/RO-Bine-ai-venit-Septembrie-aaron-burden-40491.jpg","articleSection":["Stiri"],"inLanguage":"en-US"},{"@type":"WebPage","@id":"https:\/\/magdacesti.md\/?p=3729","url":"https:\/\/magdacesti.md\/?p=3729","name":"Bine-ai venit, SEPTEMBRIE! M\u00e2ine va fi PRIMA ZI DE \u0218COAL\u0102 - M\u0103gd\u0103ce\u0219ti","isPartOf":{"@id":"https:\/\/magdacesti.md\/#website"},"primaryImageOfPage":{"@id":"https:\/\/magdacesti.md\/?p=3729#primaryimage"},"image":{"@id":"https:\/\/magdacesti.md\/?p=3729#primaryimage"},"thumbnailUrl":"https:\/\/magdacesti.md\/wp-content\/uploads\/2019\/09\/RO-Bine-ai-venit-Septembrie-aaron-burden-40491.jpg","datePublished":"2019-09-01T08:38:08+00:00","dateModified":"2019-09-01T08:38:08+00:00","description":"Bine ati venit pe pagina oficiala a Primariei Magdacesti.","breadcrumb":{"@id":"https:\/\/magdacesti.md\/?p=3729#breadcrumb"},"inLanguage":"en-US","potentialAction":[{"@type":"ReadAction","target":["https:\/\/magdacesti.md\/?p=3729"]}]},{"@type":"ImageObject","inLanguage":"en-US","@id":"https:\/\/magdacesti.md\/?p=3729#primaryimage","url":"https:\/\/magdacesti.md\/wp-content\/uploads\/2019\/09\/RO-Bine-ai-venit-Septembrie-aaron-burden-40491.jpg","contentUrl":"https:\/\/magdacesti.md\/wp-content\/uploads\/2019\/09\/RO-Bine-ai-venit-Septembrie-aaron-burden-40491.jpg"},{"@type":"BreadcrumbList","@id":"https:\/\/magdacesti.md\/?p=3729#breadcrumb","itemListElement":[{"@type":"ListItem","position":1,"name":"Home","item":"https:\/\/magdacesti.md\/"},{"@type":"ListItem","position":2,"name":"Bine-ai venit, SEPTEMBRIE! M\u00e2ine va fi PRIMA ZI DE \u0218COAL\u0102"}]},{"@type":"WebSite","@id":"https:\/\/magdacesti.md\/#website","url":"https:\/\/magdacesti.md\/","name":"M\u0103gd\u0103ce\u0219ti","description":"Un or\u0103\u0219el cu condi\u021bii decente de trai!","publisher":{"@id":"https:\/\/magdacesti.md\/#organization"},"potentialAction":[{"@type":"SearchAction","target":{"@type":"EntryPoint","urlTemplate":"https:\/\/magdacesti.md\/?s={search_term_string}"},"query-input":"required name=search_term_string"}],"inLanguage":"en-US"},{"@type":"Organization","@id":"https:\/\/magdacesti.md\/#organization","name":"M\u0103gd\u0103ce\u0219ti","url":"https:\/\/magdacesti.md\/","logo":{"@type":"ImageObject","inLanguage":"en-US","@id":"https:\/\/magdacesti.md\/#\/schema\/logo\/image\/","url":"https:\/\/magdacesti.md\/wp-content\/uploads\/2021\/03\/Foto-514-scaled.jpg","contentUrl":"https:\/\/magdacesti.md\/wp-content\/uploads\/2021\/03\/Foto-514-scaled.jpg","width":2560,"height":1707,"caption":"M\u0103gd\u0103ce\u0219ti"},"image":{"@id":"https:\/\/magdacesti.md\/#\/schema\/logo\/image\/"},"sameAs":["https:\/\/www.facebook.com\/magdacesti.md\/"]},{"@type":"Person","@id":"https:\/\/magdacesti.md\/#\/schema\/person\/0068cad735c7cf3ab41a532515da0575","name":"Olga Enachi","url":"https:\/\/magdacesti.md\/?author=2"}]}},"_links":{"self":[{"href":"https:\/\/magdacesti.md\/index.php?rest_route=\/wp\/v2\/posts\/3729","targetHints":{"allow":["GET"]}}],"collection":[{"href":"https:\/\/magdacesti.md\/index.php?rest_route=\/wp\/v2\/posts"}],"about":[{"href":"https:\/\/magdacesti.md\/index.php?rest_route=\/wp\/v2\/types\/post"}],"author":[{"embeddable":true,"href":"https:\/\/magdacesti.md\/index.php?rest_route=\/wp\/v2\/users\/2"}],"replies":[{"embeddable":true,"href":"https:\/\/magdacesti.md\/index.php?rest_route=%2Fwp%2Fv2%2Fcomments&post=3729"}],"version-history":[{"count":0,"href":"https:\/\/magdacesti.md\/index.php?rest_route=\/wp\/v2\/posts\/3729\/revisions"}],"wp:attachment":[{"href":"https:\/\/magdacesti.md\/index.php?rest_route=%2Fwp%2Fv2%2Fmedia&parent=3729"}],"wp:term":[{"taxonomy":"category","embeddable":true,"href":"https:\/\/magdacesti.md\/index.php?rest_route=%2Fwp%2Fv2%2Fcategories&post=3729"},{"taxonomy":"post_tag","embeddable":true,"href":"https:\/\/magdacesti.md\/index.php?rest_route=%2Fwp%2Fv2%2Ftags&post=3729"}],"curies":[{"name":"wp","href":"https:\/\/api.w.org\/{rel}","templated":true}]}}