{"id":3766,"date":"2019-10-28T12:15:38","date_gmt":"2019-10-28T10:15:38","guid":{"rendered":"https:\/\/magdacesti.md\/?p=3766"},"modified":"2019-10-28T12:15:38","modified_gmt":"2019-10-28T10:15:38","slug":"va-invitam-la-plantarea-copacilor-in-satul-magdacesti","status":"publish","type":"post","link":"https:\/\/magdacesti.md\/?p=3766","title":{"rendered":"V\u0103 invit\u0103m la Plantarea Copacilor \u00een satul M\u0103gd\u0103ce\u0219ti"},"content":{"rendered":"<p style=\"text-align: center;\"><img loading=\"lazy\" decoding=\"async\" src=\"https:\/\/magdacesti.md\/wp-content\/uploads\/2019\/10\/652x450_143056-toamna-sezonul-ideal-pentru-plantarea-pomilor-fructiferi-invata-cum-sa-plantezi-corect.jpg\" alt=\"\" width=\"652\" height=\"450\" \/><\/p>\n<p style=\"text-align: center;\">Dragi s\u0103teni,<br \/>\nCu deosebit\u0103 grij\u0103 pentru satul \u00een care tr\u0103im, joi, 31 octombrie, ora 14.00, invit\u0103m \u00een fa\u021ba prim\u0103riei to\u021bi locuitorii satului nostru care sunt liberi, elevii, agen\u021bii economici, reprezentan\u021bii institu\u021biilor publice, la ac\u021biunea de \u00eenverzire a teritoriului \u0219i cur\u0103\u021benia general\u0103 de toamn\u0103 din satul M\u0103gd\u0103ce\u0219ti.<br \/>\nVa fi organizat\u0103 salubrizarea tuturor spa\u021biilor verzi, a stadionului sportiv \u0219i vom planta o mu<span class=\"text_exposed_show\">l\u021bime de copaci \u0219i arbu\u0219ti.<br \/>\nInstrumentele suplimentare sunt binevenite. Dac\u0103 dispune\u021bi de mai multe unelte de gr\u0103din\u0103rit (greble, h\u00e2rle\u021be), v\u0103 vom fi extrem de recunosc\u0103tori.<br \/>\n\u00cembr\u0103ca\u021bi-v\u0103 comod \u0219i mai c\u0103lduros \u0219i haide\u021bi s\u0103 contribuim \u00eempreun\u0103 la ecologizarea \u0219i \u00eenverzirea localit\u0103\u021bii noastre.<br \/>\nSper\u0103m ca timpul s\u0103 \u021bin\u0103 cu noi&#8230;<br \/>\nV\u0103 mul\u021bumim pentru receptivitate!<\/span><\/p>\n<p>&nbsp;<\/p>\n","protected":false},"excerpt":{"rendered":"<p>Dragi s\u0103teni, Cu deosebit\u0103 grij\u0103 pentru satul \u00een care tr\u0103im, joi, 31 octombrie, ora 14.00, invit\u0103m \u00een fa\u021ba prim\u0103riei to\u021bi locuitorii satului nostru care sunt liberi, elevii, agen\u021bii economici, reprezentan\u021bii institu\u021biilor publice, la ac\u021biunea de \u00eenverzire a teritoriului \u0219i cur\u0103\u021benia general\u0103 de toamn\u0103 din satul M\u0103gd\u0103ce\u0219ti. Va fi organizat\u0103 salubrizarea tuturor spa\u021biilor verzi, a stadionului [&#8230;]\n","protected":false},"author":2,"featured_media":0,"comment_status":"closed","ping_status":"closed","sticky":false,"template":"","format":"standard","meta":{"ngg_post_thumbnail":0,"footnotes":""},"categories":[4],"tags":[],"class_list":["post-3766","post","type-post","status-publish","format-standard","hentry","category-stiri"],"yoast_head":"<!-- This site is optimized with the Yoast SEO plugin v23.3 - https:\/\/yoast.com\/wordpress\/plugins\/seo\/ -->\n<title>V\u0103 invit\u0103m la Plantarea Copacilor \u00een satul M\u0103gd\u0103ce\u0219ti - M\u0103gd\u0103ce\u0219ti<\/title>\n<meta name=\"description\" content=\"Bine ati venit pe pagina oficiala a Primariei Magdacesti.\" \/>\n<meta name=\"robots\" content=\"index, follow, max-snippet:-1, max-image-preview:large, max-video-preview:-1\" \/>\n<link rel=\"canonical\" href=\"https:\/\/magdacesti.md\/?p=3766\" \/>\n<meta property=\"og:locale\" content=\"en_US\" \/>\n<meta property=\"og:type\" content=\"article\" \/>\n<meta property=\"og:title\" content=\"V\u0103 invit\u0103m la Plantarea Copacilor \u00een satul M\u0103gd\u0103ce\u0219ti - M\u0103gd\u0103ce\u0219ti\" \/>\n<meta property=\"og:description\" content=\"Bine ati venit pe pagina oficiala a Primariei Magdacesti.\" \/>\n<meta property=\"og:url\" content=\"https:\/\/magdacesti.md\/?p=3766\" \/>\n<meta property=\"og:site_name\" content=\"M\u0103gd\u0103ce\u0219ti\" \/>\n<meta property=\"article:publisher\" content=\"https:\/\/www.facebook.com\/magdacesti.md\/\" \/>\n<meta property=\"article:published_time\" content=\"2019-10-28T10:15:38+00:00\" \/>\n<meta property=\"og:image\" content=\"https:\/\/magdacesti.md\/wp-content\/uploads\/2019\/10\/652x450_143056-toamna-sezonul-ideal-pentru-plantarea-pomilor-fructiferi-invata-cum-sa-plantezi-corect.jpg\" \/>\n<meta name=\"author\" content=\"Olga Enachi\" \/>\n<meta name=\"twitter:card\" content=\"summary_large_image\" \/>\n<meta name=\"twitter:label1\" content=\"Written by\" \/>\n\t<meta name=\"twitter:data1\" content=\"Olga Enachi\" \/>\n\t<meta name=\"twitter:label2\" content=\"Est. reading time\" \/>\n\t<meta name=\"twitter:data2\" content=\"1 minute\" \/>\n<script type=\"application\/ld+json\" class=\"yoast-schema-graph\">{\"@context\":\"https:\/\/schema.org\",\"@graph\":[{\"@type\":\"Article\",\"@id\":\"https:\/\/magdacesti.md\/?p=3766#article\",\"isPartOf\":{\"@id\":\"https:\/\/magdacesti.md\/?p=3766\"},\"author\":{\"name\":\"Olga Enachi\",\"@id\":\"https:\/\/magdacesti.md\/#\/schema\/person\/0068cad735c7cf3ab41a532515da0575\"},\"headline\":\"V\u0103 invit\u0103m la Plantarea Copacilor \u00een satul M\u0103gd\u0103ce\u0219ti\",\"datePublished\":\"2019-10-28T10:15:38+00:00\",\"dateModified\":\"2019-10-28T10:15:38+00:00\",\"mainEntityOfPage\":{\"@id\":\"https:\/\/magdacesti.md\/?p=3766\"},\"wordCount\":153,\"publisher\":{\"@id\":\"https:\/\/magdacesti.md\/#organization\"},\"image\":{\"@id\":\"https:\/\/magdacesti.md\/?p=3766#primaryimage\"},\"thumbnailUrl\":\"https:\/\/magdacesti.md\/wp-content\/uploads\/2019\/10\/652x450_143056-toamna-sezonul-ideal-pentru-plantarea-pomilor-fructiferi-invata-cum-sa-plantezi-corect.jpg\",\"articleSection\":[\"Stiri\"],\"inLanguage\":\"en-US\"},{\"@type\":\"WebPage\",\"@id\":\"https:\/\/magdacesti.md\/?p=3766\",\"url\":\"https:\/\/magdacesti.md\/?p=3766\",\"name\":\"V\u0103 invit\u0103m la Plantarea Copacilor \u00een satul M\u0103gd\u0103ce\u0219ti - M\u0103gd\u0103ce\u0219ti\",\"isPartOf\":{\"@id\":\"https:\/\/magdacesti.md\/#website\"},\"primaryImageOfPage\":{\"@id\":\"https:\/\/magdacesti.md\/?p=3766#primaryimage\"},\"image\":{\"@id\":\"https:\/\/magdacesti.md\/?p=3766#primaryimage\"},\"thumbnailUrl\":\"https:\/\/magdacesti.md\/wp-content\/uploads\/2019\/10\/652x450_143056-toamna-sezonul-ideal-pentru-plantarea-pomilor-fructiferi-invata-cum-sa-plantezi-corect.jpg\",\"datePublished\":\"2019-10-28T10:15:38+00:00\",\"dateModified\":\"2019-10-28T10:15:38+00:00\",\"description\":\"Bine ati venit pe pagina oficiala a Primariei Magdacesti.\",\"breadcrumb\":{\"@id\":\"https:\/\/magdacesti.md\/?p=3766#breadcrumb\"},\"inLanguage\":\"en-US\",\"potentialAction\":[{\"@type\":\"ReadAction\",\"target\":[\"https:\/\/magdacesti.md\/?p=3766\"]}]},{\"@type\":\"ImageObject\",\"inLanguage\":\"en-US\",\"@id\":\"https:\/\/magdacesti.md\/?p=3766#primaryimage\",\"url\":\"https:\/\/magdacesti.md\/wp-content\/uploads\/2019\/10\/652x450_143056-toamna-sezonul-ideal-pentru-plantarea-pomilor-fructiferi-invata-cum-sa-plantezi-corect.jpg\",\"contentUrl\":\"https:\/\/magdacesti.md\/wp-content\/uploads\/2019\/10\/652x450_143056-toamna-sezonul-ideal-pentru-plantarea-pomilor-fructiferi-invata-cum-sa-plantezi-corect.jpg\"},{\"@type\":\"BreadcrumbList\",\"@id\":\"https:\/\/magdacesti.md\/?p=3766#breadcrumb\",\"itemListElement\":[{\"@type\":\"ListItem\",\"position\":1,\"name\":\"Home\",\"item\":\"https:\/\/magdacesti.md\/\"},{\"@type\":\"ListItem\",\"position\":2,\"name\":\"V\u0103 invit\u0103m la Plantarea Copacilor \u00een satul M\u0103gd\u0103ce\u0219ti\"}]},{\"@type\":\"WebSite\",\"@id\":\"https:\/\/magdacesti.md\/#website\",\"url\":\"https:\/\/magdacesti.md\/\",\"name\":\"M\u0103gd\u0103ce\u0219ti\",\"description\":\"Un or\u0103\u0219el cu condi\u021bii decente de trai!\",\"publisher\":{\"@id\":\"https:\/\/magdacesti.md\/#organization\"},\"potentialAction\":[{\"@type\":\"SearchAction\",\"target\":{\"@type\":\"EntryPoint\",\"urlTemplate\":\"https:\/\/magdacesti.md\/?s={search_term_string}\"},\"query-input\":\"required name=search_term_string\"}],\"inLanguage\":\"en-US\"},{\"@type\":\"Organization\",\"@id\":\"https:\/\/magdacesti.md\/#organization\",\"name\":\"M\u0103gd\u0103ce\u0219ti\",\"url\":\"https:\/\/magdacesti.md\/\",\"logo\":{\"@type\":\"ImageObject\",\"inLanguage\":\"en-US\",\"@id\":\"https:\/\/magdacesti.md\/#\/schema\/logo\/image\/\",\"url\":\"https:\/\/magdacesti.md\/wp-content\/uploads\/2021\/03\/Foto-514-scaled.jpg\",\"contentUrl\":\"https:\/\/magdacesti.md\/wp-content\/uploads\/2021\/03\/Foto-514-scaled.jpg\",\"width\":2560,\"height\":1707,\"caption\":\"M\u0103gd\u0103ce\u0219ti\"},\"image\":{\"@id\":\"https:\/\/magdacesti.md\/#\/schema\/logo\/image\/\"},\"sameAs\":[\"https:\/\/www.facebook.com\/magdacesti.md\/\"]},{\"@type\":\"Person\",\"@id\":\"https:\/\/magdacesti.md\/#\/schema\/person\/0068cad735c7cf3ab41a532515da0575\",\"name\":\"Olga Enachi\",\"url\":\"https:\/\/magdacesti.md\/?author=2\"}]}<\/script>\n<!-- \/ Yoast SEO plugin. -->","yoast_head_json":{"title":"V\u0103 invit\u0103m la Plantarea Copacilor \u00een satul M\u0103gd\u0103ce\u0219ti - M\u0103gd\u0103ce\u0219ti","description":"Bine ati venit pe pagina oficiala a Primariei Magdacesti.","robots":{"index":"index","follow":"follow","max-snippet":"max-snippet:-1","max-image-preview":"max-image-preview:large","max-video-preview":"max-video-preview:-1"},"canonical":"https:\/\/magdacesti.md\/?p=3766","og_locale":"en_US","og_type":"article","og_title":"V\u0103 invit\u0103m la Plantarea Copacilor \u00een satul M\u0103gd\u0103ce\u0219ti - M\u0103gd\u0103ce\u0219ti","og_description":"Bine ati venit pe pagina oficiala a Primariei Magdacesti.","og_url":"https:\/\/magdacesti.md\/?p=3766","og_site_name":"M\u0103gd\u0103ce\u0219ti","article_publisher":"https:\/\/www.facebook.com\/magdacesti.md\/","article_published_time":"2019-10-28T10:15:38+00:00","og_image":[{"url":"https:\/\/magdacesti.md\/wp-content\/uploads\/2019\/10\/652x450_143056-toamna-sezonul-ideal-pentru-plantarea-pomilor-fructiferi-invata-cum-sa-plantezi-corect.jpg"}],"author":"Olga Enachi","twitter_card":"summary_large_image","twitter_misc":{"Written by":"Olga Enachi","Est. reading time":"1 minute"},"schema":{"@context":"https:\/\/schema.org","@graph":[{"@type":"Article","@id":"https:\/\/magdacesti.md\/?p=3766#article","isPartOf":{"@id":"https:\/\/magdacesti.md\/?p=3766"},"author":{"name":"Olga Enachi","@id":"https:\/\/magdacesti.md\/#\/schema\/person\/0068cad735c7cf3ab41a532515da0575"},"headline":"V\u0103 invit\u0103m la Plantarea Copacilor \u00een satul M\u0103gd\u0103ce\u0219ti","datePublished":"2019-10-28T10:15:38+00:00","dateModified":"2019-10-28T10:15:38+00:00","mainEntityOfPage":{"@id":"https:\/\/magdacesti.md\/?p=3766"},"wordCount":153,"publisher":{"@id":"https:\/\/magdacesti.md\/#organization"},"image":{"@id":"https:\/\/magdacesti.md\/?p=3766#primaryimage"},"thumbnailUrl":"https:\/\/magdacesti.md\/wp-content\/uploads\/2019\/10\/652x450_143056-toamna-sezonul-ideal-pentru-plantarea-pomilor-fructiferi-invata-cum-sa-plantezi-corect.jpg","articleSection":["Stiri"],"inLanguage":"en-US"},{"@type":"WebPage","@id":"https:\/\/magdacesti.md\/?p=3766","url":"https:\/\/magdacesti.md\/?p=3766","name":"V\u0103 invit\u0103m la Plantarea Copacilor \u00een satul M\u0103gd\u0103ce\u0219ti - M\u0103gd\u0103ce\u0219ti","isPartOf":{"@id":"https:\/\/magdacesti.md\/#website"},"primaryImageOfPage":{"@id":"https:\/\/magdacesti.md\/?p=3766#primaryimage"},"image":{"@id":"https:\/\/magdacesti.md\/?p=3766#primaryimage"},"thumbnailUrl":"https:\/\/magdacesti.md\/wp-content\/uploads\/2019\/10\/652x450_143056-toamna-sezonul-ideal-pentru-plantarea-pomilor-fructiferi-invata-cum-sa-plantezi-corect.jpg","datePublished":"2019-10-28T10:15:38+00:00","dateModified":"2019-10-28T10:15:38+00:00","description":"Bine ati venit pe pagina oficiala a Primariei Magdacesti.","breadcrumb":{"@id":"https:\/\/magdacesti.md\/?p=3766#breadcrumb"},"inLanguage":"en-US","potentialAction":[{"@type":"ReadAction","target":["https:\/\/magdacesti.md\/?p=3766"]}]},{"@type":"ImageObject","inLanguage":"en-US","@id":"https:\/\/magdacesti.md\/?p=3766#primaryimage","url":"https:\/\/magdacesti.md\/wp-content\/uploads\/2019\/10\/652x450_143056-toamna-sezonul-ideal-pentru-plantarea-pomilor-fructiferi-invata-cum-sa-plantezi-corect.jpg","contentUrl":"https:\/\/magdacesti.md\/wp-content\/uploads\/2019\/10\/652x450_143056-toamna-sezonul-ideal-pentru-plantarea-pomilor-fructiferi-invata-cum-sa-plantezi-corect.jpg"},{"@type":"BreadcrumbList","@id":"https:\/\/magdacesti.md\/?p=3766#breadcrumb","itemListElement":[{"@type":"ListItem","position":1,"name":"Home","item":"https:\/\/magdacesti.md\/"},{"@type":"ListItem","position":2,"name":"V\u0103 invit\u0103m la Plantarea Copacilor \u00een satul M\u0103gd\u0103ce\u0219ti"}]},{"@type":"WebSite","@id":"https:\/\/magdacesti.md\/#website","url":"https:\/\/magdacesti.md\/","name":"M\u0103gd\u0103ce\u0219ti","description":"Un or\u0103\u0219el cu condi\u021bii decente de trai!","publisher":{"@id":"https:\/\/magdacesti.md\/#organization"},"potentialAction":[{"@type":"SearchAction","target":{"@type":"EntryPoint","urlTemplate":"https:\/\/magdacesti.md\/?s={search_term_string}"},"query-input":"required name=search_term_string"}],"inLanguage":"en-US"},{"@type":"Organization","@id":"https:\/\/magdacesti.md\/#organization","name":"M\u0103gd\u0103ce\u0219ti","url":"https:\/\/magdacesti.md\/","logo":{"@type":"ImageObject","inLanguage":"en-US","@id":"https:\/\/magdacesti.md\/#\/schema\/logo\/image\/","url":"https:\/\/magdacesti.md\/wp-content\/uploads\/2021\/03\/Foto-514-scaled.jpg","contentUrl":"https:\/\/magdacesti.md\/wp-content\/uploads\/2021\/03\/Foto-514-scaled.jpg","width":2560,"height":1707,"caption":"M\u0103gd\u0103ce\u0219ti"},"image":{"@id":"https:\/\/magdacesti.md\/#\/schema\/logo\/image\/"},"sameAs":["https:\/\/www.facebook.com\/magdacesti.md\/"]},{"@type":"Person","@id":"https:\/\/magdacesti.md\/#\/schema\/person\/0068cad735c7cf3ab41a532515da0575","name":"Olga Enachi","url":"https:\/\/magdacesti.md\/?author=2"}]}},"_links":{"self":[{"href":"https:\/\/magdacesti.md\/index.php?rest_route=\/wp\/v2\/posts\/3766","targetHints":{"allow":["GET"]}}],"collection":[{"href":"https:\/\/magdacesti.md\/index.php?rest_route=\/wp\/v2\/posts"}],"about":[{"href":"https:\/\/magdacesti.md\/index.php?rest_route=\/wp\/v2\/types\/post"}],"author":[{"embeddable":true,"href":"https:\/\/magdacesti.md\/index.php?rest_route=\/wp\/v2\/users\/2"}],"replies":[{"embeddable":true,"href":"https:\/\/magdacesti.md\/index.php?rest_route=%2Fwp%2Fv2%2Fcomments&post=3766"}],"version-history":[{"count":0,"href":"https:\/\/magdacesti.md\/index.php?rest_route=\/wp\/v2\/posts\/3766\/revisions"}],"wp:attachment":[{"href":"https:\/\/magdacesti.md\/index.php?rest_route=%2Fwp%2Fv2%2Fmedia&parent=3766"}],"wp:term":[{"taxonomy":"category","embeddable":true,"href":"https:\/\/magdacesti.md\/index.php?rest_route=%2Fwp%2Fv2%2Fcategories&post=3766"},{"taxonomy":"post_tag","embeddable":true,"href":"https:\/\/magdacesti.md\/index.php?rest_route=%2Fwp%2Fv2%2Ftags&post=3766"}],"curies":[{"name":"wp","href":"https:\/\/api.w.org\/{rel}","templated":true}]}}