{"id":3771,"date":"2019-11-01T12:10:26","date_gmt":"2019-11-01T10:10:26","guid":{"rendered":"https:\/\/magdacesti.md\/?p=3771"},"modified":"2019-11-01T12:10:26","modified_gmt":"2019-11-01T10:10:26","slug":"satul-magdacesti-a-devenit-mai-verde-si-mai-curat","status":"publish","type":"post","link":"https:\/\/magdacesti.md\/?p=3771","title":{"rendered":"Satul M\u0103gd\u0103ce\u0219ti a devenit mai verde \u0219i mai curat\/ FOTO"},"content":{"rendered":"<p><strong>Zeci de ar\u021bari, plopi, salc\u00e2mi, tei, puie\u021bi de nuci decorativi au fost planta\u021bi de mai mul\u021bi elevi \u0219i reprezentan\u021bi ai institu\u021biilor publice din satul M\u0103gd\u0103ce\u0219ti, \u00een ultima zi de octombrie.<\/strong><\/p>\n<p><img loading=\"lazy\" decoding=\"async\" class=\"aligncenter\" src=\"https:\/\/magdacesti.md\/wp-content\/uploads\/2019\/11\/IMG_3065.jpg\" alt=\"\" width=\"640\" height=\"427\" \/><\/p>\n<p><img loading=\"lazy\" decoding=\"async\" class=\"aligncenter\" src=\"https:\/\/magdacesti.md\/wp-content\/uploads\/2019\/11\/IMG_3066.jpg\" alt=\"\" width=\"640\" height=\"480\" \/><\/p>\n<p><img loading=\"lazy\" decoding=\"async\" class=\"aligncenter\" src=\"https:\/\/magdacesti.md\/wp-content\/uploads\/2019\/11\/IMG_3085.jpg\" alt=\"\" width=\"640\" height=\"427\" \/><\/p>\n<p>Echipa\u021bi cu unelte de gr\u0103din\u0103rit, am pornit cu optimism s\u0103 plant\u0103m faptele bune acas\u0103.<span class=\"text_exposed_show\"><br \/>\nSuntem bucuro\u0219i c\u0103 am reu\u0219it s\u0103 \u00eenverzim zonele ce au avut de suferit \u00een urma calamit\u0103\u021bilor din prim\u0103var\u0103, precum \u0219i terenurile care au servit \u00een tot acest timp gunoi\u0219te pentru unii locuitori.<\/span><\/p>\n<div class=\"text_exposed_show\">\n<p>A fost salubrizat toate spa\u021biile de pe l\u00e2ng\u0103 institu\u021biile publice, str\u0103zile principale din localitate, terenul de joac\u0103 pentru copii. Sper\u0103m din tot sufletul, doar ca munca depus\u0103 s\u0103 fie apreciat\u0103 \u0219i s\u0103 nu fie distrus\u0103.<\/p>\n<p><img loading=\"lazy\" decoding=\"async\" class=\"aligncenter\" src=\"https:\/\/magdacesti.md\/wp-content\/uploads\/2019\/11\/IMG_3090.jpg\" alt=\"\" width=\"640\" height=\"480\" \/><\/p>\n<\/div>\n<p><img loading=\"lazy\" decoding=\"async\" class=\"aligncenter\" src=\"https:\/\/magdacesti.md\/wp-content\/uploads\/2019\/11\/IMG_3177.jpg\" alt=\"\" width=\"640\" height=\"427\" \/><\/p>\n<p><img loading=\"lazy\" decoding=\"async\" class=\"aligncenter\" src=\"https:\/\/magdacesti.md\/wp-content\/uploads\/2019\/11\/IMG_3193.jpg\" alt=\"\" width=\"640\" height=\"427\" \/><\/p>\n<p><img loading=\"lazy\" decoding=\"async\" class=\"aligncenter\" src=\"https:\/\/magdacesti.md\/wp-content\/uploads\/2019\/11\/IMG_3195.jpg\" alt=\"\" width=\"640\" height=\"480\" \/><\/p>\n<p><img loading=\"lazy\" decoding=\"async\" class=\"aligncenter\" src=\"https:\/\/magdacesti.md\/wp-content\/uploads\/2019\/11\/IMG_3042.jpg\" alt=\"\" width=\"640\" height=\"480\" \/><\/p>\n<p>Apreciem efortul tuturor participan\u021bilor, mai ales pe o astfel de vreme friguroas\u0103 \u0219i le mul\u021bumim c\u0103 datorit\u0103 lor planta\u021bia va prinde r\u0103d\u0103cini.<\/p>\n<div class=\"text_exposed_show\">\n<p>P.S. Mul\u021bumim doamnei Tecla, flor\u0103reasa din satul M\u0103gd\u0103ce\u0219ti, pentru c\u0103 ne-a d\u0103ruit bulbi de lalele \u0219i trandafiri. Le-am plantat cu grij\u0103 \u0219i cu siguran\u021b\u0103 vor fi bucurie pentru trec\u0103tori.<\/p>\n<\/div>\n","protected":false},"excerpt":{"rendered":"<p>Zeci de ar\u021bari, plopi, salc\u00e2mi, tei, puie\u021bi de nuci decorativi au fost planta\u021bi de mai mul\u021bi elevi \u0219i reprezentan\u021bi ai institu\u021biilor publice din satul M\u0103gd\u0103ce\u0219ti, \u00een ultima zi de octombrie. Echipa\u021bi cu unelte de gr\u0103din\u0103rit, am pornit cu optimism s\u0103 plant\u0103m faptele bune acas\u0103. Suntem bucuro\u0219i c\u0103 am reu\u0219it s\u0103 \u00eenverzim zonele ce au avut [&#8230;]\n","protected":false},"author":2,"featured_media":0,"comment_status":"closed","ping_status":"closed","sticky":false,"template":"","format":"standard","meta":{"ngg_post_thumbnail":0,"footnotes":""},"categories":[4],"tags":[],"class_list":["post-3771","post","type-post","status-publish","format-standard","hentry","category-stiri"],"yoast_head":"<!-- This site is optimized with the Yoast SEO plugin v23.3 - https:\/\/yoast.com\/wordpress\/plugins\/seo\/ -->\n<title>Satul M\u0103gd\u0103ce\u0219ti a devenit mai verde \u0219i mai curat\/ FOTO - M\u0103gd\u0103ce\u0219ti<\/title>\n<meta name=\"description\" content=\"Bine ati venit pe pagina oficiala a Primariei Magdacesti.\" \/>\n<meta name=\"robots\" content=\"index, follow, max-snippet:-1, max-image-preview:large, max-video-preview:-1\" \/>\n<link rel=\"canonical\" href=\"https:\/\/magdacesti.md\/?p=3771\" \/>\n<meta property=\"og:locale\" content=\"en_US\" \/>\n<meta property=\"og:type\" content=\"article\" \/>\n<meta property=\"og:title\" content=\"Satul M\u0103gd\u0103ce\u0219ti a devenit mai verde \u0219i mai curat\/ FOTO - M\u0103gd\u0103ce\u0219ti\" \/>\n<meta property=\"og:description\" content=\"Bine ati venit pe pagina oficiala a Primariei Magdacesti.\" \/>\n<meta property=\"og:url\" content=\"https:\/\/magdacesti.md\/?p=3771\" \/>\n<meta property=\"og:site_name\" content=\"M\u0103gd\u0103ce\u0219ti\" \/>\n<meta property=\"article:publisher\" content=\"https:\/\/www.facebook.com\/magdacesti.md\/\" \/>\n<meta property=\"article:published_time\" content=\"2019-11-01T10:10:26+00:00\" \/>\n<meta property=\"og:image\" content=\"https:\/\/magdacesti.md\/wp-content\/uploads\/2019\/11\/IMG_3065.jpg\" \/>\n<meta name=\"author\" content=\"Olga Enachi\" \/>\n<meta name=\"twitter:card\" content=\"summary_large_image\" \/>\n<meta name=\"twitter:label1\" content=\"Written by\" \/>\n\t<meta name=\"twitter:data1\" content=\"Olga Enachi\" \/>\n\t<meta name=\"twitter:label2\" content=\"Est. reading time\" \/>\n\t<meta name=\"twitter:data2\" content=\"1 minute\" \/>\n<script type=\"application\/ld+json\" class=\"yoast-schema-graph\">{\"@context\":\"https:\/\/schema.org\",\"@graph\":[{\"@type\":\"Article\",\"@id\":\"https:\/\/magdacesti.md\/?p=3771#article\",\"isPartOf\":{\"@id\":\"https:\/\/magdacesti.md\/?p=3771\"},\"author\":{\"name\":\"Olga Enachi\",\"@id\":\"https:\/\/magdacesti.md\/#\/schema\/person\/0068cad735c7cf3ab41a532515da0575\"},\"headline\":\"Satul M\u0103gd\u0103ce\u0219ti a devenit mai verde \u0219i mai curat\/ FOTO\",\"datePublished\":\"2019-11-01T10:10:26+00:00\",\"dateModified\":\"2019-11-01T10:10:26+00:00\",\"mainEntityOfPage\":{\"@id\":\"https:\/\/magdacesti.md\/?p=3771\"},\"wordCount\":212,\"publisher\":{\"@id\":\"https:\/\/magdacesti.md\/#organization\"},\"image\":{\"@id\":\"https:\/\/magdacesti.md\/?p=3771#primaryimage\"},\"thumbnailUrl\":\"https:\/\/magdacesti.md\/wp-content\/uploads\/2019\/11\/IMG_3065.jpg\",\"articleSection\":[\"Stiri\"],\"inLanguage\":\"en-US\"},{\"@type\":\"WebPage\",\"@id\":\"https:\/\/magdacesti.md\/?p=3771\",\"url\":\"https:\/\/magdacesti.md\/?p=3771\",\"name\":\"Satul M\u0103gd\u0103ce\u0219ti a devenit mai verde \u0219i mai curat\/ FOTO - M\u0103gd\u0103ce\u0219ti\",\"isPartOf\":{\"@id\":\"https:\/\/magdacesti.md\/#website\"},\"primaryImageOfPage\":{\"@id\":\"https:\/\/magdacesti.md\/?p=3771#primaryimage\"},\"image\":{\"@id\":\"https:\/\/magdacesti.md\/?p=3771#primaryimage\"},\"thumbnailUrl\":\"https:\/\/magdacesti.md\/wp-content\/uploads\/2019\/11\/IMG_3065.jpg\",\"datePublished\":\"2019-11-01T10:10:26+00:00\",\"dateModified\":\"2019-11-01T10:10:26+00:00\",\"description\":\"Bine ati venit pe pagina oficiala a Primariei Magdacesti.\",\"breadcrumb\":{\"@id\":\"https:\/\/magdacesti.md\/?p=3771#breadcrumb\"},\"inLanguage\":\"en-US\",\"potentialAction\":[{\"@type\":\"ReadAction\",\"target\":[\"https:\/\/magdacesti.md\/?p=3771\"]}]},{\"@type\":\"ImageObject\",\"inLanguage\":\"en-US\",\"@id\":\"https:\/\/magdacesti.md\/?p=3771#primaryimage\",\"url\":\"https:\/\/magdacesti.md\/wp-content\/uploads\/2019\/11\/IMG_3065.jpg\",\"contentUrl\":\"https:\/\/magdacesti.md\/wp-content\/uploads\/2019\/11\/IMG_3065.jpg\"},{\"@type\":\"BreadcrumbList\",\"@id\":\"https:\/\/magdacesti.md\/?p=3771#breadcrumb\",\"itemListElement\":[{\"@type\":\"ListItem\",\"position\":1,\"name\":\"Home\",\"item\":\"https:\/\/magdacesti.md\/\"},{\"@type\":\"ListItem\",\"position\":2,\"name\":\"Satul M\u0103gd\u0103ce\u0219ti a devenit mai verde \u0219i mai curat\/ FOTO\"}]},{\"@type\":\"WebSite\",\"@id\":\"https:\/\/magdacesti.md\/#website\",\"url\":\"https:\/\/magdacesti.md\/\",\"name\":\"M\u0103gd\u0103ce\u0219ti\",\"description\":\"Un or\u0103\u0219el cu condi\u021bii decente de trai!\",\"publisher\":{\"@id\":\"https:\/\/magdacesti.md\/#organization\"},\"potentialAction\":[{\"@type\":\"SearchAction\",\"target\":{\"@type\":\"EntryPoint\",\"urlTemplate\":\"https:\/\/magdacesti.md\/?s={search_term_string}\"},\"query-input\":\"required name=search_term_string\"}],\"inLanguage\":\"en-US\"},{\"@type\":\"Organization\",\"@id\":\"https:\/\/magdacesti.md\/#organization\",\"name\":\"M\u0103gd\u0103ce\u0219ti\",\"url\":\"https:\/\/magdacesti.md\/\",\"logo\":{\"@type\":\"ImageObject\",\"inLanguage\":\"en-US\",\"@id\":\"https:\/\/magdacesti.md\/#\/schema\/logo\/image\/\",\"url\":\"https:\/\/magdacesti.md\/wp-content\/uploads\/2021\/03\/Foto-514-scaled.jpg\",\"contentUrl\":\"https:\/\/magdacesti.md\/wp-content\/uploads\/2021\/03\/Foto-514-scaled.jpg\",\"width\":2560,\"height\":1707,\"caption\":\"M\u0103gd\u0103ce\u0219ti\"},\"image\":{\"@id\":\"https:\/\/magdacesti.md\/#\/schema\/logo\/image\/\"},\"sameAs\":[\"https:\/\/www.facebook.com\/magdacesti.md\/\"]},{\"@type\":\"Person\",\"@id\":\"https:\/\/magdacesti.md\/#\/schema\/person\/0068cad735c7cf3ab41a532515da0575\",\"name\":\"Olga Enachi\",\"url\":\"https:\/\/magdacesti.md\/?author=2\"}]}<\/script>\n<!-- \/ Yoast SEO plugin. -->","yoast_head_json":{"title":"Satul M\u0103gd\u0103ce\u0219ti a devenit mai verde \u0219i mai curat\/ FOTO - M\u0103gd\u0103ce\u0219ti","description":"Bine ati venit pe pagina oficiala a Primariei Magdacesti.","robots":{"index":"index","follow":"follow","max-snippet":"max-snippet:-1","max-image-preview":"max-image-preview:large","max-video-preview":"max-video-preview:-1"},"canonical":"https:\/\/magdacesti.md\/?p=3771","og_locale":"en_US","og_type":"article","og_title":"Satul M\u0103gd\u0103ce\u0219ti a devenit mai verde \u0219i mai curat\/ FOTO - M\u0103gd\u0103ce\u0219ti","og_description":"Bine ati venit pe pagina oficiala a Primariei Magdacesti.","og_url":"https:\/\/magdacesti.md\/?p=3771","og_site_name":"M\u0103gd\u0103ce\u0219ti","article_publisher":"https:\/\/www.facebook.com\/magdacesti.md\/","article_published_time":"2019-11-01T10:10:26+00:00","og_image":[{"url":"https:\/\/magdacesti.md\/wp-content\/uploads\/2019\/11\/IMG_3065.jpg"}],"author":"Olga Enachi","twitter_card":"summary_large_image","twitter_misc":{"Written by":"Olga Enachi","Est. reading time":"1 minute"},"schema":{"@context":"https:\/\/schema.org","@graph":[{"@type":"Article","@id":"https:\/\/magdacesti.md\/?p=3771#article","isPartOf":{"@id":"https:\/\/magdacesti.md\/?p=3771"},"author":{"name":"Olga Enachi","@id":"https:\/\/magdacesti.md\/#\/schema\/person\/0068cad735c7cf3ab41a532515da0575"},"headline":"Satul M\u0103gd\u0103ce\u0219ti a devenit mai verde \u0219i mai curat\/ FOTO","datePublished":"2019-11-01T10:10:26+00:00","dateModified":"2019-11-01T10:10:26+00:00","mainEntityOfPage":{"@id":"https:\/\/magdacesti.md\/?p=3771"},"wordCount":212,"publisher":{"@id":"https:\/\/magdacesti.md\/#organization"},"image":{"@id":"https:\/\/magdacesti.md\/?p=3771#primaryimage"},"thumbnailUrl":"https:\/\/magdacesti.md\/wp-content\/uploads\/2019\/11\/IMG_3065.jpg","articleSection":["Stiri"],"inLanguage":"en-US"},{"@type":"WebPage","@id":"https:\/\/magdacesti.md\/?p=3771","url":"https:\/\/magdacesti.md\/?p=3771","name":"Satul M\u0103gd\u0103ce\u0219ti a devenit mai verde \u0219i mai curat\/ FOTO - M\u0103gd\u0103ce\u0219ti","isPartOf":{"@id":"https:\/\/magdacesti.md\/#website"},"primaryImageOfPage":{"@id":"https:\/\/magdacesti.md\/?p=3771#primaryimage"},"image":{"@id":"https:\/\/magdacesti.md\/?p=3771#primaryimage"},"thumbnailUrl":"https:\/\/magdacesti.md\/wp-content\/uploads\/2019\/11\/IMG_3065.jpg","datePublished":"2019-11-01T10:10:26+00:00","dateModified":"2019-11-01T10:10:26+00:00","description":"Bine ati venit pe pagina oficiala a Primariei Magdacesti.","breadcrumb":{"@id":"https:\/\/magdacesti.md\/?p=3771#breadcrumb"},"inLanguage":"en-US","potentialAction":[{"@type":"ReadAction","target":["https:\/\/magdacesti.md\/?p=3771"]}]},{"@type":"ImageObject","inLanguage":"en-US","@id":"https:\/\/magdacesti.md\/?p=3771#primaryimage","url":"https:\/\/magdacesti.md\/wp-content\/uploads\/2019\/11\/IMG_3065.jpg","contentUrl":"https:\/\/magdacesti.md\/wp-content\/uploads\/2019\/11\/IMG_3065.jpg"},{"@type":"BreadcrumbList","@id":"https:\/\/magdacesti.md\/?p=3771#breadcrumb","itemListElement":[{"@type":"ListItem","position":1,"name":"Home","item":"https:\/\/magdacesti.md\/"},{"@type":"ListItem","position":2,"name":"Satul M\u0103gd\u0103ce\u0219ti a devenit mai verde \u0219i mai curat\/ FOTO"}]},{"@type":"WebSite","@id":"https:\/\/magdacesti.md\/#website","url":"https:\/\/magdacesti.md\/","name":"M\u0103gd\u0103ce\u0219ti","description":"Un or\u0103\u0219el cu condi\u021bii decente de trai!","publisher":{"@id":"https:\/\/magdacesti.md\/#organization"},"potentialAction":[{"@type":"SearchAction","target":{"@type":"EntryPoint","urlTemplate":"https:\/\/magdacesti.md\/?s={search_term_string}"},"query-input":"required name=search_term_string"}],"inLanguage":"en-US"},{"@type":"Organization","@id":"https:\/\/magdacesti.md\/#organization","name":"M\u0103gd\u0103ce\u0219ti","url":"https:\/\/magdacesti.md\/","logo":{"@type":"ImageObject","inLanguage":"en-US","@id":"https:\/\/magdacesti.md\/#\/schema\/logo\/image\/","url":"https:\/\/magdacesti.md\/wp-content\/uploads\/2021\/03\/Foto-514-scaled.jpg","contentUrl":"https:\/\/magdacesti.md\/wp-content\/uploads\/2021\/03\/Foto-514-scaled.jpg","width":2560,"height":1707,"caption":"M\u0103gd\u0103ce\u0219ti"},"image":{"@id":"https:\/\/magdacesti.md\/#\/schema\/logo\/image\/"},"sameAs":["https:\/\/www.facebook.com\/magdacesti.md\/"]},{"@type":"Person","@id":"https:\/\/magdacesti.md\/#\/schema\/person\/0068cad735c7cf3ab41a532515da0575","name":"Olga Enachi","url":"https:\/\/magdacesti.md\/?author=2"}]}},"_links":{"self":[{"href":"https:\/\/magdacesti.md\/index.php?rest_route=\/wp\/v2\/posts\/3771","targetHints":{"allow":["GET"]}}],"collection":[{"href":"https:\/\/magdacesti.md\/index.php?rest_route=\/wp\/v2\/posts"}],"about":[{"href":"https:\/\/magdacesti.md\/index.php?rest_route=\/wp\/v2\/types\/post"}],"author":[{"embeddable":true,"href":"https:\/\/magdacesti.md\/index.php?rest_route=\/wp\/v2\/users\/2"}],"replies":[{"embeddable":true,"href":"https:\/\/magdacesti.md\/index.php?rest_route=%2Fwp%2Fv2%2Fcomments&post=3771"}],"version-history":[{"count":0,"href":"https:\/\/magdacesti.md\/index.php?rest_route=\/wp\/v2\/posts\/3771\/revisions"}],"wp:attachment":[{"href":"https:\/\/magdacesti.md\/index.php?rest_route=%2Fwp%2Fv2%2Fmedia&parent=3771"}],"wp:term":[{"taxonomy":"category","embeddable":true,"href":"https:\/\/magdacesti.md\/index.php?rest_route=%2Fwp%2Fv2%2Fcategories&post=3771"},{"taxonomy":"post_tag","embeddable":true,"href":"https:\/\/magdacesti.md\/index.php?rest_route=%2Fwp%2Fv2%2Ftags&post=3771"}],"curies":[{"name":"wp","href":"https:\/\/api.w.org\/{rel}","templated":true}]}}