{"id":3826,"date":"2019-12-17T09:03:04","date_gmt":"2019-12-17T07:03:04","guid":{"rendered":"https:\/\/magdacesti.md\/?p=3826"},"modified":"2019-12-17T09:03:04","modified_gmt":"2019-12-17T07:03:04","slug":"atentie-deconectari-programate-de-energie-electrica-la-magdacesti","status":"publish","type":"post","link":"https:\/\/magdacesti.md\/?p=3826","title":{"rendered":"Aten\u021bie! Deconect\u0103ri programate de energie electric\u0103 la M\u0103gd\u0103ce\u0219ti."},"content":{"rendered":"\n<p>Ast\u0103zi, mai multe str\u0103zi din satul M\u0103gd\u0103ce\u0219ti vor fi deconectate de la energia electric\u0103, \u00eentruc\u00e2t vor avea loc lucr\u0103ri programate de renovare, instalare \u0219i iluminare a re\u021belelor electrice de la traseul central.<br> furnizorul de energie <strong>&#8220;Premier Energy Distribution&#8221; S. A<\/strong>. anun\u021b\u0103 c\u0103 pe 17 \u0219i 18 decembrie 2019, energia electric\u0103 va fi deconectat\u0103 pe adresele \u0219i \u00een intervalele de timp indicate mai jos: <\/p>\n\n\n\n<p><strong>Str. Alecu Russo, Alexandru cel Bun, Basarabiei, Calea Orheiului, Gheorghe Asachi, Ion Creang\u0103, Ion Iachir, Ion Neculce, Magdiciu Petre, M\u0103gd\u0103ce\u015fti, Mihai Eminescu, Orhei, P\u0103cii, \u0218tefan cel Mare \u0219i Sf\u00e2nt, Vasile Alecsandri par\u021bial, <em>\u00een intervalul de timp \u00eentre 09:00 &#8211; 16:30.<\/em><\/strong><\/p>\n\n\n\n<figure class=\"wp-block-image\"><img decoding=\"async\" src=\"https:\/\/magdacesti.md\/wp-content\/uploads\/2019\/12\/atentie-deconectari-de-la-energia-electrica-in-chisinau-vezi-adresele-1440391811.jpg\" alt=\"\" class=\"wp-image-3827\"\/><\/figure>\n","protected":false},"excerpt":{"rendered":"<p>Ast\u0103zi, mai multe str\u0103zi din satul M\u0103gd\u0103ce\u0219ti vor fi deconectate de la energia electric\u0103, \u00eentruc\u00e2t vor avea loc lucr\u0103ri programate de renovare, instalare \u0219i iluminare a re\u021belelor electrice de la traseul central. furnizorul de energie &#8220;Premier Energy Distribution&#8221; S. A. anun\u021b\u0103 c\u0103 pe 17 \u0219i 18 decembrie 2019, energia electric\u0103 va fi deconectat\u0103 pe adresele [&#8230;]\n","protected":false},"author":2,"featured_media":0,"comment_status":"closed","ping_status":"closed","sticky":false,"template":"","format":"standard","meta":{"ngg_post_thumbnail":0,"footnotes":""},"categories":[4],"tags":[],"class_list":["post-3826","post","type-post","status-publish","format-standard","hentry","category-stiri"],"yoast_head":"<!-- This site is optimized with the Yoast SEO plugin v23.3 - https:\/\/yoast.com\/wordpress\/plugins\/seo\/ -->\n<title>Aten\u021bie! Deconect\u0103ri programate de energie electric\u0103 la M\u0103gd\u0103ce\u0219ti. - M\u0103gd\u0103ce\u0219ti<\/title>\n<meta name=\"description\" content=\"Bine ati venit pe pagina oficiala a Primariei Magdacesti.\" \/>\n<meta name=\"robots\" content=\"index, follow, max-snippet:-1, max-image-preview:large, max-video-preview:-1\" \/>\n<link rel=\"canonical\" href=\"https:\/\/magdacesti.md\/?p=3826\" \/>\n<meta property=\"og:locale\" content=\"en_US\" \/>\n<meta property=\"og:type\" content=\"article\" \/>\n<meta property=\"og:title\" content=\"Aten\u021bie! Deconect\u0103ri programate de energie electric\u0103 la M\u0103gd\u0103ce\u0219ti. - M\u0103gd\u0103ce\u0219ti\" \/>\n<meta property=\"og:description\" content=\"Bine ati venit pe pagina oficiala a Primariei Magdacesti.\" \/>\n<meta property=\"og:url\" content=\"https:\/\/magdacesti.md\/?p=3826\" \/>\n<meta property=\"og:site_name\" content=\"M\u0103gd\u0103ce\u0219ti\" \/>\n<meta property=\"article:publisher\" content=\"https:\/\/www.facebook.com\/magdacesti.md\/\" \/>\n<meta property=\"article:published_time\" content=\"2019-12-17T07:03:04+00:00\" \/>\n<meta property=\"og:image\" content=\"https:\/\/magdacesti.md\/wp-content\/uploads\/2019\/12\/atentie-deconectari-de-la-energia-electrica-in-chisinau-vezi-adresele-1440391811.jpg\" \/>\n<meta name=\"author\" content=\"Olga Enachi\" \/>\n<meta name=\"twitter:card\" content=\"summary_large_image\" \/>\n<meta name=\"twitter:label1\" content=\"Written by\" \/>\n\t<meta name=\"twitter:data1\" content=\"Olga Enachi\" \/>\n\t<meta name=\"twitter:label2\" content=\"Est. reading time\" \/>\n\t<meta name=\"twitter:data2\" content=\"1 minute\" \/>\n<script type=\"application\/ld+json\" class=\"yoast-schema-graph\">{\"@context\":\"https:\/\/schema.org\",\"@graph\":[{\"@type\":\"Article\",\"@id\":\"https:\/\/magdacesti.md\/?p=3826#article\",\"isPartOf\":{\"@id\":\"https:\/\/magdacesti.md\/?p=3826\"},\"author\":{\"name\":\"Olga Enachi\",\"@id\":\"https:\/\/magdacesti.md\/#\/schema\/person\/0068cad735c7cf3ab41a532515da0575\"},\"headline\":\"Aten\u021bie! Deconect\u0103ri programate de energie electric\u0103 la M\u0103gd\u0103ce\u0219ti.\",\"datePublished\":\"2019-12-17T07:03:04+00:00\",\"dateModified\":\"2019-12-17T07:03:04+00:00\",\"mainEntityOfPage\":{\"@id\":\"https:\/\/magdacesti.md\/?p=3826\"},\"wordCount\":125,\"publisher\":{\"@id\":\"https:\/\/magdacesti.md\/#organization\"},\"image\":{\"@id\":\"https:\/\/magdacesti.md\/?p=3826#primaryimage\"},\"thumbnailUrl\":\"https:\/\/magdacesti.md\/wp-content\/uploads\/2019\/12\/atentie-deconectari-de-la-energia-electrica-in-chisinau-vezi-adresele-1440391811.jpg\",\"articleSection\":[\"Stiri\"],\"inLanguage\":\"en-US\"},{\"@type\":\"WebPage\",\"@id\":\"https:\/\/magdacesti.md\/?p=3826\",\"url\":\"https:\/\/magdacesti.md\/?p=3826\",\"name\":\"Aten\u021bie! Deconect\u0103ri programate de energie electric\u0103 la M\u0103gd\u0103ce\u0219ti. - M\u0103gd\u0103ce\u0219ti\",\"isPartOf\":{\"@id\":\"https:\/\/magdacesti.md\/#website\"},\"primaryImageOfPage\":{\"@id\":\"https:\/\/magdacesti.md\/?p=3826#primaryimage\"},\"image\":{\"@id\":\"https:\/\/magdacesti.md\/?p=3826#primaryimage\"},\"thumbnailUrl\":\"https:\/\/magdacesti.md\/wp-content\/uploads\/2019\/12\/atentie-deconectari-de-la-energia-electrica-in-chisinau-vezi-adresele-1440391811.jpg\",\"datePublished\":\"2019-12-17T07:03:04+00:00\",\"dateModified\":\"2019-12-17T07:03:04+00:00\",\"description\":\"Bine ati venit pe pagina oficiala a Primariei Magdacesti.\",\"breadcrumb\":{\"@id\":\"https:\/\/magdacesti.md\/?p=3826#breadcrumb\"},\"inLanguage\":\"en-US\",\"potentialAction\":[{\"@type\":\"ReadAction\",\"target\":[\"https:\/\/magdacesti.md\/?p=3826\"]}]},{\"@type\":\"ImageObject\",\"inLanguage\":\"en-US\",\"@id\":\"https:\/\/magdacesti.md\/?p=3826#primaryimage\",\"url\":\"https:\/\/magdacesti.md\/wp-content\/uploads\/2019\/12\/atentie-deconectari-de-la-energia-electrica-in-chisinau-vezi-adresele-1440391811.jpg\",\"contentUrl\":\"https:\/\/magdacesti.md\/wp-content\/uploads\/2019\/12\/atentie-deconectari-de-la-energia-electrica-in-chisinau-vezi-adresele-1440391811.jpg\"},{\"@type\":\"BreadcrumbList\",\"@id\":\"https:\/\/magdacesti.md\/?p=3826#breadcrumb\",\"itemListElement\":[{\"@type\":\"ListItem\",\"position\":1,\"name\":\"Home\",\"item\":\"https:\/\/magdacesti.md\/\"},{\"@type\":\"ListItem\",\"position\":2,\"name\":\"Aten\u021bie! Deconect\u0103ri programate de energie electric\u0103 la M\u0103gd\u0103ce\u0219ti.\"}]},{\"@type\":\"WebSite\",\"@id\":\"https:\/\/magdacesti.md\/#website\",\"url\":\"https:\/\/magdacesti.md\/\",\"name\":\"M\u0103gd\u0103ce\u0219ti\",\"description\":\"Un or\u0103\u0219el cu condi\u021bii decente de trai!\",\"publisher\":{\"@id\":\"https:\/\/magdacesti.md\/#organization\"},\"potentialAction\":[{\"@type\":\"SearchAction\",\"target\":{\"@type\":\"EntryPoint\",\"urlTemplate\":\"https:\/\/magdacesti.md\/?s={search_term_string}\"},\"query-input\":\"required name=search_term_string\"}],\"inLanguage\":\"en-US\"},{\"@type\":\"Organization\",\"@id\":\"https:\/\/magdacesti.md\/#organization\",\"name\":\"M\u0103gd\u0103ce\u0219ti\",\"url\":\"https:\/\/magdacesti.md\/\",\"logo\":{\"@type\":\"ImageObject\",\"inLanguage\":\"en-US\",\"@id\":\"https:\/\/magdacesti.md\/#\/schema\/logo\/image\/\",\"url\":\"https:\/\/magdacesti.md\/wp-content\/uploads\/2021\/03\/Foto-514-scaled.jpg\",\"contentUrl\":\"https:\/\/magdacesti.md\/wp-content\/uploads\/2021\/03\/Foto-514-scaled.jpg\",\"width\":2560,\"height\":1707,\"caption\":\"M\u0103gd\u0103ce\u0219ti\"},\"image\":{\"@id\":\"https:\/\/magdacesti.md\/#\/schema\/logo\/image\/\"},\"sameAs\":[\"https:\/\/www.facebook.com\/magdacesti.md\/\"]},{\"@type\":\"Person\",\"@id\":\"https:\/\/magdacesti.md\/#\/schema\/person\/0068cad735c7cf3ab41a532515da0575\",\"name\":\"Olga Enachi\",\"url\":\"https:\/\/magdacesti.md\/?author=2\"}]}<\/script>\n<!-- \/ Yoast SEO plugin. -->","yoast_head_json":{"title":"Aten\u021bie! Deconect\u0103ri programate de energie electric\u0103 la M\u0103gd\u0103ce\u0219ti. - M\u0103gd\u0103ce\u0219ti","description":"Bine ati venit pe pagina oficiala a Primariei Magdacesti.","robots":{"index":"index","follow":"follow","max-snippet":"max-snippet:-1","max-image-preview":"max-image-preview:large","max-video-preview":"max-video-preview:-1"},"canonical":"https:\/\/magdacesti.md\/?p=3826","og_locale":"en_US","og_type":"article","og_title":"Aten\u021bie! Deconect\u0103ri programate de energie electric\u0103 la M\u0103gd\u0103ce\u0219ti. - M\u0103gd\u0103ce\u0219ti","og_description":"Bine ati venit pe pagina oficiala a Primariei Magdacesti.","og_url":"https:\/\/magdacesti.md\/?p=3826","og_site_name":"M\u0103gd\u0103ce\u0219ti","article_publisher":"https:\/\/www.facebook.com\/magdacesti.md\/","article_published_time":"2019-12-17T07:03:04+00:00","og_image":[{"url":"https:\/\/magdacesti.md\/wp-content\/uploads\/2019\/12\/atentie-deconectari-de-la-energia-electrica-in-chisinau-vezi-adresele-1440391811.jpg"}],"author":"Olga Enachi","twitter_card":"summary_large_image","twitter_misc":{"Written by":"Olga Enachi","Est. reading time":"1 minute"},"schema":{"@context":"https:\/\/schema.org","@graph":[{"@type":"Article","@id":"https:\/\/magdacesti.md\/?p=3826#article","isPartOf":{"@id":"https:\/\/magdacesti.md\/?p=3826"},"author":{"name":"Olga Enachi","@id":"https:\/\/magdacesti.md\/#\/schema\/person\/0068cad735c7cf3ab41a532515da0575"},"headline":"Aten\u021bie! Deconect\u0103ri programate de energie electric\u0103 la M\u0103gd\u0103ce\u0219ti.","datePublished":"2019-12-17T07:03:04+00:00","dateModified":"2019-12-17T07:03:04+00:00","mainEntityOfPage":{"@id":"https:\/\/magdacesti.md\/?p=3826"},"wordCount":125,"publisher":{"@id":"https:\/\/magdacesti.md\/#organization"},"image":{"@id":"https:\/\/magdacesti.md\/?p=3826#primaryimage"},"thumbnailUrl":"https:\/\/magdacesti.md\/wp-content\/uploads\/2019\/12\/atentie-deconectari-de-la-energia-electrica-in-chisinau-vezi-adresele-1440391811.jpg","articleSection":["Stiri"],"inLanguage":"en-US"},{"@type":"WebPage","@id":"https:\/\/magdacesti.md\/?p=3826","url":"https:\/\/magdacesti.md\/?p=3826","name":"Aten\u021bie! Deconect\u0103ri programate de energie electric\u0103 la M\u0103gd\u0103ce\u0219ti. - M\u0103gd\u0103ce\u0219ti","isPartOf":{"@id":"https:\/\/magdacesti.md\/#website"},"primaryImageOfPage":{"@id":"https:\/\/magdacesti.md\/?p=3826#primaryimage"},"image":{"@id":"https:\/\/magdacesti.md\/?p=3826#primaryimage"},"thumbnailUrl":"https:\/\/magdacesti.md\/wp-content\/uploads\/2019\/12\/atentie-deconectari-de-la-energia-electrica-in-chisinau-vezi-adresele-1440391811.jpg","datePublished":"2019-12-17T07:03:04+00:00","dateModified":"2019-12-17T07:03:04+00:00","description":"Bine ati venit pe pagina oficiala a Primariei Magdacesti.","breadcrumb":{"@id":"https:\/\/magdacesti.md\/?p=3826#breadcrumb"},"inLanguage":"en-US","potentialAction":[{"@type":"ReadAction","target":["https:\/\/magdacesti.md\/?p=3826"]}]},{"@type":"ImageObject","inLanguage":"en-US","@id":"https:\/\/magdacesti.md\/?p=3826#primaryimage","url":"https:\/\/magdacesti.md\/wp-content\/uploads\/2019\/12\/atentie-deconectari-de-la-energia-electrica-in-chisinau-vezi-adresele-1440391811.jpg","contentUrl":"https:\/\/magdacesti.md\/wp-content\/uploads\/2019\/12\/atentie-deconectari-de-la-energia-electrica-in-chisinau-vezi-adresele-1440391811.jpg"},{"@type":"BreadcrumbList","@id":"https:\/\/magdacesti.md\/?p=3826#breadcrumb","itemListElement":[{"@type":"ListItem","position":1,"name":"Home","item":"https:\/\/magdacesti.md\/"},{"@type":"ListItem","position":2,"name":"Aten\u021bie! Deconect\u0103ri programate de energie electric\u0103 la M\u0103gd\u0103ce\u0219ti."}]},{"@type":"WebSite","@id":"https:\/\/magdacesti.md\/#website","url":"https:\/\/magdacesti.md\/","name":"M\u0103gd\u0103ce\u0219ti","description":"Un or\u0103\u0219el cu condi\u021bii decente de trai!","publisher":{"@id":"https:\/\/magdacesti.md\/#organization"},"potentialAction":[{"@type":"SearchAction","target":{"@type":"EntryPoint","urlTemplate":"https:\/\/magdacesti.md\/?s={search_term_string}"},"query-input":"required name=search_term_string"}],"inLanguage":"en-US"},{"@type":"Organization","@id":"https:\/\/magdacesti.md\/#organization","name":"M\u0103gd\u0103ce\u0219ti","url":"https:\/\/magdacesti.md\/","logo":{"@type":"ImageObject","inLanguage":"en-US","@id":"https:\/\/magdacesti.md\/#\/schema\/logo\/image\/","url":"https:\/\/magdacesti.md\/wp-content\/uploads\/2021\/03\/Foto-514-scaled.jpg","contentUrl":"https:\/\/magdacesti.md\/wp-content\/uploads\/2021\/03\/Foto-514-scaled.jpg","width":2560,"height":1707,"caption":"M\u0103gd\u0103ce\u0219ti"},"image":{"@id":"https:\/\/magdacesti.md\/#\/schema\/logo\/image\/"},"sameAs":["https:\/\/www.facebook.com\/magdacesti.md\/"]},{"@type":"Person","@id":"https:\/\/magdacesti.md\/#\/schema\/person\/0068cad735c7cf3ab41a532515da0575","name":"Olga Enachi","url":"https:\/\/magdacesti.md\/?author=2"}]}},"_links":{"self":[{"href":"https:\/\/magdacesti.md\/index.php?rest_route=\/wp\/v2\/posts\/3826","targetHints":{"allow":["GET"]}}],"collection":[{"href":"https:\/\/magdacesti.md\/index.php?rest_route=\/wp\/v2\/posts"}],"about":[{"href":"https:\/\/magdacesti.md\/index.php?rest_route=\/wp\/v2\/types\/post"}],"author":[{"embeddable":true,"href":"https:\/\/magdacesti.md\/index.php?rest_route=\/wp\/v2\/users\/2"}],"replies":[{"embeddable":true,"href":"https:\/\/magdacesti.md\/index.php?rest_route=%2Fwp%2Fv2%2Fcomments&post=3826"}],"version-history":[{"count":0,"href":"https:\/\/magdacesti.md\/index.php?rest_route=\/wp\/v2\/posts\/3826\/revisions"}],"wp:attachment":[{"href":"https:\/\/magdacesti.md\/index.php?rest_route=%2Fwp%2Fv2%2Fmedia&parent=3826"}],"wp:term":[{"taxonomy":"category","embeddable":true,"href":"https:\/\/magdacesti.md\/index.php?rest_route=%2Fwp%2Fv2%2Fcategories&post=3826"},{"taxonomy":"post_tag","embeddable":true,"href":"https:\/\/magdacesti.md\/index.php?rest_route=%2Fwp%2Fv2%2Ftags&post=3826"}],"curies":[{"name":"wp","href":"https:\/\/api.w.org\/{rel}","templated":true}]}}