{"id":3830,"date":"2019-12-18T11:10:10","date_gmt":"2019-12-18T09:10:10","guid":{"rendered":"https:\/\/magdacesti.md\/?p=3830"},"modified":"2019-12-18T11:10:10","modified_gmt":"2019-12-18T09:10:10","slug":"la-multi-ani-de-ziua-politiei","status":"publish","type":"post","link":"https:\/\/magdacesti.md\/?p=3830","title":{"rendered":"La Mul\u021bi Ani, de Ziua Poli\u021biei!"},"content":{"rendered":"\n<p style=\"text-align:center\">Ast\u0103zi, 18 decembrie, este marcat\u0103 cea de-a <strong>29-a aniversare a Poli\u021biei Na\u021bionale.<\/strong><br>Cu acest prilej, adres\u0103m sincere&nbsp;felicit\u0103ri&nbsp;\u0219i ur\u0103ri de s\u0103n\u0103tate tuturor poli\u021bi\u0219tilor, \u00een special angaja\u021bilor care activeaz\u0103 \u00een cadrul Sectorului de Poli\u021bie din localitatea M\u0103gd\u0103ce\u0219ti.<br>\u0218tim cu to\u021bii c\u0103 munca de poli\u021bist nu este deloc u\u0219oar\u0103. A fi poli\u021bist presupune a fi \u00een misiune 24 de ore din 24. V\u0103 doresc s\u0103 v\u0103 fie r\u0103spl\u0103tit sacrificiul, curajul \u0219i munca.<br>Mult succes \u00een activitatea ce-o desf\u0103\u0219ura\u021bi, r\u0103bdare, recuno\u0219tin\u021b\u0103 \u0219i putere de munc\u0103. V\u0103 mul\u021bumim pentru ordinea \u0219i siguran\u021ba ce ne-o oferi\u021bi zi de zi.<\/p>\n\n\n\n<figure class=\"wp-block-image\"><img decoding=\"async\" src=\"https:\/\/magdacesti.md\/wp-content\/uploads\/2019\/12\/IMG_6463-1024x683.jpg\" alt=\"\" class=\"wp-image-3831\"\/><figcaption> <strong>La Mul\u021bi Ani, stima\u021bi angaja\u021bi ai Poli\u021biei Republicii Moldova!<\/strong> <\/figcaption><\/figure>\n\n\n\n<p><\/p>\n","protected":false},"excerpt":{"rendered":"<p>Ast\u0103zi, 18 decembrie, este marcat\u0103 cea de-a 29-a aniversare a Poli\u021biei Na\u021bionale.Cu acest prilej, adres\u0103m sincere&nbsp;felicit\u0103ri&nbsp;\u0219i ur\u0103ri de s\u0103n\u0103tate tuturor poli\u021bi\u0219tilor, \u00een special angaja\u021bilor care activeaz\u0103 \u00een cadrul Sectorului de Poli\u021bie din localitatea M\u0103gd\u0103ce\u0219ti.\u0218tim cu to\u021bii c\u0103 munca de poli\u021bist nu este deloc u\u0219oar\u0103. A fi poli\u021bist presupune a fi \u00een misiune 24 de ore [&#8230;]\n","protected":false},"author":2,"featured_media":0,"comment_status":"closed","ping_status":"closed","sticky":false,"template":"","format":"standard","meta":{"ngg_post_thumbnail":0,"footnotes":""},"categories":[4],"tags":[],"class_list":["post-3830","post","type-post","status-publish","format-standard","hentry","category-stiri"],"yoast_head":"<!-- This site is optimized with the Yoast SEO plugin v23.3 - https:\/\/yoast.com\/wordpress\/plugins\/seo\/ -->\n<title>La Mul\u021bi Ani, de Ziua Poli\u021biei! - M\u0103gd\u0103ce\u0219ti<\/title>\n<meta name=\"description\" content=\"Bine ati venit pe pagina oficiala a Primariei Magdacesti.\" \/>\n<meta name=\"robots\" content=\"index, follow, max-snippet:-1, max-image-preview:large, max-video-preview:-1\" \/>\n<link rel=\"canonical\" href=\"https:\/\/magdacesti.md\/?p=3830\" \/>\n<meta property=\"og:locale\" content=\"en_US\" \/>\n<meta property=\"og:type\" content=\"article\" \/>\n<meta property=\"og:title\" content=\"La Mul\u021bi Ani, de Ziua Poli\u021biei! - M\u0103gd\u0103ce\u0219ti\" \/>\n<meta property=\"og:description\" content=\"Bine ati venit pe pagina oficiala a Primariei Magdacesti.\" \/>\n<meta property=\"og:url\" content=\"https:\/\/magdacesti.md\/?p=3830\" \/>\n<meta property=\"og:site_name\" content=\"M\u0103gd\u0103ce\u0219ti\" \/>\n<meta property=\"article:publisher\" content=\"https:\/\/www.facebook.com\/magdacesti.md\/\" \/>\n<meta property=\"article:published_time\" content=\"2019-12-18T09:10:10+00:00\" \/>\n<meta property=\"og:image\" content=\"https:\/\/magdacesti.md\/wp-content\/uploads\/2019\/12\/IMG_6463-1024x683.jpg\" \/>\n<meta name=\"author\" content=\"Olga Enachi\" \/>\n<meta name=\"twitter:card\" content=\"summary_large_image\" \/>\n<meta name=\"twitter:label1\" content=\"Written by\" \/>\n\t<meta name=\"twitter:data1\" content=\"Olga Enachi\" \/>\n\t<meta name=\"twitter:label2\" content=\"Est. reading time\" \/>\n\t<meta name=\"twitter:data2\" content=\"1 minute\" \/>\n<script type=\"application\/ld+json\" class=\"yoast-schema-graph\">{\"@context\":\"https:\/\/schema.org\",\"@graph\":[{\"@type\":\"Article\",\"@id\":\"https:\/\/magdacesti.md\/?p=3830#article\",\"isPartOf\":{\"@id\":\"https:\/\/magdacesti.md\/?p=3830\"},\"author\":{\"name\":\"Olga Enachi\",\"@id\":\"https:\/\/magdacesti.md\/#\/schema\/person\/0068cad735c7cf3ab41a532515da0575\"},\"headline\":\"La Mul\u021bi Ani, de Ziua Poli\u021biei!\",\"datePublished\":\"2019-12-18T09:10:10+00:00\",\"dateModified\":\"2019-12-18T09:10:10+00:00\",\"mainEntityOfPage\":{\"@id\":\"https:\/\/magdacesti.md\/?p=3830\"},\"wordCount\":143,\"publisher\":{\"@id\":\"https:\/\/magdacesti.md\/#organization\"},\"image\":{\"@id\":\"https:\/\/magdacesti.md\/?p=3830#primaryimage\"},\"thumbnailUrl\":\"https:\/\/magdacesti.md\/wp-content\/uploads\/2019\/12\/IMG_6463-1024x683.jpg\",\"articleSection\":[\"Stiri\"],\"inLanguage\":\"en-US\"},{\"@type\":\"WebPage\",\"@id\":\"https:\/\/magdacesti.md\/?p=3830\",\"url\":\"https:\/\/magdacesti.md\/?p=3830\",\"name\":\"La Mul\u021bi Ani, de Ziua Poli\u021biei! - M\u0103gd\u0103ce\u0219ti\",\"isPartOf\":{\"@id\":\"https:\/\/magdacesti.md\/#website\"},\"primaryImageOfPage\":{\"@id\":\"https:\/\/magdacesti.md\/?p=3830#primaryimage\"},\"image\":{\"@id\":\"https:\/\/magdacesti.md\/?p=3830#primaryimage\"},\"thumbnailUrl\":\"https:\/\/magdacesti.md\/wp-content\/uploads\/2019\/12\/IMG_6463-1024x683.jpg\",\"datePublished\":\"2019-12-18T09:10:10+00:00\",\"dateModified\":\"2019-12-18T09:10:10+00:00\",\"description\":\"Bine ati venit pe pagina oficiala a Primariei Magdacesti.\",\"breadcrumb\":{\"@id\":\"https:\/\/magdacesti.md\/?p=3830#breadcrumb\"},\"inLanguage\":\"en-US\",\"potentialAction\":[{\"@type\":\"ReadAction\",\"target\":[\"https:\/\/magdacesti.md\/?p=3830\"]}]},{\"@type\":\"ImageObject\",\"inLanguage\":\"en-US\",\"@id\":\"https:\/\/magdacesti.md\/?p=3830#primaryimage\",\"url\":\"https:\/\/magdacesti.md\/wp-content\/uploads\/2019\/12\/IMG_6463-1024x683.jpg\",\"contentUrl\":\"https:\/\/magdacesti.md\/wp-content\/uploads\/2019\/12\/IMG_6463-1024x683.jpg\"},{\"@type\":\"BreadcrumbList\",\"@id\":\"https:\/\/magdacesti.md\/?p=3830#breadcrumb\",\"itemListElement\":[{\"@type\":\"ListItem\",\"position\":1,\"name\":\"Home\",\"item\":\"https:\/\/magdacesti.md\/\"},{\"@type\":\"ListItem\",\"position\":2,\"name\":\"La Mul\u021bi Ani, de Ziua Poli\u021biei!\"}]},{\"@type\":\"WebSite\",\"@id\":\"https:\/\/magdacesti.md\/#website\",\"url\":\"https:\/\/magdacesti.md\/\",\"name\":\"M\u0103gd\u0103ce\u0219ti\",\"description\":\"Un or\u0103\u0219el cu condi\u021bii decente de trai!\",\"publisher\":{\"@id\":\"https:\/\/magdacesti.md\/#organization\"},\"potentialAction\":[{\"@type\":\"SearchAction\",\"target\":{\"@type\":\"EntryPoint\",\"urlTemplate\":\"https:\/\/magdacesti.md\/?s={search_term_string}\"},\"query-input\":\"required name=search_term_string\"}],\"inLanguage\":\"en-US\"},{\"@type\":\"Organization\",\"@id\":\"https:\/\/magdacesti.md\/#organization\",\"name\":\"M\u0103gd\u0103ce\u0219ti\",\"url\":\"https:\/\/magdacesti.md\/\",\"logo\":{\"@type\":\"ImageObject\",\"inLanguage\":\"en-US\",\"@id\":\"https:\/\/magdacesti.md\/#\/schema\/logo\/image\/\",\"url\":\"https:\/\/magdacesti.md\/wp-content\/uploads\/2021\/03\/Foto-514-scaled.jpg\",\"contentUrl\":\"https:\/\/magdacesti.md\/wp-content\/uploads\/2021\/03\/Foto-514-scaled.jpg\",\"width\":2560,\"height\":1707,\"caption\":\"M\u0103gd\u0103ce\u0219ti\"},\"image\":{\"@id\":\"https:\/\/magdacesti.md\/#\/schema\/logo\/image\/\"},\"sameAs\":[\"https:\/\/www.facebook.com\/magdacesti.md\/\"]},{\"@type\":\"Person\",\"@id\":\"https:\/\/magdacesti.md\/#\/schema\/person\/0068cad735c7cf3ab41a532515da0575\",\"name\":\"Olga Enachi\",\"url\":\"https:\/\/magdacesti.md\/?author=2\"}]}<\/script>\n<!-- \/ Yoast SEO plugin. -->","yoast_head_json":{"title":"La Mul\u021bi Ani, de Ziua Poli\u021biei! - M\u0103gd\u0103ce\u0219ti","description":"Bine ati venit pe pagina oficiala a Primariei Magdacesti.","robots":{"index":"index","follow":"follow","max-snippet":"max-snippet:-1","max-image-preview":"max-image-preview:large","max-video-preview":"max-video-preview:-1"},"canonical":"https:\/\/magdacesti.md\/?p=3830","og_locale":"en_US","og_type":"article","og_title":"La Mul\u021bi Ani, de Ziua Poli\u021biei! - M\u0103gd\u0103ce\u0219ti","og_description":"Bine ati venit pe pagina oficiala a Primariei Magdacesti.","og_url":"https:\/\/magdacesti.md\/?p=3830","og_site_name":"M\u0103gd\u0103ce\u0219ti","article_publisher":"https:\/\/www.facebook.com\/magdacesti.md\/","article_published_time":"2019-12-18T09:10:10+00:00","og_image":[{"url":"https:\/\/magdacesti.md\/wp-content\/uploads\/2019\/12\/IMG_6463-1024x683.jpg"}],"author":"Olga Enachi","twitter_card":"summary_large_image","twitter_misc":{"Written by":"Olga Enachi","Est. reading time":"1 minute"},"schema":{"@context":"https:\/\/schema.org","@graph":[{"@type":"Article","@id":"https:\/\/magdacesti.md\/?p=3830#article","isPartOf":{"@id":"https:\/\/magdacesti.md\/?p=3830"},"author":{"name":"Olga Enachi","@id":"https:\/\/magdacesti.md\/#\/schema\/person\/0068cad735c7cf3ab41a532515da0575"},"headline":"La Mul\u021bi Ani, de Ziua Poli\u021biei!","datePublished":"2019-12-18T09:10:10+00:00","dateModified":"2019-12-18T09:10:10+00:00","mainEntityOfPage":{"@id":"https:\/\/magdacesti.md\/?p=3830"},"wordCount":143,"publisher":{"@id":"https:\/\/magdacesti.md\/#organization"},"image":{"@id":"https:\/\/magdacesti.md\/?p=3830#primaryimage"},"thumbnailUrl":"https:\/\/magdacesti.md\/wp-content\/uploads\/2019\/12\/IMG_6463-1024x683.jpg","articleSection":["Stiri"],"inLanguage":"en-US"},{"@type":"WebPage","@id":"https:\/\/magdacesti.md\/?p=3830","url":"https:\/\/magdacesti.md\/?p=3830","name":"La Mul\u021bi Ani, de Ziua Poli\u021biei! - M\u0103gd\u0103ce\u0219ti","isPartOf":{"@id":"https:\/\/magdacesti.md\/#website"},"primaryImageOfPage":{"@id":"https:\/\/magdacesti.md\/?p=3830#primaryimage"},"image":{"@id":"https:\/\/magdacesti.md\/?p=3830#primaryimage"},"thumbnailUrl":"https:\/\/magdacesti.md\/wp-content\/uploads\/2019\/12\/IMG_6463-1024x683.jpg","datePublished":"2019-12-18T09:10:10+00:00","dateModified":"2019-12-18T09:10:10+00:00","description":"Bine ati venit pe pagina oficiala a Primariei Magdacesti.","breadcrumb":{"@id":"https:\/\/magdacesti.md\/?p=3830#breadcrumb"},"inLanguage":"en-US","potentialAction":[{"@type":"ReadAction","target":["https:\/\/magdacesti.md\/?p=3830"]}]},{"@type":"ImageObject","inLanguage":"en-US","@id":"https:\/\/magdacesti.md\/?p=3830#primaryimage","url":"https:\/\/magdacesti.md\/wp-content\/uploads\/2019\/12\/IMG_6463-1024x683.jpg","contentUrl":"https:\/\/magdacesti.md\/wp-content\/uploads\/2019\/12\/IMG_6463-1024x683.jpg"},{"@type":"BreadcrumbList","@id":"https:\/\/magdacesti.md\/?p=3830#breadcrumb","itemListElement":[{"@type":"ListItem","position":1,"name":"Home","item":"https:\/\/magdacesti.md\/"},{"@type":"ListItem","position":2,"name":"La Mul\u021bi Ani, de Ziua Poli\u021biei!"}]},{"@type":"WebSite","@id":"https:\/\/magdacesti.md\/#website","url":"https:\/\/magdacesti.md\/","name":"M\u0103gd\u0103ce\u0219ti","description":"Un or\u0103\u0219el cu condi\u021bii decente de trai!","publisher":{"@id":"https:\/\/magdacesti.md\/#organization"},"potentialAction":[{"@type":"SearchAction","target":{"@type":"EntryPoint","urlTemplate":"https:\/\/magdacesti.md\/?s={search_term_string}"},"query-input":"required name=search_term_string"}],"inLanguage":"en-US"},{"@type":"Organization","@id":"https:\/\/magdacesti.md\/#organization","name":"M\u0103gd\u0103ce\u0219ti","url":"https:\/\/magdacesti.md\/","logo":{"@type":"ImageObject","inLanguage":"en-US","@id":"https:\/\/magdacesti.md\/#\/schema\/logo\/image\/","url":"https:\/\/magdacesti.md\/wp-content\/uploads\/2021\/03\/Foto-514-scaled.jpg","contentUrl":"https:\/\/magdacesti.md\/wp-content\/uploads\/2021\/03\/Foto-514-scaled.jpg","width":2560,"height":1707,"caption":"M\u0103gd\u0103ce\u0219ti"},"image":{"@id":"https:\/\/magdacesti.md\/#\/schema\/logo\/image\/"},"sameAs":["https:\/\/www.facebook.com\/magdacesti.md\/"]},{"@type":"Person","@id":"https:\/\/magdacesti.md\/#\/schema\/person\/0068cad735c7cf3ab41a532515da0575","name":"Olga Enachi","url":"https:\/\/magdacesti.md\/?author=2"}]}},"_links":{"self":[{"href":"https:\/\/magdacesti.md\/index.php?rest_route=\/wp\/v2\/posts\/3830","targetHints":{"allow":["GET"]}}],"collection":[{"href":"https:\/\/magdacesti.md\/index.php?rest_route=\/wp\/v2\/posts"}],"about":[{"href":"https:\/\/magdacesti.md\/index.php?rest_route=\/wp\/v2\/types\/post"}],"author":[{"embeddable":true,"href":"https:\/\/magdacesti.md\/index.php?rest_route=\/wp\/v2\/users\/2"}],"replies":[{"embeddable":true,"href":"https:\/\/magdacesti.md\/index.php?rest_route=%2Fwp%2Fv2%2Fcomments&post=3830"}],"version-history":[{"count":0,"href":"https:\/\/magdacesti.md\/index.php?rest_route=\/wp\/v2\/posts\/3830\/revisions"}],"wp:attachment":[{"href":"https:\/\/magdacesti.md\/index.php?rest_route=%2Fwp%2Fv2%2Fmedia&parent=3830"}],"wp:term":[{"taxonomy":"category","embeddable":true,"href":"https:\/\/magdacesti.md\/index.php?rest_route=%2Fwp%2Fv2%2Fcategories&post=3830"},{"taxonomy":"post_tag","embeddable":true,"href":"https:\/\/magdacesti.md\/index.php?rest_route=%2Fwp%2Fv2%2Ftags&post=3830"}],"curies":[{"name":"wp","href":"https:\/\/api.w.org\/{rel}","templated":true}]}}