{"id":3841,"date":"2019-12-25T22:18:58","date_gmt":"2019-12-25T20:18:58","guid":{"rendered":"https:\/\/magdacesti.md\/?p=3841"},"modified":"2019-12-25T22:18:58","modified_gmt":"2019-12-25T20:18:58","slug":"mesajul-de-felicitare-al-primarului-satului-magdacesti-liuba-cojocaru-si-al-echipei-administratiei-publice-locale-cu-prilejul-sarbatorilor-de-iarna","status":"publish","type":"post","link":"https:\/\/magdacesti.md\/?p=3841","title":{"rendered":"Mesajul de felicitare al primarului satului M\u0103gd\u0103ce\u0219ti, Liuba Cojocaru \u0219i al echipei Administra\u021biei Publice Locale, cu prilejul S\u0103rb\u0103torilor de Iarn\u0103"},"content":{"rendered":"\n<p style=\"text-align:center\"><strong><em>Dragi s\u0103teni, prieteni \u0219i apropia\u021bi,<br>V\u0103 dorim din tot sufletul s\u0103 ave\u021bi parte de clipe frumoase al\u0103turi de cei dragi, iar anul care vine s\u0103 v\u0103 aduc\u0103 g\u00e2nduri curate, \u00eempliniri, pace \u00een suflet \u0219i c\u0103ldur\u0103 \u00een case.<\/em><\/strong><\/p>\n\n\n\n<p style=\"text-align:center\"><strong><em>S\u0103rb\u0103tori minunate!<\/em><\/strong><\/p>\n\n\n\n<figure class=\"wp-block-embed-youtube wp-block-embed is-type-video is-provider-youtube wp-embed-aspect-16-9 wp-has-aspect-ratio\"><div class=\"wp-block-embed__wrapper\">\n<iframe loading=\"lazy\" title=\"Mesajul de felicitare al primarului satului M\u0103gd\u0103ce\u0219ti, Liuba Cojocaru, de Cr\u0103ciun ***2020\" width=\"1020\" height=\"574\" src=\"https:\/\/www.youtube.com\/embed\/pb0e8ZIa23M?feature=oembed\" frameborder=\"0\" allow=\"accelerometer; autoplay; clipboard-write; encrypted-media; gyroscope; picture-in-picture\" allowfullscreen><\/iframe>\n<\/div><\/figure>\n","protected":false},"excerpt":{"rendered":"<p>Dragi s\u0103teni, prieteni \u0219i apropia\u021bi,V\u0103 dorim din tot sufletul s\u0103 ave\u021bi parte de clipe frumoase al\u0103turi de cei dragi, iar anul care vine s\u0103 v\u0103 aduc\u0103 g\u00e2nduri curate, \u00eempliniri, pace \u00een suflet \u0219i c\u0103ldur\u0103 \u00een case. S\u0103rb\u0103tori minunate!<\/p>\n","protected":false},"author":2,"featured_media":0,"comment_status":"closed","ping_status":"closed","sticky":false,"template":"","format":"standard","meta":{"ngg_post_thumbnail":0,"footnotes":""},"categories":[4],"tags":[],"class_list":["post-3841","post","type-post","status-publish","format-standard","hentry","category-stiri"],"yoast_head":"<!-- This site is optimized with the Yoast SEO plugin v23.3 - https:\/\/yoast.com\/wordpress\/plugins\/seo\/ -->\n<title>Mesajul de felicitare al primarului satului M\u0103gd\u0103ce\u0219ti, Liuba Cojocaru \u0219i al echipei Administra\u021biei Publice Locale, cu prilejul S\u0103rb\u0103torilor de Iarn\u0103 - M\u0103gd\u0103ce\u0219ti<\/title>\n<meta name=\"description\" content=\"Bine ati venit pe pagina oficiala a Primariei Magdacesti.\" \/>\n<meta name=\"robots\" content=\"index, follow, max-snippet:-1, max-image-preview:large, max-video-preview:-1\" \/>\n<link rel=\"canonical\" href=\"https:\/\/magdacesti.md\/?p=3841\" \/>\n<meta property=\"og:locale\" content=\"en_US\" \/>\n<meta property=\"og:type\" content=\"article\" \/>\n<meta property=\"og:title\" content=\"Mesajul de felicitare al primarului satului M\u0103gd\u0103ce\u0219ti, Liuba Cojocaru \u0219i al echipei Administra\u021biei Publice Locale, cu prilejul S\u0103rb\u0103torilor de Iarn\u0103 - M\u0103gd\u0103ce\u0219ti\" \/>\n<meta property=\"og:description\" content=\"Bine ati venit pe pagina oficiala a Primariei Magdacesti.\" \/>\n<meta property=\"og:url\" content=\"https:\/\/magdacesti.md\/?p=3841\" \/>\n<meta property=\"og:site_name\" content=\"M\u0103gd\u0103ce\u0219ti\" \/>\n<meta property=\"article:publisher\" content=\"https:\/\/www.facebook.com\/magdacesti.md\/\" \/>\n<meta property=\"article:published_time\" content=\"2019-12-25T20:18:58+00:00\" \/>\n<meta property=\"og:image\" content=\"https:\/\/magdacesti.md\/wp-content\/uploads\/2021\/03\/Foto-514-edit-scaled.jpg\" \/>\n\t<meta property=\"og:image:width\" content=\"2560\" \/>\n\t<meta property=\"og:image:height\" content=\"1707\" \/>\n\t<meta property=\"og:image:type\" content=\"image\/jpeg\" \/>\n<meta name=\"author\" content=\"Olga Enachi\" \/>\n<meta name=\"twitter:card\" content=\"summary_large_image\" \/>\n<meta name=\"twitter:label1\" content=\"Written by\" \/>\n\t<meta name=\"twitter:data1\" content=\"Olga Enachi\" \/>\n<script type=\"application\/ld+json\" class=\"yoast-schema-graph\">{\"@context\":\"https:\/\/schema.org\",\"@graph\":[{\"@type\":\"Article\",\"@id\":\"https:\/\/magdacesti.md\/?p=3841#article\",\"isPartOf\":{\"@id\":\"https:\/\/magdacesti.md\/?p=3841\"},\"author\":{\"name\":\"Olga Enachi\",\"@id\":\"https:\/\/magdacesti.md\/#\/schema\/person\/0068cad735c7cf3ab41a532515da0575\"},\"headline\":\"Mesajul de felicitare al primarului satului M\u0103gd\u0103ce\u0219ti, Liuba Cojocaru \u0219i al echipei Administra\u021biei Publice Locale, cu prilejul S\u0103rb\u0103torilor de Iarn\u0103\",\"datePublished\":\"2019-12-25T20:18:58+00:00\",\"dateModified\":\"2019-12-25T20:18:58+00:00\",\"mainEntityOfPage\":{\"@id\":\"https:\/\/magdacesti.md\/?p=3841\"},\"wordCount\":87,\"publisher\":{\"@id\":\"https:\/\/magdacesti.md\/#organization\"},\"articleSection\":[\"Stiri\"],\"inLanguage\":\"en-US\"},{\"@type\":\"WebPage\",\"@id\":\"https:\/\/magdacesti.md\/?p=3841\",\"url\":\"https:\/\/magdacesti.md\/?p=3841\",\"name\":\"Mesajul de felicitare al primarului satului M\u0103gd\u0103ce\u0219ti, Liuba Cojocaru \u0219i al echipei Administra\u021biei Publice Locale, cu prilejul S\u0103rb\u0103torilor de Iarn\u0103 - M\u0103gd\u0103ce\u0219ti\",\"isPartOf\":{\"@id\":\"https:\/\/magdacesti.md\/#website\"},\"datePublished\":\"2019-12-25T20:18:58+00:00\",\"dateModified\":\"2019-12-25T20:18:58+00:00\",\"description\":\"Bine ati venit pe pagina oficiala a Primariei Magdacesti.\",\"breadcrumb\":{\"@id\":\"https:\/\/magdacesti.md\/?p=3841#breadcrumb\"},\"inLanguage\":\"en-US\",\"potentialAction\":[{\"@type\":\"ReadAction\",\"target\":[\"https:\/\/magdacesti.md\/?p=3841\"]}]},{\"@type\":\"BreadcrumbList\",\"@id\":\"https:\/\/magdacesti.md\/?p=3841#breadcrumb\",\"itemListElement\":[{\"@type\":\"ListItem\",\"position\":1,\"name\":\"Home\",\"item\":\"https:\/\/magdacesti.md\/\"},{\"@type\":\"ListItem\",\"position\":2,\"name\":\"Mesajul de felicitare al primarului satului M\u0103gd\u0103ce\u0219ti, Liuba Cojocaru \u0219i al echipei Administra\u021biei Publice Locale, cu prilejul S\u0103rb\u0103torilor de Iarn\u0103\"}]},{\"@type\":\"WebSite\",\"@id\":\"https:\/\/magdacesti.md\/#website\",\"url\":\"https:\/\/magdacesti.md\/\",\"name\":\"M\u0103gd\u0103ce\u0219ti\",\"description\":\"Un or\u0103\u0219el cu condi\u021bii decente de trai!\",\"publisher\":{\"@id\":\"https:\/\/magdacesti.md\/#organization\"},\"potentialAction\":[{\"@type\":\"SearchAction\",\"target\":{\"@type\":\"EntryPoint\",\"urlTemplate\":\"https:\/\/magdacesti.md\/?s={search_term_string}\"},\"query-input\":\"required name=search_term_string\"}],\"inLanguage\":\"en-US\"},{\"@type\":\"Organization\",\"@id\":\"https:\/\/magdacesti.md\/#organization\",\"name\":\"M\u0103gd\u0103ce\u0219ti\",\"url\":\"https:\/\/magdacesti.md\/\",\"logo\":{\"@type\":\"ImageObject\",\"inLanguage\":\"en-US\",\"@id\":\"https:\/\/magdacesti.md\/#\/schema\/logo\/image\/\",\"url\":\"https:\/\/magdacesti.md\/wp-content\/uploads\/2021\/03\/Foto-514-scaled.jpg\",\"contentUrl\":\"https:\/\/magdacesti.md\/wp-content\/uploads\/2021\/03\/Foto-514-scaled.jpg\",\"width\":2560,\"height\":1707,\"caption\":\"M\u0103gd\u0103ce\u0219ti\"},\"image\":{\"@id\":\"https:\/\/magdacesti.md\/#\/schema\/logo\/image\/\"},\"sameAs\":[\"https:\/\/www.facebook.com\/magdacesti.md\/\"]},{\"@type\":\"Person\",\"@id\":\"https:\/\/magdacesti.md\/#\/schema\/person\/0068cad735c7cf3ab41a532515da0575\",\"name\":\"Olga Enachi\",\"url\":\"https:\/\/magdacesti.md\/?author=2\"}]}<\/script>\n<!-- \/ Yoast SEO plugin. -->","yoast_head_json":{"title":"Mesajul de felicitare al primarului satului M\u0103gd\u0103ce\u0219ti, Liuba Cojocaru \u0219i al echipei Administra\u021biei Publice Locale, cu prilejul S\u0103rb\u0103torilor de Iarn\u0103 - M\u0103gd\u0103ce\u0219ti","description":"Bine ati venit pe pagina oficiala a Primariei Magdacesti.","robots":{"index":"index","follow":"follow","max-snippet":"max-snippet:-1","max-image-preview":"max-image-preview:large","max-video-preview":"max-video-preview:-1"},"canonical":"https:\/\/magdacesti.md\/?p=3841","og_locale":"en_US","og_type":"article","og_title":"Mesajul de felicitare al primarului satului M\u0103gd\u0103ce\u0219ti, Liuba Cojocaru \u0219i al echipei Administra\u021biei Publice Locale, cu prilejul S\u0103rb\u0103torilor de Iarn\u0103 - M\u0103gd\u0103ce\u0219ti","og_description":"Bine ati venit pe pagina oficiala a Primariei Magdacesti.","og_url":"https:\/\/magdacesti.md\/?p=3841","og_site_name":"M\u0103gd\u0103ce\u0219ti","article_publisher":"https:\/\/www.facebook.com\/magdacesti.md\/","article_published_time":"2019-12-25T20:18:58+00:00","og_image":[{"width":2560,"height":1707,"url":"https:\/\/magdacesti.md\/wp-content\/uploads\/2021\/03\/Foto-514-edit-scaled.jpg","type":"image\/jpeg"}],"author":"Olga Enachi","twitter_card":"summary_large_image","twitter_misc":{"Written by":"Olga Enachi"},"schema":{"@context":"https:\/\/schema.org","@graph":[{"@type":"Article","@id":"https:\/\/magdacesti.md\/?p=3841#article","isPartOf":{"@id":"https:\/\/magdacesti.md\/?p=3841"},"author":{"name":"Olga Enachi","@id":"https:\/\/magdacesti.md\/#\/schema\/person\/0068cad735c7cf3ab41a532515da0575"},"headline":"Mesajul de felicitare al primarului satului M\u0103gd\u0103ce\u0219ti, Liuba Cojocaru \u0219i al echipei Administra\u021biei Publice Locale, cu prilejul S\u0103rb\u0103torilor de Iarn\u0103","datePublished":"2019-12-25T20:18:58+00:00","dateModified":"2019-12-25T20:18:58+00:00","mainEntityOfPage":{"@id":"https:\/\/magdacesti.md\/?p=3841"},"wordCount":87,"publisher":{"@id":"https:\/\/magdacesti.md\/#organization"},"articleSection":["Stiri"],"inLanguage":"en-US"},{"@type":"WebPage","@id":"https:\/\/magdacesti.md\/?p=3841","url":"https:\/\/magdacesti.md\/?p=3841","name":"Mesajul de felicitare al primarului satului M\u0103gd\u0103ce\u0219ti, Liuba Cojocaru \u0219i al echipei Administra\u021biei Publice Locale, cu prilejul S\u0103rb\u0103torilor de Iarn\u0103 - M\u0103gd\u0103ce\u0219ti","isPartOf":{"@id":"https:\/\/magdacesti.md\/#website"},"datePublished":"2019-12-25T20:18:58+00:00","dateModified":"2019-12-25T20:18:58+00:00","description":"Bine ati venit pe pagina oficiala a Primariei Magdacesti.","breadcrumb":{"@id":"https:\/\/magdacesti.md\/?p=3841#breadcrumb"},"inLanguage":"en-US","potentialAction":[{"@type":"ReadAction","target":["https:\/\/magdacesti.md\/?p=3841"]}]},{"@type":"BreadcrumbList","@id":"https:\/\/magdacesti.md\/?p=3841#breadcrumb","itemListElement":[{"@type":"ListItem","position":1,"name":"Home","item":"https:\/\/magdacesti.md\/"},{"@type":"ListItem","position":2,"name":"Mesajul de felicitare al primarului satului M\u0103gd\u0103ce\u0219ti, Liuba Cojocaru \u0219i al echipei Administra\u021biei Publice Locale, cu prilejul S\u0103rb\u0103torilor de Iarn\u0103"}]},{"@type":"WebSite","@id":"https:\/\/magdacesti.md\/#website","url":"https:\/\/magdacesti.md\/","name":"M\u0103gd\u0103ce\u0219ti","description":"Un or\u0103\u0219el cu condi\u021bii decente de trai!","publisher":{"@id":"https:\/\/magdacesti.md\/#organization"},"potentialAction":[{"@type":"SearchAction","target":{"@type":"EntryPoint","urlTemplate":"https:\/\/magdacesti.md\/?s={search_term_string}"},"query-input":"required name=search_term_string"}],"inLanguage":"en-US"},{"@type":"Organization","@id":"https:\/\/magdacesti.md\/#organization","name":"M\u0103gd\u0103ce\u0219ti","url":"https:\/\/magdacesti.md\/","logo":{"@type":"ImageObject","inLanguage":"en-US","@id":"https:\/\/magdacesti.md\/#\/schema\/logo\/image\/","url":"https:\/\/magdacesti.md\/wp-content\/uploads\/2021\/03\/Foto-514-scaled.jpg","contentUrl":"https:\/\/magdacesti.md\/wp-content\/uploads\/2021\/03\/Foto-514-scaled.jpg","width":2560,"height":1707,"caption":"M\u0103gd\u0103ce\u0219ti"},"image":{"@id":"https:\/\/magdacesti.md\/#\/schema\/logo\/image\/"},"sameAs":["https:\/\/www.facebook.com\/magdacesti.md\/"]},{"@type":"Person","@id":"https:\/\/magdacesti.md\/#\/schema\/person\/0068cad735c7cf3ab41a532515da0575","name":"Olga Enachi","url":"https:\/\/magdacesti.md\/?author=2"}]}},"_links":{"self":[{"href":"https:\/\/magdacesti.md\/index.php?rest_route=\/wp\/v2\/posts\/3841","targetHints":{"allow":["GET"]}}],"collection":[{"href":"https:\/\/magdacesti.md\/index.php?rest_route=\/wp\/v2\/posts"}],"about":[{"href":"https:\/\/magdacesti.md\/index.php?rest_route=\/wp\/v2\/types\/post"}],"author":[{"embeddable":true,"href":"https:\/\/magdacesti.md\/index.php?rest_route=\/wp\/v2\/users\/2"}],"replies":[{"embeddable":true,"href":"https:\/\/magdacesti.md\/index.php?rest_route=%2Fwp%2Fv2%2Fcomments&post=3841"}],"version-history":[{"count":0,"href":"https:\/\/magdacesti.md\/index.php?rest_route=\/wp\/v2\/posts\/3841\/revisions"}],"wp:attachment":[{"href":"https:\/\/magdacesti.md\/index.php?rest_route=%2Fwp%2Fv2%2Fmedia&parent=3841"}],"wp:term":[{"taxonomy":"category","embeddable":true,"href":"https:\/\/magdacesti.md\/index.php?rest_route=%2Fwp%2Fv2%2Fcategories&post=3841"},{"taxonomy":"post_tag","embeddable":true,"href":"https:\/\/magdacesti.md\/index.php?rest_route=%2Fwp%2Fv2%2Ftags&post=3841"}],"curies":[{"name":"wp","href":"https:\/\/api.w.org\/{rel}","templated":true}]}}