{"id":3848,"date":"2020-01-14T11:12:57","date_gmt":"2020-01-14T09:12:57","guid":{"rendered":"https:\/\/magdacesti.md\/?p=3848"},"modified":"2020-01-14T11:12:57","modified_gmt":"2020-01-14T09:12:57","slug":"sa-traiti-sa-nfloriti","status":"publish","type":"post","link":"https:\/\/magdacesti.md\/?p=3848","title":{"rendered":"S\u0103 tr\u0103i\u021bi, s\u0103-nflori\u0163i!"},"content":{"rendered":"\n<p class=\"has-drop-cap\">Ast\u0103zi este prima zi a <strong>Anului Nou pe stil vechi<\/strong>.<br>S\u0103rb\u0103toarea de <strong>Sf\u00e2ntul Vasile <\/strong>celebrat\u0103 ast\u0103zi de c\u0103tre cre\u0219tinii ortodoc\u0219i predestineaz\u0103 cum va fi \u00eentregul an.<br>Se consider\u0103 c\u0103 a\u0219a cum este musafirul (sem\u0103n\u0103torul) din aceast\u0103 zi, a\u0219a va fi omul tot anul.<\/p>\n\n\n\n<p><strong><em>Dragi locuitori,<\/em><\/strong><br><strong>S\u0103 tr\u0103i\u021bi, s\u0103 \u00eenflori\u021bi<br>Ca merii, ca perii,<br>\u00cen mijlocul prim\u0103verii.<br>C\u00e2te flori sunt pe c\u00e2mpie,<br>At\u00e2tea iepe-n herghelie;<br>C\u00e2te flori sunt pe v\u00e2lcele,<br>At\u00e2tea-n var\u0103 mielu\u0219ele;<br>C\u00e2te pietre sunt la munte,<br>At\u00e2\u021bia porci, vaci, boi \u0219i g\u00e2\u0219te<br>La dumneavoastr\u0103 \u00een curte!<br>La anul \u0218i la mul\u021bi ani!<\/strong><\/p>\n\n\n\n<div class=\"wp-block-image\"><figure class=\"aligncenter\"><img decoding=\"async\" src=\"https:\/\/magdacesti.md\/wp-content\/uploads\/2020\/01\/82205218_736281156880700_535751733716975616_n.jpg\" alt=\"\" class=\"wp-image-3849\"\/><\/figure><\/div>\n\n\n\n<figure class=\"wp-block-image\"><img decoding=\"async\" src=\"https:\/\/magdacesti.md\/wp-content\/uploads\/2020\/01\/IMG_3760.jpg\" alt=\"\" class=\"wp-image-3852\"\/><\/figure>\n\n\n\n<figure class=\"wp-block-image\"><img decoding=\"async\" src=\"https:\/\/magdacesti.md\/wp-content\/uploads\/2020\/01\/IMG_3776.jpg\" alt=\"\" class=\"wp-image-3850\"\/><\/figure>\n\n\n\n<figure class=\"wp-block-image\"><img decoding=\"async\" src=\"https:\/\/magdacesti.md\/wp-content\/uploads\/2020\/01\/IMG_3784.jpg\" alt=\"\" class=\"wp-image-3851\"\/><\/figure>\n","protected":false},"excerpt":{"rendered":"<p>Ast\u0103zi este prima zi a Anului Nou pe stil vechi.S\u0103rb\u0103toarea de Sf\u00e2ntul Vasile celebrat\u0103 ast\u0103zi de c\u0103tre cre\u0219tinii ortodoc\u0219i predestineaz\u0103 cum va fi \u00eentregul an.Se consider\u0103 c\u0103 a\u0219a cum este musafirul (sem\u0103n\u0103torul) din aceast\u0103 zi, a\u0219a va fi omul tot anul. Dragi locuitori,S\u0103 tr\u0103i\u021bi, s\u0103 \u00eenflori\u021biCa merii, ca perii,\u00cen mijlocul prim\u0103verii.C\u00e2te flori sunt pe c\u00e2mpie,At\u00e2tea [&#8230;]\n","protected":false},"author":2,"featured_media":0,"comment_status":"closed","ping_status":"closed","sticky":false,"template":"","format":"standard","meta":{"ngg_post_thumbnail":0,"footnotes":""},"categories":[4],"tags":[],"class_list":["post-3848","post","type-post","status-publish","format-standard","hentry","category-stiri"],"yoast_head":"<!-- This site is optimized with the Yoast SEO plugin v23.3 - https:\/\/yoast.com\/wordpress\/plugins\/seo\/ -->\n<title>S\u0103 tr\u0103i\u021bi, s\u0103-nflori\u0163i! - M\u0103gd\u0103ce\u0219ti<\/title>\n<meta name=\"description\" content=\"Bine ati venit pe pagina oficiala a Primariei Magdacesti.\" \/>\n<meta name=\"robots\" content=\"index, follow, max-snippet:-1, max-image-preview:large, max-video-preview:-1\" \/>\n<link rel=\"canonical\" href=\"https:\/\/magdacesti.md\/?p=3848\" \/>\n<meta property=\"og:locale\" content=\"en_US\" \/>\n<meta property=\"og:type\" content=\"article\" \/>\n<meta property=\"og:title\" content=\"S\u0103 tr\u0103i\u021bi, s\u0103-nflori\u0163i! - M\u0103gd\u0103ce\u0219ti\" \/>\n<meta property=\"og:description\" content=\"Bine ati venit pe pagina oficiala a Primariei Magdacesti.\" \/>\n<meta property=\"og:url\" content=\"https:\/\/magdacesti.md\/?p=3848\" \/>\n<meta property=\"og:site_name\" content=\"M\u0103gd\u0103ce\u0219ti\" \/>\n<meta property=\"article:publisher\" content=\"https:\/\/www.facebook.com\/magdacesti.md\/\" \/>\n<meta property=\"article:published_time\" content=\"2020-01-14T09:12:57+00:00\" \/>\n<meta property=\"og:image\" content=\"https:\/\/magdacesti.md\/wp-content\/uploads\/2020\/01\/82205218_736281156880700_535751733716975616_n.jpg\" \/>\n<meta name=\"author\" content=\"Olga Enachi\" \/>\n<meta name=\"twitter:card\" content=\"summary_large_image\" \/>\n<meta name=\"twitter:label1\" content=\"Written by\" \/>\n\t<meta name=\"twitter:data1\" content=\"Olga Enachi\" \/>\n\t<meta name=\"twitter:label2\" content=\"Est. reading time\" \/>\n\t<meta name=\"twitter:data2\" content=\"1 minute\" \/>\n<script type=\"application\/ld+json\" class=\"yoast-schema-graph\">{\"@context\":\"https:\/\/schema.org\",\"@graph\":[{\"@type\":\"Article\",\"@id\":\"https:\/\/magdacesti.md\/?p=3848#article\",\"isPartOf\":{\"@id\":\"https:\/\/magdacesti.md\/?p=3848\"},\"author\":{\"name\":\"Olga Enachi\",\"@id\":\"https:\/\/magdacesti.md\/#\/schema\/person\/0068cad735c7cf3ab41a532515da0575\"},\"headline\":\"S\u0103 tr\u0103i\u021bi, s\u0103-nflori\u0163i!\",\"datePublished\":\"2020-01-14T09:12:57+00:00\",\"dateModified\":\"2020-01-14T09:12:57+00:00\",\"mainEntityOfPage\":{\"@id\":\"https:\/\/magdacesti.md\/?p=3848\"},\"wordCount\":125,\"publisher\":{\"@id\":\"https:\/\/magdacesti.md\/#organization\"},\"image\":{\"@id\":\"https:\/\/magdacesti.md\/?p=3848#primaryimage\"},\"thumbnailUrl\":\"https:\/\/magdacesti.md\/wp-content\/uploads\/2020\/01\/82205218_736281156880700_535751733716975616_n.jpg\",\"articleSection\":[\"Stiri\"],\"inLanguage\":\"en-US\"},{\"@type\":\"WebPage\",\"@id\":\"https:\/\/magdacesti.md\/?p=3848\",\"url\":\"https:\/\/magdacesti.md\/?p=3848\",\"name\":\"S\u0103 tr\u0103i\u021bi, s\u0103-nflori\u0163i! - M\u0103gd\u0103ce\u0219ti\",\"isPartOf\":{\"@id\":\"https:\/\/magdacesti.md\/#website\"},\"primaryImageOfPage\":{\"@id\":\"https:\/\/magdacesti.md\/?p=3848#primaryimage\"},\"image\":{\"@id\":\"https:\/\/magdacesti.md\/?p=3848#primaryimage\"},\"thumbnailUrl\":\"https:\/\/magdacesti.md\/wp-content\/uploads\/2020\/01\/82205218_736281156880700_535751733716975616_n.jpg\",\"datePublished\":\"2020-01-14T09:12:57+00:00\",\"dateModified\":\"2020-01-14T09:12:57+00:00\",\"description\":\"Bine ati venit pe pagina oficiala a Primariei Magdacesti.\",\"breadcrumb\":{\"@id\":\"https:\/\/magdacesti.md\/?p=3848#breadcrumb\"},\"inLanguage\":\"en-US\",\"potentialAction\":[{\"@type\":\"ReadAction\",\"target\":[\"https:\/\/magdacesti.md\/?p=3848\"]}]},{\"@type\":\"ImageObject\",\"inLanguage\":\"en-US\",\"@id\":\"https:\/\/magdacesti.md\/?p=3848#primaryimage\",\"url\":\"https:\/\/magdacesti.md\/wp-content\/uploads\/2020\/01\/82205218_736281156880700_535751733716975616_n.jpg\",\"contentUrl\":\"https:\/\/magdacesti.md\/wp-content\/uploads\/2020\/01\/82205218_736281156880700_535751733716975616_n.jpg\"},{\"@type\":\"BreadcrumbList\",\"@id\":\"https:\/\/magdacesti.md\/?p=3848#breadcrumb\",\"itemListElement\":[{\"@type\":\"ListItem\",\"position\":1,\"name\":\"Home\",\"item\":\"https:\/\/magdacesti.md\/\"},{\"@type\":\"ListItem\",\"position\":2,\"name\":\"S\u0103 tr\u0103i\u021bi, s\u0103-nflori\u0163i!\"}]},{\"@type\":\"WebSite\",\"@id\":\"https:\/\/magdacesti.md\/#website\",\"url\":\"https:\/\/magdacesti.md\/\",\"name\":\"M\u0103gd\u0103ce\u0219ti\",\"description\":\"Un or\u0103\u0219el cu condi\u021bii decente de trai!\",\"publisher\":{\"@id\":\"https:\/\/magdacesti.md\/#organization\"},\"potentialAction\":[{\"@type\":\"SearchAction\",\"target\":{\"@type\":\"EntryPoint\",\"urlTemplate\":\"https:\/\/magdacesti.md\/?s={search_term_string}\"},\"query-input\":\"required name=search_term_string\"}],\"inLanguage\":\"en-US\"},{\"@type\":\"Organization\",\"@id\":\"https:\/\/magdacesti.md\/#organization\",\"name\":\"M\u0103gd\u0103ce\u0219ti\",\"url\":\"https:\/\/magdacesti.md\/\",\"logo\":{\"@type\":\"ImageObject\",\"inLanguage\":\"en-US\",\"@id\":\"https:\/\/magdacesti.md\/#\/schema\/logo\/image\/\",\"url\":\"https:\/\/magdacesti.md\/wp-content\/uploads\/2021\/03\/Foto-514-scaled.jpg\",\"contentUrl\":\"https:\/\/magdacesti.md\/wp-content\/uploads\/2021\/03\/Foto-514-scaled.jpg\",\"width\":2560,\"height\":1707,\"caption\":\"M\u0103gd\u0103ce\u0219ti\"},\"image\":{\"@id\":\"https:\/\/magdacesti.md\/#\/schema\/logo\/image\/\"},\"sameAs\":[\"https:\/\/www.facebook.com\/magdacesti.md\/\"]},{\"@type\":\"Person\",\"@id\":\"https:\/\/magdacesti.md\/#\/schema\/person\/0068cad735c7cf3ab41a532515da0575\",\"name\":\"Olga Enachi\",\"url\":\"https:\/\/magdacesti.md\/?author=2\"}]}<\/script>\n<!-- \/ Yoast SEO plugin. -->","yoast_head_json":{"title":"S\u0103 tr\u0103i\u021bi, s\u0103-nflori\u0163i! - M\u0103gd\u0103ce\u0219ti","description":"Bine ati venit pe pagina oficiala a Primariei Magdacesti.","robots":{"index":"index","follow":"follow","max-snippet":"max-snippet:-1","max-image-preview":"max-image-preview:large","max-video-preview":"max-video-preview:-1"},"canonical":"https:\/\/magdacesti.md\/?p=3848","og_locale":"en_US","og_type":"article","og_title":"S\u0103 tr\u0103i\u021bi, s\u0103-nflori\u0163i! - M\u0103gd\u0103ce\u0219ti","og_description":"Bine ati venit pe pagina oficiala a Primariei Magdacesti.","og_url":"https:\/\/magdacesti.md\/?p=3848","og_site_name":"M\u0103gd\u0103ce\u0219ti","article_publisher":"https:\/\/www.facebook.com\/magdacesti.md\/","article_published_time":"2020-01-14T09:12:57+00:00","og_image":[{"url":"https:\/\/magdacesti.md\/wp-content\/uploads\/2020\/01\/82205218_736281156880700_535751733716975616_n.jpg"}],"author":"Olga Enachi","twitter_card":"summary_large_image","twitter_misc":{"Written by":"Olga Enachi","Est. reading time":"1 minute"},"schema":{"@context":"https:\/\/schema.org","@graph":[{"@type":"Article","@id":"https:\/\/magdacesti.md\/?p=3848#article","isPartOf":{"@id":"https:\/\/magdacesti.md\/?p=3848"},"author":{"name":"Olga Enachi","@id":"https:\/\/magdacesti.md\/#\/schema\/person\/0068cad735c7cf3ab41a532515da0575"},"headline":"S\u0103 tr\u0103i\u021bi, s\u0103-nflori\u0163i!","datePublished":"2020-01-14T09:12:57+00:00","dateModified":"2020-01-14T09:12:57+00:00","mainEntityOfPage":{"@id":"https:\/\/magdacesti.md\/?p=3848"},"wordCount":125,"publisher":{"@id":"https:\/\/magdacesti.md\/#organization"},"image":{"@id":"https:\/\/magdacesti.md\/?p=3848#primaryimage"},"thumbnailUrl":"https:\/\/magdacesti.md\/wp-content\/uploads\/2020\/01\/82205218_736281156880700_535751733716975616_n.jpg","articleSection":["Stiri"],"inLanguage":"en-US"},{"@type":"WebPage","@id":"https:\/\/magdacesti.md\/?p=3848","url":"https:\/\/magdacesti.md\/?p=3848","name":"S\u0103 tr\u0103i\u021bi, s\u0103-nflori\u0163i! - M\u0103gd\u0103ce\u0219ti","isPartOf":{"@id":"https:\/\/magdacesti.md\/#website"},"primaryImageOfPage":{"@id":"https:\/\/magdacesti.md\/?p=3848#primaryimage"},"image":{"@id":"https:\/\/magdacesti.md\/?p=3848#primaryimage"},"thumbnailUrl":"https:\/\/magdacesti.md\/wp-content\/uploads\/2020\/01\/82205218_736281156880700_535751733716975616_n.jpg","datePublished":"2020-01-14T09:12:57+00:00","dateModified":"2020-01-14T09:12:57+00:00","description":"Bine ati venit pe pagina oficiala a Primariei Magdacesti.","breadcrumb":{"@id":"https:\/\/magdacesti.md\/?p=3848#breadcrumb"},"inLanguage":"en-US","potentialAction":[{"@type":"ReadAction","target":["https:\/\/magdacesti.md\/?p=3848"]}]},{"@type":"ImageObject","inLanguage":"en-US","@id":"https:\/\/magdacesti.md\/?p=3848#primaryimage","url":"https:\/\/magdacesti.md\/wp-content\/uploads\/2020\/01\/82205218_736281156880700_535751733716975616_n.jpg","contentUrl":"https:\/\/magdacesti.md\/wp-content\/uploads\/2020\/01\/82205218_736281156880700_535751733716975616_n.jpg"},{"@type":"BreadcrumbList","@id":"https:\/\/magdacesti.md\/?p=3848#breadcrumb","itemListElement":[{"@type":"ListItem","position":1,"name":"Home","item":"https:\/\/magdacesti.md\/"},{"@type":"ListItem","position":2,"name":"S\u0103 tr\u0103i\u021bi, s\u0103-nflori\u0163i!"}]},{"@type":"WebSite","@id":"https:\/\/magdacesti.md\/#website","url":"https:\/\/magdacesti.md\/","name":"M\u0103gd\u0103ce\u0219ti","description":"Un or\u0103\u0219el cu condi\u021bii decente de trai!","publisher":{"@id":"https:\/\/magdacesti.md\/#organization"},"potentialAction":[{"@type":"SearchAction","target":{"@type":"EntryPoint","urlTemplate":"https:\/\/magdacesti.md\/?s={search_term_string}"},"query-input":"required name=search_term_string"}],"inLanguage":"en-US"},{"@type":"Organization","@id":"https:\/\/magdacesti.md\/#organization","name":"M\u0103gd\u0103ce\u0219ti","url":"https:\/\/magdacesti.md\/","logo":{"@type":"ImageObject","inLanguage":"en-US","@id":"https:\/\/magdacesti.md\/#\/schema\/logo\/image\/","url":"https:\/\/magdacesti.md\/wp-content\/uploads\/2021\/03\/Foto-514-scaled.jpg","contentUrl":"https:\/\/magdacesti.md\/wp-content\/uploads\/2021\/03\/Foto-514-scaled.jpg","width":2560,"height":1707,"caption":"M\u0103gd\u0103ce\u0219ti"},"image":{"@id":"https:\/\/magdacesti.md\/#\/schema\/logo\/image\/"},"sameAs":["https:\/\/www.facebook.com\/magdacesti.md\/"]},{"@type":"Person","@id":"https:\/\/magdacesti.md\/#\/schema\/person\/0068cad735c7cf3ab41a532515da0575","name":"Olga Enachi","url":"https:\/\/magdacesti.md\/?author=2"}]}},"_links":{"self":[{"href":"https:\/\/magdacesti.md\/index.php?rest_route=\/wp\/v2\/posts\/3848","targetHints":{"allow":["GET"]}}],"collection":[{"href":"https:\/\/magdacesti.md\/index.php?rest_route=\/wp\/v2\/posts"}],"about":[{"href":"https:\/\/magdacesti.md\/index.php?rest_route=\/wp\/v2\/types\/post"}],"author":[{"embeddable":true,"href":"https:\/\/magdacesti.md\/index.php?rest_route=\/wp\/v2\/users\/2"}],"replies":[{"embeddable":true,"href":"https:\/\/magdacesti.md\/index.php?rest_route=%2Fwp%2Fv2%2Fcomments&post=3848"}],"version-history":[{"count":0,"href":"https:\/\/magdacesti.md\/index.php?rest_route=\/wp\/v2\/posts\/3848\/revisions"}],"wp:attachment":[{"href":"https:\/\/magdacesti.md\/index.php?rest_route=%2Fwp%2Fv2%2Fmedia&parent=3848"}],"wp:term":[{"taxonomy":"category","embeddable":true,"href":"https:\/\/magdacesti.md\/index.php?rest_route=%2Fwp%2Fv2%2Fcategories&post=3848"},{"taxonomy":"post_tag","embeddable":true,"href":"https:\/\/magdacesti.md\/index.php?rest_route=%2Fwp%2Fv2%2Ftags&post=3848"}],"curies":[{"name":"wp","href":"https:\/\/api.w.org\/{rel}","templated":true}]}}