{"id":3888,"date":"2020-02-25T10:06:58","date_gmt":"2020-02-25T08:06:58","guid":{"rendered":"https:\/\/magdacesti.md\/?p=3888"},"modified":"2020-02-25T10:06:58","modified_gmt":"2020-02-25T08:06:58","slug":"seful-inspectoratului-de-politie-criuleni-intr-o-vizita-de-lucru-la-magdacesti","status":"publish","type":"post","link":"https:\/\/magdacesti.md\/?p=3888","title":{"rendered":"\u0218eful Inspectoratului de Poli\u021bie Criuleni, \u00eentr-o vizit\u0103 de lucru la M\u0103gd\u0103ce\u0219ti"},"content":{"rendered":"\n<p>I<strong>eri am primit vizita \u0219efului inspectoratului de poli\u021bie din raionul Criuleni, Lilian Luca.<\/strong><br>\u00ce<strong>n cadrul unei \u0219edin\u021be au fost puse \u00een discu\u021bie toate problemele existente din localitate, \u00een r\u00e2ndul tinerilor, dar \u0219i care sunt solu\u021biile de prevenire a acestora. Vizita a avut loc \u00een contextul ultimelor zile, \u00een care au fost semnalate mai multe furturi din gospod\u0103riile localnicilor.<br>De asemenea, comisarul a discutat \u0219i cu poli\u021bi\u0219tii de sector, d\u00e2ndu-le instruc\u021biuni despre sarcinile \u0219i obliga\u021biile pe care le au fa\u021b\u0103 de locuitori.<\/strong><\/p>\n\n\n\n<figure class=\"wp-block-image\"><img decoding=\"async\" src=\"https:\/\/magdacesti.md\/wp-content\/uploads\/2020\/02\/IMG_4281.jpg\" alt=\"\" class=\"wp-image-3889\"\/><figcaption><br><\/figcaption><\/figure>\n\n\n\n<figure class=\"wp-block-image\"><img decoding=\"async\" src=\"https:\/\/magdacesti.md\/wp-content\/uploads\/2020\/02\/IMG_4293-1.jpg\" alt=\"\" class=\"wp-image-3891\"\/><\/figure>\n\n\n\n<p><strong>Dragi s\u0103teni,<\/strong><br>\u00cen scopul reducerii riscului victimal \u00een cazul comiterii infrac\u021biunilor de furturi din locuin\u021be, Poli\u021bia v\u0103 recomand\u0103:<br>&#x2705;\u00een absen\u021ba de la domiciliu, \u00eenchide\u021bi \u00eentotdeauna ferestrele \u0219i u\u0219ile balcoanelor;<br>&#x2705;dac\u0103 a\u021bi pierdut cheia, schimba\u021bi imediat sistemul de siguran\u021b\u0103<\/p>\n\n\n\n<p><strong>Pentru lini\u0219tea \u0219i siguran\u021ba familiei dvs, respecta\u021bi urm\u0103toarele m\u0103suri de precau\u021bie:<\/strong><\/p>\n\n\n\n<p>&#x2705;interzice\u021bi accesul \u00een locuin\u021b\u0103 \u0219i refuza\u021bi s\u0103 oferi\u021bi informa\u021bii despre dvs., bunurile pe care le de\u021bine\u021bi ori despre vecini, persoanelor str\u0103ine ce pretind c\u0103 reprezint\u0103 diverse institu\u021bii, dar care nu se pot legitima;<br>&#x2705;p\u0103stra\u021bi rela\u021bii bune cu vecinii: ace\u0219tia v\u0103 pot supraveghea locuin\u021ba c\u00e2nd nu sunte\u021bi la domiciliu;<br>&#x2705;instrui\u021bi copiii s\u0103 p\u0103streze cu grij\u0103 cheia \u0219i s\u0103 nu permit\u0103 accesul \u00een locuin\u021b\u0103 a persoanelor necunoscute.<br>&#x2705;dac\u0103 pleca\u021bi undeva la odihn\u0103 pentru mai mult timp, \u00eencredin\u021ba\u021bi lucrurile de pre\u021b rudelor sau depozita\u021bi-le la banc\u0103;<br>&#x2705;nu l\u0103sa\u021bi casa s\u0103 arate nelocuit.<\/p>\n\n\n\n<p><strong>Dat fiind faptul c\u0103 lumea virtual\u0103 este parte din via\u021ba noastr\u0103:<\/strong><\/p>\n\n\n\n<p>&#x2705;nu v\u0103 transforma\u021bi conturile de pe re\u021belele de socializare \u00een surse de informa\u021bii pentru infractori;<br>&#x2705;face\u021bi-le inaccesibile pentru persoane necunoscute \u0219i manifesta\u021bi o aten\u021bie sporit\u0103 la datele \u0219i fotografiile pe care le posta\u021bi;<br>&#x2705;atunci c\u00e2nd pleca\u021bi pentru o perioad\u0103 mai lung\u0103 de acas\u0103, nu face\u021bi acest lucru public pe internet.<\/p>\n\n\n\n<p><strong>Repere pentru derutarea infractorilor:<\/strong><\/p>\n\n\n\n<p>&#x2705;c\u00e2nd p\u0103r\u0103si\u021bi locuin\u021ba, pe timpul nop\u021bii, l\u0103sa\u021bi o lumin\u0103 aprins\u0103 sau un aparat de radio \u00een func\u021biune;<br>&#x2705;monta\u021bi la vedere pl\u0103cu\u021be de aten\u021bionare cu privire la existen\u021ba unui sistem de securitate; o sirena de exterior descurajeaz\u0103 extrem de eficient;<br>&#x2705;achizi\u021biona\u021bi \u00eentrerup\u0103toare care, la diverse intervale de timp, aprind \u0219i sting automat lumina;<br>&#x2705;\u00een cazul absen\u021belor \u00eendelungate de la domiciliu, ruga\u021bi vecinii sau prietenii apropia\u021bi s\u0103 procedeze astfel \u00eenc\u00e2t s\u0103 nu se simt\u0103 lipsa dumneavoastr\u0103: geamuri deschise, ridicarea coresponden\u021bei etc.; Spiritul de echip\u0103 ii sperie pe ho\u021bi, ei simt imediat c\u00e2nd cineva are grij\u0103 de proprietate sau este cu ochii \u00een patru.<\/p>\n\n\n\n<p><strong>Cum s\u0103 proceda\u021bi dac\u0103 a\u021bi devenit victima infrac\u021biunii de furt din locuin\u021b\u0103?<\/strong><\/p>\n\n\n\n<p>&#x2705;Nu intra\u021bi \u00een panic\u0103, anun\u021ba\u021bi de urgen\u021b\u0103 Poli\u021bia \u0219i nu p\u0103trunde\u021bi \u00een c\u00e2mpul infrac\u021bional, pentru a nu \u0219terge probele l\u0103sate de infractor. \u00cen multe cazuri, victima sau alte rude doresc s\u0103 verifice ce obiecte lipsesc, prin aceasta distrug\u00e2nd probele existente.<br>&#x2705;Pune\u021bi la dispozi\u021bia Poli\u021biei c\u00e2t mai multe date relevante, precum: persoanele suspecte care s-au aflat \u00een preajma locuin\u021bei sau cele care au cunoscut faptul c\u0103 victima lipse\u0219te de acas\u0103.<br>&#x2705;Dup\u0103 cercetarea de c\u0103tre Poli\u021bie a locului infrac\u021biunii, examina\u021bi cu aten\u021bie locuin\u021ba \u0219i furniza\u021bi-le poli\u021bi\u0219tilor caracteristicile de identificare ale bunurilor furate.<br>&#x2705;Analiza infrac\u021biunilor de furturi din locuin\u021be eviden\u021biaz\u0103 o multitudine de moduri de operare utilizate de infractori pentru s\u0103v\u00e2r\u0219irea unor astfel de fapte, iar cele mai dese furturi s\u0103v\u00e2r\u0219ite este posibil pe fondul neglijen\u021bei proprietarului \u00een a adopta m\u0103suri simple, dar eficiente de autoprotec\u0163ie.<br>Fi\u021bi precau\u021bi!<br><strong>NU UITA\u021aI C\u0102 PAZA BUN\u0102 TRECE PRIMEJDIA REA!<\/strong><\/p>\n","protected":false},"excerpt":{"rendered":"<p>Ieri am primit vizita \u0219efului inspectoratului de poli\u021bie din raionul Criuleni, Lilian Luca.\u00cen cadrul unei \u0219edin\u021be au fost puse \u00een discu\u021bie toate problemele existente din localitate, \u00een r\u00e2ndul tinerilor, dar \u0219i care sunt solu\u021biile de prevenire a acestora. Vizita a avut loc \u00een contextul ultimelor zile, \u00een care au fost semnalate mai multe furturi din [&#8230;]\n","protected":false},"author":2,"featured_media":0,"comment_status":"closed","ping_status":"closed","sticky":false,"template":"","format":"standard","meta":{"ngg_post_thumbnail":0,"footnotes":""},"categories":[4],"tags":[],"class_list":["post-3888","post","type-post","status-publish","format-standard","hentry","category-stiri"],"yoast_head":"<!-- This site is optimized with the Yoast SEO plugin v23.3 - https:\/\/yoast.com\/wordpress\/plugins\/seo\/ -->\n<title>\u0218eful Inspectoratului de Poli\u021bie Criuleni, \u00eentr-o vizit\u0103 de lucru la M\u0103gd\u0103ce\u0219ti - M\u0103gd\u0103ce\u0219ti<\/title>\n<meta name=\"description\" content=\"Bine ati venit pe pagina oficiala a Primariei Magdacesti.\" \/>\n<meta name=\"robots\" content=\"index, follow, max-snippet:-1, max-image-preview:large, max-video-preview:-1\" \/>\n<link rel=\"canonical\" href=\"https:\/\/magdacesti.md\/?p=3888\" \/>\n<meta property=\"og:locale\" content=\"en_US\" \/>\n<meta property=\"og:type\" content=\"article\" \/>\n<meta property=\"og:title\" content=\"\u0218eful Inspectoratului de Poli\u021bie Criuleni, \u00eentr-o vizit\u0103 de lucru la M\u0103gd\u0103ce\u0219ti - M\u0103gd\u0103ce\u0219ti\" \/>\n<meta property=\"og:description\" content=\"Bine ati venit pe pagina oficiala a Primariei Magdacesti.\" \/>\n<meta property=\"og:url\" content=\"https:\/\/magdacesti.md\/?p=3888\" \/>\n<meta property=\"og:site_name\" content=\"M\u0103gd\u0103ce\u0219ti\" \/>\n<meta property=\"article:publisher\" content=\"https:\/\/www.facebook.com\/magdacesti.md\/\" \/>\n<meta property=\"article:published_time\" content=\"2020-02-25T08:06:58+00:00\" \/>\n<meta property=\"og:image\" content=\"https:\/\/magdacesti.md\/wp-content\/uploads\/2020\/02\/IMG_4281.jpg\" \/>\n<meta name=\"author\" content=\"Olga Enachi\" \/>\n<meta name=\"twitter:card\" content=\"summary_large_image\" \/>\n<meta name=\"twitter:label1\" content=\"Written by\" \/>\n\t<meta name=\"twitter:data1\" content=\"Olga Enachi\" \/>\n\t<meta name=\"twitter:label2\" content=\"Est. reading time\" \/>\n\t<meta name=\"twitter:data2\" content=\"3 minutes\" \/>\n<script type=\"application\/ld+json\" class=\"yoast-schema-graph\">{\"@context\":\"https:\/\/schema.org\",\"@graph\":[{\"@type\":\"Article\",\"@id\":\"https:\/\/magdacesti.md\/?p=3888#article\",\"isPartOf\":{\"@id\":\"https:\/\/magdacesti.md\/?p=3888\"},\"author\":{\"name\":\"Olga Enachi\",\"@id\":\"https:\/\/magdacesti.md\/#\/schema\/person\/0068cad735c7cf3ab41a532515da0575\"},\"headline\":\"\u0218eful Inspectoratului de Poli\u021bie Criuleni, \u00eentr-o vizit\u0103 de lucru la M\u0103gd\u0103ce\u0219ti\",\"datePublished\":\"2020-02-25T08:06:58+00:00\",\"dateModified\":\"2020-02-25T08:06:58+00:00\",\"mainEntityOfPage\":{\"@id\":\"https:\/\/magdacesti.md\/?p=3888\"},\"wordCount\":700,\"publisher\":{\"@id\":\"https:\/\/magdacesti.md\/#organization\"},\"image\":{\"@id\":\"https:\/\/magdacesti.md\/?p=3888#primaryimage\"},\"thumbnailUrl\":\"https:\/\/magdacesti.md\/wp-content\/uploads\/2020\/02\/IMG_4281.jpg\",\"articleSection\":[\"Stiri\"],\"inLanguage\":\"en-US\"},{\"@type\":\"WebPage\",\"@id\":\"https:\/\/magdacesti.md\/?p=3888\",\"url\":\"https:\/\/magdacesti.md\/?p=3888\",\"name\":\"\u0218eful Inspectoratului de Poli\u021bie Criuleni, \u00eentr-o vizit\u0103 de lucru la M\u0103gd\u0103ce\u0219ti - M\u0103gd\u0103ce\u0219ti\",\"isPartOf\":{\"@id\":\"https:\/\/magdacesti.md\/#website\"},\"primaryImageOfPage\":{\"@id\":\"https:\/\/magdacesti.md\/?p=3888#primaryimage\"},\"image\":{\"@id\":\"https:\/\/magdacesti.md\/?p=3888#primaryimage\"},\"thumbnailUrl\":\"https:\/\/magdacesti.md\/wp-content\/uploads\/2020\/02\/IMG_4281.jpg\",\"datePublished\":\"2020-02-25T08:06:58+00:00\",\"dateModified\":\"2020-02-25T08:06:58+00:00\",\"description\":\"Bine ati venit pe pagina oficiala a Primariei Magdacesti.\",\"breadcrumb\":{\"@id\":\"https:\/\/magdacesti.md\/?p=3888#breadcrumb\"},\"inLanguage\":\"en-US\",\"potentialAction\":[{\"@type\":\"ReadAction\",\"target\":[\"https:\/\/magdacesti.md\/?p=3888\"]}]},{\"@type\":\"ImageObject\",\"inLanguage\":\"en-US\",\"@id\":\"https:\/\/magdacesti.md\/?p=3888#primaryimage\",\"url\":\"https:\/\/magdacesti.md\/wp-content\/uploads\/2020\/02\/IMG_4281.jpg\",\"contentUrl\":\"https:\/\/magdacesti.md\/wp-content\/uploads\/2020\/02\/IMG_4281.jpg\"},{\"@type\":\"BreadcrumbList\",\"@id\":\"https:\/\/magdacesti.md\/?p=3888#breadcrumb\",\"itemListElement\":[{\"@type\":\"ListItem\",\"position\":1,\"name\":\"Home\",\"item\":\"https:\/\/magdacesti.md\/\"},{\"@type\":\"ListItem\",\"position\":2,\"name\":\"\u0218eful Inspectoratului de Poli\u021bie Criuleni, \u00eentr-o vizit\u0103 de lucru la M\u0103gd\u0103ce\u0219ti\"}]},{\"@type\":\"WebSite\",\"@id\":\"https:\/\/magdacesti.md\/#website\",\"url\":\"https:\/\/magdacesti.md\/\",\"name\":\"M\u0103gd\u0103ce\u0219ti\",\"description\":\"Un or\u0103\u0219el cu condi\u021bii decente de trai!\",\"publisher\":{\"@id\":\"https:\/\/magdacesti.md\/#organization\"},\"potentialAction\":[{\"@type\":\"SearchAction\",\"target\":{\"@type\":\"EntryPoint\",\"urlTemplate\":\"https:\/\/magdacesti.md\/?s={search_term_string}\"},\"query-input\":\"required name=search_term_string\"}],\"inLanguage\":\"en-US\"},{\"@type\":\"Organization\",\"@id\":\"https:\/\/magdacesti.md\/#organization\",\"name\":\"M\u0103gd\u0103ce\u0219ti\",\"url\":\"https:\/\/magdacesti.md\/\",\"logo\":{\"@type\":\"ImageObject\",\"inLanguage\":\"en-US\",\"@id\":\"https:\/\/magdacesti.md\/#\/schema\/logo\/image\/\",\"url\":\"https:\/\/magdacesti.md\/wp-content\/uploads\/2021\/03\/Foto-514-scaled.jpg\",\"contentUrl\":\"https:\/\/magdacesti.md\/wp-content\/uploads\/2021\/03\/Foto-514-scaled.jpg\",\"width\":2560,\"height\":1707,\"caption\":\"M\u0103gd\u0103ce\u0219ti\"},\"image\":{\"@id\":\"https:\/\/magdacesti.md\/#\/schema\/logo\/image\/\"},\"sameAs\":[\"https:\/\/www.facebook.com\/magdacesti.md\/\"]},{\"@type\":\"Person\",\"@id\":\"https:\/\/magdacesti.md\/#\/schema\/person\/0068cad735c7cf3ab41a532515da0575\",\"name\":\"Olga Enachi\",\"url\":\"https:\/\/magdacesti.md\/?author=2\"}]}<\/script>\n<!-- \/ Yoast SEO plugin. -->","yoast_head_json":{"title":"\u0218eful Inspectoratului de Poli\u021bie Criuleni, \u00eentr-o vizit\u0103 de lucru la M\u0103gd\u0103ce\u0219ti - M\u0103gd\u0103ce\u0219ti","description":"Bine ati venit pe pagina oficiala a Primariei Magdacesti.","robots":{"index":"index","follow":"follow","max-snippet":"max-snippet:-1","max-image-preview":"max-image-preview:large","max-video-preview":"max-video-preview:-1"},"canonical":"https:\/\/magdacesti.md\/?p=3888","og_locale":"en_US","og_type":"article","og_title":"\u0218eful Inspectoratului de Poli\u021bie Criuleni, \u00eentr-o vizit\u0103 de lucru la M\u0103gd\u0103ce\u0219ti - M\u0103gd\u0103ce\u0219ti","og_description":"Bine ati venit pe pagina oficiala a Primariei Magdacesti.","og_url":"https:\/\/magdacesti.md\/?p=3888","og_site_name":"M\u0103gd\u0103ce\u0219ti","article_publisher":"https:\/\/www.facebook.com\/magdacesti.md\/","article_published_time":"2020-02-25T08:06:58+00:00","og_image":[{"url":"https:\/\/magdacesti.md\/wp-content\/uploads\/2020\/02\/IMG_4281.jpg"}],"author":"Olga Enachi","twitter_card":"summary_large_image","twitter_misc":{"Written by":"Olga Enachi","Est. reading time":"3 minutes"},"schema":{"@context":"https:\/\/schema.org","@graph":[{"@type":"Article","@id":"https:\/\/magdacesti.md\/?p=3888#article","isPartOf":{"@id":"https:\/\/magdacesti.md\/?p=3888"},"author":{"name":"Olga Enachi","@id":"https:\/\/magdacesti.md\/#\/schema\/person\/0068cad735c7cf3ab41a532515da0575"},"headline":"\u0218eful Inspectoratului de Poli\u021bie Criuleni, \u00eentr-o vizit\u0103 de lucru la M\u0103gd\u0103ce\u0219ti","datePublished":"2020-02-25T08:06:58+00:00","dateModified":"2020-02-25T08:06:58+00:00","mainEntityOfPage":{"@id":"https:\/\/magdacesti.md\/?p=3888"},"wordCount":700,"publisher":{"@id":"https:\/\/magdacesti.md\/#organization"},"image":{"@id":"https:\/\/magdacesti.md\/?p=3888#primaryimage"},"thumbnailUrl":"https:\/\/magdacesti.md\/wp-content\/uploads\/2020\/02\/IMG_4281.jpg","articleSection":["Stiri"],"inLanguage":"en-US"},{"@type":"WebPage","@id":"https:\/\/magdacesti.md\/?p=3888","url":"https:\/\/magdacesti.md\/?p=3888","name":"\u0218eful Inspectoratului de Poli\u021bie Criuleni, \u00eentr-o vizit\u0103 de lucru la M\u0103gd\u0103ce\u0219ti - M\u0103gd\u0103ce\u0219ti","isPartOf":{"@id":"https:\/\/magdacesti.md\/#website"},"primaryImageOfPage":{"@id":"https:\/\/magdacesti.md\/?p=3888#primaryimage"},"image":{"@id":"https:\/\/magdacesti.md\/?p=3888#primaryimage"},"thumbnailUrl":"https:\/\/magdacesti.md\/wp-content\/uploads\/2020\/02\/IMG_4281.jpg","datePublished":"2020-02-25T08:06:58+00:00","dateModified":"2020-02-25T08:06:58+00:00","description":"Bine ati venit pe pagina oficiala a Primariei Magdacesti.","breadcrumb":{"@id":"https:\/\/magdacesti.md\/?p=3888#breadcrumb"},"inLanguage":"en-US","potentialAction":[{"@type":"ReadAction","target":["https:\/\/magdacesti.md\/?p=3888"]}]},{"@type":"ImageObject","inLanguage":"en-US","@id":"https:\/\/magdacesti.md\/?p=3888#primaryimage","url":"https:\/\/magdacesti.md\/wp-content\/uploads\/2020\/02\/IMG_4281.jpg","contentUrl":"https:\/\/magdacesti.md\/wp-content\/uploads\/2020\/02\/IMG_4281.jpg"},{"@type":"BreadcrumbList","@id":"https:\/\/magdacesti.md\/?p=3888#breadcrumb","itemListElement":[{"@type":"ListItem","position":1,"name":"Home","item":"https:\/\/magdacesti.md\/"},{"@type":"ListItem","position":2,"name":"\u0218eful Inspectoratului de Poli\u021bie Criuleni, \u00eentr-o vizit\u0103 de lucru la M\u0103gd\u0103ce\u0219ti"}]},{"@type":"WebSite","@id":"https:\/\/magdacesti.md\/#website","url":"https:\/\/magdacesti.md\/","name":"M\u0103gd\u0103ce\u0219ti","description":"Un or\u0103\u0219el cu condi\u021bii decente de trai!","publisher":{"@id":"https:\/\/magdacesti.md\/#organization"},"potentialAction":[{"@type":"SearchAction","target":{"@type":"EntryPoint","urlTemplate":"https:\/\/magdacesti.md\/?s={search_term_string}"},"query-input":"required name=search_term_string"}],"inLanguage":"en-US"},{"@type":"Organization","@id":"https:\/\/magdacesti.md\/#organization","name":"M\u0103gd\u0103ce\u0219ti","url":"https:\/\/magdacesti.md\/","logo":{"@type":"ImageObject","inLanguage":"en-US","@id":"https:\/\/magdacesti.md\/#\/schema\/logo\/image\/","url":"https:\/\/magdacesti.md\/wp-content\/uploads\/2021\/03\/Foto-514-scaled.jpg","contentUrl":"https:\/\/magdacesti.md\/wp-content\/uploads\/2021\/03\/Foto-514-scaled.jpg","width":2560,"height":1707,"caption":"M\u0103gd\u0103ce\u0219ti"},"image":{"@id":"https:\/\/magdacesti.md\/#\/schema\/logo\/image\/"},"sameAs":["https:\/\/www.facebook.com\/magdacesti.md\/"]},{"@type":"Person","@id":"https:\/\/magdacesti.md\/#\/schema\/person\/0068cad735c7cf3ab41a532515da0575","name":"Olga Enachi","url":"https:\/\/magdacesti.md\/?author=2"}]}},"_links":{"self":[{"href":"https:\/\/magdacesti.md\/index.php?rest_route=\/wp\/v2\/posts\/3888","targetHints":{"allow":["GET"]}}],"collection":[{"href":"https:\/\/magdacesti.md\/index.php?rest_route=\/wp\/v2\/posts"}],"about":[{"href":"https:\/\/magdacesti.md\/index.php?rest_route=\/wp\/v2\/types\/post"}],"author":[{"embeddable":true,"href":"https:\/\/magdacesti.md\/index.php?rest_route=\/wp\/v2\/users\/2"}],"replies":[{"embeddable":true,"href":"https:\/\/magdacesti.md\/index.php?rest_route=%2Fwp%2Fv2%2Fcomments&post=3888"}],"version-history":[{"count":0,"href":"https:\/\/magdacesti.md\/index.php?rest_route=\/wp\/v2\/posts\/3888\/revisions"}],"wp:attachment":[{"href":"https:\/\/magdacesti.md\/index.php?rest_route=%2Fwp%2Fv2%2Fmedia&parent=3888"}],"wp:term":[{"taxonomy":"category","embeddable":true,"href":"https:\/\/magdacesti.md\/index.php?rest_route=%2Fwp%2Fv2%2Fcategories&post=3888"},{"taxonomy":"post_tag","embeddable":true,"href":"https:\/\/magdacesti.md\/index.php?rest_route=%2Fwp%2Fv2%2Ftags&post=3888"}],"curies":[{"name":"wp","href":"https:\/\/api.w.org\/{rel}","templated":true}]}}