{"id":3906,"date":"2020-03-12T15:02:16","date_gmt":"2020-03-12T13:02:16","guid":{"rendered":"https:\/\/magdacesti.md\/?p=3906"},"modified":"2020-03-12T15:02:16","modified_gmt":"2020-03-12T13:02:16","slug":"mesaj-catre-beneficiarii-de-prestatii-sociale-si-persoanele-asigurate","status":"publish","type":"post","link":"https:\/\/magdacesti.md\/?p=3906","title":{"rendered":"Mesaj c\u0103tre beneficiarii de presta\u021bii sociale \u0219i persoanele asigurate"},"content":{"rendered":"\n<p>  <strong>Casa Na\u021bional\u0103 de Asigur\u0103ri Sociale<\/strong>, \u00een condi\u021biile de cre\u0219tere a  gradului de r\u0103sp\u00e2ndire a infec\u021biilor virale, \u00ee\u0219i continu\u0103 activitatea  astfel \u00eenc\u00e2t s\u0103 presteze servicii la timp \u0219i calitativ.<\/p>\n\n\n\n<p>Totodat\u0103, se solicit\u0103 un grad mai mare de responsabilitate din partea  vizitatorilor subdiviziunilor subteritoriale ale institu\u021biei.<br>  V\u0103 rug\u0103m insistent, pentru solu\u021bionarea diverselor probleme referitor  la stabilirea \u0219i plata presta\u021biilor sociale, s\u0103 fie apelat mai \u00eent\u00e2i  <strong><em>Centrul de Apel al CNAS la num\u0103rul de telefon &#8211; 022 257777<\/em><\/strong><br> Rug\u0103m  respectuos, persoanele care au simptome de r\u0103ceal\u0103 sau grip\u0103, s\u0103 se ab\u021bin\u0103 de la vizita subdiviziunilor teritoriale, unde ar putea r\u0103sp\u00e2ndi  infec\u021bia \u0219i altor cet\u0103\u021beni.<br> D\u00e2nd dovad\u0103 de responsabilitate at\u00e2t pentru s\u0103n\u0103tatea dumneavoastr\u0103, c\u00e2t \u0219i a celor din jur, vom dep\u0103\u0219i mai  u\u0219or aceast\u0103 perioad\u0103 dificil\u0103.<\/p>\n","protected":false},"excerpt":{"rendered":"<p>Casa Na\u021bional\u0103 de Asigur\u0103ri Sociale, \u00een condi\u021biile de cre\u0219tere a gradului de r\u0103sp\u00e2ndire a infec\u021biilor virale, \u00ee\u0219i continu\u0103 activitatea astfel \u00eenc\u00e2t s\u0103 presteze servicii la timp \u0219i calitativ. Totodat\u0103, se solicit\u0103 un grad mai mare de responsabilitate din partea vizitatorilor subdiviziunilor subteritoriale ale institu\u021biei. V\u0103 rug\u0103m insistent, pentru solu\u021bionarea diverselor probleme referitor la stabilirea \u0219i [&#8230;]\n","protected":false},"author":2,"featured_media":3907,"comment_status":"closed","ping_status":"closed","sticky":false,"template":"","format":"standard","meta":{"ngg_post_thumbnail":0,"footnotes":""},"categories":[4],"tags":[],"class_list":["post-3906","post","type-post","status-publish","format-standard","has-post-thumbnail","hentry","category-stiri"],"yoast_head":"<!-- This site is optimized with the Yoast SEO plugin v23.3 - https:\/\/yoast.com\/wordpress\/plugins\/seo\/ -->\n<title>Mesaj c\u0103tre beneficiarii de presta\u021bii sociale \u0219i persoanele asigurate - M\u0103gd\u0103ce\u0219ti<\/title>\n<meta name=\"description\" content=\"Bine ati venit pe pagina oficiala a Primariei Magdacesti.\" \/>\n<meta name=\"robots\" content=\"index, follow, max-snippet:-1, max-image-preview:large, max-video-preview:-1\" \/>\n<link rel=\"canonical\" href=\"https:\/\/magdacesti.md\/?p=3906\" \/>\n<meta property=\"og:locale\" content=\"en_US\" \/>\n<meta property=\"og:type\" content=\"article\" \/>\n<meta property=\"og:title\" content=\"Mesaj c\u0103tre beneficiarii de presta\u021bii sociale \u0219i persoanele asigurate - M\u0103gd\u0103ce\u0219ti\" \/>\n<meta property=\"og:description\" content=\"Bine ati venit pe pagina oficiala a Primariei Magdacesti.\" \/>\n<meta property=\"og:url\" content=\"https:\/\/magdacesti.md\/?p=3906\" \/>\n<meta property=\"og:site_name\" content=\"M\u0103gd\u0103ce\u0219ti\" \/>\n<meta property=\"article:publisher\" content=\"https:\/\/www.facebook.com\/magdacesti.md\/\" \/>\n<meta property=\"article:published_time\" content=\"2020-03-12T13:02:16+00:00\" \/>\n<meta property=\"og:image\" content=\"https:\/\/magdacesti.md\/wp-content\/uploads\/2021\/03\/Foto-514-edit-scaled.jpg\" \/>\n\t<meta property=\"og:image:width\" content=\"2560\" \/>\n\t<meta property=\"og:image:height\" content=\"1707\" \/>\n\t<meta property=\"og:image:type\" content=\"image\/jpeg\" \/>\n<meta name=\"author\" content=\"Olga Enachi\" \/>\n<meta name=\"twitter:card\" content=\"summary_large_image\" \/>\n<meta name=\"twitter:label1\" content=\"Written by\" \/>\n\t<meta name=\"twitter:data1\" content=\"Olga Enachi\" \/>\n\t<meta name=\"twitter:label2\" content=\"Est. reading time\" \/>\n\t<meta name=\"twitter:data2\" content=\"1 minute\" \/>\n<script type=\"application\/ld+json\" class=\"yoast-schema-graph\">{\"@context\":\"https:\/\/schema.org\",\"@graph\":[{\"@type\":\"Article\",\"@id\":\"https:\/\/magdacesti.md\/?p=3906#article\",\"isPartOf\":{\"@id\":\"https:\/\/magdacesti.md\/?p=3906\"},\"author\":{\"name\":\"Olga Enachi\",\"@id\":\"https:\/\/magdacesti.md\/#\/schema\/person\/0068cad735c7cf3ab41a532515da0575\"},\"headline\":\"Mesaj c\u0103tre beneficiarii de presta\u021bii sociale \u0219i persoanele asigurate\",\"datePublished\":\"2020-03-12T13:02:16+00:00\",\"dateModified\":\"2020-03-12T13:02:16+00:00\",\"mainEntityOfPage\":{\"@id\":\"https:\/\/magdacesti.md\/?p=3906\"},\"wordCount\":159,\"publisher\":{\"@id\":\"https:\/\/magdacesti.md\/#organization\"},\"image\":{\"@id\":\"https:\/\/magdacesti.md\/?p=3906#primaryimage\"},\"thumbnailUrl\":\"\",\"articleSection\":[\"Stiri\"],\"inLanguage\":\"en-US\"},{\"@type\":\"WebPage\",\"@id\":\"https:\/\/magdacesti.md\/?p=3906\",\"url\":\"https:\/\/magdacesti.md\/?p=3906\",\"name\":\"Mesaj c\u0103tre beneficiarii de presta\u021bii sociale \u0219i persoanele asigurate - M\u0103gd\u0103ce\u0219ti\",\"isPartOf\":{\"@id\":\"https:\/\/magdacesti.md\/#website\"},\"primaryImageOfPage\":{\"@id\":\"https:\/\/magdacesti.md\/?p=3906#primaryimage\"},\"image\":{\"@id\":\"https:\/\/magdacesti.md\/?p=3906#primaryimage\"},\"thumbnailUrl\":\"\",\"datePublished\":\"2020-03-12T13:02:16+00:00\",\"dateModified\":\"2020-03-12T13:02:16+00:00\",\"description\":\"Bine ati venit pe pagina oficiala a Primariei Magdacesti.\",\"breadcrumb\":{\"@id\":\"https:\/\/magdacesti.md\/?p=3906#breadcrumb\"},\"inLanguage\":\"en-US\",\"potentialAction\":[{\"@type\":\"ReadAction\",\"target\":[\"https:\/\/magdacesti.md\/?p=3906\"]}]},{\"@type\":\"ImageObject\",\"inLanguage\":\"en-US\",\"@id\":\"https:\/\/magdacesti.md\/?p=3906#primaryimage\",\"url\":\"\",\"contentUrl\":\"\"},{\"@type\":\"BreadcrumbList\",\"@id\":\"https:\/\/magdacesti.md\/?p=3906#breadcrumb\",\"itemListElement\":[{\"@type\":\"ListItem\",\"position\":1,\"name\":\"Home\",\"item\":\"https:\/\/magdacesti.md\/\"},{\"@type\":\"ListItem\",\"position\":2,\"name\":\"Mesaj c\u0103tre beneficiarii de presta\u021bii sociale \u0219i persoanele asigurate\"}]},{\"@type\":\"WebSite\",\"@id\":\"https:\/\/magdacesti.md\/#website\",\"url\":\"https:\/\/magdacesti.md\/\",\"name\":\"M\u0103gd\u0103ce\u0219ti\",\"description\":\"Un or\u0103\u0219el cu condi\u021bii decente de trai!\",\"publisher\":{\"@id\":\"https:\/\/magdacesti.md\/#organization\"},\"potentialAction\":[{\"@type\":\"SearchAction\",\"target\":{\"@type\":\"EntryPoint\",\"urlTemplate\":\"https:\/\/magdacesti.md\/?s={search_term_string}\"},\"query-input\":\"required name=search_term_string\"}],\"inLanguage\":\"en-US\"},{\"@type\":\"Organization\",\"@id\":\"https:\/\/magdacesti.md\/#organization\",\"name\":\"M\u0103gd\u0103ce\u0219ti\",\"url\":\"https:\/\/magdacesti.md\/\",\"logo\":{\"@type\":\"ImageObject\",\"inLanguage\":\"en-US\",\"@id\":\"https:\/\/magdacesti.md\/#\/schema\/logo\/image\/\",\"url\":\"https:\/\/magdacesti.md\/wp-content\/uploads\/2021\/03\/Foto-514-scaled.jpg\",\"contentUrl\":\"https:\/\/magdacesti.md\/wp-content\/uploads\/2021\/03\/Foto-514-scaled.jpg\",\"width\":2560,\"height\":1707,\"caption\":\"M\u0103gd\u0103ce\u0219ti\"},\"image\":{\"@id\":\"https:\/\/magdacesti.md\/#\/schema\/logo\/image\/\"},\"sameAs\":[\"https:\/\/www.facebook.com\/magdacesti.md\/\"]},{\"@type\":\"Person\",\"@id\":\"https:\/\/magdacesti.md\/#\/schema\/person\/0068cad735c7cf3ab41a532515da0575\",\"name\":\"Olga Enachi\",\"url\":\"https:\/\/magdacesti.md\/?author=2\"}]}<\/script>\n<!-- \/ Yoast SEO plugin. -->","yoast_head_json":{"title":"Mesaj c\u0103tre beneficiarii de presta\u021bii sociale \u0219i persoanele asigurate - M\u0103gd\u0103ce\u0219ti","description":"Bine ati venit pe pagina oficiala a Primariei Magdacesti.","robots":{"index":"index","follow":"follow","max-snippet":"max-snippet:-1","max-image-preview":"max-image-preview:large","max-video-preview":"max-video-preview:-1"},"canonical":"https:\/\/magdacesti.md\/?p=3906","og_locale":"en_US","og_type":"article","og_title":"Mesaj c\u0103tre beneficiarii de presta\u021bii sociale \u0219i persoanele asigurate - M\u0103gd\u0103ce\u0219ti","og_description":"Bine ati venit pe pagina oficiala a Primariei Magdacesti.","og_url":"https:\/\/magdacesti.md\/?p=3906","og_site_name":"M\u0103gd\u0103ce\u0219ti","article_publisher":"https:\/\/www.facebook.com\/magdacesti.md\/","article_published_time":"2020-03-12T13:02:16+00:00","og_image":[{"width":2560,"height":1707,"url":"https:\/\/magdacesti.md\/wp-content\/uploads\/2021\/03\/Foto-514-edit-scaled.jpg","type":"image\/jpeg"}],"author":"Olga Enachi","twitter_card":"summary_large_image","twitter_misc":{"Written by":"Olga Enachi","Est. reading time":"1 minute"},"schema":{"@context":"https:\/\/schema.org","@graph":[{"@type":"Article","@id":"https:\/\/magdacesti.md\/?p=3906#article","isPartOf":{"@id":"https:\/\/magdacesti.md\/?p=3906"},"author":{"name":"Olga Enachi","@id":"https:\/\/magdacesti.md\/#\/schema\/person\/0068cad735c7cf3ab41a532515da0575"},"headline":"Mesaj c\u0103tre beneficiarii de presta\u021bii sociale \u0219i persoanele asigurate","datePublished":"2020-03-12T13:02:16+00:00","dateModified":"2020-03-12T13:02:16+00:00","mainEntityOfPage":{"@id":"https:\/\/magdacesti.md\/?p=3906"},"wordCount":159,"publisher":{"@id":"https:\/\/magdacesti.md\/#organization"},"image":{"@id":"https:\/\/magdacesti.md\/?p=3906#primaryimage"},"thumbnailUrl":"","articleSection":["Stiri"],"inLanguage":"en-US"},{"@type":"WebPage","@id":"https:\/\/magdacesti.md\/?p=3906","url":"https:\/\/magdacesti.md\/?p=3906","name":"Mesaj c\u0103tre beneficiarii de presta\u021bii sociale \u0219i persoanele asigurate - M\u0103gd\u0103ce\u0219ti","isPartOf":{"@id":"https:\/\/magdacesti.md\/#website"},"primaryImageOfPage":{"@id":"https:\/\/magdacesti.md\/?p=3906#primaryimage"},"image":{"@id":"https:\/\/magdacesti.md\/?p=3906#primaryimage"},"thumbnailUrl":"","datePublished":"2020-03-12T13:02:16+00:00","dateModified":"2020-03-12T13:02:16+00:00","description":"Bine ati venit pe pagina oficiala a Primariei Magdacesti.","breadcrumb":{"@id":"https:\/\/magdacesti.md\/?p=3906#breadcrumb"},"inLanguage":"en-US","potentialAction":[{"@type":"ReadAction","target":["https:\/\/magdacesti.md\/?p=3906"]}]},{"@type":"ImageObject","inLanguage":"en-US","@id":"https:\/\/magdacesti.md\/?p=3906#primaryimage","url":"","contentUrl":""},{"@type":"BreadcrumbList","@id":"https:\/\/magdacesti.md\/?p=3906#breadcrumb","itemListElement":[{"@type":"ListItem","position":1,"name":"Home","item":"https:\/\/magdacesti.md\/"},{"@type":"ListItem","position":2,"name":"Mesaj c\u0103tre beneficiarii de presta\u021bii sociale \u0219i persoanele asigurate"}]},{"@type":"WebSite","@id":"https:\/\/magdacesti.md\/#website","url":"https:\/\/magdacesti.md\/","name":"M\u0103gd\u0103ce\u0219ti","description":"Un or\u0103\u0219el cu condi\u021bii decente de trai!","publisher":{"@id":"https:\/\/magdacesti.md\/#organization"},"potentialAction":[{"@type":"SearchAction","target":{"@type":"EntryPoint","urlTemplate":"https:\/\/magdacesti.md\/?s={search_term_string}"},"query-input":"required name=search_term_string"}],"inLanguage":"en-US"},{"@type":"Organization","@id":"https:\/\/magdacesti.md\/#organization","name":"M\u0103gd\u0103ce\u0219ti","url":"https:\/\/magdacesti.md\/","logo":{"@type":"ImageObject","inLanguage":"en-US","@id":"https:\/\/magdacesti.md\/#\/schema\/logo\/image\/","url":"https:\/\/magdacesti.md\/wp-content\/uploads\/2021\/03\/Foto-514-scaled.jpg","contentUrl":"https:\/\/magdacesti.md\/wp-content\/uploads\/2021\/03\/Foto-514-scaled.jpg","width":2560,"height":1707,"caption":"M\u0103gd\u0103ce\u0219ti"},"image":{"@id":"https:\/\/magdacesti.md\/#\/schema\/logo\/image\/"},"sameAs":["https:\/\/www.facebook.com\/magdacesti.md\/"]},{"@type":"Person","@id":"https:\/\/magdacesti.md\/#\/schema\/person\/0068cad735c7cf3ab41a532515da0575","name":"Olga Enachi","url":"https:\/\/magdacesti.md\/?author=2"}]}},"_links":{"self":[{"href":"https:\/\/magdacesti.md\/index.php?rest_route=\/wp\/v2\/posts\/3906","targetHints":{"allow":["GET"]}}],"collection":[{"href":"https:\/\/magdacesti.md\/index.php?rest_route=\/wp\/v2\/posts"}],"about":[{"href":"https:\/\/magdacesti.md\/index.php?rest_route=\/wp\/v2\/types\/post"}],"author":[{"embeddable":true,"href":"https:\/\/magdacesti.md\/index.php?rest_route=\/wp\/v2\/users\/2"}],"replies":[{"embeddable":true,"href":"https:\/\/magdacesti.md\/index.php?rest_route=%2Fwp%2Fv2%2Fcomments&post=3906"}],"version-history":[{"count":0,"href":"https:\/\/magdacesti.md\/index.php?rest_route=\/wp\/v2\/posts\/3906\/revisions"}],"wp:featuredmedia":[{"embeddable":true,"href":"https:\/\/magdacesti.md\/index.php?rest_route=\/"}],"wp:attachment":[{"href":"https:\/\/magdacesti.md\/index.php?rest_route=%2Fwp%2Fv2%2Fmedia&parent=3906"}],"wp:term":[{"taxonomy":"category","embeddable":true,"href":"https:\/\/magdacesti.md\/index.php?rest_route=%2Fwp%2Fv2%2Fcategories&post=3906"},{"taxonomy":"post_tag","embeddable":true,"href":"https:\/\/magdacesti.md\/index.php?rest_route=%2Fwp%2Fv2%2Ftags&post=3906"}],"curies":[{"name":"wp","href":"https:\/\/api.w.org\/{rel}","templated":true}]}}