{"id":3916,"date":"2020-04-12T10:48:02","date_gmt":"2020-04-12T07:48:02","guid":{"rendered":"https:\/\/magdacesti.md\/?p=3916"},"modified":"2020-04-12T10:48:02","modified_gmt":"2020-04-12T07:48:02","slug":"duminica-floriilor","status":"publish","type":"post","link":"https:\/\/magdacesti.md\/?p=3916","title":{"rendered":"Duminica Floriilor"},"content":{"rendered":"\n<p>A<strong>st\u0103zi s\u0103r\u0103b\u0103torim Floriile, zi care ne veste\u0219te \u00cenvierea Domnului, cunoscut\u0103 ca Intrarea lui Isus \u00een Ierusalim, c\u00e2nd a fost primit de c\u0103tre popor ca un \u00cemp\u0103rat, cu ramuri de salcie \u0219i de m\u0103slin. <\/strong><\/p>\n\n\n\n<figure class=\"wp-block-image\"><img decoding=\"async\" src=\"https:\/\/magdacesti.md\/wp-content\/uploads\/2020\/04\/il_570xN.1874467397_d5vu.jpg\" alt=\"\" class=\"wp-image-3917\"\/><\/figure>\n\n\n\n<p>Pentru cre\u0219tinii ortodoc\u0219i \u00eencepe <strong>S\u0103pt\u0103m\u00e2na Mare<\/strong>, o perioad\u0103 cu puternic\u0103 \u00eenc\u0103rc\u0103tur\u0103 spiritual\u0103. <br> V\u0103 dorim s\u0103 ave\u021bi o duminic\u0103 binecuv\u00e2nt\u0103, al\u0103turi de familie. S\u0103 ne \u00eentoarcem cu smerenie \u0219i \u00eencredere spre Dumnezeu, s\u0103 ne rug\u0103m s\u0103 ne ocroteasc\u0103 de toate cele rele. S\u0103 ne \u00eentoarcem cu bun\u0103tate \u0219i grij\u0103 spre cei din jurul nostru, afla\u021bi \u00een nevoie. <br>  <strong>S\u0103rb\u0103toarea Floriilor s\u0103 v\u0103 aduc\u0103 bucurie \u0219i lumin\u0103!<\/strong><\/p>\n","protected":false},"excerpt":{"rendered":"<p>Ast\u0103zi s\u0103r\u0103b\u0103torim Floriile, zi care ne veste\u0219te \u00cenvierea Domnului, cunoscut\u0103 ca Intrarea lui Isus \u00een Ierusalim, c\u00e2nd a fost primit de c\u0103tre popor ca un \u00cemp\u0103rat, cu ramuri de salcie \u0219i de m\u0103slin. Pentru cre\u0219tinii ortodoc\u0219i \u00eencepe S\u0103pt\u0103m\u00e2na Mare, o perioad\u0103 cu puternic\u0103 \u00eenc\u0103rc\u0103tur\u0103 spiritual\u0103. V\u0103 dorim s\u0103 ave\u021bi o duminic\u0103 binecuv\u00e2nt\u0103, al\u0103turi de familie. [&#8230;]\n","protected":false},"author":2,"featured_media":0,"comment_status":"closed","ping_status":"closed","sticky":false,"template":"","format":"standard","meta":{"ngg_post_thumbnail":0,"footnotes":""},"categories":[4],"tags":[],"class_list":["post-3916","post","type-post","status-publish","format-standard","hentry","category-stiri"],"yoast_head":"<!-- This site is optimized with the Yoast SEO plugin v23.3 - https:\/\/yoast.com\/wordpress\/plugins\/seo\/ -->\n<title>Duminica Floriilor - M\u0103gd\u0103ce\u0219ti<\/title>\n<meta name=\"description\" content=\"Bine ati venit pe pagina oficiala a Primariei Magdacesti.\" \/>\n<meta name=\"robots\" content=\"index, follow, max-snippet:-1, max-image-preview:large, max-video-preview:-1\" \/>\n<link rel=\"canonical\" href=\"https:\/\/magdacesti.md\/?p=3916\" \/>\n<meta property=\"og:locale\" content=\"en_US\" \/>\n<meta property=\"og:type\" content=\"article\" \/>\n<meta property=\"og:title\" content=\"Duminica Floriilor - M\u0103gd\u0103ce\u0219ti\" \/>\n<meta property=\"og:description\" content=\"Bine ati venit pe pagina oficiala a Primariei Magdacesti.\" \/>\n<meta property=\"og:url\" content=\"https:\/\/magdacesti.md\/?p=3916\" \/>\n<meta property=\"og:site_name\" content=\"M\u0103gd\u0103ce\u0219ti\" \/>\n<meta property=\"article:publisher\" content=\"https:\/\/www.facebook.com\/magdacesti.md\/\" \/>\n<meta property=\"article:published_time\" content=\"2020-04-12T07:48:02+00:00\" \/>\n<meta property=\"og:image\" content=\"https:\/\/magdacesti.md\/wp-content\/uploads\/2020\/04\/il_570xN.1874467397_d5vu.jpg\" \/>\n<meta name=\"author\" content=\"Olga Enachi\" \/>\n<meta name=\"twitter:card\" content=\"summary_large_image\" \/>\n<meta name=\"twitter:label1\" content=\"Written by\" \/>\n\t<meta name=\"twitter:data1\" content=\"Olga Enachi\" \/>\n\t<meta name=\"twitter:label2\" content=\"Est. reading time\" \/>\n\t<meta name=\"twitter:data2\" content=\"1 minute\" \/>\n<script type=\"application\/ld+json\" class=\"yoast-schema-graph\">{\"@context\":\"https:\/\/schema.org\",\"@graph\":[{\"@type\":\"Article\",\"@id\":\"https:\/\/magdacesti.md\/?p=3916#article\",\"isPartOf\":{\"@id\":\"https:\/\/magdacesti.md\/?p=3916\"},\"author\":{\"name\":\"Olga Enachi\",\"@id\":\"https:\/\/magdacesti.md\/#\/schema\/person\/0068cad735c7cf3ab41a532515da0575\"},\"headline\":\"Duminica Floriilor\",\"datePublished\":\"2020-04-12T07:48:02+00:00\",\"dateModified\":\"2020-04-12T07:48:02+00:00\",\"mainEntityOfPage\":{\"@id\":\"https:\/\/magdacesti.md\/?p=3916\"},\"wordCount\":123,\"publisher\":{\"@id\":\"https:\/\/magdacesti.md\/#organization\"},\"image\":{\"@id\":\"https:\/\/magdacesti.md\/?p=3916#primaryimage\"},\"thumbnailUrl\":\"https:\/\/magdacesti.md\/wp-content\/uploads\/2020\/04\/il_570xN.1874467397_d5vu.jpg\",\"articleSection\":[\"Stiri\"],\"inLanguage\":\"en-US\"},{\"@type\":\"WebPage\",\"@id\":\"https:\/\/magdacesti.md\/?p=3916\",\"url\":\"https:\/\/magdacesti.md\/?p=3916\",\"name\":\"Duminica Floriilor - M\u0103gd\u0103ce\u0219ti\",\"isPartOf\":{\"@id\":\"https:\/\/magdacesti.md\/#website\"},\"primaryImageOfPage\":{\"@id\":\"https:\/\/magdacesti.md\/?p=3916#primaryimage\"},\"image\":{\"@id\":\"https:\/\/magdacesti.md\/?p=3916#primaryimage\"},\"thumbnailUrl\":\"https:\/\/magdacesti.md\/wp-content\/uploads\/2020\/04\/il_570xN.1874467397_d5vu.jpg\",\"datePublished\":\"2020-04-12T07:48:02+00:00\",\"dateModified\":\"2020-04-12T07:48:02+00:00\",\"description\":\"Bine ati venit pe pagina oficiala a Primariei Magdacesti.\",\"breadcrumb\":{\"@id\":\"https:\/\/magdacesti.md\/?p=3916#breadcrumb\"},\"inLanguage\":\"en-US\",\"potentialAction\":[{\"@type\":\"ReadAction\",\"target\":[\"https:\/\/magdacesti.md\/?p=3916\"]}]},{\"@type\":\"ImageObject\",\"inLanguage\":\"en-US\",\"@id\":\"https:\/\/magdacesti.md\/?p=3916#primaryimage\",\"url\":\"https:\/\/magdacesti.md\/wp-content\/uploads\/2020\/04\/il_570xN.1874467397_d5vu.jpg\",\"contentUrl\":\"https:\/\/magdacesti.md\/wp-content\/uploads\/2020\/04\/il_570xN.1874467397_d5vu.jpg\"},{\"@type\":\"BreadcrumbList\",\"@id\":\"https:\/\/magdacesti.md\/?p=3916#breadcrumb\",\"itemListElement\":[{\"@type\":\"ListItem\",\"position\":1,\"name\":\"Home\",\"item\":\"https:\/\/magdacesti.md\/\"},{\"@type\":\"ListItem\",\"position\":2,\"name\":\"Duminica Floriilor\"}]},{\"@type\":\"WebSite\",\"@id\":\"https:\/\/magdacesti.md\/#website\",\"url\":\"https:\/\/magdacesti.md\/\",\"name\":\"M\u0103gd\u0103ce\u0219ti\",\"description\":\"Un or\u0103\u0219el cu condi\u021bii decente de trai!\",\"publisher\":{\"@id\":\"https:\/\/magdacesti.md\/#organization\"},\"potentialAction\":[{\"@type\":\"SearchAction\",\"target\":{\"@type\":\"EntryPoint\",\"urlTemplate\":\"https:\/\/magdacesti.md\/?s={search_term_string}\"},\"query-input\":\"required name=search_term_string\"}],\"inLanguage\":\"en-US\"},{\"@type\":\"Organization\",\"@id\":\"https:\/\/magdacesti.md\/#organization\",\"name\":\"M\u0103gd\u0103ce\u0219ti\",\"url\":\"https:\/\/magdacesti.md\/\",\"logo\":{\"@type\":\"ImageObject\",\"inLanguage\":\"en-US\",\"@id\":\"https:\/\/magdacesti.md\/#\/schema\/logo\/image\/\",\"url\":\"https:\/\/magdacesti.md\/wp-content\/uploads\/2021\/03\/Foto-514-scaled.jpg\",\"contentUrl\":\"https:\/\/magdacesti.md\/wp-content\/uploads\/2021\/03\/Foto-514-scaled.jpg\",\"width\":2560,\"height\":1707,\"caption\":\"M\u0103gd\u0103ce\u0219ti\"},\"image\":{\"@id\":\"https:\/\/magdacesti.md\/#\/schema\/logo\/image\/\"},\"sameAs\":[\"https:\/\/www.facebook.com\/magdacesti.md\/\"]},{\"@type\":\"Person\",\"@id\":\"https:\/\/magdacesti.md\/#\/schema\/person\/0068cad735c7cf3ab41a532515da0575\",\"name\":\"Olga Enachi\",\"url\":\"https:\/\/magdacesti.md\/?author=2\"}]}<\/script>\n<!-- \/ Yoast SEO plugin. -->","yoast_head_json":{"title":"Duminica Floriilor - M\u0103gd\u0103ce\u0219ti","description":"Bine ati venit pe pagina oficiala a Primariei Magdacesti.","robots":{"index":"index","follow":"follow","max-snippet":"max-snippet:-1","max-image-preview":"max-image-preview:large","max-video-preview":"max-video-preview:-1"},"canonical":"https:\/\/magdacesti.md\/?p=3916","og_locale":"en_US","og_type":"article","og_title":"Duminica Floriilor - M\u0103gd\u0103ce\u0219ti","og_description":"Bine ati venit pe pagina oficiala a Primariei Magdacesti.","og_url":"https:\/\/magdacesti.md\/?p=3916","og_site_name":"M\u0103gd\u0103ce\u0219ti","article_publisher":"https:\/\/www.facebook.com\/magdacesti.md\/","article_published_time":"2020-04-12T07:48:02+00:00","og_image":[{"url":"https:\/\/magdacesti.md\/wp-content\/uploads\/2020\/04\/il_570xN.1874467397_d5vu.jpg"}],"author":"Olga Enachi","twitter_card":"summary_large_image","twitter_misc":{"Written by":"Olga Enachi","Est. reading time":"1 minute"},"schema":{"@context":"https:\/\/schema.org","@graph":[{"@type":"Article","@id":"https:\/\/magdacesti.md\/?p=3916#article","isPartOf":{"@id":"https:\/\/magdacesti.md\/?p=3916"},"author":{"name":"Olga Enachi","@id":"https:\/\/magdacesti.md\/#\/schema\/person\/0068cad735c7cf3ab41a532515da0575"},"headline":"Duminica Floriilor","datePublished":"2020-04-12T07:48:02+00:00","dateModified":"2020-04-12T07:48:02+00:00","mainEntityOfPage":{"@id":"https:\/\/magdacesti.md\/?p=3916"},"wordCount":123,"publisher":{"@id":"https:\/\/magdacesti.md\/#organization"},"image":{"@id":"https:\/\/magdacesti.md\/?p=3916#primaryimage"},"thumbnailUrl":"https:\/\/magdacesti.md\/wp-content\/uploads\/2020\/04\/il_570xN.1874467397_d5vu.jpg","articleSection":["Stiri"],"inLanguage":"en-US"},{"@type":"WebPage","@id":"https:\/\/magdacesti.md\/?p=3916","url":"https:\/\/magdacesti.md\/?p=3916","name":"Duminica Floriilor - M\u0103gd\u0103ce\u0219ti","isPartOf":{"@id":"https:\/\/magdacesti.md\/#website"},"primaryImageOfPage":{"@id":"https:\/\/magdacesti.md\/?p=3916#primaryimage"},"image":{"@id":"https:\/\/magdacesti.md\/?p=3916#primaryimage"},"thumbnailUrl":"https:\/\/magdacesti.md\/wp-content\/uploads\/2020\/04\/il_570xN.1874467397_d5vu.jpg","datePublished":"2020-04-12T07:48:02+00:00","dateModified":"2020-04-12T07:48:02+00:00","description":"Bine ati venit pe pagina oficiala a Primariei Magdacesti.","breadcrumb":{"@id":"https:\/\/magdacesti.md\/?p=3916#breadcrumb"},"inLanguage":"en-US","potentialAction":[{"@type":"ReadAction","target":["https:\/\/magdacesti.md\/?p=3916"]}]},{"@type":"ImageObject","inLanguage":"en-US","@id":"https:\/\/magdacesti.md\/?p=3916#primaryimage","url":"https:\/\/magdacesti.md\/wp-content\/uploads\/2020\/04\/il_570xN.1874467397_d5vu.jpg","contentUrl":"https:\/\/magdacesti.md\/wp-content\/uploads\/2020\/04\/il_570xN.1874467397_d5vu.jpg"},{"@type":"BreadcrumbList","@id":"https:\/\/magdacesti.md\/?p=3916#breadcrumb","itemListElement":[{"@type":"ListItem","position":1,"name":"Home","item":"https:\/\/magdacesti.md\/"},{"@type":"ListItem","position":2,"name":"Duminica Floriilor"}]},{"@type":"WebSite","@id":"https:\/\/magdacesti.md\/#website","url":"https:\/\/magdacesti.md\/","name":"M\u0103gd\u0103ce\u0219ti","description":"Un or\u0103\u0219el cu condi\u021bii decente de trai!","publisher":{"@id":"https:\/\/magdacesti.md\/#organization"},"potentialAction":[{"@type":"SearchAction","target":{"@type":"EntryPoint","urlTemplate":"https:\/\/magdacesti.md\/?s={search_term_string}"},"query-input":"required name=search_term_string"}],"inLanguage":"en-US"},{"@type":"Organization","@id":"https:\/\/magdacesti.md\/#organization","name":"M\u0103gd\u0103ce\u0219ti","url":"https:\/\/magdacesti.md\/","logo":{"@type":"ImageObject","inLanguage":"en-US","@id":"https:\/\/magdacesti.md\/#\/schema\/logo\/image\/","url":"https:\/\/magdacesti.md\/wp-content\/uploads\/2021\/03\/Foto-514-scaled.jpg","contentUrl":"https:\/\/magdacesti.md\/wp-content\/uploads\/2021\/03\/Foto-514-scaled.jpg","width":2560,"height":1707,"caption":"M\u0103gd\u0103ce\u0219ti"},"image":{"@id":"https:\/\/magdacesti.md\/#\/schema\/logo\/image\/"},"sameAs":["https:\/\/www.facebook.com\/magdacesti.md\/"]},{"@type":"Person","@id":"https:\/\/magdacesti.md\/#\/schema\/person\/0068cad735c7cf3ab41a532515da0575","name":"Olga Enachi","url":"https:\/\/magdacesti.md\/?author=2"}]}},"_links":{"self":[{"href":"https:\/\/magdacesti.md\/index.php?rest_route=\/wp\/v2\/posts\/3916","targetHints":{"allow":["GET"]}}],"collection":[{"href":"https:\/\/magdacesti.md\/index.php?rest_route=\/wp\/v2\/posts"}],"about":[{"href":"https:\/\/magdacesti.md\/index.php?rest_route=\/wp\/v2\/types\/post"}],"author":[{"embeddable":true,"href":"https:\/\/magdacesti.md\/index.php?rest_route=\/wp\/v2\/users\/2"}],"replies":[{"embeddable":true,"href":"https:\/\/magdacesti.md\/index.php?rest_route=%2Fwp%2Fv2%2Fcomments&post=3916"}],"version-history":[{"count":0,"href":"https:\/\/magdacesti.md\/index.php?rest_route=\/wp\/v2\/posts\/3916\/revisions"}],"wp:attachment":[{"href":"https:\/\/magdacesti.md\/index.php?rest_route=%2Fwp%2Fv2%2Fmedia&parent=3916"}],"wp:term":[{"taxonomy":"category","embeddable":true,"href":"https:\/\/magdacesti.md\/index.php?rest_route=%2Fwp%2Fv2%2Fcategories&post=3916"},{"taxonomy":"post_tag","embeddable":true,"href":"https:\/\/magdacesti.md\/index.php?rest_route=%2Fwp%2Fv2%2Ftags&post=3916"}],"curies":[{"name":"wp","href":"https:\/\/api.w.org\/{rel}","templated":true}]}}