{"id":3929,"date":"2020-04-17T11:44:47","date_gmt":"2020-04-17T08:44:47","guid":{"rendered":"https:\/\/magdacesti.md\/?p=3929"},"modified":"2020-04-17T11:44:47","modified_gmt":"2020-04-17T08:44:47","slug":"conditiile-speciale-in-care-vor-fi-celebrate-sarbatorile-pascale-la-magdacesti","status":"publish","type":"post","link":"https:\/\/magdacesti.md\/?p=3929","title":{"rendered":"Condi\u021biile speciale \u00een care vor fi celebrate S\u0103rb\u0103torile Pascale, la M\u0103gd\u0103ce\u0219ti"},"content":{"rendered":"\n<p>Dragi s\u0103teni, venim cu o informa\u021bie de ultim\u0103 or\u0103, despre cum va fi desf\u0103\u0219urat\u0103 tradi\u021bionala ceremonie de sfin\u021bire a merindelor din Noaptea \u00cenvierii, \u00een satul M\u0103gd\u0103ce\u0219ti.<br>Dup\u0103 cum se \u0219tie, slujba \u00cenvierii se va desf\u0103\u0219ura, \u00een acest an, doar \u00een prezen\u021ba parohului bisericesc \u0219i a c\u00e2torva slujitori.<\/p>\n\n\n\n<p>&#x2705;&nbsp;Pentru c\u0103 situa\u021bia o impune, \u00een noaptea cea mai important\u0103 a cre\u0219tin\u0103t\u0103\u021bii, pentru siguran\u021b\u0103, v\u0103 \u00eendemn\u0103m s\u0103 sta\u021bi acas\u0103 \u0219i s\u0103 asculta\u021bi serviciul divin on-line\/TV, ori din curtea casei, cu ajutorul aparaturii de sonorizare din Biserica satului.<\/p>\n\n\n\n<p>&#x2705;&nbsp;Pentru credincio\u0219ii care doresc s\u0103 ias\u0103 pentru sfin\u021birea bucatelor, aceast\u0103 procesiune va fi disponibil\u0103 pe 3 artere principale din localitate : \u0218TEFAN CEL MARE, \u00eencep\u00e2nd cu &#8220;sta\u021bia fundac&#8221; \u0219i p\u00e2n\u0103 la traseul central, str. MIHAI EMINESCU \u0219i str. P\u0102CII, \u00eencep\u00e2nd de la capel\u0103 \u0219i continu\u00e2nd spre partea de sus a str\u0103zii.<\/p>\n\n\n\n<p>&#x2705;&nbsp;Credincio\u0219ii sunt ruga\u021bi s\u0103 nu vin\u0103 \u00een grupuri, ci c\u00e2te un reprezentant la c\u00e2teva familii, iar v\u00e2rstnicii( 60+) sunt ruga\u021bi s\u0103 evite sub orice form\u0103 participarea la eveniment.<\/p>\n\n\n\n<p>&#x2705;&nbsp;De asemenea, distan\u021ba dintre fiecare persoan\u0103 nu trebuie s\u0103 fie mai mic\u0103 de 5 metri.<\/p>\n\n\n\n<p>&#x2705;&nbsp;Fiecare participant este obligat s\u0103 fie echipat cu masc\u0103 \u0219i m\u0103nu\u0219i de protec\u021bie \u0219i s\u0103 aib\u0103 la sine, obligatoriu c\u00e2te un pachet de chibrituri, pentru a evita interac\u021biunea cu alte persoane.<\/p>\n\n\n\n<p>&#x2705;&nbsp;Procesul de sfin\u021bire va \u00eencepe la ora 2.00, de la &#8220;sta\u021bia fundac&#8221; \u0219i continu\u00e2nd pe celelalte str\u0103zi sus men\u021bionate.<\/p>\n\n\n\n<p>Aten\u021bie, \u00een cazul \u00een care nu vor fi respectate toate aceste reguli, procesiunea de sfin\u021bire va fi \u00eentrerupt\u0103.<br>Oamenii legii vor monitoriza ca toate m\u0103surile de precau\u021bie s\u0103 fie respectate.<br>V\u0103 rugam s\u0103 d\u0103m dovad\u0103 de bun\u0103 educa\u021bie \u0219i maxim\u0103 responsabilitate, ca sa ne putem bucura de via\u021b\u0103 \u0219i dup\u0103 acest moment spiritual.<br>Cu Doamne ajut\u0103!<br>S\u0103 ne fie \u00eentr-un ceas bun!<\/p>\n","protected":false},"excerpt":{"rendered":"<p>Dragi s\u0103teni, venim cu o informa\u021bie de ultim\u0103 or\u0103, despre cum va fi desf\u0103\u0219urat\u0103 tradi\u021bionala ceremonie de sfin\u021bire a merindelor din Noaptea \u00cenvierii, \u00een satul M\u0103gd\u0103ce\u0219ti.Dup\u0103 cum se \u0219tie, slujba \u00cenvierii se va desf\u0103\u0219ura, \u00een acest an, doar \u00een prezen\u021ba parohului bisericesc \u0219i a c\u00e2torva slujitori. &#x2705;&nbsp;Pentru c\u0103 situa\u021bia o impune, \u00een noaptea cea mai [&#8230;]\n","protected":false},"author":2,"featured_media":3920,"comment_status":"closed","ping_status":"closed","sticky":false,"template":"","format":"standard","meta":{"ngg_post_thumbnail":0,"footnotes":""},"categories":[4],"tags":[],"class_list":["post-3929","post","type-post","status-publish","format-standard","has-post-thumbnail","hentry","category-stiri"],"yoast_head":"<!-- This site is optimized with the Yoast SEO plugin v23.3 - https:\/\/yoast.com\/wordpress\/plugins\/seo\/ -->\n<title>Condi\u021biile speciale \u00een care vor fi celebrate S\u0103rb\u0103torile Pascale, la M\u0103gd\u0103ce\u0219ti - M\u0103gd\u0103ce\u0219ti<\/title>\n<meta name=\"description\" content=\"Bine ati venit pe pagina oficiala a Primariei Magdacesti.\" \/>\n<meta name=\"robots\" content=\"index, follow, max-snippet:-1, max-image-preview:large, max-video-preview:-1\" \/>\n<link rel=\"canonical\" href=\"https:\/\/magdacesti.md\/?p=3929\" \/>\n<meta property=\"og:locale\" content=\"en_US\" \/>\n<meta property=\"og:type\" content=\"article\" \/>\n<meta property=\"og:title\" content=\"Condi\u021biile speciale \u00een care vor fi celebrate S\u0103rb\u0103torile Pascale, la M\u0103gd\u0103ce\u0219ti - M\u0103gd\u0103ce\u0219ti\" \/>\n<meta property=\"og:description\" content=\"Bine ati venit pe pagina oficiala a Primariei Magdacesti.\" \/>\n<meta property=\"og:url\" content=\"https:\/\/magdacesti.md\/?p=3929\" \/>\n<meta property=\"og:site_name\" content=\"M\u0103gd\u0103ce\u0219ti\" \/>\n<meta property=\"article:publisher\" content=\"https:\/\/www.facebook.com\/magdacesti.md\/\" \/>\n<meta property=\"article:published_time\" content=\"2020-04-17T08:44:47+00:00\" \/>\n<meta property=\"og:image\" content=\"https:\/\/magdacesti.md\/wp-content\/uploads\/2021\/03\/Foto-514-edit-scaled.jpg\" \/>\n\t<meta property=\"og:image:width\" content=\"2560\" \/>\n\t<meta property=\"og:image:height\" content=\"1707\" \/>\n\t<meta property=\"og:image:type\" content=\"image\/jpeg\" \/>\n<meta name=\"author\" content=\"Olga Enachi\" \/>\n<meta name=\"twitter:card\" content=\"summary_large_image\" \/>\n<meta name=\"twitter:label1\" content=\"Written by\" \/>\n\t<meta name=\"twitter:data1\" content=\"Olga Enachi\" \/>\n\t<meta name=\"twitter:label2\" content=\"Est. reading time\" \/>\n\t<meta name=\"twitter:data2\" content=\"2 minutes\" \/>\n<script type=\"application\/ld+json\" class=\"yoast-schema-graph\">{\"@context\":\"https:\/\/schema.org\",\"@graph\":[{\"@type\":\"Article\",\"@id\":\"https:\/\/magdacesti.md\/?p=3929#article\",\"isPartOf\":{\"@id\":\"https:\/\/magdacesti.md\/?p=3929\"},\"author\":{\"name\":\"Olga Enachi\",\"@id\":\"https:\/\/magdacesti.md\/#\/schema\/person\/0068cad735c7cf3ab41a532515da0575\"},\"headline\":\"Condi\u021biile speciale \u00een care vor fi celebrate S\u0103rb\u0103torile Pascale, la M\u0103gd\u0103ce\u0219ti\",\"datePublished\":\"2020-04-17T08:44:47+00:00\",\"dateModified\":\"2020-04-17T08:44:47+00:00\",\"mainEntityOfPage\":{\"@id\":\"https:\/\/magdacesti.md\/?p=3929\"},\"wordCount\":365,\"publisher\":{\"@id\":\"https:\/\/magdacesti.md\/#organization\"},\"image\":{\"@id\":\"https:\/\/magdacesti.md\/?p=3929#primaryimage\"},\"thumbnailUrl\":\"\",\"articleSection\":[\"Stiri\"],\"inLanguage\":\"en-US\"},{\"@type\":\"WebPage\",\"@id\":\"https:\/\/magdacesti.md\/?p=3929\",\"url\":\"https:\/\/magdacesti.md\/?p=3929\",\"name\":\"Condi\u021biile speciale \u00een care vor fi celebrate S\u0103rb\u0103torile Pascale, la M\u0103gd\u0103ce\u0219ti - M\u0103gd\u0103ce\u0219ti\",\"isPartOf\":{\"@id\":\"https:\/\/magdacesti.md\/#website\"},\"primaryImageOfPage\":{\"@id\":\"https:\/\/magdacesti.md\/?p=3929#primaryimage\"},\"image\":{\"@id\":\"https:\/\/magdacesti.md\/?p=3929#primaryimage\"},\"thumbnailUrl\":\"\",\"datePublished\":\"2020-04-17T08:44:47+00:00\",\"dateModified\":\"2020-04-17T08:44:47+00:00\",\"description\":\"Bine ati venit pe pagina oficiala a Primariei Magdacesti.\",\"breadcrumb\":{\"@id\":\"https:\/\/magdacesti.md\/?p=3929#breadcrumb\"},\"inLanguage\":\"en-US\",\"potentialAction\":[{\"@type\":\"ReadAction\",\"target\":[\"https:\/\/magdacesti.md\/?p=3929\"]}]},{\"@type\":\"ImageObject\",\"inLanguage\":\"en-US\",\"@id\":\"https:\/\/magdacesti.md\/?p=3929#primaryimage\",\"url\":\"\",\"contentUrl\":\"\"},{\"@type\":\"BreadcrumbList\",\"@id\":\"https:\/\/magdacesti.md\/?p=3929#breadcrumb\",\"itemListElement\":[{\"@type\":\"ListItem\",\"position\":1,\"name\":\"Home\",\"item\":\"https:\/\/magdacesti.md\/\"},{\"@type\":\"ListItem\",\"position\":2,\"name\":\"Condi\u021biile speciale \u00een care vor fi celebrate S\u0103rb\u0103torile Pascale, la M\u0103gd\u0103ce\u0219ti\"}]},{\"@type\":\"WebSite\",\"@id\":\"https:\/\/magdacesti.md\/#website\",\"url\":\"https:\/\/magdacesti.md\/\",\"name\":\"M\u0103gd\u0103ce\u0219ti\",\"description\":\"Un or\u0103\u0219el cu condi\u021bii decente de trai!\",\"publisher\":{\"@id\":\"https:\/\/magdacesti.md\/#organization\"},\"potentialAction\":[{\"@type\":\"SearchAction\",\"target\":{\"@type\":\"EntryPoint\",\"urlTemplate\":\"https:\/\/magdacesti.md\/?s={search_term_string}\"},\"query-input\":\"required name=search_term_string\"}],\"inLanguage\":\"en-US\"},{\"@type\":\"Organization\",\"@id\":\"https:\/\/magdacesti.md\/#organization\",\"name\":\"M\u0103gd\u0103ce\u0219ti\",\"url\":\"https:\/\/magdacesti.md\/\",\"logo\":{\"@type\":\"ImageObject\",\"inLanguage\":\"en-US\",\"@id\":\"https:\/\/magdacesti.md\/#\/schema\/logo\/image\/\",\"url\":\"https:\/\/magdacesti.md\/wp-content\/uploads\/2021\/03\/Foto-514-scaled.jpg\",\"contentUrl\":\"https:\/\/magdacesti.md\/wp-content\/uploads\/2021\/03\/Foto-514-scaled.jpg\",\"width\":2560,\"height\":1707,\"caption\":\"M\u0103gd\u0103ce\u0219ti\"},\"image\":{\"@id\":\"https:\/\/magdacesti.md\/#\/schema\/logo\/image\/\"},\"sameAs\":[\"https:\/\/www.facebook.com\/magdacesti.md\/\"]},{\"@type\":\"Person\",\"@id\":\"https:\/\/magdacesti.md\/#\/schema\/person\/0068cad735c7cf3ab41a532515da0575\",\"name\":\"Olga Enachi\",\"url\":\"https:\/\/magdacesti.md\/?author=2\"}]}<\/script>\n<!-- \/ Yoast SEO plugin. -->","yoast_head_json":{"title":"Condi\u021biile speciale \u00een care vor fi celebrate S\u0103rb\u0103torile Pascale, la M\u0103gd\u0103ce\u0219ti - M\u0103gd\u0103ce\u0219ti","description":"Bine ati venit pe pagina oficiala a Primariei Magdacesti.","robots":{"index":"index","follow":"follow","max-snippet":"max-snippet:-1","max-image-preview":"max-image-preview:large","max-video-preview":"max-video-preview:-1"},"canonical":"https:\/\/magdacesti.md\/?p=3929","og_locale":"en_US","og_type":"article","og_title":"Condi\u021biile speciale \u00een care vor fi celebrate S\u0103rb\u0103torile Pascale, la M\u0103gd\u0103ce\u0219ti - M\u0103gd\u0103ce\u0219ti","og_description":"Bine ati venit pe pagina oficiala a Primariei Magdacesti.","og_url":"https:\/\/magdacesti.md\/?p=3929","og_site_name":"M\u0103gd\u0103ce\u0219ti","article_publisher":"https:\/\/www.facebook.com\/magdacesti.md\/","article_published_time":"2020-04-17T08:44:47+00:00","og_image":[{"width":2560,"height":1707,"url":"https:\/\/magdacesti.md\/wp-content\/uploads\/2021\/03\/Foto-514-edit-scaled.jpg","type":"image\/jpeg"}],"author":"Olga Enachi","twitter_card":"summary_large_image","twitter_misc":{"Written by":"Olga Enachi","Est. reading time":"2 minutes"},"schema":{"@context":"https:\/\/schema.org","@graph":[{"@type":"Article","@id":"https:\/\/magdacesti.md\/?p=3929#article","isPartOf":{"@id":"https:\/\/magdacesti.md\/?p=3929"},"author":{"name":"Olga Enachi","@id":"https:\/\/magdacesti.md\/#\/schema\/person\/0068cad735c7cf3ab41a532515da0575"},"headline":"Condi\u021biile speciale \u00een care vor fi celebrate S\u0103rb\u0103torile Pascale, la M\u0103gd\u0103ce\u0219ti","datePublished":"2020-04-17T08:44:47+00:00","dateModified":"2020-04-17T08:44:47+00:00","mainEntityOfPage":{"@id":"https:\/\/magdacesti.md\/?p=3929"},"wordCount":365,"publisher":{"@id":"https:\/\/magdacesti.md\/#organization"},"image":{"@id":"https:\/\/magdacesti.md\/?p=3929#primaryimage"},"thumbnailUrl":"","articleSection":["Stiri"],"inLanguage":"en-US"},{"@type":"WebPage","@id":"https:\/\/magdacesti.md\/?p=3929","url":"https:\/\/magdacesti.md\/?p=3929","name":"Condi\u021biile speciale \u00een care vor fi celebrate S\u0103rb\u0103torile Pascale, la M\u0103gd\u0103ce\u0219ti - M\u0103gd\u0103ce\u0219ti","isPartOf":{"@id":"https:\/\/magdacesti.md\/#website"},"primaryImageOfPage":{"@id":"https:\/\/magdacesti.md\/?p=3929#primaryimage"},"image":{"@id":"https:\/\/magdacesti.md\/?p=3929#primaryimage"},"thumbnailUrl":"","datePublished":"2020-04-17T08:44:47+00:00","dateModified":"2020-04-17T08:44:47+00:00","description":"Bine ati venit pe pagina oficiala a Primariei Magdacesti.","breadcrumb":{"@id":"https:\/\/magdacesti.md\/?p=3929#breadcrumb"},"inLanguage":"en-US","potentialAction":[{"@type":"ReadAction","target":["https:\/\/magdacesti.md\/?p=3929"]}]},{"@type":"ImageObject","inLanguage":"en-US","@id":"https:\/\/magdacesti.md\/?p=3929#primaryimage","url":"","contentUrl":""},{"@type":"BreadcrumbList","@id":"https:\/\/magdacesti.md\/?p=3929#breadcrumb","itemListElement":[{"@type":"ListItem","position":1,"name":"Home","item":"https:\/\/magdacesti.md\/"},{"@type":"ListItem","position":2,"name":"Condi\u021biile speciale \u00een care vor fi celebrate S\u0103rb\u0103torile Pascale, la M\u0103gd\u0103ce\u0219ti"}]},{"@type":"WebSite","@id":"https:\/\/magdacesti.md\/#website","url":"https:\/\/magdacesti.md\/","name":"M\u0103gd\u0103ce\u0219ti","description":"Un or\u0103\u0219el cu condi\u021bii decente de trai!","publisher":{"@id":"https:\/\/magdacesti.md\/#organization"},"potentialAction":[{"@type":"SearchAction","target":{"@type":"EntryPoint","urlTemplate":"https:\/\/magdacesti.md\/?s={search_term_string}"},"query-input":"required name=search_term_string"}],"inLanguage":"en-US"},{"@type":"Organization","@id":"https:\/\/magdacesti.md\/#organization","name":"M\u0103gd\u0103ce\u0219ti","url":"https:\/\/magdacesti.md\/","logo":{"@type":"ImageObject","inLanguage":"en-US","@id":"https:\/\/magdacesti.md\/#\/schema\/logo\/image\/","url":"https:\/\/magdacesti.md\/wp-content\/uploads\/2021\/03\/Foto-514-scaled.jpg","contentUrl":"https:\/\/magdacesti.md\/wp-content\/uploads\/2021\/03\/Foto-514-scaled.jpg","width":2560,"height":1707,"caption":"M\u0103gd\u0103ce\u0219ti"},"image":{"@id":"https:\/\/magdacesti.md\/#\/schema\/logo\/image\/"},"sameAs":["https:\/\/www.facebook.com\/magdacesti.md\/"]},{"@type":"Person","@id":"https:\/\/magdacesti.md\/#\/schema\/person\/0068cad735c7cf3ab41a532515da0575","name":"Olga Enachi","url":"https:\/\/magdacesti.md\/?author=2"}]}},"_links":{"self":[{"href":"https:\/\/magdacesti.md\/index.php?rest_route=\/wp\/v2\/posts\/3929","targetHints":{"allow":["GET"]}}],"collection":[{"href":"https:\/\/magdacesti.md\/index.php?rest_route=\/wp\/v2\/posts"}],"about":[{"href":"https:\/\/magdacesti.md\/index.php?rest_route=\/wp\/v2\/types\/post"}],"author":[{"embeddable":true,"href":"https:\/\/magdacesti.md\/index.php?rest_route=\/wp\/v2\/users\/2"}],"replies":[{"embeddable":true,"href":"https:\/\/magdacesti.md\/index.php?rest_route=%2Fwp%2Fv2%2Fcomments&post=3929"}],"version-history":[{"count":0,"href":"https:\/\/magdacesti.md\/index.php?rest_route=\/wp\/v2\/posts\/3929\/revisions"}],"wp:featuredmedia":[{"embeddable":true,"href":"https:\/\/magdacesti.md\/index.php?rest_route=\/"}],"wp:attachment":[{"href":"https:\/\/magdacesti.md\/index.php?rest_route=%2Fwp%2Fv2%2Fmedia&parent=3929"}],"wp:term":[{"taxonomy":"category","embeddable":true,"href":"https:\/\/magdacesti.md\/index.php?rest_route=%2Fwp%2Fv2%2Fcategories&post=3929"},{"taxonomy":"post_tag","embeddable":true,"href":"https:\/\/magdacesti.md\/index.php?rest_route=%2Fwp%2Fv2%2Ftags&post=3929"}],"curies":[{"name":"wp","href":"https:\/\/api.w.org\/{rel}","templated":true}]}}