{"id":3940,"date":"2020-04-18T10:01:48","date_gmt":"2020-04-18T07:01:48","guid":{"rendered":"https:\/\/magdacesti.md\/?p=3940"},"modified":"2020-04-18T10:01:48","modified_gmt":"2020-04-18T07:01:48","slug":"gospodariile-din-satul-magdacesti-s-au-umplut-de-mireasma-de-pasca-si-cozonac","status":"publish","type":"post","link":"https:\/\/magdacesti.md\/?p=3940","title":{"rendered":"Gospod\u0103riile din satul M\u0103gd\u0103ce\u0219ti s-au umplut de mireasma de pasc\u0103 \u0219i cozonac."},"content":{"rendered":"\n<p class=\"has-drop-cap\"><strong>S\u0103rb\u0103toarea Pa\u0219telui este cea mai a\u0219teptat\u0103 \u0219i mai frumoas\u0103 dintre s\u0103rb\u0103tori.<br>\u0218i-n acest an, gospodinele noastre h\u0103rnicu\u021be s-au trezit dis-de-diminea\u021b\u0103 \u0219i au copt cozonaci rumeni \u0219i aroma\u021bi pe care le-au scos din cuptor cu mare grij\u0103, p\u0103\u0219tile cu varg\u0103 sub\u021bire, frumos \u00eempodobite cu cruce \u00eempletit\u0103 \u0219i p\u00e2inea alb\u0103 \u0219i moale care se rev\u0103rs\u0103 peste marginile t\u0103vii \u00een dogoarea cuptorului de c\u0103r\u0103mid\u0103. Aceste arome ne duc cu g\u00e2ndul la copil\u0103rie.<\/strong><\/p>\n\n\n\n<figure class=\"wp-block-image\"><img decoding=\"async\" src=\"https:\/\/magdacesti.md\/wp-content\/uploads\/2020\/04\/Cozonaci-de-pasti1.jpg\" alt=\"\" class=\"wp-image-3942\"\/><\/figure>\n\n\n\n<figure class=\"wp-block-image\"><img decoding=\"async\" src=\"https:\/\/magdacesti.md\/wp-content\/uploads\/2020\/04\/Cozonaci-de-pasti.jpg\" alt=\"\" class=\"wp-image-3941\"\/><\/figure>\n\n\n\n<figure class=\"wp-block-image\"><img decoding=\"async\" src=\"https:\/\/magdacesti.md\/wp-content\/uploads\/2020\/04\/Cozonaci-de-pasti2-2.jpg\" alt=\"\" class=\"wp-image-3947\"\/><\/figure>\n\n\n\n<figure class=\"wp-block-image\"><img decoding=\"async\" src=\"https:\/\/magdacesti.md\/wp-content\/uploads\/2020\/04\/site-h.jpg\" alt=\"\" class=\"wp-image-3945\"\/><\/figure>\n\n\n\n<p>\u0218i ne bucur\u0103m c\u0103 tradi\u021biile \u00eenc\u0103 se mai p\u0103streaz\u0103 \u0219i sunt transmise \u0219i genera\u021biei urm\u0103toare.<\/p>\n\n\n\n<figure class=\"wp-block-image\"><img decoding=\"async\" src=\"https:\/\/magdacesti.md\/wp-content\/uploads\/2020\/04\/viber_image_2020-04-18_11-46-48.jpg\" alt=\"\" class=\"wp-image-3946\"\/><\/figure>\n\n\n\n<figure class=\"wp-block-image\"><img decoding=\"async\" src=\"https:\/\/magdacesti.md\/wp-content\/uploads\/2020\/04\/hgn.jpg\" alt=\"\" class=\"wp-image-3948\"\/><\/figure>\n\n\n\n<figure class=\"wp-block-image\"><img decoding=\"async\" src=\"https:\/\/magdacesti.md\/wp-content\/uploads\/2020\/04\/site.jpg\" alt=\"\" class=\"wp-image-3949\"\/><\/figure>\n\n\n\n<p>  S\u0103 ne dedic\u0103m timpul cre\u0103rii de momente speciale al\u0103turi de oamenii dragi nou\u0103, momente fericite al\u0103turi de familie \u0219i s\u0103 mai st\u0103ruim pu\u021bin din goana dup\u0103 prinderea timpului.<br>Mul\u021bumim din suflet gospodinelor din satul M\u0103gd\u0103ce\u0219ti, pentru c\u0103 au \u00eemp\u0103rt\u0103\u0219it cu noi din tradi\u021bia \u0219i frumuse\u021bea S\u0103rb\u0103torii Pascale!<br>S\u0103rb\u0103toare luminat\u0103 al\u0103turi de cei dragi!<\/p>\n","protected":false},"excerpt":{"rendered":"<p>S\u0103rb\u0103toarea Pa\u0219telui este cea mai a\u0219teptat\u0103 \u0219i mai frumoas\u0103 dintre s\u0103rb\u0103tori.\u0218i-n acest an, gospodinele noastre h\u0103rnicu\u021be s-au trezit dis-de-diminea\u021b\u0103 \u0219i au copt cozonaci rumeni \u0219i aroma\u021bi pe care le-au scos din cuptor cu mare grij\u0103, p\u0103\u0219tile cu varg\u0103 sub\u021bire, frumos \u00eempodobite cu cruce \u00eempletit\u0103 \u0219i p\u00e2inea alb\u0103 \u0219i moale care se rev\u0103rs\u0103 peste marginile t\u0103vii [&#8230;]\n","protected":false},"author":2,"featured_media":0,"comment_status":"closed","ping_status":"closed","sticky":false,"template":"","format":"standard","meta":{"ngg_post_thumbnail":0,"footnotes":""},"categories":[4],"tags":[],"class_list":["post-3940","post","type-post","status-publish","format-standard","hentry","category-stiri"],"yoast_head":"<!-- This site is optimized with the Yoast SEO plugin v23.3 - https:\/\/yoast.com\/wordpress\/plugins\/seo\/ -->\n<title>Gospod\u0103riile din satul M\u0103gd\u0103ce\u0219ti s-au umplut de mireasma de pasc\u0103 \u0219i cozonac. - M\u0103gd\u0103ce\u0219ti<\/title>\n<meta name=\"description\" content=\"Bine ati venit pe pagina oficiala a Primariei Magdacesti.\" \/>\n<meta name=\"robots\" content=\"index, follow, max-snippet:-1, max-image-preview:large, max-video-preview:-1\" \/>\n<link rel=\"canonical\" href=\"https:\/\/magdacesti.md\/?p=3940\" \/>\n<meta property=\"og:locale\" content=\"en_US\" \/>\n<meta property=\"og:type\" content=\"article\" \/>\n<meta property=\"og:title\" content=\"Gospod\u0103riile din satul M\u0103gd\u0103ce\u0219ti s-au umplut de mireasma de pasc\u0103 \u0219i cozonac. - M\u0103gd\u0103ce\u0219ti\" \/>\n<meta property=\"og:description\" content=\"Bine ati venit pe pagina oficiala a Primariei Magdacesti.\" \/>\n<meta property=\"og:url\" content=\"https:\/\/magdacesti.md\/?p=3940\" \/>\n<meta property=\"og:site_name\" content=\"M\u0103gd\u0103ce\u0219ti\" \/>\n<meta property=\"article:publisher\" content=\"https:\/\/www.facebook.com\/magdacesti.md\/\" \/>\n<meta property=\"article:published_time\" content=\"2020-04-18T07:01:48+00:00\" \/>\n<meta property=\"og:image\" content=\"https:\/\/magdacesti.md\/wp-content\/uploads\/2020\/04\/Cozonaci-de-pasti1.jpg\" \/>\n<meta name=\"author\" content=\"Olga Enachi\" \/>\n<meta name=\"twitter:card\" content=\"summary_large_image\" \/>\n<meta name=\"twitter:label1\" content=\"Written by\" \/>\n\t<meta name=\"twitter:data1\" content=\"Olga Enachi\" \/>\n\t<meta name=\"twitter:label2\" content=\"Est. reading time\" \/>\n\t<meta name=\"twitter:data2\" content=\"1 minute\" \/>\n<script type=\"application\/ld+json\" class=\"yoast-schema-graph\">{\"@context\":\"https:\/\/schema.org\",\"@graph\":[{\"@type\":\"Article\",\"@id\":\"https:\/\/magdacesti.md\/?p=3940#article\",\"isPartOf\":{\"@id\":\"https:\/\/magdacesti.md\/?p=3940\"},\"author\":{\"name\":\"Olga Enachi\",\"@id\":\"https:\/\/magdacesti.md\/#\/schema\/person\/0068cad735c7cf3ab41a532515da0575\"},\"headline\":\"Gospod\u0103riile din satul M\u0103gd\u0103ce\u0219ti s-au umplut de mireasma de pasc\u0103 \u0219i cozonac.\",\"datePublished\":\"2020-04-18T07:01:48+00:00\",\"dateModified\":\"2020-04-18T07:01:48+00:00\",\"mainEntityOfPage\":{\"@id\":\"https:\/\/magdacesti.md\/?p=3940\"},\"wordCount\":195,\"publisher\":{\"@id\":\"https:\/\/magdacesti.md\/#organization\"},\"image\":{\"@id\":\"https:\/\/magdacesti.md\/?p=3940#primaryimage\"},\"thumbnailUrl\":\"https:\/\/magdacesti.md\/wp-content\/uploads\/2020\/04\/Cozonaci-de-pasti1.jpg\",\"articleSection\":[\"Stiri\"],\"inLanguage\":\"en-US\"},{\"@type\":\"WebPage\",\"@id\":\"https:\/\/magdacesti.md\/?p=3940\",\"url\":\"https:\/\/magdacesti.md\/?p=3940\",\"name\":\"Gospod\u0103riile din satul M\u0103gd\u0103ce\u0219ti s-au umplut de mireasma de pasc\u0103 \u0219i cozonac. - M\u0103gd\u0103ce\u0219ti\",\"isPartOf\":{\"@id\":\"https:\/\/magdacesti.md\/#website\"},\"primaryImageOfPage\":{\"@id\":\"https:\/\/magdacesti.md\/?p=3940#primaryimage\"},\"image\":{\"@id\":\"https:\/\/magdacesti.md\/?p=3940#primaryimage\"},\"thumbnailUrl\":\"https:\/\/magdacesti.md\/wp-content\/uploads\/2020\/04\/Cozonaci-de-pasti1.jpg\",\"datePublished\":\"2020-04-18T07:01:48+00:00\",\"dateModified\":\"2020-04-18T07:01:48+00:00\",\"description\":\"Bine ati venit pe pagina oficiala a Primariei Magdacesti.\",\"breadcrumb\":{\"@id\":\"https:\/\/magdacesti.md\/?p=3940#breadcrumb\"},\"inLanguage\":\"en-US\",\"potentialAction\":[{\"@type\":\"ReadAction\",\"target\":[\"https:\/\/magdacesti.md\/?p=3940\"]}]},{\"@type\":\"ImageObject\",\"inLanguage\":\"en-US\",\"@id\":\"https:\/\/magdacesti.md\/?p=3940#primaryimage\",\"url\":\"https:\/\/magdacesti.md\/wp-content\/uploads\/2020\/04\/Cozonaci-de-pasti1.jpg\",\"contentUrl\":\"https:\/\/magdacesti.md\/wp-content\/uploads\/2020\/04\/Cozonaci-de-pasti1.jpg\"},{\"@type\":\"BreadcrumbList\",\"@id\":\"https:\/\/magdacesti.md\/?p=3940#breadcrumb\",\"itemListElement\":[{\"@type\":\"ListItem\",\"position\":1,\"name\":\"Home\",\"item\":\"https:\/\/magdacesti.md\/\"},{\"@type\":\"ListItem\",\"position\":2,\"name\":\"Gospod\u0103riile din satul M\u0103gd\u0103ce\u0219ti s-au umplut de mireasma de pasc\u0103 \u0219i cozonac.\"}]},{\"@type\":\"WebSite\",\"@id\":\"https:\/\/magdacesti.md\/#website\",\"url\":\"https:\/\/magdacesti.md\/\",\"name\":\"M\u0103gd\u0103ce\u0219ti\",\"description\":\"Un or\u0103\u0219el cu condi\u021bii decente de trai!\",\"publisher\":{\"@id\":\"https:\/\/magdacesti.md\/#organization\"},\"potentialAction\":[{\"@type\":\"SearchAction\",\"target\":{\"@type\":\"EntryPoint\",\"urlTemplate\":\"https:\/\/magdacesti.md\/?s={search_term_string}\"},\"query-input\":\"required name=search_term_string\"}],\"inLanguage\":\"en-US\"},{\"@type\":\"Organization\",\"@id\":\"https:\/\/magdacesti.md\/#organization\",\"name\":\"M\u0103gd\u0103ce\u0219ti\",\"url\":\"https:\/\/magdacesti.md\/\",\"logo\":{\"@type\":\"ImageObject\",\"inLanguage\":\"en-US\",\"@id\":\"https:\/\/magdacesti.md\/#\/schema\/logo\/image\/\",\"url\":\"https:\/\/magdacesti.md\/wp-content\/uploads\/2021\/03\/Foto-514-scaled.jpg\",\"contentUrl\":\"https:\/\/magdacesti.md\/wp-content\/uploads\/2021\/03\/Foto-514-scaled.jpg\",\"width\":2560,\"height\":1707,\"caption\":\"M\u0103gd\u0103ce\u0219ti\"},\"image\":{\"@id\":\"https:\/\/magdacesti.md\/#\/schema\/logo\/image\/\"},\"sameAs\":[\"https:\/\/www.facebook.com\/magdacesti.md\/\"]},{\"@type\":\"Person\",\"@id\":\"https:\/\/magdacesti.md\/#\/schema\/person\/0068cad735c7cf3ab41a532515da0575\",\"name\":\"Olga Enachi\",\"url\":\"https:\/\/magdacesti.md\/?author=2\"}]}<\/script>\n<!-- \/ Yoast SEO plugin. -->","yoast_head_json":{"title":"Gospod\u0103riile din satul M\u0103gd\u0103ce\u0219ti s-au umplut de mireasma de pasc\u0103 \u0219i cozonac. - M\u0103gd\u0103ce\u0219ti","description":"Bine ati venit pe pagina oficiala a Primariei Magdacesti.","robots":{"index":"index","follow":"follow","max-snippet":"max-snippet:-1","max-image-preview":"max-image-preview:large","max-video-preview":"max-video-preview:-1"},"canonical":"https:\/\/magdacesti.md\/?p=3940","og_locale":"en_US","og_type":"article","og_title":"Gospod\u0103riile din satul M\u0103gd\u0103ce\u0219ti s-au umplut de mireasma de pasc\u0103 \u0219i cozonac. - M\u0103gd\u0103ce\u0219ti","og_description":"Bine ati venit pe pagina oficiala a Primariei Magdacesti.","og_url":"https:\/\/magdacesti.md\/?p=3940","og_site_name":"M\u0103gd\u0103ce\u0219ti","article_publisher":"https:\/\/www.facebook.com\/magdacesti.md\/","article_published_time":"2020-04-18T07:01:48+00:00","og_image":[{"url":"https:\/\/magdacesti.md\/wp-content\/uploads\/2020\/04\/Cozonaci-de-pasti1.jpg"}],"author":"Olga Enachi","twitter_card":"summary_large_image","twitter_misc":{"Written by":"Olga Enachi","Est. reading time":"1 minute"},"schema":{"@context":"https:\/\/schema.org","@graph":[{"@type":"Article","@id":"https:\/\/magdacesti.md\/?p=3940#article","isPartOf":{"@id":"https:\/\/magdacesti.md\/?p=3940"},"author":{"name":"Olga Enachi","@id":"https:\/\/magdacesti.md\/#\/schema\/person\/0068cad735c7cf3ab41a532515da0575"},"headline":"Gospod\u0103riile din satul M\u0103gd\u0103ce\u0219ti s-au umplut de mireasma de pasc\u0103 \u0219i cozonac.","datePublished":"2020-04-18T07:01:48+00:00","dateModified":"2020-04-18T07:01:48+00:00","mainEntityOfPage":{"@id":"https:\/\/magdacesti.md\/?p=3940"},"wordCount":195,"publisher":{"@id":"https:\/\/magdacesti.md\/#organization"},"image":{"@id":"https:\/\/magdacesti.md\/?p=3940#primaryimage"},"thumbnailUrl":"https:\/\/magdacesti.md\/wp-content\/uploads\/2020\/04\/Cozonaci-de-pasti1.jpg","articleSection":["Stiri"],"inLanguage":"en-US"},{"@type":"WebPage","@id":"https:\/\/magdacesti.md\/?p=3940","url":"https:\/\/magdacesti.md\/?p=3940","name":"Gospod\u0103riile din satul M\u0103gd\u0103ce\u0219ti s-au umplut de mireasma de pasc\u0103 \u0219i cozonac. - M\u0103gd\u0103ce\u0219ti","isPartOf":{"@id":"https:\/\/magdacesti.md\/#website"},"primaryImageOfPage":{"@id":"https:\/\/magdacesti.md\/?p=3940#primaryimage"},"image":{"@id":"https:\/\/magdacesti.md\/?p=3940#primaryimage"},"thumbnailUrl":"https:\/\/magdacesti.md\/wp-content\/uploads\/2020\/04\/Cozonaci-de-pasti1.jpg","datePublished":"2020-04-18T07:01:48+00:00","dateModified":"2020-04-18T07:01:48+00:00","description":"Bine ati venit pe pagina oficiala a Primariei Magdacesti.","breadcrumb":{"@id":"https:\/\/magdacesti.md\/?p=3940#breadcrumb"},"inLanguage":"en-US","potentialAction":[{"@type":"ReadAction","target":["https:\/\/magdacesti.md\/?p=3940"]}]},{"@type":"ImageObject","inLanguage":"en-US","@id":"https:\/\/magdacesti.md\/?p=3940#primaryimage","url":"https:\/\/magdacesti.md\/wp-content\/uploads\/2020\/04\/Cozonaci-de-pasti1.jpg","contentUrl":"https:\/\/magdacesti.md\/wp-content\/uploads\/2020\/04\/Cozonaci-de-pasti1.jpg"},{"@type":"BreadcrumbList","@id":"https:\/\/magdacesti.md\/?p=3940#breadcrumb","itemListElement":[{"@type":"ListItem","position":1,"name":"Home","item":"https:\/\/magdacesti.md\/"},{"@type":"ListItem","position":2,"name":"Gospod\u0103riile din satul M\u0103gd\u0103ce\u0219ti s-au umplut de mireasma de pasc\u0103 \u0219i cozonac."}]},{"@type":"WebSite","@id":"https:\/\/magdacesti.md\/#website","url":"https:\/\/magdacesti.md\/","name":"M\u0103gd\u0103ce\u0219ti","description":"Un or\u0103\u0219el cu condi\u021bii decente de trai!","publisher":{"@id":"https:\/\/magdacesti.md\/#organization"},"potentialAction":[{"@type":"SearchAction","target":{"@type":"EntryPoint","urlTemplate":"https:\/\/magdacesti.md\/?s={search_term_string}"},"query-input":"required name=search_term_string"}],"inLanguage":"en-US"},{"@type":"Organization","@id":"https:\/\/magdacesti.md\/#organization","name":"M\u0103gd\u0103ce\u0219ti","url":"https:\/\/magdacesti.md\/","logo":{"@type":"ImageObject","inLanguage":"en-US","@id":"https:\/\/magdacesti.md\/#\/schema\/logo\/image\/","url":"https:\/\/magdacesti.md\/wp-content\/uploads\/2021\/03\/Foto-514-scaled.jpg","contentUrl":"https:\/\/magdacesti.md\/wp-content\/uploads\/2021\/03\/Foto-514-scaled.jpg","width":2560,"height":1707,"caption":"M\u0103gd\u0103ce\u0219ti"},"image":{"@id":"https:\/\/magdacesti.md\/#\/schema\/logo\/image\/"},"sameAs":["https:\/\/www.facebook.com\/magdacesti.md\/"]},{"@type":"Person","@id":"https:\/\/magdacesti.md\/#\/schema\/person\/0068cad735c7cf3ab41a532515da0575","name":"Olga Enachi","url":"https:\/\/magdacesti.md\/?author=2"}]}},"_links":{"self":[{"href":"https:\/\/magdacesti.md\/index.php?rest_route=\/wp\/v2\/posts\/3940","targetHints":{"allow":["GET"]}}],"collection":[{"href":"https:\/\/magdacesti.md\/index.php?rest_route=\/wp\/v2\/posts"}],"about":[{"href":"https:\/\/magdacesti.md\/index.php?rest_route=\/wp\/v2\/types\/post"}],"author":[{"embeddable":true,"href":"https:\/\/magdacesti.md\/index.php?rest_route=\/wp\/v2\/users\/2"}],"replies":[{"embeddable":true,"href":"https:\/\/magdacesti.md\/index.php?rest_route=%2Fwp%2Fv2%2Fcomments&post=3940"}],"version-history":[{"count":0,"href":"https:\/\/magdacesti.md\/index.php?rest_route=\/wp\/v2\/posts\/3940\/revisions"}],"wp:attachment":[{"href":"https:\/\/magdacesti.md\/index.php?rest_route=%2Fwp%2Fv2%2Fmedia&parent=3940"}],"wp:term":[{"taxonomy":"category","embeddable":true,"href":"https:\/\/magdacesti.md\/index.php?rest_route=%2Fwp%2Fv2%2Fcategories&post=3940"},{"taxonomy":"post_tag","embeddable":true,"href":"https:\/\/magdacesti.md\/index.php?rest_route=%2Fwp%2Fv2%2Ftags&post=3940"}],"curies":[{"name":"wp","href":"https:\/\/api.w.org\/{rel}","templated":true}]}}