{"id":3958,"date":"2020-05-15T14:00:20","date_gmt":"2020-05-15T11:00:20","guid":{"rendered":"https:\/\/magdacesti.md\/?p=3958"},"modified":"2020-05-15T14:00:20","modified_gmt":"2020-05-15T11:00:20","slug":"anunt-7","status":"publish","type":"post","link":"https:\/\/magdacesti.md\/?p=3958","title":{"rendered":"Anun\u021b!"},"content":{"rendered":"\n<p>Nr.15 A\/B, din 12 mai 2020<br>Cu privire la convocarea <strong>\u0219edin\u021bei Consiliului s\u0103tesc M\u0103gd\u0103ce\u015fti<\/strong>.<br>\u00cen conformitate cu art.16 alin (2)(3)(5) art. 19 (3)&nbsp;din Legea privind administra\u021bia public\u0103 local\u0103 nr.436-XVI din 28.12.2006<\/p>\n\n\n\n<p><strong>DISPUN:<\/strong><\/p>\n\n\n\n<ol class=\"wp-block-list\"><li>Se convoac\u0103 \u0219edin\u021ba ordinar\u0103 a Consiliului s\u0103tesc M\u0103gd\u0103ce\u015fti pentru ziua de 19 mai 2020, ora 18.00, \u00een incinta Cantinei Sociale M\u0103gd\u0103ce\u0219ti, cu respectarea cerin\u021belor epidemiologice (asigurarea cu dezinfecta\u021bi, m\u0103\u0219ti de protec\u021bie \u0219i respectarea distan\u021bei sociale<strong>)<\/strong><\/li><\/ol>\n\n\n\n<p><strong>2<\/strong>. Se propune ordinea de zi cu \u00eenaintarea \u00een cadrul \u0219edin\u021bei a urm\u0103toarelor proiecte de decizii:<\/p>\n\n\n\n<p><strong>2.1. Cu privire la examinarea raportului anual privind execu\u021bia bugetului satului M\u0103gd\u0103ce\u0219ti pentru anul 2019<\/strong><\/p>\n\n\n\n<p>Raportor: Liuba COJOCARU, primar<\/p>\n\n\n\n<p>Coraportor: Cezara BOAGHIE, contabil \u0219ef<\/p>\n\n\n\n<p>Avizare : comisia economie, buget \u0219i finan\u021be<\/p>\n\n\n\n<p>2<strong>.2 Cu privire la rectificarea bugetului satului M\u0103gd\u0103ce\u0219ti pentru anul 2020<\/strong><\/p>\n\n\n\n<p>Raportor: Liuba COJOCARU, primar<\/p>\n\n\n\n<p>Avizare : comisia economie, buget \u0219i finan\u021be<\/p>\n\n\n\n<p><strong>2.3. Cu privire la modificarea componen\u021bei comisiei pentru reglementarea propriet\u0103\u021bii funciare \u0219i supravegherea \u00een construc\u021bii.<\/strong><\/p>\n\n\n\n<p>Raportor: Svetlana B\u00ceTLAN, secretarul Consiliului<\/p>\n\n\n\n<p>Avizare : comisia pentru reglementarea propriet\u0103\u021bii funciare \u0219i supravegherea \u00een construc\u021bii.<\/p>\n\n\n\n<p><strong>2.4. Cu privire la \u00eendeplinirea atribu\u021biilor secretarului Consiliului s\u0103tesc M\u0103gd\u0103ce\u015fti<\/strong><\/p>\n\n\n\n<p>Raportor: Svetlana B\u00ceTLAN, secretarul Consiliului<\/p>\n\n\n\n<p>Avizare : comisia economie,buget \u0219i finan\u021be<\/p>\n\n\n\n<p><strong>2.5. Cu privire la acordarea ajutorului material cet\u0103\u021benilor<\/strong><\/p>\n\n\n\n<p>Raportor: Liuba COJOCARU, primar<\/p>\n\n\n\n<p>Avizare : comisia economie, buget \u0219i finan\u021be<\/p>\n\n\n\n<p><strong>2.6 Cu privire la desemnarea reprezentantului pentru includerea \u00een componen\u021ba Comisiei de concurs pentru ocuparea func\u021biei de director al Liceului Teoretic M\u0103gd\u0103ce\u0219ti .<\/strong><\/p>\n\n\n\n<p>Raportor: Liuba COJOCARU, primar.<\/p>\n\n\n\n<p><strong><em>Liuba COJOCARU, primarul satului M\u0103gd\u0103ce\u0219ti.<\/em><\/strong><\/p>\n","protected":false},"excerpt":{"rendered":"<p>Nr.15 A\/B, din 12 mai 2020Cu privire la convocarea \u0219edin\u021bei Consiliului s\u0103tesc M\u0103gd\u0103ce\u015fti.\u00cen conformitate cu art.16 alin (2)(3)(5) art. 19 (3)&nbsp;din Legea privind administra\u021bia public\u0103 local\u0103 nr.436-XVI din 28.12.2006 DISPUN: Se convoac\u0103 \u0219edin\u021ba ordinar\u0103 a Consiliului s\u0103tesc M\u0103gd\u0103ce\u015fti pentru ziua de 19 mai 2020, ora 18.00, \u00een incinta Cantinei Sociale M\u0103gd\u0103ce\u0219ti, cu respectarea cerin\u021belor epidemiologice [&#8230;]\n","protected":false},"author":2,"featured_media":0,"comment_status":"closed","ping_status":"closed","sticky":false,"template":"","format":"standard","meta":{"ngg_post_thumbnail":0,"footnotes":""},"categories":[4],"tags":[],"class_list":["post-3958","post","type-post","status-publish","format-standard","hentry","category-stiri"],"yoast_head":"<!-- This site is optimized with the Yoast SEO plugin v23.3 - https:\/\/yoast.com\/wordpress\/plugins\/seo\/ -->\n<title>Anun\u021b! - M\u0103gd\u0103ce\u0219ti<\/title>\n<meta name=\"description\" content=\"Bine ati venit pe pagina oficiala a Primariei Magdacesti.\" \/>\n<meta name=\"robots\" content=\"index, follow, max-snippet:-1, max-image-preview:large, max-video-preview:-1\" \/>\n<link rel=\"canonical\" href=\"https:\/\/magdacesti.md\/?p=3958\" \/>\n<meta property=\"og:locale\" content=\"en_US\" \/>\n<meta property=\"og:type\" content=\"article\" \/>\n<meta property=\"og:title\" content=\"Anun\u021b! - M\u0103gd\u0103ce\u0219ti\" \/>\n<meta property=\"og:description\" content=\"Bine ati venit pe pagina oficiala a Primariei Magdacesti.\" \/>\n<meta property=\"og:url\" content=\"https:\/\/magdacesti.md\/?p=3958\" \/>\n<meta property=\"og:site_name\" content=\"M\u0103gd\u0103ce\u0219ti\" \/>\n<meta property=\"article:publisher\" content=\"https:\/\/www.facebook.com\/magdacesti.md\/\" \/>\n<meta property=\"article:published_time\" content=\"2020-05-15T11:00:20+00:00\" \/>\n<meta property=\"og:image\" content=\"https:\/\/magdacesti.md\/wp-content\/uploads\/2021\/03\/Foto-514-edit-scaled.jpg\" \/>\n\t<meta property=\"og:image:width\" content=\"2560\" \/>\n\t<meta property=\"og:image:height\" content=\"1707\" \/>\n\t<meta property=\"og:image:type\" content=\"image\/jpeg\" \/>\n<meta name=\"author\" content=\"Olga Enachi\" \/>\n<meta name=\"twitter:card\" content=\"summary_large_image\" \/>\n<meta name=\"twitter:label1\" content=\"Written by\" \/>\n\t<meta name=\"twitter:data1\" content=\"Olga Enachi\" \/>\n\t<meta name=\"twitter:label2\" content=\"Est. reading time\" \/>\n\t<meta name=\"twitter:data2\" content=\"1 minute\" \/>\n<script type=\"application\/ld+json\" class=\"yoast-schema-graph\">{\"@context\":\"https:\/\/schema.org\",\"@graph\":[{\"@type\":\"Article\",\"@id\":\"https:\/\/magdacesti.md\/?p=3958#article\",\"isPartOf\":{\"@id\":\"https:\/\/magdacesti.md\/?p=3958\"},\"author\":{\"name\":\"Olga Enachi\",\"@id\":\"https:\/\/magdacesti.md\/#\/schema\/person\/0068cad735c7cf3ab41a532515da0575\"},\"headline\":\"Anun\u021b!\",\"datePublished\":\"2020-05-15T11:00:20+00:00\",\"dateModified\":\"2020-05-15T11:00:20+00:00\",\"mainEntityOfPage\":{\"@id\":\"https:\/\/magdacesti.md\/?p=3958\"},\"wordCount\":274,\"publisher\":{\"@id\":\"https:\/\/magdacesti.md\/#organization\"},\"articleSection\":[\"Stiri\"],\"inLanguage\":\"en-US\"},{\"@type\":\"WebPage\",\"@id\":\"https:\/\/magdacesti.md\/?p=3958\",\"url\":\"https:\/\/magdacesti.md\/?p=3958\",\"name\":\"Anun\u021b! - M\u0103gd\u0103ce\u0219ti\",\"isPartOf\":{\"@id\":\"https:\/\/magdacesti.md\/#website\"},\"datePublished\":\"2020-05-15T11:00:20+00:00\",\"dateModified\":\"2020-05-15T11:00:20+00:00\",\"description\":\"Bine ati venit pe pagina oficiala a Primariei Magdacesti.\",\"breadcrumb\":{\"@id\":\"https:\/\/magdacesti.md\/?p=3958#breadcrumb\"},\"inLanguage\":\"en-US\",\"potentialAction\":[{\"@type\":\"ReadAction\",\"target\":[\"https:\/\/magdacesti.md\/?p=3958\"]}]},{\"@type\":\"BreadcrumbList\",\"@id\":\"https:\/\/magdacesti.md\/?p=3958#breadcrumb\",\"itemListElement\":[{\"@type\":\"ListItem\",\"position\":1,\"name\":\"Home\",\"item\":\"https:\/\/magdacesti.md\/\"},{\"@type\":\"ListItem\",\"position\":2,\"name\":\"Anun\u021b!\"}]},{\"@type\":\"WebSite\",\"@id\":\"https:\/\/magdacesti.md\/#website\",\"url\":\"https:\/\/magdacesti.md\/\",\"name\":\"M\u0103gd\u0103ce\u0219ti\",\"description\":\"Un or\u0103\u0219el cu condi\u021bii decente de trai!\",\"publisher\":{\"@id\":\"https:\/\/magdacesti.md\/#organization\"},\"potentialAction\":[{\"@type\":\"SearchAction\",\"target\":{\"@type\":\"EntryPoint\",\"urlTemplate\":\"https:\/\/magdacesti.md\/?s={search_term_string}\"},\"query-input\":\"required name=search_term_string\"}],\"inLanguage\":\"en-US\"},{\"@type\":\"Organization\",\"@id\":\"https:\/\/magdacesti.md\/#organization\",\"name\":\"M\u0103gd\u0103ce\u0219ti\",\"url\":\"https:\/\/magdacesti.md\/\",\"logo\":{\"@type\":\"ImageObject\",\"inLanguage\":\"en-US\",\"@id\":\"https:\/\/magdacesti.md\/#\/schema\/logo\/image\/\",\"url\":\"https:\/\/magdacesti.md\/wp-content\/uploads\/2021\/03\/Foto-514-scaled.jpg\",\"contentUrl\":\"https:\/\/magdacesti.md\/wp-content\/uploads\/2021\/03\/Foto-514-scaled.jpg\",\"width\":2560,\"height\":1707,\"caption\":\"M\u0103gd\u0103ce\u0219ti\"},\"image\":{\"@id\":\"https:\/\/magdacesti.md\/#\/schema\/logo\/image\/\"},\"sameAs\":[\"https:\/\/www.facebook.com\/magdacesti.md\/\"]},{\"@type\":\"Person\",\"@id\":\"https:\/\/magdacesti.md\/#\/schema\/person\/0068cad735c7cf3ab41a532515da0575\",\"name\":\"Olga Enachi\",\"url\":\"https:\/\/magdacesti.md\/?author=2\"}]}<\/script>\n<!-- \/ Yoast SEO plugin. -->","yoast_head_json":{"title":"Anun\u021b! - M\u0103gd\u0103ce\u0219ti","description":"Bine ati venit pe pagina oficiala a Primariei Magdacesti.","robots":{"index":"index","follow":"follow","max-snippet":"max-snippet:-1","max-image-preview":"max-image-preview:large","max-video-preview":"max-video-preview:-1"},"canonical":"https:\/\/magdacesti.md\/?p=3958","og_locale":"en_US","og_type":"article","og_title":"Anun\u021b! - M\u0103gd\u0103ce\u0219ti","og_description":"Bine ati venit pe pagina oficiala a Primariei Magdacesti.","og_url":"https:\/\/magdacesti.md\/?p=3958","og_site_name":"M\u0103gd\u0103ce\u0219ti","article_publisher":"https:\/\/www.facebook.com\/magdacesti.md\/","article_published_time":"2020-05-15T11:00:20+00:00","og_image":[{"width":2560,"height":1707,"url":"https:\/\/magdacesti.md\/wp-content\/uploads\/2021\/03\/Foto-514-edit-scaled.jpg","type":"image\/jpeg"}],"author":"Olga Enachi","twitter_card":"summary_large_image","twitter_misc":{"Written by":"Olga Enachi","Est. reading time":"1 minute"},"schema":{"@context":"https:\/\/schema.org","@graph":[{"@type":"Article","@id":"https:\/\/magdacesti.md\/?p=3958#article","isPartOf":{"@id":"https:\/\/magdacesti.md\/?p=3958"},"author":{"name":"Olga Enachi","@id":"https:\/\/magdacesti.md\/#\/schema\/person\/0068cad735c7cf3ab41a532515da0575"},"headline":"Anun\u021b!","datePublished":"2020-05-15T11:00:20+00:00","dateModified":"2020-05-15T11:00:20+00:00","mainEntityOfPage":{"@id":"https:\/\/magdacesti.md\/?p=3958"},"wordCount":274,"publisher":{"@id":"https:\/\/magdacesti.md\/#organization"},"articleSection":["Stiri"],"inLanguage":"en-US"},{"@type":"WebPage","@id":"https:\/\/magdacesti.md\/?p=3958","url":"https:\/\/magdacesti.md\/?p=3958","name":"Anun\u021b! - M\u0103gd\u0103ce\u0219ti","isPartOf":{"@id":"https:\/\/magdacesti.md\/#website"},"datePublished":"2020-05-15T11:00:20+00:00","dateModified":"2020-05-15T11:00:20+00:00","description":"Bine ati venit pe pagina oficiala a Primariei Magdacesti.","breadcrumb":{"@id":"https:\/\/magdacesti.md\/?p=3958#breadcrumb"},"inLanguage":"en-US","potentialAction":[{"@type":"ReadAction","target":["https:\/\/magdacesti.md\/?p=3958"]}]},{"@type":"BreadcrumbList","@id":"https:\/\/magdacesti.md\/?p=3958#breadcrumb","itemListElement":[{"@type":"ListItem","position":1,"name":"Home","item":"https:\/\/magdacesti.md\/"},{"@type":"ListItem","position":2,"name":"Anun\u021b!"}]},{"@type":"WebSite","@id":"https:\/\/magdacesti.md\/#website","url":"https:\/\/magdacesti.md\/","name":"M\u0103gd\u0103ce\u0219ti","description":"Un or\u0103\u0219el cu condi\u021bii decente de trai!","publisher":{"@id":"https:\/\/magdacesti.md\/#organization"},"potentialAction":[{"@type":"SearchAction","target":{"@type":"EntryPoint","urlTemplate":"https:\/\/magdacesti.md\/?s={search_term_string}"},"query-input":"required name=search_term_string"}],"inLanguage":"en-US"},{"@type":"Organization","@id":"https:\/\/magdacesti.md\/#organization","name":"M\u0103gd\u0103ce\u0219ti","url":"https:\/\/magdacesti.md\/","logo":{"@type":"ImageObject","inLanguage":"en-US","@id":"https:\/\/magdacesti.md\/#\/schema\/logo\/image\/","url":"https:\/\/magdacesti.md\/wp-content\/uploads\/2021\/03\/Foto-514-scaled.jpg","contentUrl":"https:\/\/magdacesti.md\/wp-content\/uploads\/2021\/03\/Foto-514-scaled.jpg","width":2560,"height":1707,"caption":"M\u0103gd\u0103ce\u0219ti"},"image":{"@id":"https:\/\/magdacesti.md\/#\/schema\/logo\/image\/"},"sameAs":["https:\/\/www.facebook.com\/magdacesti.md\/"]},{"@type":"Person","@id":"https:\/\/magdacesti.md\/#\/schema\/person\/0068cad735c7cf3ab41a532515da0575","name":"Olga Enachi","url":"https:\/\/magdacesti.md\/?author=2"}]}},"_links":{"self":[{"href":"https:\/\/magdacesti.md\/index.php?rest_route=\/wp\/v2\/posts\/3958","targetHints":{"allow":["GET"]}}],"collection":[{"href":"https:\/\/magdacesti.md\/index.php?rest_route=\/wp\/v2\/posts"}],"about":[{"href":"https:\/\/magdacesti.md\/index.php?rest_route=\/wp\/v2\/types\/post"}],"author":[{"embeddable":true,"href":"https:\/\/magdacesti.md\/index.php?rest_route=\/wp\/v2\/users\/2"}],"replies":[{"embeddable":true,"href":"https:\/\/magdacesti.md\/index.php?rest_route=%2Fwp%2Fv2%2Fcomments&post=3958"}],"version-history":[{"count":0,"href":"https:\/\/magdacesti.md\/index.php?rest_route=\/wp\/v2\/posts\/3958\/revisions"}],"wp:attachment":[{"href":"https:\/\/magdacesti.md\/index.php?rest_route=%2Fwp%2Fv2%2Fmedia&parent=3958"}],"wp:term":[{"taxonomy":"category","embeddable":true,"href":"https:\/\/magdacesti.md\/index.php?rest_route=%2Fwp%2Fv2%2Fcategories&post=3958"},{"taxonomy":"post_tag","embeddable":true,"href":"https:\/\/magdacesti.md\/index.php?rest_route=%2Fwp%2Fv2%2Ftags&post=3958"}],"curies":[{"name":"wp","href":"https:\/\/api.w.org\/{rel}","templated":true}]}}