{"id":3971,"date":"2020-06-02T10:23:59","date_gmt":"2020-06-02T07:23:59","guid":{"rendered":"https:\/\/magdacesti.md\/?p=3971"},"modified":"2020-06-02T10:23:59","modified_gmt":"2020-06-02T07:23:59","slug":"stimati-locuitori-atentie","status":"publish","type":"post","link":"https:\/\/magdacesti.md\/?p=3971","title":{"rendered":"Stima\u021bi locuitori, aten\u021bie!"},"content":{"rendered":"\n<figure class=\"wp-block-image\"><img decoding=\"async\" src=\"https:\/\/magdacesti.md\/wp-content\/uploads\/2020\/06\/covid-01-1.png\" alt=\"\" class=\"wp-image-3973\"\/><\/figure>\n\n\n\n<p> V\u0103 aducem la cuno\u0219tin\u021b\u0103 situa\u021bia epidemiologic\u0103 din satul M\u0103gd\u0103ce\u0219ti la ora actual\u0103.<br>La activ avem 23 de cazuri \u00eenregistrate.<\/p>\n\n\n\n<p>&#x2705;persoane tratate -10<br>&#x1f534;persoane infectate -13<br>&#x1f511;\u00een carantin\u0103- 29<br>&#x1f3e0;supraveghere la domiciliu &#8211; 51<br>&#x2753;persoane suspecte &#8211; 4<\/p>\n\n\n\n<p>Oameni buni, adaptarea treptat\u0103 a m\u0103surilor de restric\u021bie, nu \u00eenseamn\u0103 sf\u00e2r\u0219itul pandemiei.<br>V\u0103 rug\u0103m insistent, nu mai pune\u021bi via\u021ba \u00een pericol a rudelor, a vecinilor, a copiilor vo\u0219tri prin organizarea diferitor petreceri unde nu sunt respectate precau\u021biile \u0219i regulile de igien\u0103 sau distan\u021bare social\u0103.<\/p>\n\n\n\n<p>\u00cen urm\u0103 cu c\u00e2teva zile, o familie din localitate a dat un chef de zile mari la domiciliu, cu zeci de invita\u021bi \u0219i \u00eenc\u0103 au postat totul pe re\u021belele sociale.<br>Opri\u021bi-v\u0103 din a da petreceri de familie \u0219i a invita toate neamurile. Ave\u021bi grij\u0103 de s\u0103n\u0103tatea dumneavoastr\u0103 \u0219i a celor din jurul vostru.<\/p>\n\n\n\n<p>&#x2757;&#xfe0f; V\u0103 reamintim, c\u0103 potrivit hot\u0103r\u00e2rii adoptate la 15 mai, mai multe restric\u021bii au fost prelungite p\u00e2n\u0103 la 30 iunie. Mai exact, r\u0103m\u00e2ne \u00een continuare valabil\u0103 interdic\u021bia cu privire la aflarea \u00een locurile publice (p\u0103duri, parcuri, alei, plaje etc.) \u00een grupuri mai mari de trei persoane. Respectarea distan\u021bei sociale de un metru r\u0103m\u00e2ne, la fel, obligatorie.<\/p>\n\n\n\n<p>&#x2757;&#xfe0f; Tot p\u00e2n\u0103 la 30 iunie a fost prelungit\u0103 interzicea afl\u0103rii persoanelor pe terenuri de joac\u0103, terenuri sportive, zone de agrement, dar \u0219i interzicerea afl\u0103rii persoanelor \u00een v\u00e2rst\u0103 de peste 63 de ani, \u00een afara domiciliului \u0219i \u00een spa\u021biile publice f\u0103r\u0103 necesitatea stringent\u0103.<\/p>\n\n\n\n<p>&#x2757;&#xfe0f; P\u00e2n\u0103 la 30 iunie este interzis\u0103 \u0219i p\u0103r\u0103sirea teritoriului pentru persoanele aflate \u00een regim de autoizolare la domiciliu.<\/p>\n\n\n\n<p>C\u00e2t \u021bine de organizarea diferitor \u00eentruniri, hot\u0103r\u00e2rea luat\u0103 de autorit\u0103\u021bi prevede c\u0103 este admis\u0103 organizarea \u00eentrunirilor \u00een mas\u0103 cu caracter unic, cu participarea unui num\u0103r mai mic de 50 de persoane, cu respectarea m\u0103surilor de s\u0103n\u0103tate public\u0103 \u0219i cu \u00eentocmirea obligatorie de c\u0103tre organizatori a listei de eviden\u021b\u0103 epidemiologic\u0103 a evenimentelor.<\/p>\n\n\n\n<p>&#x2757;&#xfe0f; R\u0103m\u00e2ne valabil\u0103 \u0219i interzicerea activit\u0103\u021bii unit\u0103\u021bilor de agrement, recreere, s\u0103lilor de sport, centrelor sportive, bazinelor de \u00eenot, s\u0103lilor de fitness, teatrelor, cinematografelor, s\u0103lilor de concerte, muzeelor \u0219i a altor unit\u0103\u021bi pentru antrenamente \u0219i recreere.<\/p>\n\n\n\n<p>De fiecare dintre noi, depinde c\u00e2t de u\u0219or \u0219i sigur vom trece peste aceast\u0103 perioad\u0103 complicat\u0103.<\/p>\n\n\n\n<p><a href=\"https:\/\/www.facebook.com\/hashtag\/opresteraspandireacovid19?source=feed_text&amp;epa=HASHTAG\">#OpresteraspandireaCOVID19<\/a><\/p>\n","protected":false},"excerpt":{"rendered":"<p>V\u0103 aducem la cuno\u0219tin\u021b\u0103 situa\u021bia epidemiologic\u0103 din satul M\u0103gd\u0103ce\u0219ti la ora actual\u0103.La activ avem 23 de cazuri \u00eenregistrate. &#x2705;persoane tratate -10&#x1f534;persoane infectate -13&#x1f511;\u00een carantin\u0103- 29&#x1f3e0;supraveghere la domiciliu &#8211; 51&#x2753;persoane suspecte &#8211; 4 Oameni buni, adaptarea treptat\u0103 a m\u0103surilor de restric\u021bie, nu \u00eenseamn\u0103 sf\u00e2r\u0219itul pandemiei.V\u0103 rug\u0103m insistent, nu mai pune\u021bi via\u021ba \u00een pericol a rudelor, a [&#8230;]\n","protected":false},"author":2,"featured_media":0,"comment_status":"closed","ping_status":"closed","sticky":false,"template":"","format":"standard","meta":{"ngg_post_thumbnail":0,"footnotes":""},"categories":[4],"tags":[],"class_list":["post-3971","post","type-post","status-publish","format-standard","hentry","category-stiri"],"yoast_head":"<!-- This site is optimized with the Yoast SEO plugin v23.3 - https:\/\/yoast.com\/wordpress\/plugins\/seo\/ -->\n<title>Stima\u021bi locuitori, aten\u021bie! - M\u0103gd\u0103ce\u0219ti<\/title>\n<meta name=\"description\" content=\"Bine ati venit pe pagina oficiala a Primariei Magdacesti.\" \/>\n<meta name=\"robots\" content=\"index, follow, max-snippet:-1, max-image-preview:large, max-video-preview:-1\" \/>\n<link rel=\"canonical\" href=\"https:\/\/magdacesti.md\/?p=3971\" \/>\n<meta property=\"og:locale\" content=\"en_US\" \/>\n<meta property=\"og:type\" content=\"article\" \/>\n<meta property=\"og:title\" content=\"Stima\u021bi locuitori, aten\u021bie! - M\u0103gd\u0103ce\u0219ti\" \/>\n<meta property=\"og:description\" content=\"Bine ati venit pe pagina oficiala a Primariei Magdacesti.\" \/>\n<meta property=\"og:url\" content=\"https:\/\/magdacesti.md\/?p=3971\" \/>\n<meta property=\"og:site_name\" content=\"M\u0103gd\u0103ce\u0219ti\" \/>\n<meta property=\"article:publisher\" content=\"https:\/\/www.facebook.com\/magdacesti.md\/\" \/>\n<meta property=\"article:published_time\" content=\"2020-06-02T07:23:59+00:00\" \/>\n<meta property=\"og:image\" content=\"https:\/\/magdacesti.md\/wp-content\/uploads\/2020\/06\/covid-01-1.png\" \/>\n<meta name=\"author\" content=\"Olga Enachi\" \/>\n<meta name=\"twitter:card\" content=\"summary_large_image\" \/>\n<meta name=\"twitter:label1\" content=\"Written by\" \/>\n\t<meta name=\"twitter:data1\" content=\"Olga Enachi\" \/>\n\t<meta name=\"twitter:label2\" content=\"Est. reading time\" \/>\n\t<meta name=\"twitter:data2\" content=\"2 minutes\" \/>\n<script type=\"application\/ld+json\" class=\"yoast-schema-graph\">{\"@context\":\"https:\/\/schema.org\",\"@graph\":[{\"@type\":\"Article\",\"@id\":\"https:\/\/magdacesti.md\/?p=3971#article\",\"isPartOf\":{\"@id\":\"https:\/\/magdacesti.md\/?p=3971\"},\"author\":{\"name\":\"Olga Enachi\",\"@id\":\"https:\/\/magdacesti.md\/#\/schema\/person\/0068cad735c7cf3ab41a532515da0575\"},\"headline\":\"Stima\u021bi locuitori, aten\u021bie!\",\"datePublished\":\"2020-06-02T07:23:59+00:00\",\"dateModified\":\"2020-06-02T07:23:59+00:00\",\"mainEntityOfPage\":{\"@id\":\"https:\/\/magdacesti.md\/?p=3971\"},\"wordCount\":429,\"publisher\":{\"@id\":\"https:\/\/magdacesti.md\/#organization\"},\"image\":{\"@id\":\"https:\/\/magdacesti.md\/?p=3971#primaryimage\"},\"thumbnailUrl\":\"https:\/\/magdacesti.md\/wp-content\/uploads\/2020\/06\/covid-01-1.png\",\"articleSection\":[\"Stiri\"],\"inLanguage\":\"en-US\"},{\"@type\":\"WebPage\",\"@id\":\"https:\/\/magdacesti.md\/?p=3971\",\"url\":\"https:\/\/magdacesti.md\/?p=3971\",\"name\":\"Stima\u021bi locuitori, aten\u021bie! - M\u0103gd\u0103ce\u0219ti\",\"isPartOf\":{\"@id\":\"https:\/\/magdacesti.md\/#website\"},\"primaryImageOfPage\":{\"@id\":\"https:\/\/magdacesti.md\/?p=3971#primaryimage\"},\"image\":{\"@id\":\"https:\/\/magdacesti.md\/?p=3971#primaryimage\"},\"thumbnailUrl\":\"https:\/\/magdacesti.md\/wp-content\/uploads\/2020\/06\/covid-01-1.png\",\"datePublished\":\"2020-06-02T07:23:59+00:00\",\"dateModified\":\"2020-06-02T07:23:59+00:00\",\"description\":\"Bine ati venit pe pagina oficiala a Primariei Magdacesti.\",\"breadcrumb\":{\"@id\":\"https:\/\/magdacesti.md\/?p=3971#breadcrumb\"},\"inLanguage\":\"en-US\",\"potentialAction\":[{\"@type\":\"ReadAction\",\"target\":[\"https:\/\/magdacesti.md\/?p=3971\"]}]},{\"@type\":\"ImageObject\",\"inLanguage\":\"en-US\",\"@id\":\"https:\/\/magdacesti.md\/?p=3971#primaryimage\",\"url\":\"https:\/\/magdacesti.md\/wp-content\/uploads\/2020\/06\/covid-01-1.png\",\"contentUrl\":\"https:\/\/magdacesti.md\/wp-content\/uploads\/2020\/06\/covid-01-1.png\"},{\"@type\":\"BreadcrumbList\",\"@id\":\"https:\/\/magdacesti.md\/?p=3971#breadcrumb\",\"itemListElement\":[{\"@type\":\"ListItem\",\"position\":1,\"name\":\"Home\",\"item\":\"https:\/\/magdacesti.md\/\"},{\"@type\":\"ListItem\",\"position\":2,\"name\":\"Stima\u021bi locuitori, aten\u021bie!\"}]},{\"@type\":\"WebSite\",\"@id\":\"https:\/\/magdacesti.md\/#website\",\"url\":\"https:\/\/magdacesti.md\/\",\"name\":\"M\u0103gd\u0103ce\u0219ti\",\"description\":\"Un or\u0103\u0219el cu condi\u021bii decente de trai!\",\"publisher\":{\"@id\":\"https:\/\/magdacesti.md\/#organization\"},\"potentialAction\":[{\"@type\":\"SearchAction\",\"target\":{\"@type\":\"EntryPoint\",\"urlTemplate\":\"https:\/\/magdacesti.md\/?s={search_term_string}\"},\"query-input\":\"required name=search_term_string\"}],\"inLanguage\":\"en-US\"},{\"@type\":\"Organization\",\"@id\":\"https:\/\/magdacesti.md\/#organization\",\"name\":\"M\u0103gd\u0103ce\u0219ti\",\"url\":\"https:\/\/magdacesti.md\/\",\"logo\":{\"@type\":\"ImageObject\",\"inLanguage\":\"en-US\",\"@id\":\"https:\/\/magdacesti.md\/#\/schema\/logo\/image\/\",\"url\":\"https:\/\/magdacesti.md\/wp-content\/uploads\/2021\/03\/Foto-514-scaled.jpg\",\"contentUrl\":\"https:\/\/magdacesti.md\/wp-content\/uploads\/2021\/03\/Foto-514-scaled.jpg\",\"width\":2560,\"height\":1707,\"caption\":\"M\u0103gd\u0103ce\u0219ti\"},\"image\":{\"@id\":\"https:\/\/magdacesti.md\/#\/schema\/logo\/image\/\"},\"sameAs\":[\"https:\/\/www.facebook.com\/magdacesti.md\/\"]},{\"@type\":\"Person\",\"@id\":\"https:\/\/magdacesti.md\/#\/schema\/person\/0068cad735c7cf3ab41a532515da0575\",\"name\":\"Olga Enachi\",\"url\":\"https:\/\/magdacesti.md\/?author=2\"}]}<\/script>\n<!-- \/ Yoast SEO plugin. -->","yoast_head_json":{"title":"Stima\u021bi locuitori, aten\u021bie! - M\u0103gd\u0103ce\u0219ti","description":"Bine ati venit pe pagina oficiala a Primariei Magdacesti.","robots":{"index":"index","follow":"follow","max-snippet":"max-snippet:-1","max-image-preview":"max-image-preview:large","max-video-preview":"max-video-preview:-1"},"canonical":"https:\/\/magdacesti.md\/?p=3971","og_locale":"en_US","og_type":"article","og_title":"Stima\u021bi locuitori, aten\u021bie! - M\u0103gd\u0103ce\u0219ti","og_description":"Bine ati venit pe pagina oficiala a Primariei Magdacesti.","og_url":"https:\/\/magdacesti.md\/?p=3971","og_site_name":"M\u0103gd\u0103ce\u0219ti","article_publisher":"https:\/\/www.facebook.com\/magdacesti.md\/","article_published_time":"2020-06-02T07:23:59+00:00","og_image":[{"url":"https:\/\/magdacesti.md\/wp-content\/uploads\/2020\/06\/covid-01-1.png"}],"author":"Olga Enachi","twitter_card":"summary_large_image","twitter_misc":{"Written by":"Olga Enachi","Est. reading time":"2 minutes"},"schema":{"@context":"https:\/\/schema.org","@graph":[{"@type":"Article","@id":"https:\/\/magdacesti.md\/?p=3971#article","isPartOf":{"@id":"https:\/\/magdacesti.md\/?p=3971"},"author":{"name":"Olga Enachi","@id":"https:\/\/magdacesti.md\/#\/schema\/person\/0068cad735c7cf3ab41a532515da0575"},"headline":"Stima\u021bi locuitori, aten\u021bie!","datePublished":"2020-06-02T07:23:59+00:00","dateModified":"2020-06-02T07:23:59+00:00","mainEntityOfPage":{"@id":"https:\/\/magdacesti.md\/?p=3971"},"wordCount":429,"publisher":{"@id":"https:\/\/magdacesti.md\/#organization"},"image":{"@id":"https:\/\/magdacesti.md\/?p=3971#primaryimage"},"thumbnailUrl":"https:\/\/magdacesti.md\/wp-content\/uploads\/2020\/06\/covid-01-1.png","articleSection":["Stiri"],"inLanguage":"en-US"},{"@type":"WebPage","@id":"https:\/\/magdacesti.md\/?p=3971","url":"https:\/\/magdacesti.md\/?p=3971","name":"Stima\u021bi locuitori, aten\u021bie! - M\u0103gd\u0103ce\u0219ti","isPartOf":{"@id":"https:\/\/magdacesti.md\/#website"},"primaryImageOfPage":{"@id":"https:\/\/magdacesti.md\/?p=3971#primaryimage"},"image":{"@id":"https:\/\/magdacesti.md\/?p=3971#primaryimage"},"thumbnailUrl":"https:\/\/magdacesti.md\/wp-content\/uploads\/2020\/06\/covid-01-1.png","datePublished":"2020-06-02T07:23:59+00:00","dateModified":"2020-06-02T07:23:59+00:00","description":"Bine ati venit pe pagina oficiala a Primariei Magdacesti.","breadcrumb":{"@id":"https:\/\/magdacesti.md\/?p=3971#breadcrumb"},"inLanguage":"en-US","potentialAction":[{"@type":"ReadAction","target":["https:\/\/magdacesti.md\/?p=3971"]}]},{"@type":"ImageObject","inLanguage":"en-US","@id":"https:\/\/magdacesti.md\/?p=3971#primaryimage","url":"https:\/\/magdacesti.md\/wp-content\/uploads\/2020\/06\/covid-01-1.png","contentUrl":"https:\/\/magdacesti.md\/wp-content\/uploads\/2020\/06\/covid-01-1.png"},{"@type":"BreadcrumbList","@id":"https:\/\/magdacesti.md\/?p=3971#breadcrumb","itemListElement":[{"@type":"ListItem","position":1,"name":"Home","item":"https:\/\/magdacesti.md\/"},{"@type":"ListItem","position":2,"name":"Stima\u021bi locuitori, aten\u021bie!"}]},{"@type":"WebSite","@id":"https:\/\/magdacesti.md\/#website","url":"https:\/\/magdacesti.md\/","name":"M\u0103gd\u0103ce\u0219ti","description":"Un or\u0103\u0219el cu condi\u021bii decente de trai!","publisher":{"@id":"https:\/\/magdacesti.md\/#organization"},"potentialAction":[{"@type":"SearchAction","target":{"@type":"EntryPoint","urlTemplate":"https:\/\/magdacesti.md\/?s={search_term_string}"},"query-input":"required name=search_term_string"}],"inLanguage":"en-US"},{"@type":"Organization","@id":"https:\/\/magdacesti.md\/#organization","name":"M\u0103gd\u0103ce\u0219ti","url":"https:\/\/magdacesti.md\/","logo":{"@type":"ImageObject","inLanguage":"en-US","@id":"https:\/\/magdacesti.md\/#\/schema\/logo\/image\/","url":"https:\/\/magdacesti.md\/wp-content\/uploads\/2021\/03\/Foto-514-scaled.jpg","contentUrl":"https:\/\/magdacesti.md\/wp-content\/uploads\/2021\/03\/Foto-514-scaled.jpg","width":2560,"height":1707,"caption":"M\u0103gd\u0103ce\u0219ti"},"image":{"@id":"https:\/\/magdacesti.md\/#\/schema\/logo\/image\/"},"sameAs":["https:\/\/www.facebook.com\/magdacesti.md\/"]},{"@type":"Person","@id":"https:\/\/magdacesti.md\/#\/schema\/person\/0068cad735c7cf3ab41a532515da0575","name":"Olga Enachi","url":"https:\/\/magdacesti.md\/?author=2"}]}},"_links":{"self":[{"href":"https:\/\/magdacesti.md\/index.php?rest_route=\/wp\/v2\/posts\/3971","targetHints":{"allow":["GET"]}}],"collection":[{"href":"https:\/\/magdacesti.md\/index.php?rest_route=\/wp\/v2\/posts"}],"about":[{"href":"https:\/\/magdacesti.md\/index.php?rest_route=\/wp\/v2\/types\/post"}],"author":[{"embeddable":true,"href":"https:\/\/magdacesti.md\/index.php?rest_route=\/wp\/v2\/users\/2"}],"replies":[{"embeddable":true,"href":"https:\/\/magdacesti.md\/index.php?rest_route=%2Fwp%2Fv2%2Fcomments&post=3971"}],"version-history":[{"count":0,"href":"https:\/\/magdacesti.md\/index.php?rest_route=\/wp\/v2\/posts\/3971\/revisions"}],"wp:attachment":[{"href":"https:\/\/magdacesti.md\/index.php?rest_route=%2Fwp%2Fv2%2Fmedia&parent=3971"}],"wp:term":[{"taxonomy":"category","embeddable":true,"href":"https:\/\/magdacesti.md\/index.php?rest_route=%2Fwp%2Fv2%2Fcategories&post=3971"},{"taxonomy":"post_tag","embeddable":true,"href":"https:\/\/magdacesti.md\/index.php?rest_route=%2Fwp%2Fv2%2Ftags&post=3971"}],"curies":[{"name":"wp","href":"https:\/\/api.w.org\/{rel}","templated":true}]}}