{"id":3978,"date":"2020-06-11T12:34:42","date_gmt":"2020-06-11T09:34:42","guid":{"rendered":"https:\/\/magdacesti.md\/?p=3978"},"modified":"2020-06-11T12:34:42","modified_gmt":"2020-06-11T09:34:42","slug":"inca-un-parc-de-odihna-si-agrement-pentru-locuitorii-din-satul-magdacesti-foto-video","status":"publish","type":"post","link":"https:\/\/magdacesti.md\/?p=3978","title":{"rendered":"\u00cenc\u0103 un parc de odihn\u0103 \u0219i agrement pentru locuitorii din satul M\u0103gd\u0103ce\u0219ti. Foto\/Video"},"content":{"rendered":"\n<p><strong>Joi, 11 iunie 2020, a avut loc Slujba de Sfin\u021bire a pietrei de temelie a unui parc cu teren de joac\u0103 pentru copii, \u00een cartierul nou, la intersec\u021bia str\u0103zilor Tudor Arghezi, Lucian Blaga \u0219i Flutura.<\/strong><\/p>\n\n\n\n<figure class=\"wp-block-image\"><img decoding=\"async\" src=\"https:\/\/magdacesti.md\/wp-content\/uploads\/2020\/06\/IMG_5277.jpg\" alt=\"\" class=\"wp-image-3979\"\/><\/figure>\n\n\n\n<p>Slujba a fost oficiata de c\u0103tre parohul Bisericii din localitate, Igor Condrea. La eveniment au participat c\u00e2\u021biva locuitori, dar \u0219i auto\u00adri\u00adt\u0103\u00ad\u00ad\u021bile locale.  <br>  Amenajarea a \u00eenc\u0103 unui teren de joac\u0103 \u00een satul M\u0103gd\u0103ce\u0219ti a fost una necesar\u0103, dac\u0103 ne g\u00e2ndim c\u0103 localitatea se m\u00e2ndre\u0219te cu cea mai \u00eenalt\u0103 natalitate din raionul Criuleni, iar copiii se \u00eenghesuiau la unicul teren de joac\u0103 amenajat \u00een centrul satului.<br> Lucr\u0103rile de construc\u021bie a parcului vor fi realizate de o echip\u0103 de profesioni\u0219ti \u0219i se vor \u00eentinde pe durata mai multor s\u0103pt\u0103m\u00e2ni.<\/p>\n\n\n\n<figure class=\"wp-block-image\"><img decoding=\"async\" src=\"https:\/\/magdacesti.md\/wp-content\/uploads\/2020\/06\/IMG_5248.jpg\" alt=\"\" class=\"wp-image-3980\"\/><\/figure>\n\n\n\n<figure class=\"wp-block-image\"><img decoding=\"async\" src=\"https:\/\/magdacesti.md\/wp-content\/uploads\/2020\/06\/IMG_5249.jpg\" alt=\"\" class=\"wp-image-3981\"\/><\/figure>\n\n\n\n<figure class=\"wp-block-image\"><img decoding=\"async\" src=\"https:\/\/magdacesti.md\/wp-content\/uploads\/2020\/06\/IMG_5263.jpg\" alt=\"\" class=\"wp-image-3982\"\/><\/figure>\n\n\n\n<p>Odat\u0103 finisat, proiectul va oferi copiilor din acest cartier un spa\u021biu controlat de joac\u0103, precum \u0219i un mini teren sportiv pentru practicarea fotbalului\/baschet\/tenis de c\u0103tre adolescen\u021bi \u0219i adul\u021bi, \u0219i va oferi persoanelor, inclusiv celor \u00een etate un loc de recreere \u0219i reabilitare. <br> Pe viitor, ne propunem sa implementam \u0219i alte proiecte asem\u0103n\u0103toare , \u00een alte cartiere.<\/p>\n\n\n\n<figure class=\"wp-block-embed-youtube wp-block-embed is-type-video is-provider-youtube wp-embed-aspect-16-9 wp-has-aspect-ratio\"><div class=\"wp-block-embed__wrapper\">\n<iframe loading=\"lazy\" title=\"Sfin\u021birea terenului de joaca si a parcului de agrement. Magdacesti 2020\" width=\"1020\" height=\"574\" src=\"https:\/\/www.youtube.com\/embed\/RoDX5nDzwSE?feature=oembed\" frameborder=\"0\" allow=\"accelerometer; autoplay; clipboard-write; encrypted-media; gyroscope; picture-in-picture\" allowfullscreen><\/iframe>\n<\/div><\/figure>\n\n\n\n<p><strong>Stima\u021bi locuitori, cei care binevoiesc s\u0103 \u00eentind\u0103 o m\u00e2n\u0103 de ajutor pentru realizarea acestei lucr\u0103ri, v\u0103 \u00eendemn\u0103m s\u0103 ne contacta\u021bi.<br>  \u00cempreun\u0103 am demonstrat ca din pu\u021binul pe care-l d\u0103ruim, putem construi lucruri m\u0103re\u021be pentru comunitate.<\/strong><\/p>\n\n\n\n<p><strong>Doamne ajut\u0103!<\/strong><\/p>\n","protected":false},"excerpt":{"rendered":"<p>Joi, 11 iunie 2020, a avut loc Slujba de Sfin\u021bire a pietrei de temelie a unui parc cu teren de joac\u0103 pentru copii, \u00een cartierul nou, la intersec\u021bia str\u0103zilor Tudor Arghezi, Lucian Blaga \u0219i Flutura. Slujba a fost oficiata de c\u0103tre parohul Bisericii din localitate, Igor Condrea. La eveniment au participat c\u00e2\u021biva locuitori, dar \u0219i [&#8230;]\n","protected":false},"author":2,"featured_media":0,"comment_status":"closed","ping_status":"closed","sticky":false,"template":"","format":"standard","meta":{"ngg_post_thumbnail":0,"footnotes":""},"categories":[4],"tags":[],"class_list":["post-3978","post","type-post","status-publish","format-standard","hentry","category-stiri"],"yoast_head":"<!-- This site is optimized with the Yoast SEO plugin v23.3 - https:\/\/yoast.com\/wordpress\/plugins\/seo\/ -->\n<title>\u00cenc\u0103 un parc de odihn\u0103 \u0219i agrement pentru locuitorii din satul M\u0103gd\u0103ce\u0219ti. Foto\/Video - M\u0103gd\u0103ce\u0219ti<\/title>\n<meta name=\"description\" content=\"Bine ati venit pe pagina oficiala a Primariei Magdacesti.\" \/>\n<meta name=\"robots\" content=\"index, follow, max-snippet:-1, max-image-preview:large, max-video-preview:-1\" \/>\n<link rel=\"canonical\" href=\"https:\/\/magdacesti.md\/?p=3978\" \/>\n<meta property=\"og:locale\" content=\"en_US\" \/>\n<meta property=\"og:type\" content=\"article\" \/>\n<meta property=\"og:title\" content=\"\u00cenc\u0103 un parc de odihn\u0103 \u0219i agrement pentru locuitorii din satul M\u0103gd\u0103ce\u0219ti. Foto\/Video - M\u0103gd\u0103ce\u0219ti\" \/>\n<meta property=\"og:description\" content=\"Bine ati venit pe pagina oficiala a Primariei Magdacesti.\" \/>\n<meta property=\"og:url\" content=\"https:\/\/magdacesti.md\/?p=3978\" \/>\n<meta property=\"og:site_name\" content=\"M\u0103gd\u0103ce\u0219ti\" \/>\n<meta property=\"article:publisher\" content=\"https:\/\/www.facebook.com\/magdacesti.md\/\" \/>\n<meta property=\"article:published_time\" content=\"2020-06-11T09:34:42+00:00\" \/>\n<meta property=\"og:image\" content=\"https:\/\/magdacesti.md\/wp-content\/uploads\/2020\/06\/IMG_5277.jpg\" \/>\n<meta name=\"author\" content=\"Olga Enachi\" \/>\n<meta name=\"twitter:card\" content=\"summary_large_image\" \/>\n<meta name=\"twitter:label1\" content=\"Written by\" \/>\n\t<meta name=\"twitter:data1\" content=\"Olga Enachi\" \/>\n\t<meta name=\"twitter:label2\" content=\"Est. reading time\" \/>\n\t<meta name=\"twitter:data2\" content=\"1 minute\" \/>\n<script type=\"application\/ld+json\" class=\"yoast-schema-graph\">{\"@context\":\"https:\/\/schema.org\",\"@graph\":[{\"@type\":\"Article\",\"@id\":\"https:\/\/magdacesti.md\/?p=3978#article\",\"isPartOf\":{\"@id\":\"https:\/\/magdacesti.md\/?p=3978\"},\"author\":{\"name\":\"Olga Enachi\",\"@id\":\"https:\/\/magdacesti.md\/#\/schema\/person\/0068cad735c7cf3ab41a532515da0575\"},\"headline\":\"\u00cenc\u0103 un parc de odihn\u0103 \u0219i agrement pentru locuitorii din satul M\u0103gd\u0103ce\u0219ti. Foto\/Video\",\"datePublished\":\"2020-06-11T09:34:42+00:00\",\"dateModified\":\"2020-06-11T09:34:42+00:00\",\"mainEntityOfPage\":{\"@id\":\"https:\/\/magdacesti.md\/?p=3978\"},\"wordCount\":270,\"publisher\":{\"@id\":\"https:\/\/magdacesti.md\/#organization\"},\"image\":{\"@id\":\"https:\/\/magdacesti.md\/?p=3978#primaryimage\"},\"thumbnailUrl\":\"https:\/\/magdacesti.md\/wp-content\/uploads\/2020\/06\/IMG_5277.jpg\",\"articleSection\":[\"Stiri\"],\"inLanguage\":\"en-US\"},{\"@type\":\"WebPage\",\"@id\":\"https:\/\/magdacesti.md\/?p=3978\",\"url\":\"https:\/\/magdacesti.md\/?p=3978\",\"name\":\"\u00cenc\u0103 un parc de odihn\u0103 \u0219i agrement pentru locuitorii din satul M\u0103gd\u0103ce\u0219ti. Foto\/Video - M\u0103gd\u0103ce\u0219ti\",\"isPartOf\":{\"@id\":\"https:\/\/magdacesti.md\/#website\"},\"primaryImageOfPage\":{\"@id\":\"https:\/\/magdacesti.md\/?p=3978#primaryimage\"},\"image\":{\"@id\":\"https:\/\/magdacesti.md\/?p=3978#primaryimage\"},\"thumbnailUrl\":\"https:\/\/magdacesti.md\/wp-content\/uploads\/2020\/06\/IMG_5277.jpg\",\"datePublished\":\"2020-06-11T09:34:42+00:00\",\"dateModified\":\"2020-06-11T09:34:42+00:00\",\"description\":\"Bine ati venit pe pagina oficiala a Primariei Magdacesti.\",\"breadcrumb\":{\"@id\":\"https:\/\/magdacesti.md\/?p=3978#breadcrumb\"},\"inLanguage\":\"en-US\",\"potentialAction\":[{\"@type\":\"ReadAction\",\"target\":[\"https:\/\/magdacesti.md\/?p=3978\"]}]},{\"@type\":\"ImageObject\",\"inLanguage\":\"en-US\",\"@id\":\"https:\/\/magdacesti.md\/?p=3978#primaryimage\",\"url\":\"https:\/\/magdacesti.md\/wp-content\/uploads\/2020\/06\/IMG_5277.jpg\",\"contentUrl\":\"https:\/\/magdacesti.md\/wp-content\/uploads\/2020\/06\/IMG_5277.jpg\"},{\"@type\":\"BreadcrumbList\",\"@id\":\"https:\/\/magdacesti.md\/?p=3978#breadcrumb\",\"itemListElement\":[{\"@type\":\"ListItem\",\"position\":1,\"name\":\"Home\",\"item\":\"https:\/\/magdacesti.md\/\"},{\"@type\":\"ListItem\",\"position\":2,\"name\":\"\u00cenc\u0103 un parc de odihn\u0103 \u0219i agrement pentru locuitorii din satul M\u0103gd\u0103ce\u0219ti. Foto\/Video\"}]},{\"@type\":\"WebSite\",\"@id\":\"https:\/\/magdacesti.md\/#website\",\"url\":\"https:\/\/magdacesti.md\/\",\"name\":\"M\u0103gd\u0103ce\u0219ti\",\"description\":\"Un or\u0103\u0219el cu condi\u021bii decente de trai!\",\"publisher\":{\"@id\":\"https:\/\/magdacesti.md\/#organization\"},\"potentialAction\":[{\"@type\":\"SearchAction\",\"target\":{\"@type\":\"EntryPoint\",\"urlTemplate\":\"https:\/\/magdacesti.md\/?s={search_term_string}\"},\"query-input\":\"required name=search_term_string\"}],\"inLanguage\":\"en-US\"},{\"@type\":\"Organization\",\"@id\":\"https:\/\/magdacesti.md\/#organization\",\"name\":\"M\u0103gd\u0103ce\u0219ti\",\"url\":\"https:\/\/magdacesti.md\/\",\"logo\":{\"@type\":\"ImageObject\",\"inLanguage\":\"en-US\",\"@id\":\"https:\/\/magdacesti.md\/#\/schema\/logo\/image\/\",\"url\":\"https:\/\/magdacesti.md\/wp-content\/uploads\/2021\/03\/Foto-514-scaled.jpg\",\"contentUrl\":\"https:\/\/magdacesti.md\/wp-content\/uploads\/2021\/03\/Foto-514-scaled.jpg\",\"width\":2560,\"height\":1707,\"caption\":\"M\u0103gd\u0103ce\u0219ti\"},\"image\":{\"@id\":\"https:\/\/magdacesti.md\/#\/schema\/logo\/image\/\"},\"sameAs\":[\"https:\/\/www.facebook.com\/magdacesti.md\/\"]},{\"@type\":\"Person\",\"@id\":\"https:\/\/magdacesti.md\/#\/schema\/person\/0068cad735c7cf3ab41a532515da0575\",\"name\":\"Olga Enachi\",\"url\":\"https:\/\/magdacesti.md\/?author=2\"}]}<\/script>\n<!-- \/ Yoast SEO plugin. -->","yoast_head_json":{"title":"\u00cenc\u0103 un parc de odihn\u0103 \u0219i agrement pentru locuitorii din satul M\u0103gd\u0103ce\u0219ti. Foto\/Video - M\u0103gd\u0103ce\u0219ti","description":"Bine ati venit pe pagina oficiala a Primariei Magdacesti.","robots":{"index":"index","follow":"follow","max-snippet":"max-snippet:-1","max-image-preview":"max-image-preview:large","max-video-preview":"max-video-preview:-1"},"canonical":"https:\/\/magdacesti.md\/?p=3978","og_locale":"en_US","og_type":"article","og_title":"\u00cenc\u0103 un parc de odihn\u0103 \u0219i agrement pentru locuitorii din satul M\u0103gd\u0103ce\u0219ti. Foto\/Video - M\u0103gd\u0103ce\u0219ti","og_description":"Bine ati venit pe pagina oficiala a Primariei Magdacesti.","og_url":"https:\/\/magdacesti.md\/?p=3978","og_site_name":"M\u0103gd\u0103ce\u0219ti","article_publisher":"https:\/\/www.facebook.com\/magdacesti.md\/","article_published_time":"2020-06-11T09:34:42+00:00","og_image":[{"url":"https:\/\/magdacesti.md\/wp-content\/uploads\/2020\/06\/IMG_5277.jpg"}],"author":"Olga Enachi","twitter_card":"summary_large_image","twitter_misc":{"Written by":"Olga Enachi","Est. reading time":"1 minute"},"schema":{"@context":"https:\/\/schema.org","@graph":[{"@type":"Article","@id":"https:\/\/magdacesti.md\/?p=3978#article","isPartOf":{"@id":"https:\/\/magdacesti.md\/?p=3978"},"author":{"name":"Olga Enachi","@id":"https:\/\/magdacesti.md\/#\/schema\/person\/0068cad735c7cf3ab41a532515da0575"},"headline":"\u00cenc\u0103 un parc de odihn\u0103 \u0219i agrement pentru locuitorii din satul M\u0103gd\u0103ce\u0219ti. Foto\/Video","datePublished":"2020-06-11T09:34:42+00:00","dateModified":"2020-06-11T09:34:42+00:00","mainEntityOfPage":{"@id":"https:\/\/magdacesti.md\/?p=3978"},"wordCount":270,"publisher":{"@id":"https:\/\/magdacesti.md\/#organization"},"image":{"@id":"https:\/\/magdacesti.md\/?p=3978#primaryimage"},"thumbnailUrl":"https:\/\/magdacesti.md\/wp-content\/uploads\/2020\/06\/IMG_5277.jpg","articleSection":["Stiri"],"inLanguage":"en-US"},{"@type":"WebPage","@id":"https:\/\/magdacesti.md\/?p=3978","url":"https:\/\/magdacesti.md\/?p=3978","name":"\u00cenc\u0103 un parc de odihn\u0103 \u0219i agrement pentru locuitorii din satul M\u0103gd\u0103ce\u0219ti. Foto\/Video - M\u0103gd\u0103ce\u0219ti","isPartOf":{"@id":"https:\/\/magdacesti.md\/#website"},"primaryImageOfPage":{"@id":"https:\/\/magdacesti.md\/?p=3978#primaryimage"},"image":{"@id":"https:\/\/magdacesti.md\/?p=3978#primaryimage"},"thumbnailUrl":"https:\/\/magdacesti.md\/wp-content\/uploads\/2020\/06\/IMG_5277.jpg","datePublished":"2020-06-11T09:34:42+00:00","dateModified":"2020-06-11T09:34:42+00:00","description":"Bine ati venit pe pagina oficiala a Primariei Magdacesti.","breadcrumb":{"@id":"https:\/\/magdacesti.md\/?p=3978#breadcrumb"},"inLanguage":"en-US","potentialAction":[{"@type":"ReadAction","target":["https:\/\/magdacesti.md\/?p=3978"]}]},{"@type":"ImageObject","inLanguage":"en-US","@id":"https:\/\/magdacesti.md\/?p=3978#primaryimage","url":"https:\/\/magdacesti.md\/wp-content\/uploads\/2020\/06\/IMG_5277.jpg","contentUrl":"https:\/\/magdacesti.md\/wp-content\/uploads\/2020\/06\/IMG_5277.jpg"},{"@type":"BreadcrumbList","@id":"https:\/\/magdacesti.md\/?p=3978#breadcrumb","itemListElement":[{"@type":"ListItem","position":1,"name":"Home","item":"https:\/\/magdacesti.md\/"},{"@type":"ListItem","position":2,"name":"\u00cenc\u0103 un parc de odihn\u0103 \u0219i agrement pentru locuitorii din satul M\u0103gd\u0103ce\u0219ti. Foto\/Video"}]},{"@type":"WebSite","@id":"https:\/\/magdacesti.md\/#website","url":"https:\/\/magdacesti.md\/","name":"M\u0103gd\u0103ce\u0219ti","description":"Un or\u0103\u0219el cu condi\u021bii decente de trai!","publisher":{"@id":"https:\/\/magdacesti.md\/#organization"},"potentialAction":[{"@type":"SearchAction","target":{"@type":"EntryPoint","urlTemplate":"https:\/\/magdacesti.md\/?s={search_term_string}"},"query-input":"required name=search_term_string"}],"inLanguage":"en-US"},{"@type":"Organization","@id":"https:\/\/magdacesti.md\/#organization","name":"M\u0103gd\u0103ce\u0219ti","url":"https:\/\/magdacesti.md\/","logo":{"@type":"ImageObject","inLanguage":"en-US","@id":"https:\/\/magdacesti.md\/#\/schema\/logo\/image\/","url":"https:\/\/magdacesti.md\/wp-content\/uploads\/2021\/03\/Foto-514-scaled.jpg","contentUrl":"https:\/\/magdacesti.md\/wp-content\/uploads\/2021\/03\/Foto-514-scaled.jpg","width":2560,"height":1707,"caption":"M\u0103gd\u0103ce\u0219ti"},"image":{"@id":"https:\/\/magdacesti.md\/#\/schema\/logo\/image\/"},"sameAs":["https:\/\/www.facebook.com\/magdacesti.md\/"]},{"@type":"Person","@id":"https:\/\/magdacesti.md\/#\/schema\/person\/0068cad735c7cf3ab41a532515da0575","name":"Olga Enachi","url":"https:\/\/magdacesti.md\/?author=2"}]}},"_links":{"self":[{"href":"https:\/\/magdacesti.md\/index.php?rest_route=\/wp\/v2\/posts\/3978","targetHints":{"allow":["GET"]}}],"collection":[{"href":"https:\/\/magdacesti.md\/index.php?rest_route=\/wp\/v2\/posts"}],"about":[{"href":"https:\/\/magdacesti.md\/index.php?rest_route=\/wp\/v2\/types\/post"}],"author":[{"embeddable":true,"href":"https:\/\/magdacesti.md\/index.php?rest_route=\/wp\/v2\/users\/2"}],"replies":[{"embeddable":true,"href":"https:\/\/magdacesti.md\/index.php?rest_route=%2Fwp%2Fv2%2Fcomments&post=3978"}],"version-history":[{"count":0,"href":"https:\/\/magdacesti.md\/index.php?rest_route=\/wp\/v2\/posts\/3978\/revisions"}],"wp:attachment":[{"href":"https:\/\/magdacesti.md\/index.php?rest_route=%2Fwp%2Fv2%2Fmedia&parent=3978"}],"wp:term":[{"taxonomy":"category","embeddable":true,"href":"https:\/\/magdacesti.md\/index.php?rest_route=%2Fwp%2Fv2%2Fcategories&post=3978"},{"taxonomy":"post_tag","embeddable":true,"href":"https:\/\/magdacesti.md\/index.php?rest_route=%2Fwp%2Fv2%2Ftags&post=3978"}],"curies":[{"name":"wp","href":"https:\/\/api.w.org\/{rel}","templated":true}]}}