{"id":3989,"date":"2020-06-16T09:17:01","date_gmt":"2020-06-16T06:17:01","guid":{"rendered":"https:\/\/magdacesti.md\/?p=3989"},"modified":"2020-06-16T09:17:01","modified_gmt":"2020-06-16T06:17:01","slug":"anunt-8","status":"publish","type":"post","link":"https:\/\/magdacesti.md\/?p=3989","title":{"rendered":"Anun\u021b"},"content":{"rendered":"\n<p>DISPOZI\u0162IE<\/p>\n\n\n\n<p>Nr.23A\/B                                                                            din 13 iunie 2020<\/p>\n\n\n\n<p>Cu  privire  la  convocarea  <strong>\u0219edin\u021bei  Consiliului  s\u0103tesc M\u0103gd\u0103ce\u015fti<\/strong><\/p>\n\n\n\n<p>\u00cen conformitate cu  art.16 alin (2)(3)(5) din Legea  privind  administra\u021bia  public\u0103  local\u0103 nr.436-XVI din 28.12.2006                                                  <\/p>\n\n\n\n<p>DISPUN:<\/p>\n\n\n\n<p>1.Se convoac\u0103 \u0219edin\u021ba  extraordinar\u0103 a Consiliului  s\u0103tesc M\u0103gd\u0103ce\u015fti  pentru ziua de <strong>18 iunie 2020, ora  18.00, \u00een incinta  Cantinei Sociale<\/strong> M\u0103gd\u0103ce\u0219ti, cu  respectarea cerin\u021belor epidemiologice (asigurarea cu dezinfecta\u021bi, m\u0103\u0219ti de protec\u021bie  \u0219i respectarea distan\u021bei sociale )<\/p>\n\n\n\n<p>2.Se propune ordinea de zi cu \u00eenaintarea \u00een cadrul \u0219edin\u021bei a urm\u0103toarelor proiecte de decizii:<\/p>\n\n\n\n<p>2.1.<strong> Cu privire la aprobarea lucr\u0103rilor de repara\u021bie a str\u0103zii  Petre Magdiciu \u0219i construc\u021bia trotuarului pe strada \u0218tefan cel Mare \u0219i Sf\u00eent intersec\u021bie str.Gheorghe Asachi<\/strong><\/p>\n\n\n\n<p>Raportor: Liuba COJOCARU, primar <\/p>\n\n\n\n<p>Avizare :comisia economie ,buget \u0219i finan\u021be<\/p>\n\n\n\n<p>2.2 <strong>Cu  privire  la  instituirea comisiei pentru implementarea recomand\u0103rilor \u00eenaintate prin Hot\u0103r\u00e2rea  Cur\u021bii de Conturi<\/strong>.<\/p>\n\n\n\n<p>Raportor: Liuba COJOCARU, primar <\/p>\n\n\n\n<p>Avizare :comisia economie, buget \u0219i finan\u021be<\/p>\n\n\n\n<p><strong>Primar<\/strong><\/p>\n\n\n\n<p><strong>Liuba COJOCARU<\/strong><\/p>\n\n\n\n<pre class=\"wp-block-code\"><code>                                                           <\/code><\/pre>\n","protected":false},"excerpt":{"rendered":"<p>DISPOZI\u0162IE Nr.23A\/B din 13 iunie 2020 Cu privire la convocarea \u0219edin\u021bei Consiliului s\u0103tesc M\u0103gd\u0103ce\u015fti \u00cen conformitate cu art.16 alin (2)(3)(5) din Legea privind administra\u021bia public\u0103 local\u0103 nr.436-XVI din 28.12.2006 DISPUN: 1.Se convoac\u0103 \u0219edin\u021ba extraordinar\u0103 a Consiliului s\u0103tesc M\u0103gd\u0103ce\u015fti pentru ziua de 18 iunie 2020, ora 18.00, \u00een incinta Cantinei Sociale M\u0103gd\u0103ce\u0219ti, cu respectarea cerin\u021belor epidemiologice [&#8230;]\n","protected":false},"author":2,"featured_media":0,"comment_status":"closed","ping_status":"closed","sticky":false,"template":"","format":"standard","meta":{"ngg_post_thumbnail":0,"footnotes":""},"categories":[4],"tags":[],"class_list":["post-3989","post","type-post","status-publish","format-standard","hentry","category-stiri"],"yoast_head":"<!-- This site is optimized with the Yoast SEO plugin v23.3 - https:\/\/yoast.com\/wordpress\/plugins\/seo\/ -->\n<title>Anun\u021b - M\u0103gd\u0103ce\u0219ti<\/title>\n<meta name=\"description\" content=\"Bine ati venit pe pagina oficiala a Primariei Magdacesti.\" \/>\n<meta name=\"robots\" content=\"index, follow, max-snippet:-1, max-image-preview:large, max-video-preview:-1\" \/>\n<link rel=\"canonical\" href=\"https:\/\/magdacesti.md\/?p=3989\" \/>\n<meta property=\"og:locale\" content=\"en_US\" \/>\n<meta property=\"og:type\" content=\"article\" \/>\n<meta property=\"og:title\" content=\"Anun\u021b - M\u0103gd\u0103ce\u0219ti\" \/>\n<meta property=\"og:description\" content=\"Bine ati venit pe pagina oficiala a Primariei Magdacesti.\" \/>\n<meta property=\"og:url\" content=\"https:\/\/magdacesti.md\/?p=3989\" \/>\n<meta property=\"og:site_name\" content=\"M\u0103gd\u0103ce\u0219ti\" \/>\n<meta property=\"article:publisher\" content=\"https:\/\/www.facebook.com\/magdacesti.md\/\" \/>\n<meta property=\"article:published_time\" content=\"2020-06-16T06:17:01+00:00\" \/>\n<meta property=\"og:image\" content=\"https:\/\/magdacesti.md\/wp-content\/uploads\/2021\/03\/Foto-514-edit-scaled.jpg\" \/>\n\t<meta property=\"og:image:width\" content=\"2560\" \/>\n\t<meta property=\"og:image:height\" content=\"1707\" \/>\n\t<meta property=\"og:image:type\" content=\"image\/jpeg\" \/>\n<meta name=\"author\" content=\"Olga Enachi\" \/>\n<meta name=\"twitter:card\" content=\"summary_large_image\" \/>\n<meta name=\"twitter:label1\" content=\"Written by\" \/>\n\t<meta name=\"twitter:data1\" content=\"Olga Enachi\" \/>\n\t<meta name=\"twitter:label2\" content=\"Est. reading time\" \/>\n\t<meta name=\"twitter:data2\" content=\"1 minute\" \/>\n<script type=\"application\/ld+json\" class=\"yoast-schema-graph\">{\"@context\":\"https:\/\/schema.org\",\"@graph\":[{\"@type\":\"Article\",\"@id\":\"https:\/\/magdacesti.md\/?p=3989#article\",\"isPartOf\":{\"@id\":\"https:\/\/magdacesti.md\/?p=3989\"},\"author\":{\"name\":\"Olga Enachi\",\"@id\":\"https:\/\/magdacesti.md\/#\/schema\/person\/0068cad735c7cf3ab41a532515da0575\"},\"headline\":\"Anun\u021b\",\"datePublished\":\"2020-06-16T06:17:01+00:00\",\"dateModified\":\"2020-06-16T06:17:01+00:00\",\"mainEntityOfPage\":{\"@id\":\"https:\/\/magdacesti.md\/?p=3989\"},\"wordCount\":173,\"publisher\":{\"@id\":\"https:\/\/magdacesti.md\/#organization\"},\"articleSection\":[\"Stiri\"],\"inLanguage\":\"en-US\"},{\"@type\":\"WebPage\",\"@id\":\"https:\/\/magdacesti.md\/?p=3989\",\"url\":\"https:\/\/magdacesti.md\/?p=3989\",\"name\":\"Anun\u021b - M\u0103gd\u0103ce\u0219ti\",\"isPartOf\":{\"@id\":\"https:\/\/magdacesti.md\/#website\"},\"datePublished\":\"2020-06-16T06:17:01+00:00\",\"dateModified\":\"2020-06-16T06:17:01+00:00\",\"description\":\"Bine ati venit pe pagina oficiala a Primariei Magdacesti.\",\"breadcrumb\":{\"@id\":\"https:\/\/magdacesti.md\/?p=3989#breadcrumb\"},\"inLanguage\":\"en-US\",\"potentialAction\":[{\"@type\":\"ReadAction\",\"target\":[\"https:\/\/magdacesti.md\/?p=3989\"]}]},{\"@type\":\"BreadcrumbList\",\"@id\":\"https:\/\/magdacesti.md\/?p=3989#breadcrumb\",\"itemListElement\":[{\"@type\":\"ListItem\",\"position\":1,\"name\":\"Home\",\"item\":\"https:\/\/magdacesti.md\/\"},{\"@type\":\"ListItem\",\"position\":2,\"name\":\"Anun\u021b\"}]},{\"@type\":\"WebSite\",\"@id\":\"https:\/\/magdacesti.md\/#website\",\"url\":\"https:\/\/magdacesti.md\/\",\"name\":\"M\u0103gd\u0103ce\u0219ti\",\"description\":\"Un or\u0103\u0219el cu condi\u021bii decente de trai!\",\"publisher\":{\"@id\":\"https:\/\/magdacesti.md\/#organization\"},\"potentialAction\":[{\"@type\":\"SearchAction\",\"target\":{\"@type\":\"EntryPoint\",\"urlTemplate\":\"https:\/\/magdacesti.md\/?s={search_term_string}\"},\"query-input\":\"required name=search_term_string\"}],\"inLanguage\":\"en-US\"},{\"@type\":\"Organization\",\"@id\":\"https:\/\/magdacesti.md\/#organization\",\"name\":\"M\u0103gd\u0103ce\u0219ti\",\"url\":\"https:\/\/magdacesti.md\/\",\"logo\":{\"@type\":\"ImageObject\",\"inLanguage\":\"en-US\",\"@id\":\"https:\/\/magdacesti.md\/#\/schema\/logo\/image\/\",\"url\":\"https:\/\/magdacesti.md\/wp-content\/uploads\/2021\/03\/Foto-514-scaled.jpg\",\"contentUrl\":\"https:\/\/magdacesti.md\/wp-content\/uploads\/2021\/03\/Foto-514-scaled.jpg\",\"width\":2560,\"height\":1707,\"caption\":\"M\u0103gd\u0103ce\u0219ti\"},\"image\":{\"@id\":\"https:\/\/magdacesti.md\/#\/schema\/logo\/image\/\"},\"sameAs\":[\"https:\/\/www.facebook.com\/magdacesti.md\/\"]},{\"@type\":\"Person\",\"@id\":\"https:\/\/magdacesti.md\/#\/schema\/person\/0068cad735c7cf3ab41a532515da0575\",\"name\":\"Olga Enachi\",\"url\":\"https:\/\/magdacesti.md\/?author=2\"}]}<\/script>\n<!-- \/ Yoast SEO plugin. -->","yoast_head_json":{"title":"Anun\u021b - M\u0103gd\u0103ce\u0219ti","description":"Bine ati venit pe pagina oficiala a Primariei Magdacesti.","robots":{"index":"index","follow":"follow","max-snippet":"max-snippet:-1","max-image-preview":"max-image-preview:large","max-video-preview":"max-video-preview:-1"},"canonical":"https:\/\/magdacesti.md\/?p=3989","og_locale":"en_US","og_type":"article","og_title":"Anun\u021b - M\u0103gd\u0103ce\u0219ti","og_description":"Bine ati venit pe pagina oficiala a Primariei Magdacesti.","og_url":"https:\/\/magdacesti.md\/?p=3989","og_site_name":"M\u0103gd\u0103ce\u0219ti","article_publisher":"https:\/\/www.facebook.com\/magdacesti.md\/","article_published_time":"2020-06-16T06:17:01+00:00","og_image":[{"width":2560,"height":1707,"url":"https:\/\/magdacesti.md\/wp-content\/uploads\/2021\/03\/Foto-514-edit-scaled.jpg","type":"image\/jpeg"}],"author":"Olga Enachi","twitter_card":"summary_large_image","twitter_misc":{"Written by":"Olga Enachi","Est. reading time":"1 minute"},"schema":{"@context":"https:\/\/schema.org","@graph":[{"@type":"Article","@id":"https:\/\/magdacesti.md\/?p=3989#article","isPartOf":{"@id":"https:\/\/magdacesti.md\/?p=3989"},"author":{"name":"Olga Enachi","@id":"https:\/\/magdacesti.md\/#\/schema\/person\/0068cad735c7cf3ab41a532515da0575"},"headline":"Anun\u021b","datePublished":"2020-06-16T06:17:01+00:00","dateModified":"2020-06-16T06:17:01+00:00","mainEntityOfPage":{"@id":"https:\/\/magdacesti.md\/?p=3989"},"wordCount":173,"publisher":{"@id":"https:\/\/magdacesti.md\/#organization"},"articleSection":["Stiri"],"inLanguage":"en-US"},{"@type":"WebPage","@id":"https:\/\/magdacesti.md\/?p=3989","url":"https:\/\/magdacesti.md\/?p=3989","name":"Anun\u021b - M\u0103gd\u0103ce\u0219ti","isPartOf":{"@id":"https:\/\/magdacesti.md\/#website"},"datePublished":"2020-06-16T06:17:01+00:00","dateModified":"2020-06-16T06:17:01+00:00","description":"Bine ati venit pe pagina oficiala a Primariei Magdacesti.","breadcrumb":{"@id":"https:\/\/magdacesti.md\/?p=3989#breadcrumb"},"inLanguage":"en-US","potentialAction":[{"@type":"ReadAction","target":["https:\/\/magdacesti.md\/?p=3989"]}]},{"@type":"BreadcrumbList","@id":"https:\/\/magdacesti.md\/?p=3989#breadcrumb","itemListElement":[{"@type":"ListItem","position":1,"name":"Home","item":"https:\/\/magdacesti.md\/"},{"@type":"ListItem","position":2,"name":"Anun\u021b"}]},{"@type":"WebSite","@id":"https:\/\/magdacesti.md\/#website","url":"https:\/\/magdacesti.md\/","name":"M\u0103gd\u0103ce\u0219ti","description":"Un or\u0103\u0219el cu condi\u021bii decente de trai!","publisher":{"@id":"https:\/\/magdacesti.md\/#organization"},"potentialAction":[{"@type":"SearchAction","target":{"@type":"EntryPoint","urlTemplate":"https:\/\/magdacesti.md\/?s={search_term_string}"},"query-input":"required name=search_term_string"}],"inLanguage":"en-US"},{"@type":"Organization","@id":"https:\/\/magdacesti.md\/#organization","name":"M\u0103gd\u0103ce\u0219ti","url":"https:\/\/magdacesti.md\/","logo":{"@type":"ImageObject","inLanguage":"en-US","@id":"https:\/\/magdacesti.md\/#\/schema\/logo\/image\/","url":"https:\/\/magdacesti.md\/wp-content\/uploads\/2021\/03\/Foto-514-scaled.jpg","contentUrl":"https:\/\/magdacesti.md\/wp-content\/uploads\/2021\/03\/Foto-514-scaled.jpg","width":2560,"height":1707,"caption":"M\u0103gd\u0103ce\u0219ti"},"image":{"@id":"https:\/\/magdacesti.md\/#\/schema\/logo\/image\/"},"sameAs":["https:\/\/www.facebook.com\/magdacesti.md\/"]},{"@type":"Person","@id":"https:\/\/magdacesti.md\/#\/schema\/person\/0068cad735c7cf3ab41a532515da0575","name":"Olga Enachi","url":"https:\/\/magdacesti.md\/?author=2"}]}},"_links":{"self":[{"href":"https:\/\/magdacesti.md\/index.php?rest_route=\/wp\/v2\/posts\/3989","targetHints":{"allow":["GET"]}}],"collection":[{"href":"https:\/\/magdacesti.md\/index.php?rest_route=\/wp\/v2\/posts"}],"about":[{"href":"https:\/\/magdacesti.md\/index.php?rest_route=\/wp\/v2\/types\/post"}],"author":[{"embeddable":true,"href":"https:\/\/magdacesti.md\/index.php?rest_route=\/wp\/v2\/users\/2"}],"replies":[{"embeddable":true,"href":"https:\/\/magdacesti.md\/index.php?rest_route=%2Fwp%2Fv2%2Fcomments&post=3989"}],"version-history":[{"count":0,"href":"https:\/\/magdacesti.md\/index.php?rest_route=\/wp\/v2\/posts\/3989\/revisions"}],"wp:attachment":[{"href":"https:\/\/magdacesti.md\/index.php?rest_route=%2Fwp%2Fv2%2Fmedia&parent=3989"}],"wp:term":[{"taxonomy":"category","embeddable":true,"href":"https:\/\/magdacesti.md\/index.php?rest_route=%2Fwp%2Fv2%2Fcategories&post=3989"},{"taxonomy":"post_tag","embeddable":true,"href":"https:\/\/magdacesti.md\/index.php?rest_route=%2Fwp%2Fv2%2Ftags&post=3989"}],"curies":[{"name":"wp","href":"https:\/\/api.w.org\/{rel}","templated":true}]}}