{"id":4018,"date":"2020-07-22T10:18:54","date_gmt":"2020-07-22T07:18:54","guid":{"rendered":"https:\/\/magdacesti.md\/?p=4018"},"modified":"2020-07-22T10:18:54","modified_gmt":"2020-07-22T07:18:54","slug":"copiii-sunt-viitorul-nostru-si-ei-merita-o-copilarie-fericita","status":"publish","type":"post","link":"https:\/\/magdacesti.md\/?p=4018","title":{"rendered":"Copiii sunt viitorul nostru \u0219i ei merit\u0103 o copil\u0103rie fericit\u0103"},"content":{"rendered":"\n<p><strong>Lucr\u0103rile de construc\u021bie al terenului multifunc\u021bional de la intersec\u021bia str\u0103zilor Tudor Arghezi, Lucian Blaga \u0219i Flutura din satul M\u0103gd\u0103ce\u0219ti, se afl\u0103 pe ultima sut\u0103 de metri \u00eenainte de amenajarea a\u0219ternutului artificial \u0219i instalarea toboganelor pentru copii.<\/strong><\/p>\n\n\n\n<figure class=\"wp-block-image\"><img decoding=\"async\" src=\"https:\/\/magdacesti.md\/wp-content\/uploads\/2020\/07\/dfdfa-1024x767.jpg\" alt=\"\" class=\"wp-image-4019\"\/><\/figure>\n\n\n\n<figure class=\"wp-block-image\"><img decoding=\"async\" src=\"https:\/\/magdacesti.md\/wp-content\/uploads\/2020\/07\/fghtrs-1024x767.jpg\" alt=\"\" class=\"wp-image-4020\"\/><\/figure>\n\n\n\n<figure class=\"wp-block-image\"><img decoding=\"async\" src=\"https:\/\/magdacesti.md\/wp-content\/uploads\/2020\/07\/hhnyhn-1024x767.jpg\" alt=\"\" class=\"wp-image-4021\"\/><\/figure>\n\n\n\n<figure class=\"wp-block-image\"><img decoding=\"async\" src=\"https:\/\/magdacesti.md\/wp-content\/uploads\/2020\/07\/jfkhjkr-1024x767.jpg\" alt=\"\" class=\"wp-image-4022\"\/><\/figure>\n\n\n\n<p>La moment, muncitorii finalizeaz\u0103 lucr\u0103rile de pavare a trotuarelor de acces \u0219i a sc\u0103rilor, \u00een urma c\u0103rora zona de odihn\u0103 va cap\u0103t\u0103 un alt aspect.<\/p>\n\n\n\n<figure class=\"wp-block-image\"><img decoding=\"async\" src=\"https:\/\/magdacesti.md\/wp-content\/uploads\/2020\/07\/fgergr-767x1024.jpg\" alt=\"\" class=\"wp-image-4023\"\/><\/figure>\n\n\n\n<figure class=\"wp-block-image\"><img decoding=\"async\" src=\"https:\/\/magdacesti.md\/wp-content\/uploads\/2020\/07\/gdfgrg-767x1024.jpg\" alt=\"\" class=\"wp-image-4024\"\/><\/figure>\n\n\n\n<figure class=\"wp-block-image\"><img decoding=\"async\" src=\"https:\/\/magdacesti.md\/wp-content\/uploads\/2020\/07\/hstrh-576x1024.jpg\" alt=\"\" class=\"wp-image-4025\"\/><\/figure>\n\n\n\n<p>Zilele trecute au fost planta\u021bi \u0219i primii copaci din noul parc.<\/p>\n\n\n\n<figure class=\"wp-block-image\"><img decoding=\"async\" src=\"https:\/\/magdacesti.md\/wp-content\/uploads\/2020\/07\/hshsrt-767x1024.jpg\" alt=\"\" class=\"wp-image-4026\"\/><\/figure>\n\n\n\n<p>Ne bucuram c\u0103 \u00een localitatea noastr\u0103 sunt foarte mul\u021bi tineri care vor s\u0103 fac\u0103 mi\u0219care, s\u0103 fac\u0103 sport \u0219i este de datoria noastr\u0103 s\u0103 le facilit\u0103m accesul la astfel de activit\u0103\u021bi.<\/p>\n\n\n\n<figure class=\"wp-block-image\"><img decoding=\"async\" src=\"https:\/\/magdacesti.md\/wp-content\/uploads\/2020\/07\/kfyuk-1024x767.jpg\" alt=\"\" class=\"wp-image-4027\"\/><\/figure>\n","protected":false},"excerpt":{"rendered":"<p>Lucr\u0103rile de construc\u021bie al terenului multifunc\u021bional de la intersec\u021bia str\u0103zilor Tudor Arghezi, Lucian Blaga \u0219i Flutura din satul M\u0103gd\u0103ce\u0219ti, se afl\u0103 pe ultima sut\u0103 de metri \u00eenainte de amenajarea a\u0219ternutului artificial \u0219i instalarea toboganelor pentru copii. La moment, muncitorii finalizeaz\u0103 lucr\u0103rile de pavare a trotuarelor de acces \u0219i a sc\u0103rilor, \u00een urma c\u0103rora zona de [&#8230;]\n","protected":false},"author":2,"featured_media":0,"comment_status":"closed","ping_status":"closed","sticky":false,"template":"","format":"standard","meta":{"ngg_post_thumbnail":0,"footnotes":""},"categories":[4],"tags":[],"class_list":["post-4018","post","type-post","status-publish","format-standard","hentry","category-stiri"],"yoast_head":"<!-- This site is optimized with the Yoast SEO plugin v23.3 - https:\/\/yoast.com\/wordpress\/plugins\/seo\/ -->\n<title>Copiii sunt viitorul nostru \u0219i ei merit\u0103 o copil\u0103rie fericit\u0103 - M\u0103gd\u0103ce\u0219ti<\/title>\n<meta name=\"description\" content=\"Bine ati venit pe pagina oficiala a Primariei Magdacesti.\" \/>\n<meta name=\"robots\" content=\"index, follow, max-snippet:-1, max-image-preview:large, max-video-preview:-1\" \/>\n<link rel=\"canonical\" href=\"https:\/\/magdacesti.md\/?p=4018\" \/>\n<meta property=\"og:locale\" content=\"en_US\" \/>\n<meta property=\"og:type\" content=\"article\" \/>\n<meta property=\"og:title\" content=\"Copiii sunt viitorul nostru \u0219i ei merit\u0103 o copil\u0103rie fericit\u0103 - M\u0103gd\u0103ce\u0219ti\" \/>\n<meta property=\"og:description\" content=\"Bine ati venit pe pagina oficiala a Primariei Magdacesti.\" \/>\n<meta property=\"og:url\" content=\"https:\/\/magdacesti.md\/?p=4018\" \/>\n<meta property=\"og:site_name\" content=\"M\u0103gd\u0103ce\u0219ti\" \/>\n<meta property=\"article:publisher\" content=\"https:\/\/www.facebook.com\/magdacesti.md\/\" \/>\n<meta property=\"article:published_time\" content=\"2020-07-22T07:18:54+00:00\" \/>\n<meta property=\"og:image\" content=\"https:\/\/magdacesti.md\/wp-content\/uploads\/2020\/07\/dfdfa-1024x767.jpg\" \/>\n<meta name=\"author\" content=\"Olga Enachi\" \/>\n<meta name=\"twitter:card\" content=\"summary_large_image\" \/>\n<meta name=\"twitter:label1\" content=\"Written by\" \/>\n\t<meta name=\"twitter:data1\" content=\"Olga Enachi\" \/>\n\t<meta name=\"twitter:label2\" content=\"Est. reading time\" \/>\n\t<meta name=\"twitter:data2\" content=\"1 minute\" \/>\n<script type=\"application\/ld+json\" class=\"yoast-schema-graph\">{\"@context\":\"https:\/\/schema.org\",\"@graph\":[{\"@type\":\"Article\",\"@id\":\"https:\/\/magdacesti.md\/?p=4018#article\",\"isPartOf\":{\"@id\":\"https:\/\/magdacesti.md\/?p=4018\"},\"author\":{\"name\":\"Olga Enachi\",\"@id\":\"https:\/\/magdacesti.md\/#\/schema\/person\/0068cad735c7cf3ab41a532515da0575\"},\"headline\":\"Copiii sunt viitorul nostru \u0219i ei merit\u0103 o copil\u0103rie fericit\u0103\",\"datePublished\":\"2020-07-22T07:18:54+00:00\",\"dateModified\":\"2020-07-22T07:18:54+00:00\",\"mainEntityOfPage\":{\"@id\":\"https:\/\/magdacesti.md\/?p=4018\"},\"wordCount\":132,\"publisher\":{\"@id\":\"https:\/\/magdacesti.md\/#organization\"},\"image\":{\"@id\":\"https:\/\/magdacesti.md\/?p=4018#primaryimage\"},\"thumbnailUrl\":\"https:\/\/magdacesti.md\/wp-content\/uploads\/2020\/07\/dfdfa-1024x767.jpg\",\"articleSection\":[\"Stiri\"],\"inLanguage\":\"en-US\"},{\"@type\":\"WebPage\",\"@id\":\"https:\/\/magdacesti.md\/?p=4018\",\"url\":\"https:\/\/magdacesti.md\/?p=4018\",\"name\":\"Copiii sunt viitorul nostru \u0219i ei merit\u0103 o copil\u0103rie fericit\u0103 - M\u0103gd\u0103ce\u0219ti\",\"isPartOf\":{\"@id\":\"https:\/\/magdacesti.md\/#website\"},\"primaryImageOfPage\":{\"@id\":\"https:\/\/magdacesti.md\/?p=4018#primaryimage\"},\"image\":{\"@id\":\"https:\/\/magdacesti.md\/?p=4018#primaryimage\"},\"thumbnailUrl\":\"https:\/\/magdacesti.md\/wp-content\/uploads\/2020\/07\/dfdfa-1024x767.jpg\",\"datePublished\":\"2020-07-22T07:18:54+00:00\",\"dateModified\":\"2020-07-22T07:18:54+00:00\",\"description\":\"Bine ati venit pe pagina oficiala a Primariei Magdacesti.\",\"breadcrumb\":{\"@id\":\"https:\/\/magdacesti.md\/?p=4018#breadcrumb\"},\"inLanguage\":\"en-US\",\"potentialAction\":[{\"@type\":\"ReadAction\",\"target\":[\"https:\/\/magdacesti.md\/?p=4018\"]}]},{\"@type\":\"ImageObject\",\"inLanguage\":\"en-US\",\"@id\":\"https:\/\/magdacesti.md\/?p=4018#primaryimage\",\"url\":\"https:\/\/magdacesti.md\/wp-content\/uploads\/2020\/07\/dfdfa-1024x767.jpg\",\"contentUrl\":\"https:\/\/magdacesti.md\/wp-content\/uploads\/2020\/07\/dfdfa-1024x767.jpg\"},{\"@type\":\"BreadcrumbList\",\"@id\":\"https:\/\/magdacesti.md\/?p=4018#breadcrumb\",\"itemListElement\":[{\"@type\":\"ListItem\",\"position\":1,\"name\":\"Home\",\"item\":\"https:\/\/magdacesti.md\/\"},{\"@type\":\"ListItem\",\"position\":2,\"name\":\"Copiii sunt viitorul nostru \u0219i ei merit\u0103 o copil\u0103rie fericit\u0103\"}]},{\"@type\":\"WebSite\",\"@id\":\"https:\/\/magdacesti.md\/#website\",\"url\":\"https:\/\/magdacesti.md\/\",\"name\":\"M\u0103gd\u0103ce\u0219ti\",\"description\":\"Un or\u0103\u0219el cu condi\u021bii decente de trai!\",\"publisher\":{\"@id\":\"https:\/\/magdacesti.md\/#organization\"},\"potentialAction\":[{\"@type\":\"SearchAction\",\"target\":{\"@type\":\"EntryPoint\",\"urlTemplate\":\"https:\/\/magdacesti.md\/?s={search_term_string}\"},\"query-input\":\"required name=search_term_string\"}],\"inLanguage\":\"en-US\"},{\"@type\":\"Organization\",\"@id\":\"https:\/\/magdacesti.md\/#organization\",\"name\":\"M\u0103gd\u0103ce\u0219ti\",\"url\":\"https:\/\/magdacesti.md\/\",\"logo\":{\"@type\":\"ImageObject\",\"inLanguage\":\"en-US\",\"@id\":\"https:\/\/magdacesti.md\/#\/schema\/logo\/image\/\",\"url\":\"https:\/\/magdacesti.md\/wp-content\/uploads\/2021\/03\/Foto-514-scaled.jpg\",\"contentUrl\":\"https:\/\/magdacesti.md\/wp-content\/uploads\/2021\/03\/Foto-514-scaled.jpg\",\"width\":2560,\"height\":1707,\"caption\":\"M\u0103gd\u0103ce\u0219ti\"},\"image\":{\"@id\":\"https:\/\/magdacesti.md\/#\/schema\/logo\/image\/\"},\"sameAs\":[\"https:\/\/www.facebook.com\/magdacesti.md\/\"]},{\"@type\":\"Person\",\"@id\":\"https:\/\/magdacesti.md\/#\/schema\/person\/0068cad735c7cf3ab41a532515da0575\",\"name\":\"Olga Enachi\",\"url\":\"https:\/\/magdacesti.md\/?author=2\"}]}<\/script>\n<!-- \/ Yoast SEO plugin. -->","yoast_head_json":{"title":"Copiii sunt viitorul nostru \u0219i ei merit\u0103 o copil\u0103rie fericit\u0103 - M\u0103gd\u0103ce\u0219ti","description":"Bine ati venit pe pagina oficiala a Primariei Magdacesti.","robots":{"index":"index","follow":"follow","max-snippet":"max-snippet:-1","max-image-preview":"max-image-preview:large","max-video-preview":"max-video-preview:-1"},"canonical":"https:\/\/magdacesti.md\/?p=4018","og_locale":"en_US","og_type":"article","og_title":"Copiii sunt viitorul nostru \u0219i ei merit\u0103 o copil\u0103rie fericit\u0103 - M\u0103gd\u0103ce\u0219ti","og_description":"Bine ati venit pe pagina oficiala a Primariei Magdacesti.","og_url":"https:\/\/magdacesti.md\/?p=4018","og_site_name":"M\u0103gd\u0103ce\u0219ti","article_publisher":"https:\/\/www.facebook.com\/magdacesti.md\/","article_published_time":"2020-07-22T07:18:54+00:00","og_image":[{"url":"https:\/\/magdacesti.md\/wp-content\/uploads\/2020\/07\/dfdfa-1024x767.jpg"}],"author":"Olga Enachi","twitter_card":"summary_large_image","twitter_misc":{"Written by":"Olga Enachi","Est. reading time":"1 minute"},"schema":{"@context":"https:\/\/schema.org","@graph":[{"@type":"Article","@id":"https:\/\/magdacesti.md\/?p=4018#article","isPartOf":{"@id":"https:\/\/magdacesti.md\/?p=4018"},"author":{"name":"Olga Enachi","@id":"https:\/\/magdacesti.md\/#\/schema\/person\/0068cad735c7cf3ab41a532515da0575"},"headline":"Copiii sunt viitorul nostru \u0219i ei merit\u0103 o copil\u0103rie fericit\u0103","datePublished":"2020-07-22T07:18:54+00:00","dateModified":"2020-07-22T07:18:54+00:00","mainEntityOfPage":{"@id":"https:\/\/magdacesti.md\/?p=4018"},"wordCount":132,"publisher":{"@id":"https:\/\/magdacesti.md\/#organization"},"image":{"@id":"https:\/\/magdacesti.md\/?p=4018#primaryimage"},"thumbnailUrl":"https:\/\/magdacesti.md\/wp-content\/uploads\/2020\/07\/dfdfa-1024x767.jpg","articleSection":["Stiri"],"inLanguage":"en-US"},{"@type":"WebPage","@id":"https:\/\/magdacesti.md\/?p=4018","url":"https:\/\/magdacesti.md\/?p=4018","name":"Copiii sunt viitorul nostru \u0219i ei merit\u0103 o copil\u0103rie fericit\u0103 - M\u0103gd\u0103ce\u0219ti","isPartOf":{"@id":"https:\/\/magdacesti.md\/#website"},"primaryImageOfPage":{"@id":"https:\/\/magdacesti.md\/?p=4018#primaryimage"},"image":{"@id":"https:\/\/magdacesti.md\/?p=4018#primaryimage"},"thumbnailUrl":"https:\/\/magdacesti.md\/wp-content\/uploads\/2020\/07\/dfdfa-1024x767.jpg","datePublished":"2020-07-22T07:18:54+00:00","dateModified":"2020-07-22T07:18:54+00:00","description":"Bine ati venit pe pagina oficiala a Primariei Magdacesti.","breadcrumb":{"@id":"https:\/\/magdacesti.md\/?p=4018#breadcrumb"},"inLanguage":"en-US","potentialAction":[{"@type":"ReadAction","target":["https:\/\/magdacesti.md\/?p=4018"]}]},{"@type":"ImageObject","inLanguage":"en-US","@id":"https:\/\/magdacesti.md\/?p=4018#primaryimage","url":"https:\/\/magdacesti.md\/wp-content\/uploads\/2020\/07\/dfdfa-1024x767.jpg","contentUrl":"https:\/\/magdacesti.md\/wp-content\/uploads\/2020\/07\/dfdfa-1024x767.jpg"},{"@type":"BreadcrumbList","@id":"https:\/\/magdacesti.md\/?p=4018#breadcrumb","itemListElement":[{"@type":"ListItem","position":1,"name":"Home","item":"https:\/\/magdacesti.md\/"},{"@type":"ListItem","position":2,"name":"Copiii sunt viitorul nostru \u0219i ei merit\u0103 o copil\u0103rie fericit\u0103"}]},{"@type":"WebSite","@id":"https:\/\/magdacesti.md\/#website","url":"https:\/\/magdacesti.md\/","name":"M\u0103gd\u0103ce\u0219ti","description":"Un or\u0103\u0219el cu condi\u021bii decente de trai!","publisher":{"@id":"https:\/\/magdacesti.md\/#organization"},"potentialAction":[{"@type":"SearchAction","target":{"@type":"EntryPoint","urlTemplate":"https:\/\/magdacesti.md\/?s={search_term_string}"},"query-input":"required name=search_term_string"}],"inLanguage":"en-US"},{"@type":"Organization","@id":"https:\/\/magdacesti.md\/#organization","name":"M\u0103gd\u0103ce\u0219ti","url":"https:\/\/magdacesti.md\/","logo":{"@type":"ImageObject","inLanguage":"en-US","@id":"https:\/\/magdacesti.md\/#\/schema\/logo\/image\/","url":"https:\/\/magdacesti.md\/wp-content\/uploads\/2021\/03\/Foto-514-scaled.jpg","contentUrl":"https:\/\/magdacesti.md\/wp-content\/uploads\/2021\/03\/Foto-514-scaled.jpg","width":2560,"height":1707,"caption":"M\u0103gd\u0103ce\u0219ti"},"image":{"@id":"https:\/\/magdacesti.md\/#\/schema\/logo\/image\/"},"sameAs":["https:\/\/www.facebook.com\/magdacesti.md\/"]},{"@type":"Person","@id":"https:\/\/magdacesti.md\/#\/schema\/person\/0068cad735c7cf3ab41a532515da0575","name":"Olga Enachi","url":"https:\/\/magdacesti.md\/?author=2"}]}},"_links":{"self":[{"href":"https:\/\/magdacesti.md\/index.php?rest_route=\/wp\/v2\/posts\/4018","targetHints":{"allow":["GET"]}}],"collection":[{"href":"https:\/\/magdacesti.md\/index.php?rest_route=\/wp\/v2\/posts"}],"about":[{"href":"https:\/\/magdacesti.md\/index.php?rest_route=\/wp\/v2\/types\/post"}],"author":[{"embeddable":true,"href":"https:\/\/magdacesti.md\/index.php?rest_route=\/wp\/v2\/users\/2"}],"replies":[{"embeddable":true,"href":"https:\/\/magdacesti.md\/index.php?rest_route=%2Fwp%2Fv2%2Fcomments&post=4018"}],"version-history":[{"count":0,"href":"https:\/\/magdacesti.md\/index.php?rest_route=\/wp\/v2\/posts\/4018\/revisions"}],"wp:attachment":[{"href":"https:\/\/magdacesti.md\/index.php?rest_route=%2Fwp%2Fv2%2Fmedia&parent=4018"}],"wp:term":[{"taxonomy":"category","embeddable":true,"href":"https:\/\/magdacesti.md\/index.php?rest_route=%2Fwp%2Fv2%2Fcategories&post=4018"},{"taxonomy":"post_tag","embeddable":true,"href":"https:\/\/magdacesti.md\/index.php?rest_route=%2Fwp%2Fv2%2Ftags&post=4018"}],"curies":[{"name":"wp","href":"https:\/\/api.w.org\/{rel}","templated":true}]}}