{"id":4040,"date":"2020-08-11T11:24:23","date_gmt":"2020-08-11T08:24:23","guid":{"rendered":"https:\/\/magdacesti.md\/?p=4040"},"modified":"2020-08-11T11:24:23","modified_gmt":"2020-08-11T08:24:23","slug":"opt-luni-de-munca-pentru-ca-oamenii-sa-aiba-calitate-si-acces-mai-bun-la-apa-potabila","status":"publish","type":"post","link":"https:\/\/magdacesti.md\/?p=4040","title":{"rendered":"Opt luni de munc\u0103, pentru ca oamenii s\u0103 aib\u0103 calitate \u0219i acces mai bun la ap\u0103 potabil\u0103."},"content":{"rendered":"\n<p><strong>O nou\u0103 f\u00e2nt\u00e2n\u0103 artezian\u0103 a fost dat\u0103 \u00een exploatare s\u0103pt\u0103m\u00e2na trecut\u0103 \u00een satul M\u0103gd\u0103ce\u0219ti, care va solu\u021biona problema apei potabile din localitate \u0219i va asigura: str\u0103zile Decebal, \u0218tefan cel Mare, Tudor Arghezi, Dumitru Matcovschi, precum \u0219i cartierul nou de la livad\u0103.<\/strong><\/p>\n\n\n\n<figure class=\"wp-block-image\"><img decoding=\"async\" src=\"https:\/\/magdacesti.md\/wp-content\/uploads\/2020\/08\/IMG_5496-1-1024x768.jpg\" alt=\"\" class=\"wp-image-4042\"\/><\/figure>\n\n\n\n<p>Am muncit din greu \u0219i am b\u0103tut multe c\u0103r\u0103ri ca s\u0103 ne bucur\u0103m \u0219i de aceast\u0103 realizare, una vital\u0103 pentru locuitorii no\u0219tri, deoarece celelalte dou\u0103 f\u00e2nt\u00e2ni nu mai f\u0103ceau fa\u021b\u0103 aprovizion\u0103rii cu ap\u0103 a tuturor gospod\u0103riilor.<br>Debitul de ap\u0103 pompat \u00een turn este suficient pentru alimentarea gospod\u0103riilor de pe str\u0103zile sus men\u021bionate.<\/p>\n\n\n\n<p>Amintim ca \u00een urma pl\u00e2ngerilor parvenite din partea locuitorilor acestor zone pe calitatea proast\u0103 a apei, au fost intreprinse mai multe ac\u021biuni care nu au dat rezultatele scontate.<br>Atunci, am depus un demers de urgen\u021b\u0103 c\u0103tre Institutul Na\u021bional de Cercet\u0103ri \u0219i Proiect\u0103ri \u00een domeniul amenaj\u0103rii teritoriului URBANPROIECT pentru a fi efectuat\u0103 o expertiz\u0103, \u00een baza c\u0103reia s-a luat decizia de a fi construit\u0103 o nou\u0103 f\u00e2nt\u00e2n\u0103 artezian\u0103.<\/p>\n\n\n\n<p><a href=\"https:\/\/www.facebook.com\/hashtag\/la_m%C4%83gd%C4%83ce%C8%99ti_faptele_vorbesc?__eep__=6&amp;source=feed_text&amp;epa=HASHTAG&amp;__xts__%5B0%5D=68.ARDToOPC9_zqHNkk9VC5cI6MqRq98K0s-6vmXzS3sTeWuDHHRwGhku4uETPi2k89hdEsENL3LMlJn4Qg71zhmbwSmptUzWgpHX5WAaqbLMxNx1unfgbU_41I6gMwq-R5ROhqpu4ZZhpmvTQo99GmHd69dCXLUkCre3U2Jp1ePYxd7y9I9MW01BY1QOD9xdHkWp5TgAIw5RGwsmlOqg5BXRIABFzpOUoTHKpqniyTLv4FYdIn0tAAwqGxGrv9rdGLOav9rP_yJ4J_6u7f9eRzvR6zs7HB7wkj&amp;__tn__=%2ANK-R\">#la_M\u0103gd\u0103ce\u0219ti_faptele_vorbesc<\/a><\/p>\n","protected":false},"excerpt":{"rendered":"<p>O nou\u0103 f\u00e2nt\u00e2n\u0103 artezian\u0103 a fost dat\u0103 \u00een exploatare s\u0103pt\u0103m\u00e2na trecut\u0103 \u00een satul M\u0103gd\u0103ce\u0219ti, care va solu\u021biona problema apei potabile din localitate \u0219i va asigura: str\u0103zile Decebal, \u0218tefan cel Mare, Tudor Arghezi, Dumitru Matcovschi, precum \u0219i cartierul nou de la livad\u0103. Am muncit din greu \u0219i am b\u0103tut multe c\u0103r\u0103ri ca s\u0103 ne bucur\u0103m \u0219i [&#8230;]\n","protected":false},"author":2,"featured_media":0,"comment_status":"closed","ping_status":"closed","sticky":false,"template":"","format":"standard","meta":{"ngg_post_thumbnail":0,"footnotes":""},"categories":[4],"tags":[],"class_list":["post-4040","post","type-post","status-publish","format-standard","hentry","category-stiri"],"yoast_head":"<!-- This site is optimized with the Yoast SEO plugin v23.3 - https:\/\/yoast.com\/wordpress\/plugins\/seo\/ -->\n<title>Opt luni de munc\u0103, pentru ca oamenii s\u0103 aib\u0103 calitate \u0219i acces mai bun la ap\u0103 potabil\u0103. - M\u0103gd\u0103ce\u0219ti<\/title>\n<meta name=\"description\" content=\"Bine ati venit pe pagina oficiala a Primariei Magdacesti.\" \/>\n<meta name=\"robots\" content=\"index, follow, max-snippet:-1, max-image-preview:large, max-video-preview:-1\" \/>\n<link rel=\"canonical\" href=\"https:\/\/magdacesti.md\/?p=4040\" \/>\n<meta property=\"og:locale\" content=\"en_US\" \/>\n<meta property=\"og:type\" content=\"article\" \/>\n<meta property=\"og:title\" content=\"Opt luni de munc\u0103, pentru ca oamenii s\u0103 aib\u0103 calitate \u0219i acces mai bun la ap\u0103 potabil\u0103. - M\u0103gd\u0103ce\u0219ti\" \/>\n<meta property=\"og:description\" content=\"Bine ati venit pe pagina oficiala a Primariei Magdacesti.\" \/>\n<meta property=\"og:url\" content=\"https:\/\/magdacesti.md\/?p=4040\" \/>\n<meta property=\"og:site_name\" content=\"M\u0103gd\u0103ce\u0219ti\" \/>\n<meta property=\"article:publisher\" content=\"https:\/\/www.facebook.com\/magdacesti.md\/\" \/>\n<meta property=\"article:published_time\" content=\"2020-08-11T08:24:23+00:00\" \/>\n<meta property=\"og:image\" content=\"https:\/\/magdacesti.md\/wp-content\/uploads\/2020\/08\/IMG_5496-1-1024x768.jpg\" \/>\n<meta name=\"author\" content=\"Olga Enachi\" \/>\n<meta name=\"twitter:card\" content=\"summary_large_image\" \/>\n<meta name=\"twitter:label1\" content=\"Written by\" \/>\n\t<meta name=\"twitter:data1\" content=\"Olga Enachi\" \/>\n\t<meta name=\"twitter:label2\" content=\"Est. reading time\" \/>\n\t<meta name=\"twitter:data2\" content=\"1 minute\" \/>\n<script type=\"application\/ld+json\" class=\"yoast-schema-graph\">{\"@context\":\"https:\/\/schema.org\",\"@graph\":[{\"@type\":\"Article\",\"@id\":\"https:\/\/magdacesti.md\/?p=4040#article\",\"isPartOf\":{\"@id\":\"https:\/\/magdacesti.md\/?p=4040\"},\"author\":{\"name\":\"Olga Enachi\",\"@id\":\"https:\/\/magdacesti.md\/#\/schema\/person\/0068cad735c7cf3ab41a532515da0575\"},\"headline\":\"Opt luni de munc\u0103, pentru ca oamenii s\u0103 aib\u0103 calitate \u0219i acces mai bun la ap\u0103 potabil\u0103.\",\"datePublished\":\"2020-08-11T08:24:23+00:00\",\"dateModified\":\"2020-08-11T08:24:23+00:00\",\"mainEntityOfPage\":{\"@id\":\"https:\/\/magdacesti.md\/?p=4040\"},\"wordCount\":217,\"publisher\":{\"@id\":\"https:\/\/magdacesti.md\/#organization\"},\"image\":{\"@id\":\"https:\/\/magdacesti.md\/?p=4040#primaryimage\"},\"thumbnailUrl\":\"https:\/\/magdacesti.md\/wp-content\/uploads\/2020\/08\/IMG_5496-1-1024x768.jpg\",\"articleSection\":[\"Stiri\"],\"inLanguage\":\"en-US\"},{\"@type\":\"WebPage\",\"@id\":\"https:\/\/magdacesti.md\/?p=4040\",\"url\":\"https:\/\/magdacesti.md\/?p=4040\",\"name\":\"Opt luni de munc\u0103, pentru ca oamenii s\u0103 aib\u0103 calitate \u0219i acces mai bun la ap\u0103 potabil\u0103. - M\u0103gd\u0103ce\u0219ti\",\"isPartOf\":{\"@id\":\"https:\/\/magdacesti.md\/#website\"},\"primaryImageOfPage\":{\"@id\":\"https:\/\/magdacesti.md\/?p=4040#primaryimage\"},\"image\":{\"@id\":\"https:\/\/magdacesti.md\/?p=4040#primaryimage\"},\"thumbnailUrl\":\"https:\/\/magdacesti.md\/wp-content\/uploads\/2020\/08\/IMG_5496-1-1024x768.jpg\",\"datePublished\":\"2020-08-11T08:24:23+00:00\",\"dateModified\":\"2020-08-11T08:24:23+00:00\",\"description\":\"Bine ati venit pe pagina oficiala a Primariei Magdacesti.\",\"breadcrumb\":{\"@id\":\"https:\/\/magdacesti.md\/?p=4040#breadcrumb\"},\"inLanguage\":\"en-US\",\"potentialAction\":[{\"@type\":\"ReadAction\",\"target\":[\"https:\/\/magdacesti.md\/?p=4040\"]}]},{\"@type\":\"ImageObject\",\"inLanguage\":\"en-US\",\"@id\":\"https:\/\/magdacesti.md\/?p=4040#primaryimage\",\"url\":\"https:\/\/magdacesti.md\/wp-content\/uploads\/2020\/08\/IMG_5496-1-1024x768.jpg\",\"contentUrl\":\"https:\/\/magdacesti.md\/wp-content\/uploads\/2020\/08\/IMG_5496-1-1024x768.jpg\"},{\"@type\":\"BreadcrumbList\",\"@id\":\"https:\/\/magdacesti.md\/?p=4040#breadcrumb\",\"itemListElement\":[{\"@type\":\"ListItem\",\"position\":1,\"name\":\"Home\",\"item\":\"https:\/\/magdacesti.md\/\"},{\"@type\":\"ListItem\",\"position\":2,\"name\":\"Opt luni de munc\u0103, pentru ca oamenii s\u0103 aib\u0103 calitate \u0219i acces mai bun la ap\u0103 potabil\u0103.\"}]},{\"@type\":\"WebSite\",\"@id\":\"https:\/\/magdacesti.md\/#website\",\"url\":\"https:\/\/magdacesti.md\/\",\"name\":\"M\u0103gd\u0103ce\u0219ti\",\"description\":\"Un or\u0103\u0219el cu condi\u021bii decente de trai!\",\"publisher\":{\"@id\":\"https:\/\/magdacesti.md\/#organization\"},\"potentialAction\":[{\"@type\":\"SearchAction\",\"target\":{\"@type\":\"EntryPoint\",\"urlTemplate\":\"https:\/\/magdacesti.md\/?s={search_term_string}\"},\"query-input\":\"required name=search_term_string\"}],\"inLanguage\":\"en-US\"},{\"@type\":\"Organization\",\"@id\":\"https:\/\/magdacesti.md\/#organization\",\"name\":\"M\u0103gd\u0103ce\u0219ti\",\"url\":\"https:\/\/magdacesti.md\/\",\"logo\":{\"@type\":\"ImageObject\",\"inLanguage\":\"en-US\",\"@id\":\"https:\/\/magdacesti.md\/#\/schema\/logo\/image\/\",\"url\":\"https:\/\/magdacesti.md\/wp-content\/uploads\/2021\/03\/Foto-514-scaled.jpg\",\"contentUrl\":\"https:\/\/magdacesti.md\/wp-content\/uploads\/2021\/03\/Foto-514-scaled.jpg\",\"width\":2560,\"height\":1707,\"caption\":\"M\u0103gd\u0103ce\u0219ti\"},\"image\":{\"@id\":\"https:\/\/magdacesti.md\/#\/schema\/logo\/image\/\"},\"sameAs\":[\"https:\/\/www.facebook.com\/magdacesti.md\/\"]},{\"@type\":\"Person\",\"@id\":\"https:\/\/magdacesti.md\/#\/schema\/person\/0068cad735c7cf3ab41a532515da0575\",\"name\":\"Olga Enachi\",\"url\":\"https:\/\/magdacesti.md\/?author=2\"}]}<\/script>\n<!-- \/ Yoast SEO plugin. -->","yoast_head_json":{"title":"Opt luni de munc\u0103, pentru ca oamenii s\u0103 aib\u0103 calitate \u0219i acces mai bun la ap\u0103 potabil\u0103. - M\u0103gd\u0103ce\u0219ti","description":"Bine ati venit pe pagina oficiala a Primariei Magdacesti.","robots":{"index":"index","follow":"follow","max-snippet":"max-snippet:-1","max-image-preview":"max-image-preview:large","max-video-preview":"max-video-preview:-1"},"canonical":"https:\/\/magdacesti.md\/?p=4040","og_locale":"en_US","og_type":"article","og_title":"Opt luni de munc\u0103, pentru ca oamenii s\u0103 aib\u0103 calitate \u0219i acces mai bun la ap\u0103 potabil\u0103. - M\u0103gd\u0103ce\u0219ti","og_description":"Bine ati venit pe pagina oficiala a Primariei Magdacesti.","og_url":"https:\/\/magdacesti.md\/?p=4040","og_site_name":"M\u0103gd\u0103ce\u0219ti","article_publisher":"https:\/\/www.facebook.com\/magdacesti.md\/","article_published_time":"2020-08-11T08:24:23+00:00","og_image":[{"url":"https:\/\/magdacesti.md\/wp-content\/uploads\/2020\/08\/IMG_5496-1-1024x768.jpg"}],"author":"Olga Enachi","twitter_card":"summary_large_image","twitter_misc":{"Written by":"Olga Enachi","Est. reading time":"1 minute"},"schema":{"@context":"https:\/\/schema.org","@graph":[{"@type":"Article","@id":"https:\/\/magdacesti.md\/?p=4040#article","isPartOf":{"@id":"https:\/\/magdacesti.md\/?p=4040"},"author":{"name":"Olga Enachi","@id":"https:\/\/magdacesti.md\/#\/schema\/person\/0068cad735c7cf3ab41a532515da0575"},"headline":"Opt luni de munc\u0103, pentru ca oamenii s\u0103 aib\u0103 calitate \u0219i acces mai bun la ap\u0103 potabil\u0103.","datePublished":"2020-08-11T08:24:23+00:00","dateModified":"2020-08-11T08:24:23+00:00","mainEntityOfPage":{"@id":"https:\/\/magdacesti.md\/?p=4040"},"wordCount":217,"publisher":{"@id":"https:\/\/magdacesti.md\/#organization"},"image":{"@id":"https:\/\/magdacesti.md\/?p=4040#primaryimage"},"thumbnailUrl":"https:\/\/magdacesti.md\/wp-content\/uploads\/2020\/08\/IMG_5496-1-1024x768.jpg","articleSection":["Stiri"],"inLanguage":"en-US"},{"@type":"WebPage","@id":"https:\/\/magdacesti.md\/?p=4040","url":"https:\/\/magdacesti.md\/?p=4040","name":"Opt luni de munc\u0103, pentru ca oamenii s\u0103 aib\u0103 calitate \u0219i acces mai bun la ap\u0103 potabil\u0103. - M\u0103gd\u0103ce\u0219ti","isPartOf":{"@id":"https:\/\/magdacesti.md\/#website"},"primaryImageOfPage":{"@id":"https:\/\/magdacesti.md\/?p=4040#primaryimage"},"image":{"@id":"https:\/\/magdacesti.md\/?p=4040#primaryimage"},"thumbnailUrl":"https:\/\/magdacesti.md\/wp-content\/uploads\/2020\/08\/IMG_5496-1-1024x768.jpg","datePublished":"2020-08-11T08:24:23+00:00","dateModified":"2020-08-11T08:24:23+00:00","description":"Bine ati venit pe pagina oficiala a Primariei Magdacesti.","breadcrumb":{"@id":"https:\/\/magdacesti.md\/?p=4040#breadcrumb"},"inLanguage":"en-US","potentialAction":[{"@type":"ReadAction","target":["https:\/\/magdacesti.md\/?p=4040"]}]},{"@type":"ImageObject","inLanguage":"en-US","@id":"https:\/\/magdacesti.md\/?p=4040#primaryimage","url":"https:\/\/magdacesti.md\/wp-content\/uploads\/2020\/08\/IMG_5496-1-1024x768.jpg","contentUrl":"https:\/\/magdacesti.md\/wp-content\/uploads\/2020\/08\/IMG_5496-1-1024x768.jpg"},{"@type":"BreadcrumbList","@id":"https:\/\/magdacesti.md\/?p=4040#breadcrumb","itemListElement":[{"@type":"ListItem","position":1,"name":"Home","item":"https:\/\/magdacesti.md\/"},{"@type":"ListItem","position":2,"name":"Opt luni de munc\u0103, pentru ca oamenii s\u0103 aib\u0103 calitate \u0219i acces mai bun la ap\u0103 potabil\u0103."}]},{"@type":"WebSite","@id":"https:\/\/magdacesti.md\/#website","url":"https:\/\/magdacesti.md\/","name":"M\u0103gd\u0103ce\u0219ti","description":"Un or\u0103\u0219el cu condi\u021bii decente de trai!","publisher":{"@id":"https:\/\/magdacesti.md\/#organization"},"potentialAction":[{"@type":"SearchAction","target":{"@type":"EntryPoint","urlTemplate":"https:\/\/magdacesti.md\/?s={search_term_string}"},"query-input":"required name=search_term_string"}],"inLanguage":"en-US"},{"@type":"Organization","@id":"https:\/\/magdacesti.md\/#organization","name":"M\u0103gd\u0103ce\u0219ti","url":"https:\/\/magdacesti.md\/","logo":{"@type":"ImageObject","inLanguage":"en-US","@id":"https:\/\/magdacesti.md\/#\/schema\/logo\/image\/","url":"https:\/\/magdacesti.md\/wp-content\/uploads\/2021\/03\/Foto-514-scaled.jpg","contentUrl":"https:\/\/magdacesti.md\/wp-content\/uploads\/2021\/03\/Foto-514-scaled.jpg","width":2560,"height":1707,"caption":"M\u0103gd\u0103ce\u0219ti"},"image":{"@id":"https:\/\/magdacesti.md\/#\/schema\/logo\/image\/"},"sameAs":["https:\/\/www.facebook.com\/magdacesti.md\/"]},{"@type":"Person","@id":"https:\/\/magdacesti.md\/#\/schema\/person\/0068cad735c7cf3ab41a532515da0575","name":"Olga Enachi","url":"https:\/\/magdacesti.md\/?author=2"}]}},"_links":{"self":[{"href":"https:\/\/magdacesti.md\/index.php?rest_route=\/wp\/v2\/posts\/4040","targetHints":{"allow":["GET"]}}],"collection":[{"href":"https:\/\/magdacesti.md\/index.php?rest_route=\/wp\/v2\/posts"}],"about":[{"href":"https:\/\/magdacesti.md\/index.php?rest_route=\/wp\/v2\/types\/post"}],"author":[{"embeddable":true,"href":"https:\/\/magdacesti.md\/index.php?rest_route=\/wp\/v2\/users\/2"}],"replies":[{"embeddable":true,"href":"https:\/\/magdacesti.md\/index.php?rest_route=%2Fwp%2Fv2%2Fcomments&post=4040"}],"version-history":[{"count":0,"href":"https:\/\/magdacesti.md\/index.php?rest_route=\/wp\/v2\/posts\/4040\/revisions"}],"wp:attachment":[{"href":"https:\/\/magdacesti.md\/index.php?rest_route=%2Fwp%2Fv2%2Fmedia&parent=4040"}],"wp:term":[{"taxonomy":"category","embeddable":true,"href":"https:\/\/magdacesti.md\/index.php?rest_route=%2Fwp%2Fv2%2Fcategories&post=4040"},{"taxonomy":"post_tag","embeddable":true,"href":"https:\/\/magdacesti.md\/index.php?rest_route=%2Fwp%2Fv2%2Ftags&post=4040"}],"curies":[{"name":"wp","href":"https:\/\/api.w.org\/{rel}","templated":true}]}}