{"id":4054,"date":"2020-08-17T10:24:08","date_gmt":"2020-08-17T07:24:08","guid":{"rendered":"https:\/\/magdacesti.md\/?p=4054"},"modified":"2020-08-17T10:24:08","modified_gmt":"2020-08-17T07:24:08","slug":"la-multi-ani-doamna-svetlana-bitlan","status":"publish","type":"post","link":"https:\/\/magdacesti.md\/?p=4054","title":{"rendered":"La mul\u021bi ani, doamn\u0103 Svetlana B\u00eetlan!"},"content":{"rendered":"\n<figure class=\"wp-block-image\"><img decoding=\"async\" src=\"https:\/\/magdacesti.md\/wp-content\/uploads\/2020\/08\/svetlana-1024x683.jpg\" alt=\"\" class=\"wp-image-4055\"\/><figcaption><strong>La mul\u021bi ani, doamn\u0103 Svetlana B\u00e2tlan!<\/strong><\/figcaption><\/figure>\n\n\n\n<p style=\"text-align:center\">S<strong>timat\u0103 Doamn\u0103 Secretar al Consiliului S\u0103tesc M\u0103gd\u0103ce\u0219ti,<br>\u00cen aceast\u0103 zi special\u0103, V\u0103 adres\u0103m cele mai calde \u0219i sincere ur\u0103ri de s\u0103n\u0103tate, noroc \u00een via\u021b\u0103, fericire \u0219i bun\u0103stare.<br>V\u0103 dorim s\u0103 ave\u021bi parte de succes pe plan profesional, via\u021b\u0103 lung\u0103, noi \u00eempliniri \u0219i bucurii \u0219i tot ce planifica\u021bi s\u0103 se realizeze.<br>V\u0103 mul\u021bumim pentru corectitudinea de care da\u021bi dovad\u0103 \u00eendeplinindu-V\u0103 func\u021bia de Secretar al Consiliului S\u0103tesc M\u0103gd\u0103ce\u0219ti, de mai bine de 20 de ani.<\/strong><\/p>\n\n\n\n<p style=\"text-align:center\"><strong>V\u0103 dorim s\u0103 culege\u021bi doar roade bogate \u0219i respectul tuturor cet\u0103\u021benilor<\/strong>.<\/p>\n\n\n\n<p style=\"text-align:center\"><strong>La Mul\u021bi \u0219i Ferici\u021bi Ani!<\/strong><\/p>\n\n\n\n<p style=\"text-align:center\"><strong>Cu deosebit respect, colectivul prim\u0103riei M\u0103gd\u0103ce\u0219ti.<\/strong><\/p>\n","protected":false},"excerpt":{"rendered":"<p>Stimat\u0103 Doamn\u0103 Secretar al Consiliului S\u0103tesc M\u0103gd\u0103ce\u0219ti,\u00cen aceast\u0103 zi special\u0103, V\u0103 adres\u0103m cele mai calde \u0219i sincere ur\u0103ri de s\u0103n\u0103tate, noroc \u00een via\u021b\u0103, fericire \u0219i bun\u0103stare.V\u0103 dorim s\u0103 ave\u021bi parte de succes pe plan profesional, via\u021b\u0103 lung\u0103, noi \u00eempliniri \u0219i bucurii \u0219i tot ce planifica\u021bi s\u0103 se realizeze.V\u0103 mul\u021bumim pentru corectitudinea de care da\u021bi dovad\u0103 [&#8230;]\n","protected":false},"author":2,"featured_media":0,"comment_status":"closed","ping_status":"closed","sticky":false,"template":"","format":"standard","meta":{"ngg_post_thumbnail":0,"footnotes":""},"categories":[4],"tags":[],"class_list":["post-4054","post","type-post","status-publish","format-standard","hentry","category-stiri"],"yoast_head":"<!-- This site is optimized with the Yoast SEO plugin v23.3 - https:\/\/yoast.com\/wordpress\/plugins\/seo\/ -->\n<title>La mul\u021bi ani, doamn\u0103 Svetlana B\u00eetlan! - M\u0103gd\u0103ce\u0219ti<\/title>\n<meta name=\"description\" content=\"Bine ati venit pe pagina oficiala a Primariei Magdacesti.\" \/>\n<meta name=\"robots\" content=\"index, follow, max-snippet:-1, max-image-preview:large, max-video-preview:-1\" \/>\n<link rel=\"canonical\" href=\"https:\/\/magdacesti.md\/?p=4054\" \/>\n<meta property=\"og:locale\" content=\"en_US\" \/>\n<meta property=\"og:type\" content=\"article\" \/>\n<meta property=\"og:title\" content=\"La mul\u021bi ani, doamn\u0103 Svetlana B\u00eetlan! - M\u0103gd\u0103ce\u0219ti\" \/>\n<meta property=\"og:description\" content=\"Bine ati venit pe pagina oficiala a Primariei Magdacesti.\" \/>\n<meta property=\"og:url\" content=\"https:\/\/magdacesti.md\/?p=4054\" \/>\n<meta property=\"og:site_name\" content=\"M\u0103gd\u0103ce\u0219ti\" \/>\n<meta property=\"article:publisher\" content=\"https:\/\/www.facebook.com\/magdacesti.md\/\" \/>\n<meta property=\"article:published_time\" content=\"2020-08-17T07:24:08+00:00\" \/>\n<meta property=\"og:image\" content=\"https:\/\/magdacesti.md\/wp-content\/uploads\/2020\/08\/svetlana-1024x683.jpg\" \/>\n<meta name=\"author\" content=\"Olga Enachi\" \/>\n<meta name=\"twitter:card\" content=\"summary_large_image\" \/>\n<meta name=\"twitter:label1\" content=\"Written by\" \/>\n\t<meta name=\"twitter:data1\" content=\"Olga Enachi\" \/>\n\t<meta name=\"twitter:label2\" content=\"Est. reading time\" \/>\n\t<meta name=\"twitter:data2\" content=\"1 minute\" \/>\n<script type=\"application\/ld+json\" class=\"yoast-schema-graph\">{\"@context\":\"https:\/\/schema.org\",\"@graph\":[{\"@type\":\"Article\",\"@id\":\"https:\/\/magdacesti.md\/?p=4054#article\",\"isPartOf\":{\"@id\":\"https:\/\/magdacesti.md\/?p=4054\"},\"author\":{\"name\":\"Olga Enachi\",\"@id\":\"https:\/\/magdacesti.md\/#\/schema\/person\/0068cad735c7cf3ab41a532515da0575\"},\"headline\":\"La mul\u021bi ani, doamn\u0103 Svetlana B\u00eetlan!\",\"datePublished\":\"2020-08-17T07:24:08+00:00\",\"dateModified\":\"2020-08-17T07:24:08+00:00\",\"mainEntityOfPage\":{\"@id\":\"https:\/\/magdacesti.md\/?p=4054\"},\"wordCount\":136,\"publisher\":{\"@id\":\"https:\/\/magdacesti.md\/#organization\"},\"image\":{\"@id\":\"https:\/\/magdacesti.md\/?p=4054#primaryimage\"},\"thumbnailUrl\":\"https:\/\/magdacesti.md\/wp-content\/uploads\/2020\/08\/svetlana-1024x683.jpg\",\"articleSection\":[\"Stiri\"],\"inLanguage\":\"en-US\"},{\"@type\":\"WebPage\",\"@id\":\"https:\/\/magdacesti.md\/?p=4054\",\"url\":\"https:\/\/magdacesti.md\/?p=4054\",\"name\":\"La mul\u021bi ani, doamn\u0103 Svetlana B\u00eetlan! - M\u0103gd\u0103ce\u0219ti\",\"isPartOf\":{\"@id\":\"https:\/\/magdacesti.md\/#website\"},\"primaryImageOfPage\":{\"@id\":\"https:\/\/magdacesti.md\/?p=4054#primaryimage\"},\"image\":{\"@id\":\"https:\/\/magdacesti.md\/?p=4054#primaryimage\"},\"thumbnailUrl\":\"https:\/\/magdacesti.md\/wp-content\/uploads\/2020\/08\/svetlana-1024x683.jpg\",\"datePublished\":\"2020-08-17T07:24:08+00:00\",\"dateModified\":\"2020-08-17T07:24:08+00:00\",\"description\":\"Bine ati venit pe pagina oficiala a Primariei Magdacesti.\",\"breadcrumb\":{\"@id\":\"https:\/\/magdacesti.md\/?p=4054#breadcrumb\"},\"inLanguage\":\"en-US\",\"potentialAction\":[{\"@type\":\"ReadAction\",\"target\":[\"https:\/\/magdacesti.md\/?p=4054\"]}]},{\"@type\":\"ImageObject\",\"inLanguage\":\"en-US\",\"@id\":\"https:\/\/magdacesti.md\/?p=4054#primaryimage\",\"url\":\"https:\/\/magdacesti.md\/wp-content\/uploads\/2020\/08\/svetlana-1024x683.jpg\",\"contentUrl\":\"https:\/\/magdacesti.md\/wp-content\/uploads\/2020\/08\/svetlana-1024x683.jpg\"},{\"@type\":\"BreadcrumbList\",\"@id\":\"https:\/\/magdacesti.md\/?p=4054#breadcrumb\",\"itemListElement\":[{\"@type\":\"ListItem\",\"position\":1,\"name\":\"Home\",\"item\":\"https:\/\/magdacesti.md\/\"},{\"@type\":\"ListItem\",\"position\":2,\"name\":\"La mul\u021bi ani, doamn\u0103 Svetlana B\u00eetlan!\"}]},{\"@type\":\"WebSite\",\"@id\":\"https:\/\/magdacesti.md\/#website\",\"url\":\"https:\/\/magdacesti.md\/\",\"name\":\"M\u0103gd\u0103ce\u0219ti\",\"description\":\"Un or\u0103\u0219el cu condi\u021bii decente de trai!\",\"publisher\":{\"@id\":\"https:\/\/magdacesti.md\/#organization\"},\"potentialAction\":[{\"@type\":\"SearchAction\",\"target\":{\"@type\":\"EntryPoint\",\"urlTemplate\":\"https:\/\/magdacesti.md\/?s={search_term_string}\"},\"query-input\":\"required name=search_term_string\"}],\"inLanguage\":\"en-US\"},{\"@type\":\"Organization\",\"@id\":\"https:\/\/magdacesti.md\/#organization\",\"name\":\"M\u0103gd\u0103ce\u0219ti\",\"url\":\"https:\/\/magdacesti.md\/\",\"logo\":{\"@type\":\"ImageObject\",\"inLanguage\":\"en-US\",\"@id\":\"https:\/\/magdacesti.md\/#\/schema\/logo\/image\/\",\"url\":\"https:\/\/magdacesti.md\/wp-content\/uploads\/2021\/03\/Foto-514-scaled.jpg\",\"contentUrl\":\"https:\/\/magdacesti.md\/wp-content\/uploads\/2021\/03\/Foto-514-scaled.jpg\",\"width\":2560,\"height\":1707,\"caption\":\"M\u0103gd\u0103ce\u0219ti\"},\"image\":{\"@id\":\"https:\/\/magdacesti.md\/#\/schema\/logo\/image\/\"},\"sameAs\":[\"https:\/\/www.facebook.com\/magdacesti.md\/\"]},{\"@type\":\"Person\",\"@id\":\"https:\/\/magdacesti.md\/#\/schema\/person\/0068cad735c7cf3ab41a532515da0575\",\"name\":\"Olga Enachi\",\"url\":\"https:\/\/magdacesti.md\/?author=2\"}]}<\/script>\n<!-- \/ Yoast SEO plugin. -->","yoast_head_json":{"title":"La mul\u021bi ani, doamn\u0103 Svetlana B\u00eetlan! - M\u0103gd\u0103ce\u0219ti","description":"Bine ati venit pe pagina oficiala a Primariei Magdacesti.","robots":{"index":"index","follow":"follow","max-snippet":"max-snippet:-1","max-image-preview":"max-image-preview:large","max-video-preview":"max-video-preview:-1"},"canonical":"https:\/\/magdacesti.md\/?p=4054","og_locale":"en_US","og_type":"article","og_title":"La mul\u021bi ani, doamn\u0103 Svetlana B\u00eetlan! - M\u0103gd\u0103ce\u0219ti","og_description":"Bine ati venit pe pagina oficiala a Primariei Magdacesti.","og_url":"https:\/\/magdacesti.md\/?p=4054","og_site_name":"M\u0103gd\u0103ce\u0219ti","article_publisher":"https:\/\/www.facebook.com\/magdacesti.md\/","article_published_time":"2020-08-17T07:24:08+00:00","og_image":[{"url":"https:\/\/magdacesti.md\/wp-content\/uploads\/2020\/08\/svetlana-1024x683.jpg"}],"author":"Olga Enachi","twitter_card":"summary_large_image","twitter_misc":{"Written by":"Olga Enachi","Est. reading time":"1 minute"},"schema":{"@context":"https:\/\/schema.org","@graph":[{"@type":"Article","@id":"https:\/\/magdacesti.md\/?p=4054#article","isPartOf":{"@id":"https:\/\/magdacesti.md\/?p=4054"},"author":{"name":"Olga Enachi","@id":"https:\/\/magdacesti.md\/#\/schema\/person\/0068cad735c7cf3ab41a532515da0575"},"headline":"La mul\u021bi ani, doamn\u0103 Svetlana B\u00eetlan!","datePublished":"2020-08-17T07:24:08+00:00","dateModified":"2020-08-17T07:24:08+00:00","mainEntityOfPage":{"@id":"https:\/\/magdacesti.md\/?p=4054"},"wordCount":136,"publisher":{"@id":"https:\/\/magdacesti.md\/#organization"},"image":{"@id":"https:\/\/magdacesti.md\/?p=4054#primaryimage"},"thumbnailUrl":"https:\/\/magdacesti.md\/wp-content\/uploads\/2020\/08\/svetlana-1024x683.jpg","articleSection":["Stiri"],"inLanguage":"en-US"},{"@type":"WebPage","@id":"https:\/\/magdacesti.md\/?p=4054","url":"https:\/\/magdacesti.md\/?p=4054","name":"La mul\u021bi ani, doamn\u0103 Svetlana B\u00eetlan! - M\u0103gd\u0103ce\u0219ti","isPartOf":{"@id":"https:\/\/magdacesti.md\/#website"},"primaryImageOfPage":{"@id":"https:\/\/magdacesti.md\/?p=4054#primaryimage"},"image":{"@id":"https:\/\/magdacesti.md\/?p=4054#primaryimage"},"thumbnailUrl":"https:\/\/magdacesti.md\/wp-content\/uploads\/2020\/08\/svetlana-1024x683.jpg","datePublished":"2020-08-17T07:24:08+00:00","dateModified":"2020-08-17T07:24:08+00:00","description":"Bine ati venit pe pagina oficiala a Primariei Magdacesti.","breadcrumb":{"@id":"https:\/\/magdacesti.md\/?p=4054#breadcrumb"},"inLanguage":"en-US","potentialAction":[{"@type":"ReadAction","target":["https:\/\/magdacesti.md\/?p=4054"]}]},{"@type":"ImageObject","inLanguage":"en-US","@id":"https:\/\/magdacesti.md\/?p=4054#primaryimage","url":"https:\/\/magdacesti.md\/wp-content\/uploads\/2020\/08\/svetlana-1024x683.jpg","contentUrl":"https:\/\/magdacesti.md\/wp-content\/uploads\/2020\/08\/svetlana-1024x683.jpg"},{"@type":"BreadcrumbList","@id":"https:\/\/magdacesti.md\/?p=4054#breadcrumb","itemListElement":[{"@type":"ListItem","position":1,"name":"Home","item":"https:\/\/magdacesti.md\/"},{"@type":"ListItem","position":2,"name":"La mul\u021bi ani, doamn\u0103 Svetlana B\u00eetlan!"}]},{"@type":"WebSite","@id":"https:\/\/magdacesti.md\/#website","url":"https:\/\/magdacesti.md\/","name":"M\u0103gd\u0103ce\u0219ti","description":"Un or\u0103\u0219el cu condi\u021bii decente de trai!","publisher":{"@id":"https:\/\/magdacesti.md\/#organization"},"potentialAction":[{"@type":"SearchAction","target":{"@type":"EntryPoint","urlTemplate":"https:\/\/magdacesti.md\/?s={search_term_string}"},"query-input":"required name=search_term_string"}],"inLanguage":"en-US"},{"@type":"Organization","@id":"https:\/\/magdacesti.md\/#organization","name":"M\u0103gd\u0103ce\u0219ti","url":"https:\/\/magdacesti.md\/","logo":{"@type":"ImageObject","inLanguage":"en-US","@id":"https:\/\/magdacesti.md\/#\/schema\/logo\/image\/","url":"https:\/\/magdacesti.md\/wp-content\/uploads\/2021\/03\/Foto-514-scaled.jpg","contentUrl":"https:\/\/magdacesti.md\/wp-content\/uploads\/2021\/03\/Foto-514-scaled.jpg","width":2560,"height":1707,"caption":"M\u0103gd\u0103ce\u0219ti"},"image":{"@id":"https:\/\/magdacesti.md\/#\/schema\/logo\/image\/"},"sameAs":["https:\/\/www.facebook.com\/magdacesti.md\/"]},{"@type":"Person","@id":"https:\/\/magdacesti.md\/#\/schema\/person\/0068cad735c7cf3ab41a532515da0575","name":"Olga Enachi","url":"https:\/\/magdacesti.md\/?author=2"}]}},"_links":{"self":[{"href":"https:\/\/magdacesti.md\/index.php?rest_route=\/wp\/v2\/posts\/4054","targetHints":{"allow":["GET"]}}],"collection":[{"href":"https:\/\/magdacesti.md\/index.php?rest_route=\/wp\/v2\/posts"}],"about":[{"href":"https:\/\/magdacesti.md\/index.php?rest_route=\/wp\/v2\/types\/post"}],"author":[{"embeddable":true,"href":"https:\/\/magdacesti.md\/index.php?rest_route=\/wp\/v2\/users\/2"}],"replies":[{"embeddable":true,"href":"https:\/\/magdacesti.md\/index.php?rest_route=%2Fwp%2Fv2%2Fcomments&post=4054"}],"version-history":[{"count":0,"href":"https:\/\/magdacesti.md\/index.php?rest_route=\/wp\/v2\/posts\/4054\/revisions"}],"wp:attachment":[{"href":"https:\/\/magdacesti.md\/index.php?rest_route=%2Fwp%2Fv2%2Fmedia&parent=4054"}],"wp:term":[{"taxonomy":"category","embeddable":true,"href":"https:\/\/magdacesti.md\/index.php?rest_route=%2Fwp%2Fv2%2Fcategories&post=4054"},{"taxonomy":"post_tag","embeddable":true,"href":"https:\/\/magdacesti.md\/index.php?rest_route=%2Fwp%2Fv2%2Ftags&post=4054"}],"curies":[{"name":"wp","href":"https:\/\/api.w.org\/{rel}","templated":true}]}}