{"id":4060,"date":"2020-08-26T10:26:20","date_gmt":"2020-08-26T07:26:20","guid":{"rendered":"https:\/\/magdacesti.md\/?p=4060"},"modified":"2020-08-26T10:26:20","modified_gmt":"2020-08-26T07:26:20","slug":"ce-facem-cu-transportul-public-din-magdacesti","status":"publish","type":"post","link":"https:\/\/magdacesti.md\/?p=4060","title":{"rendered":"Ce facem cu transportul public din M\u0103gd\u0103ce\u0219ti?!"},"content":{"rendered":"\n<figure class=\"wp-block-image is-resized\"><img loading=\"lazy\" decoding=\"async\" src=\"https:\/\/magdacesti.md\/wp-content\/uploads\/2020\/08\/viber_image_2020-08-25_19-49-38.jpg\" alt=\"\" class=\"wp-image-4061\" width=\"503\" height=\"755\"\/><\/figure>\n\n\n\n<p><strong><em>Transportul public ineficient sau chiar inexistent, nesigur \u0219i supra\u00eenc\u0103rcat \u00een orele de v\u00e2rf este o problem\u0103 constant\u0103 care afecteaz\u0103 locuitorii satului M\u0103gd\u0103ce\u0219ti.<\/em><\/strong><\/p>\n\n\n\n<p><br>Cu regret, constat\u0103m c\u0103 firma care are licen\u021b\u0103 de transport \u00een localitatea noastr\u0103 nu-\u0219i respect\u0103 obliga\u021biile asumate fa\u021b\u0103 de c\u0103l\u0103tori.<br>Anterior, administra\u021bia rutei g\u0103sea zeci de scuze precum c\u0103 drumurile sunt impracticabile \u0219i c\u0103l\u0103torii nu pot fi transporta\u021bi p\u00e2n\u0103 la sta\u021bia terminus. Acum c\u0103 toate drumurile centrale sunt construite capital, microbuzele au acelea\u0219i abateri de la traseu. Nu se \u021bine cont de orarul graficului afi\u0219at, iar oamenii a\u0219teapt\u0103 \u00een sta\u021bii c\u00e2te o or\u0103, parcurg kilometri p\u00e2n\u0103 la traseul na\u021bional, apoi se \u00eembulzesc \u00een alte microbuze de pe alte rute, f\u0103r\u0103 a putea respecta m\u0103surile de protec\u021bie \u00een perioada pandemic\u0103.<br>\u00cen asemenea condi\u021bii, necesitatea unor solu\u021bii rapide este tot mai mare.<\/p>\n\n\n\n<p>Stima\u021bi locuitori, \u021binem s\u0103 v\u0103 inform\u0103m c\u0103 s\u0103pt\u0103m\u00e2na trecut\u0103 am semnat un alt demers c\u0103tre Agen\u021bia Na\u021bional\u0103 Transport Auto (ANTA) prin care solicit\u0103m de urgen\u021b\u0103 solu\u021bionarea acestei probleme.<\/p>\n\n\n\n<div class=\"wp-block-image\"><figure class=\"aligncenter is-resized\"><img loading=\"lazy\" decoding=\"async\" src=\"https:\/\/magdacesti.md\/wp-content\/uploads\/2020\/08\/Annotation-2020-08-25-171346.png\" alt=\"\" class=\"wp-image-4062\" width=\"491\" height=\"649\"\/><\/figure><\/div>\n\n\n\n<p>Vreau s\u0103 v\u0103 \u00eendemn s\u0103 ne semnala\u021bi orice deviere \u00eent\u00e2lnit\u0103 vis- a- vis de transportul public din satul M\u0103gd\u0103ce\u0219ti \u0219i chiar ar fi binevenite ideile \u0219i propunerile dumneavoastr\u0103.<\/p>\n\n\n\n<p>Se apropie 1 septembrie, atunci c\u00e2nd elevii \u0219i studen\u021bii \u00ee\u0219i reiau cursurile, iar 70 la sut\u0103 din popula\u021bia satului M\u0103gd\u0103ce\u0219ti face naveta spre Chi\u0219in\u0103u \u0219i retur. E timpul s\u0103 ne mobiliz\u0103m \u0219i \u00eempreun\u0103 s\u0103 g\u0103sim resurse ca s\u0103 \u00eembun\u0103t\u0103\u021bim situa\u021bia \u0219i \u00een acest domeniu.<\/p>\n\n\n\n<p>Dac\u0103 \u00een cel mai scurt timp nu vom nici o reac\u021bie din partea Agen\u021biei Na\u021bionale Transport Auto, vom \u00eenainta o peti\u021bie, pe care v\u0103 rug\u0103m respectuos s-o semna\u021bi \u00een num\u0103r c\u00e2t mai mare.<\/p>\n","protected":false},"excerpt":{"rendered":"<p>Transportul public ineficient sau chiar inexistent, nesigur \u0219i supra\u00eenc\u0103rcat \u00een orele de v\u00e2rf este o problem\u0103 constant\u0103 care afecteaz\u0103 locuitorii satului M\u0103gd\u0103ce\u0219ti. Cu regret, constat\u0103m c\u0103 firma care are licen\u021b\u0103 de transport \u00een localitatea noastr\u0103 nu-\u0219i respect\u0103 obliga\u021biile asumate fa\u021b\u0103 de c\u0103l\u0103tori.Anterior, administra\u021bia rutei g\u0103sea zeci de scuze precum c\u0103 drumurile sunt impracticabile \u0219i c\u0103l\u0103torii [&#8230;]\n","protected":false},"author":2,"featured_media":0,"comment_status":"closed","ping_status":"closed","sticky":false,"template":"","format":"standard","meta":{"ngg_post_thumbnail":0,"footnotes":""},"categories":[4],"tags":[],"class_list":["post-4060","post","type-post","status-publish","format-standard","hentry","category-stiri"],"yoast_head":"<!-- This site is optimized with the Yoast SEO plugin v23.3 - https:\/\/yoast.com\/wordpress\/plugins\/seo\/ -->\n<title>Ce facem cu transportul public din M\u0103gd\u0103ce\u0219ti?! - M\u0103gd\u0103ce\u0219ti<\/title>\n<meta name=\"description\" content=\"Bine ati venit pe pagina oficiala a Primariei Magdacesti.\" \/>\n<meta name=\"robots\" content=\"index, follow, max-snippet:-1, max-image-preview:large, max-video-preview:-1\" \/>\n<link rel=\"canonical\" href=\"https:\/\/magdacesti.md\/?p=4060\" \/>\n<meta property=\"og:locale\" content=\"en_US\" \/>\n<meta property=\"og:type\" content=\"article\" \/>\n<meta property=\"og:title\" content=\"Ce facem cu transportul public din M\u0103gd\u0103ce\u0219ti?! - M\u0103gd\u0103ce\u0219ti\" \/>\n<meta property=\"og:description\" content=\"Bine ati venit pe pagina oficiala a Primariei Magdacesti.\" \/>\n<meta property=\"og:url\" content=\"https:\/\/magdacesti.md\/?p=4060\" \/>\n<meta property=\"og:site_name\" content=\"M\u0103gd\u0103ce\u0219ti\" \/>\n<meta property=\"article:publisher\" content=\"https:\/\/www.facebook.com\/magdacesti.md\/\" \/>\n<meta property=\"article:published_time\" content=\"2020-08-26T07:26:20+00:00\" \/>\n<meta property=\"og:image\" content=\"https:\/\/magdacesti.md\/wp-content\/uploads\/2020\/08\/viber_image_2020-08-25_19-49-38.jpg\" \/>\n<meta name=\"author\" content=\"Olga Enachi\" \/>\n<meta name=\"twitter:card\" content=\"summary_large_image\" \/>\n<meta name=\"twitter:label1\" content=\"Written by\" \/>\n\t<meta name=\"twitter:data1\" content=\"Olga Enachi\" \/>\n\t<meta name=\"twitter:label2\" content=\"Est. reading time\" \/>\n\t<meta name=\"twitter:data2\" content=\"2 minutes\" \/>\n<script type=\"application\/ld+json\" class=\"yoast-schema-graph\">{\"@context\":\"https:\/\/schema.org\",\"@graph\":[{\"@type\":\"Article\",\"@id\":\"https:\/\/magdacesti.md\/?p=4060#article\",\"isPartOf\":{\"@id\":\"https:\/\/magdacesti.md\/?p=4060\"},\"author\":{\"name\":\"Olga Enachi\",\"@id\":\"https:\/\/magdacesti.md\/#\/schema\/person\/0068cad735c7cf3ab41a532515da0575\"},\"headline\":\"Ce facem cu transportul public din M\u0103gd\u0103ce\u0219ti?!\",\"datePublished\":\"2020-08-26T07:26:20+00:00\",\"dateModified\":\"2020-08-26T07:26:20+00:00\",\"mainEntityOfPage\":{\"@id\":\"https:\/\/magdacesti.md\/?p=4060\"},\"wordCount\":339,\"publisher\":{\"@id\":\"https:\/\/magdacesti.md\/#organization\"},\"image\":{\"@id\":\"https:\/\/magdacesti.md\/?p=4060#primaryimage\"},\"thumbnailUrl\":\"https:\/\/magdacesti.md\/wp-content\/uploads\/2020\/08\/viber_image_2020-08-25_19-49-38.jpg\",\"articleSection\":[\"Stiri\"],\"inLanguage\":\"en-US\"},{\"@type\":\"WebPage\",\"@id\":\"https:\/\/magdacesti.md\/?p=4060\",\"url\":\"https:\/\/magdacesti.md\/?p=4060\",\"name\":\"Ce facem cu transportul public din M\u0103gd\u0103ce\u0219ti?! - M\u0103gd\u0103ce\u0219ti\",\"isPartOf\":{\"@id\":\"https:\/\/magdacesti.md\/#website\"},\"primaryImageOfPage\":{\"@id\":\"https:\/\/magdacesti.md\/?p=4060#primaryimage\"},\"image\":{\"@id\":\"https:\/\/magdacesti.md\/?p=4060#primaryimage\"},\"thumbnailUrl\":\"https:\/\/magdacesti.md\/wp-content\/uploads\/2020\/08\/viber_image_2020-08-25_19-49-38.jpg\",\"datePublished\":\"2020-08-26T07:26:20+00:00\",\"dateModified\":\"2020-08-26T07:26:20+00:00\",\"description\":\"Bine ati venit pe pagina oficiala a Primariei Magdacesti.\",\"breadcrumb\":{\"@id\":\"https:\/\/magdacesti.md\/?p=4060#breadcrumb\"},\"inLanguage\":\"en-US\",\"potentialAction\":[{\"@type\":\"ReadAction\",\"target\":[\"https:\/\/magdacesti.md\/?p=4060\"]}]},{\"@type\":\"ImageObject\",\"inLanguage\":\"en-US\",\"@id\":\"https:\/\/magdacesti.md\/?p=4060#primaryimage\",\"url\":\"https:\/\/magdacesti.md\/wp-content\/uploads\/2020\/08\/viber_image_2020-08-25_19-49-38.jpg\",\"contentUrl\":\"https:\/\/magdacesti.md\/wp-content\/uploads\/2020\/08\/viber_image_2020-08-25_19-49-38.jpg\"},{\"@type\":\"BreadcrumbList\",\"@id\":\"https:\/\/magdacesti.md\/?p=4060#breadcrumb\",\"itemListElement\":[{\"@type\":\"ListItem\",\"position\":1,\"name\":\"Home\",\"item\":\"https:\/\/magdacesti.md\/\"},{\"@type\":\"ListItem\",\"position\":2,\"name\":\"Ce facem cu transportul public din M\u0103gd\u0103ce\u0219ti?!\"}]},{\"@type\":\"WebSite\",\"@id\":\"https:\/\/magdacesti.md\/#website\",\"url\":\"https:\/\/magdacesti.md\/\",\"name\":\"M\u0103gd\u0103ce\u0219ti\",\"description\":\"Un or\u0103\u0219el cu condi\u021bii decente de trai!\",\"publisher\":{\"@id\":\"https:\/\/magdacesti.md\/#organization\"},\"potentialAction\":[{\"@type\":\"SearchAction\",\"target\":{\"@type\":\"EntryPoint\",\"urlTemplate\":\"https:\/\/magdacesti.md\/?s={search_term_string}\"},\"query-input\":\"required name=search_term_string\"}],\"inLanguage\":\"en-US\"},{\"@type\":\"Organization\",\"@id\":\"https:\/\/magdacesti.md\/#organization\",\"name\":\"M\u0103gd\u0103ce\u0219ti\",\"url\":\"https:\/\/magdacesti.md\/\",\"logo\":{\"@type\":\"ImageObject\",\"inLanguage\":\"en-US\",\"@id\":\"https:\/\/magdacesti.md\/#\/schema\/logo\/image\/\",\"url\":\"https:\/\/magdacesti.md\/wp-content\/uploads\/2021\/03\/Foto-514-scaled.jpg\",\"contentUrl\":\"https:\/\/magdacesti.md\/wp-content\/uploads\/2021\/03\/Foto-514-scaled.jpg\",\"width\":2560,\"height\":1707,\"caption\":\"M\u0103gd\u0103ce\u0219ti\"},\"image\":{\"@id\":\"https:\/\/magdacesti.md\/#\/schema\/logo\/image\/\"},\"sameAs\":[\"https:\/\/www.facebook.com\/magdacesti.md\/\"]},{\"@type\":\"Person\",\"@id\":\"https:\/\/magdacesti.md\/#\/schema\/person\/0068cad735c7cf3ab41a532515da0575\",\"name\":\"Olga Enachi\",\"url\":\"https:\/\/magdacesti.md\/?author=2\"}]}<\/script>\n<!-- \/ Yoast SEO plugin. -->","yoast_head_json":{"title":"Ce facem cu transportul public din M\u0103gd\u0103ce\u0219ti?! - M\u0103gd\u0103ce\u0219ti","description":"Bine ati venit pe pagina oficiala a Primariei Magdacesti.","robots":{"index":"index","follow":"follow","max-snippet":"max-snippet:-1","max-image-preview":"max-image-preview:large","max-video-preview":"max-video-preview:-1"},"canonical":"https:\/\/magdacesti.md\/?p=4060","og_locale":"en_US","og_type":"article","og_title":"Ce facem cu transportul public din M\u0103gd\u0103ce\u0219ti?! - M\u0103gd\u0103ce\u0219ti","og_description":"Bine ati venit pe pagina oficiala a Primariei Magdacesti.","og_url":"https:\/\/magdacesti.md\/?p=4060","og_site_name":"M\u0103gd\u0103ce\u0219ti","article_publisher":"https:\/\/www.facebook.com\/magdacesti.md\/","article_published_time":"2020-08-26T07:26:20+00:00","og_image":[{"url":"https:\/\/magdacesti.md\/wp-content\/uploads\/2020\/08\/viber_image_2020-08-25_19-49-38.jpg"}],"author":"Olga Enachi","twitter_card":"summary_large_image","twitter_misc":{"Written by":"Olga Enachi","Est. reading time":"2 minutes"},"schema":{"@context":"https:\/\/schema.org","@graph":[{"@type":"Article","@id":"https:\/\/magdacesti.md\/?p=4060#article","isPartOf":{"@id":"https:\/\/magdacesti.md\/?p=4060"},"author":{"name":"Olga Enachi","@id":"https:\/\/magdacesti.md\/#\/schema\/person\/0068cad735c7cf3ab41a532515da0575"},"headline":"Ce facem cu transportul public din M\u0103gd\u0103ce\u0219ti?!","datePublished":"2020-08-26T07:26:20+00:00","dateModified":"2020-08-26T07:26:20+00:00","mainEntityOfPage":{"@id":"https:\/\/magdacesti.md\/?p=4060"},"wordCount":339,"publisher":{"@id":"https:\/\/magdacesti.md\/#organization"},"image":{"@id":"https:\/\/magdacesti.md\/?p=4060#primaryimage"},"thumbnailUrl":"https:\/\/magdacesti.md\/wp-content\/uploads\/2020\/08\/viber_image_2020-08-25_19-49-38.jpg","articleSection":["Stiri"],"inLanguage":"en-US"},{"@type":"WebPage","@id":"https:\/\/magdacesti.md\/?p=4060","url":"https:\/\/magdacesti.md\/?p=4060","name":"Ce facem cu transportul public din M\u0103gd\u0103ce\u0219ti?! - M\u0103gd\u0103ce\u0219ti","isPartOf":{"@id":"https:\/\/magdacesti.md\/#website"},"primaryImageOfPage":{"@id":"https:\/\/magdacesti.md\/?p=4060#primaryimage"},"image":{"@id":"https:\/\/magdacesti.md\/?p=4060#primaryimage"},"thumbnailUrl":"https:\/\/magdacesti.md\/wp-content\/uploads\/2020\/08\/viber_image_2020-08-25_19-49-38.jpg","datePublished":"2020-08-26T07:26:20+00:00","dateModified":"2020-08-26T07:26:20+00:00","description":"Bine ati venit pe pagina oficiala a Primariei Magdacesti.","breadcrumb":{"@id":"https:\/\/magdacesti.md\/?p=4060#breadcrumb"},"inLanguage":"en-US","potentialAction":[{"@type":"ReadAction","target":["https:\/\/magdacesti.md\/?p=4060"]}]},{"@type":"ImageObject","inLanguage":"en-US","@id":"https:\/\/magdacesti.md\/?p=4060#primaryimage","url":"https:\/\/magdacesti.md\/wp-content\/uploads\/2020\/08\/viber_image_2020-08-25_19-49-38.jpg","contentUrl":"https:\/\/magdacesti.md\/wp-content\/uploads\/2020\/08\/viber_image_2020-08-25_19-49-38.jpg"},{"@type":"BreadcrumbList","@id":"https:\/\/magdacesti.md\/?p=4060#breadcrumb","itemListElement":[{"@type":"ListItem","position":1,"name":"Home","item":"https:\/\/magdacesti.md\/"},{"@type":"ListItem","position":2,"name":"Ce facem cu transportul public din M\u0103gd\u0103ce\u0219ti?!"}]},{"@type":"WebSite","@id":"https:\/\/magdacesti.md\/#website","url":"https:\/\/magdacesti.md\/","name":"M\u0103gd\u0103ce\u0219ti","description":"Un or\u0103\u0219el cu condi\u021bii decente de trai!","publisher":{"@id":"https:\/\/magdacesti.md\/#organization"},"potentialAction":[{"@type":"SearchAction","target":{"@type":"EntryPoint","urlTemplate":"https:\/\/magdacesti.md\/?s={search_term_string}"},"query-input":"required name=search_term_string"}],"inLanguage":"en-US"},{"@type":"Organization","@id":"https:\/\/magdacesti.md\/#organization","name":"M\u0103gd\u0103ce\u0219ti","url":"https:\/\/magdacesti.md\/","logo":{"@type":"ImageObject","inLanguage":"en-US","@id":"https:\/\/magdacesti.md\/#\/schema\/logo\/image\/","url":"https:\/\/magdacesti.md\/wp-content\/uploads\/2021\/03\/Foto-514-scaled.jpg","contentUrl":"https:\/\/magdacesti.md\/wp-content\/uploads\/2021\/03\/Foto-514-scaled.jpg","width":2560,"height":1707,"caption":"M\u0103gd\u0103ce\u0219ti"},"image":{"@id":"https:\/\/magdacesti.md\/#\/schema\/logo\/image\/"},"sameAs":["https:\/\/www.facebook.com\/magdacesti.md\/"]},{"@type":"Person","@id":"https:\/\/magdacesti.md\/#\/schema\/person\/0068cad735c7cf3ab41a532515da0575","name":"Olga Enachi","url":"https:\/\/magdacesti.md\/?author=2"}]}},"_links":{"self":[{"href":"https:\/\/magdacesti.md\/index.php?rest_route=\/wp\/v2\/posts\/4060","targetHints":{"allow":["GET"]}}],"collection":[{"href":"https:\/\/magdacesti.md\/index.php?rest_route=\/wp\/v2\/posts"}],"about":[{"href":"https:\/\/magdacesti.md\/index.php?rest_route=\/wp\/v2\/types\/post"}],"author":[{"embeddable":true,"href":"https:\/\/magdacesti.md\/index.php?rest_route=\/wp\/v2\/users\/2"}],"replies":[{"embeddable":true,"href":"https:\/\/magdacesti.md\/index.php?rest_route=%2Fwp%2Fv2%2Fcomments&post=4060"}],"version-history":[{"count":0,"href":"https:\/\/magdacesti.md\/index.php?rest_route=\/wp\/v2\/posts\/4060\/revisions"}],"wp:attachment":[{"href":"https:\/\/magdacesti.md\/index.php?rest_route=%2Fwp%2Fv2%2Fmedia&parent=4060"}],"wp:term":[{"taxonomy":"category","embeddable":true,"href":"https:\/\/magdacesti.md\/index.php?rest_route=%2Fwp%2Fv2%2Fcategories&post=4060"},{"taxonomy":"post_tag","embeddable":true,"href":"https:\/\/magdacesti.md\/index.php?rest_route=%2Fwp%2Fv2%2Ftags&post=4060"}],"curies":[{"name":"wp","href":"https:\/\/api.w.org\/{rel}","templated":true}]}}