{"id":4239,"date":"2021-01-24T13:47:00","date_gmt":"2021-01-24T11:47:00","guid":{"rendered":"https:\/\/magdacesti.md\/?p=4239"},"modified":"2021-01-24T13:47:00","modified_gmt":"2021-01-24T11:47:00","slug":"in-atentia-locuitorilor-satului-magdacesti-opriri-de-apa-pentru-lucrari-de-interventie","status":"publish","type":"post","link":"https:\/\/magdacesti.md\/?p=4239","title":{"rendered":"\u00cen aten\u021bia locuitorilor satului M\u0103gd\u0103ce\u0219ti. Opriri de ap\u0103 pentru lucr\u0103ri de interven\u021bie."},"content":{"rendered":"\n<figure class=\"wp-block-image size-large\"><img decoding=\"async\" src=\"https:\/\/magdacesti.md\/wp-content\/uploads\/2021\/01\/se-opreste-apa-640x400-4.jpg\" alt=\"\" class=\"wp-image-4240\"\/><\/figure>\n\n\n\n<p>\u00ceM,, Ap\u0103-Canal M\u0103gd\u0103ce\u015fti\u201d v\u0103 informeaz\u0103, c\u0103 pe data de 27.01.2021 (miercuri), \u00een intervalul de timp 8:00 &#8211; 14:00, va fi sistat serviciul de aprovizionare cu ap\u0103 \u00een leg\u0103tur\u0103 cu sp\u0103larea \u0219i dezinfectarea turnului, re\u021belelor centrale \u0219i secundare de apeduct de pe str\u0103zile: Albinu\u021ba, Bucure\u0219ti, Decebal, Flutura,Independen\u021bei, Ion Vatamanu, Lucian Blaga, Mihai Kog\u0103lniceanu, Mihail Sadoveanu, Mu\u0219atinilor, Nicolae Iorga,Nicolae Titulescu, Vasile Lupu, \u0218tefan cel Mare \u0219i Sf\u00e2nt (fundac), Tineretului, Trandafirilor, Tudor Arghezi, Eugen Doga. Ne cerem scuze pentru eventualele incomodit\u0103\u021bi ce pot fi cauzate de \u00eentreruperea \u00een livrarea apei potabile.<\/p>\n\n\n\n<p>Pentru \u00eentreb\u0103ri \u0219i informa\u021bii suplimentare, contacta\u021bi-ne la urm\u0103toarele numere de telefon : 0(248)33860; 0(69)785108.<\/p>\n","protected":false},"excerpt":{"rendered":"<p>\u00ceM,, Ap\u0103-Canal M\u0103gd\u0103ce\u015fti\u201d v\u0103 informeaz\u0103, c\u0103 pe data de 27.01.2021 (miercuri), \u00een intervalul de timp 8:00 &#8211; 14:00, va fi sistat serviciul de aprovizionare cu ap\u0103 \u00een leg\u0103tur\u0103 cu sp\u0103larea \u0219i dezinfectarea turnului, re\u021belelor centrale \u0219i secundare de apeduct de pe str\u0103zile: Albinu\u021ba, Bucure\u0219ti, Decebal, Flutura,Independen\u021bei, Ion Vatamanu, Lucian Blaga, Mihai Kog\u0103lniceanu, Mihail Sadoveanu, Mu\u0219atinilor, [&#8230;]\n","protected":false},"author":2,"featured_media":0,"comment_status":"closed","ping_status":"closed","sticky":false,"template":"","format":"standard","meta":{"ngg_post_thumbnail":0,"footnotes":""},"categories":[4],"tags":[],"class_list":["post-4239","post","type-post","status-publish","format-standard","hentry","category-stiri"],"yoast_head":"<!-- This site is optimized with the Yoast SEO plugin v23.3 - https:\/\/yoast.com\/wordpress\/plugins\/seo\/ -->\n<title>\u00cen aten\u021bia locuitorilor satului M\u0103gd\u0103ce\u0219ti. Opriri de ap\u0103 pentru lucr\u0103ri de interven\u021bie. - M\u0103gd\u0103ce\u0219ti<\/title>\n<meta name=\"description\" content=\"Bine ati venit pe pagina oficiala a Primariei Magdacesti.\" \/>\n<meta name=\"robots\" content=\"index, follow, max-snippet:-1, max-image-preview:large, max-video-preview:-1\" \/>\n<link rel=\"canonical\" href=\"https:\/\/magdacesti.md\/?p=4239\" \/>\n<meta property=\"og:locale\" content=\"en_US\" \/>\n<meta property=\"og:type\" content=\"article\" \/>\n<meta property=\"og:title\" content=\"\u00cen aten\u021bia locuitorilor satului M\u0103gd\u0103ce\u0219ti. Opriri de ap\u0103 pentru lucr\u0103ri de interven\u021bie. - M\u0103gd\u0103ce\u0219ti\" \/>\n<meta property=\"og:description\" content=\"Bine ati venit pe pagina oficiala a Primariei Magdacesti.\" \/>\n<meta property=\"og:url\" content=\"https:\/\/magdacesti.md\/?p=4239\" \/>\n<meta property=\"og:site_name\" content=\"M\u0103gd\u0103ce\u0219ti\" \/>\n<meta property=\"article:publisher\" content=\"https:\/\/www.facebook.com\/magdacesti.md\/\" \/>\n<meta property=\"article:published_time\" content=\"2021-01-24T11:47:00+00:00\" \/>\n<meta property=\"og:image\" content=\"https:\/\/magdacesti.md\/wp-content\/uploads\/2021\/01\/se-opreste-apa-640x400-4.jpg\" \/>\n<meta name=\"author\" content=\"Olga Enachi\" \/>\n<meta name=\"twitter:card\" content=\"summary_large_image\" \/>\n<meta name=\"twitter:label1\" content=\"Written by\" \/>\n\t<meta name=\"twitter:data1\" content=\"Olga Enachi\" \/>\n\t<meta name=\"twitter:label2\" content=\"Est. reading time\" \/>\n\t<meta name=\"twitter:data2\" content=\"1 minute\" \/>\n<script type=\"application\/ld+json\" class=\"yoast-schema-graph\">{\"@context\":\"https:\/\/schema.org\",\"@graph\":[{\"@type\":\"Article\",\"@id\":\"https:\/\/magdacesti.md\/?p=4239#article\",\"isPartOf\":{\"@id\":\"https:\/\/magdacesti.md\/?p=4239\"},\"author\":{\"name\":\"Olga Enachi\",\"@id\":\"https:\/\/magdacesti.md\/#\/schema\/person\/0068cad735c7cf3ab41a532515da0575\"},\"headline\":\"\u00cen aten\u021bia locuitorilor satului M\u0103gd\u0103ce\u0219ti. Opriri de ap\u0103 pentru lucr\u0103ri de interven\u021bie.\",\"datePublished\":\"2021-01-24T11:47:00+00:00\",\"dateModified\":\"2021-01-24T11:47:00+00:00\",\"mainEntityOfPage\":{\"@id\":\"https:\/\/magdacesti.md\/?p=4239\"},\"wordCount\":135,\"publisher\":{\"@id\":\"https:\/\/magdacesti.md\/#organization\"},\"image\":{\"@id\":\"https:\/\/magdacesti.md\/?p=4239#primaryimage\"},\"thumbnailUrl\":\"https:\/\/magdacesti.md\/wp-content\/uploads\/2021\/01\/se-opreste-apa-640x400-4.jpg\",\"articleSection\":[\"Stiri\"],\"inLanguage\":\"en-US\"},{\"@type\":\"WebPage\",\"@id\":\"https:\/\/magdacesti.md\/?p=4239\",\"url\":\"https:\/\/magdacesti.md\/?p=4239\",\"name\":\"\u00cen aten\u021bia locuitorilor satului M\u0103gd\u0103ce\u0219ti. Opriri de ap\u0103 pentru lucr\u0103ri de interven\u021bie. - M\u0103gd\u0103ce\u0219ti\",\"isPartOf\":{\"@id\":\"https:\/\/magdacesti.md\/#website\"},\"primaryImageOfPage\":{\"@id\":\"https:\/\/magdacesti.md\/?p=4239#primaryimage\"},\"image\":{\"@id\":\"https:\/\/magdacesti.md\/?p=4239#primaryimage\"},\"thumbnailUrl\":\"https:\/\/magdacesti.md\/wp-content\/uploads\/2021\/01\/se-opreste-apa-640x400-4.jpg\",\"datePublished\":\"2021-01-24T11:47:00+00:00\",\"dateModified\":\"2021-01-24T11:47:00+00:00\",\"description\":\"Bine ati venit pe pagina oficiala a Primariei Magdacesti.\",\"breadcrumb\":{\"@id\":\"https:\/\/magdacesti.md\/?p=4239#breadcrumb\"},\"inLanguage\":\"en-US\",\"potentialAction\":[{\"@type\":\"ReadAction\",\"target\":[\"https:\/\/magdacesti.md\/?p=4239\"]}]},{\"@type\":\"ImageObject\",\"inLanguage\":\"en-US\",\"@id\":\"https:\/\/magdacesti.md\/?p=4239#primaryimage\",\"url\":\"https:\/\/magdacesti.md\/wp-content\/uploads\/2021\/01\/se-opreste-apa-640x400-4.jpg\",\"contentUrl\":\"https:\/\/magdacesti.md\/wp-content\/uploads\/2021\/01\/se-opreste-apa-640x400-4.jpg\"},{\"@type\":\"BreadcrumbList\",\"@id\":\"https:\/\/magdacesti.md\/?p=4239#breadcrumb\",\"itemListElement\":[{\"@type\":\"ListItem\",\"position\":1,\"name\":\"Home\",\"item\":\"https:\/\/magdacesti.md\/\"},{\"@type\":\"ListItem\",\"position\":2,\"name\":\"\u00cen aten\u021bia locuitorilor satului M\u0103gd\u0103ce\u0219ti. Opriri de ap\u0103 pentru lucr\u0103ri de interven\u021bie.\"}]},{\"@type\":\"WebSite\",\"@id\":\"https:\/\/magdacesti.md\/#website\",\"url\":\"https:\/\/magdacesti.md\/\",\"name\":\"M\u0103gd\u0103ce\u0219ti\",\"description\":\"Un or\u0103\u0219el cu condi\u021bii decente de trai!\",\"publisher\":{\"@id\":\"https:\/\/magdacesti.md\/#organization\"},\"potentialAction\":[{\"@type\":\"SearchAction\",\"target\":{\"@type\":\"EntryPoint\",\"urlTemplate\":\"https:\/\/magdacesti.md\/?s={search_term_string}\"},\"query-input\":\"required name=search_term_string\"}],\"inLanguage\":\"en-US\"},{\"@type\":\"Organization\",\"@id\":\"https:\/\/magdacesti.md\/#organization\",\"name\":\"M\u0103gd\u0103ce\u0219ti\",\"url\":\"https:\/\/magdacesti.md\/\",\"logo\":{\"@type\":\"ImageObject\",\"inLanguage\":\"en-US\",\"@id\":\"https:\/\/magdacesti.md\/#\/schema\/logo\/image\/\",\"url\":\"https:\/\/magdacesti.md\/wp-content\/uploads\/2021\/03\/Foto-514-scaled.jpg\",\"contentUrl\":\"https:\/\/magdacesti.md\/wp-content\/uploads\/2021\/03\/Foto-514-scaled.jpg\",\"width\":2560,\"height\":1707,\"caption\":\"M\u0103gd\u0103ce\u0219ti\"},\"image\":{\"@id\":\"https:\/\/magdacesti.md\/#\/schema\/logo\/image\/\"},\"sameAs\":[\"https:\/\/www.facebook.com\/magdacesti.md\/\"]},{\"@type\":\"Person\",\"@id\":\"https:\/\/magdacesti.md\/#\/schema\/person\/0068cad735c7cf3ab41a532515da0575\",\"name\":\"Olga Enachi\",\"url\":\"https:\/\/magdacesti.md\/?author=2\"}]}<\/script>\n<!-- \/ Yoast SEO plugin. -->","yoast_head_json":{"title":"\u00cen aten\u021bia locuitorilor satului M\u0103gd\u0103ce\u0219ti. Opriri de ap\u0103 pentru lucr\u0103ri de interven\u021bie. - M\u0103gd\u0103ce\u0219ti","description":"Bine ati venit pe pagina oficiala a Primariei Magdacesti.","robots":{"index":"index","follow":"follow","max-snippet":"max-snippet:-1","max-image-preview":"max-image-preview:large","max-video-preview":"max-video-preview:-1"},"canonical":"https:\/\/magdacesti.md\/?p=4239","og_locale":"en_US","og_type":"article","og_title":"\u00cen aten\u021bia locuitorilor satului M\u0103gd\u0103ce\u0219ti. Opriri de ap\u0103 pentru lucr\u0103ri de interven\u021bie. - M\u0103gd\u0103ce\u0219ti","og_description":"Bine ati venit pe pagina oficiala a Primariei Magdacesti.","og_url":"https:\/\/magdacesti.md\/?p=4239","og_site_name":"M\u0103gd\u0103ce\u0219ti","article_publisher":"https:\/\/www.facebook.com\/magdacesti.md\/","article_published_time":"2021-01-24T11:47:00+00:00","og_image":[{"url":"https:\/\/magdacesti.md\/wp-content\/uploads\/2021\/01\/se-opreste-apa-640x400-4.jpg"}],"author":"Olga Enachi","twitter_card":"summary_large_image","twitter_misc":{"Written by":"Olga Enachi","Est. reading time":"1 minute"},"schema":{"@context":"https:\/\/schema.org","@graph":[{"@type":"Article","@id":"https:\/\/magdacesti.md\/?p=4239#article","isPartOf":{"@id":"https:\/\/magdacesti.md\/?p=4239"},"author":{"name":"Olga Enachi","@id":"https:\/\/magdacesti.md\/#\/schema\/person\/0068cad735c7cf3ab41a532515da0575"},"headline":"\u00cen aten\u021bia locuitorilor satului M\u0103gd\u0103ce\u0219ti. Opriri de ap\u0103 pentru lucr\u0103ri de interven\u021bie.","datePublished":"2021-01-24T11:47:00+00:00","dateModified":"2021-01-24T11:47:00+00:00","mainEntityOfPage":{"@id":"https:\/\/magdacesti.md\/?p=4239"},"wordCount":135,"publisher":{"@id":"https:\/\/magdacesti.md\/#organization"},"image":{"@id":"https:\/\/magdacesti.md\/?p=4239#primaryimage"},"thumbnailUrl":"https:\/\/magdacesti.md\/wp-content\/uploads\/2021\/01\/se-opreste-apa-640x400-4.jpg","articleSection":["Stiri"],"inLanguage":"en-US"},{"@type":"WebPage","@id":"https:\/\/magdacesti.md\/?p=4239","url":"https:\/\/magdacesti.md\/?p=4239","name":"\u00cen aten\u021bia locuitorilor satului M\u0103gd\u0103ce\u0219ti. Opriri de ap\u0103 pentru lucr\u0103ri de interven\u021bie. - M\u0103gd\u0103ce\u0219ti","isPartOf":{"@id":"https:\/\/magdacesti.md\/#website"},"primaryImageOfPage":{"@id":"https:\/\/magdacesti.md\/?p=4239#primaryimage"},"image":{"@id":"https:\/\/magdacesti.md\/?p=4239#primaryimage"},"thumbnailUrl":"https:\/\/magdacesti.md\/wp-content\/uploads\/2021\/01\/se-opreste-apa-640x400-4.jpg","datePublished":"2021-01-24T11:47:00+00:00","dateModified":"2021-01-24T11:47:00+00:00","description":"Bine ati venit pe pagina oficiala a Primariei Magdacesti.","breadcrumb":{"@id":"https:\/\/magdacesti.md\/?p=4239#breadcrumb"},"inLanguage":"en-US","potentialAction":[{"@type":"ReadAction","target":["https:\/\/magdacesti.md\/?p=4239"]}]},{"@type":"ImageObject","inLanguage":"en-US","@id":"https:\/\/magdacesti.md\/?p=4239#primaryimage","url":"https:\/\/magdacesti.md\/wp-content\/uploads\/2021\/01\/se-opreste-apa-640x400-4.jpg","contentUrl":"https:\/\/magdacesti.md\/wp-content\/uploads\/2021\/01\/se-opreste-apa-640x400-4.jpg"},{"@type":"BreadcrumbList","@id":"https:\/\/magdacesti.md\/?p=4239#breadcrumb","itemListElement":[{"@type":"ListItem","position":1,"name":"Home","item":"https:\/\/magdacesti.md\/"},{"@type":"ListItem","position":2,"name":"\u00cen aten\u021bia locuitorilor satului M\u0103gd\u0103ce\u0219ti. Opriri de ap\u0103 pentru lucr\u0103ri de interven\u021bie."}]},{"@type":"WebSite","@id":"https:\/\/magdacesti.md\/#website","url":"https:\/\/magdacesti.md\/","name":"M\u0103gd\u0103ce\u0219ti","description":"Un or\u0103\u0219el cu condi\u021bii decente de trai!","publisher":{"@id":"https:\/\/magdacesti.md\/#organization"},"potentialAction":[{"@type":"SearchAction","target":{"@type":"EntryPoint","urlTemplate":"https:\/\/magdacesti.md\/?s={search_term_string}"},"query-input":"required name=search_term_string"}],"inLanguage":"en-US"},{"@type":"Organization","@id":"https:\/\/magdacesti.md\/#organization","name":"M\u0103gd\u0103ce\u0219ti","url":"https:\/\/magdacesti.md\/","logo":{"@type":"ImageObject","inLanguage":"en-US","@id":"https:\/\/magdacesti.md\/#\/schema\/logo\/image\/","url":"https:\/\/magdacesti.md\/wp-content\/uploads\/2021\/03\/Foto-514-scaled.jpg","contentUrl":"https:\/\/magdacesti.md\/wp-content\/uploads\/2021\/03\/Foto-514-scaled.jpg","width":2560,"height":1707,"caption":"M\u0103gd\u0103ce\u0219ti"},"image":{"@id":"https:\/\/magdacesti.md\/#\/schema\/logo\/image\/"},"sameAs":["https:\/\/www.facebook.com\/magdacesti.md\/"]},{"@type":"Person","@id":"https:\/\/magdacesti.md\/#\/schema\/person\/0068cad735c7cf3ab41a532515da0575","name":"Olga Enachi","url":"https:\/\/magdacesti.md\/?author=2"}]}},"_links":{"self":[{"href":"https:\/\/magdacesti.md\/index.php?rest_route=\/wp\/v2\/posts\/4239","targetHints":{"allow":["GET"]}}],"collection":[{"href":"https:\/\/magdacesti.md\/index.php?rest_route=\/wp\/v2\/posts"}],"about":[{"href":"https:\/\/magdacesti.md\/index.php?rest_route=\/wp\/v2\/types\/post"}],"author":[{"embeddable":true,"href":"https:\/\/magdacesti.md\/index.php?rest_route=\/wp\/v2\/users\/2"}],"replies":[{"embeddable":true,"href":"https:\/\/magdacesti.md\/index.php?rest_route=%2Fwp%2Fv2%2Fcomments&post=4239"}],"version-history":[{"count":0,"href":"https:\/\/magdacesti.md\/index.php?rest_route=\/wp\/v2\/posts\/4239\/revisions"}],"wp:attachment":[{"href":"https:\/\/magdacesti.md\/index.php?rest_route=%2Fwp%2Fv2%2Fmedia&parent=4239"}],"wp:term":[{"taxonomy":"category","embeddable":true,"href":"https:\/\/magdacesti.md\/index.php?rest_route=%2Fwp%2Fv2%2Fcategories&post=4239"},{"taxonomy":"post_tag","embeddable":true,"href":"https:\/\/magdacesti.md\/index.php?rest_route=%2Fwp%2Fv2%2Ftags&post=4239"}],"curies":[{"name":"wp","href":"https:\/\/api.w.org\/{rel}","templated":true}]}}