{"id":4361,"date":"2021-05-18T11:30:47","date_gmt":"2021-05-18T08:30:47","guid":{"rendered":"https:\/\/magdacesti.md\/?p=4361"},"modified":"2021-05-18T11:30:47","modified_gmt":"2021-05-18T08:30:47","slug":"astazi-au-inceput-lucrarile-de-nivelare-si-reparare-a-drumurilor-secundare-din-localitate","status":"publish","type":"post","link":"https:\/\/magdacesti.md\/?p=4361","title":{"rendered":"Ast\u0103zi au \u00eenceput lucr\u0103rile de nivelare \u0219i reparare a drumurilor secundare din localitate."},"content":{"rendered":"\n<p>Timp de trei zile, un autogreder va nivela sectoarele de drum deteriorate \u00een urma precipita\u021biilor din ultima vreme. Lucr\u0103rile au fost \u00eencepute pe str\u0103zile de la prima intrare \u00een localitate \u0219i vor continua \u00een toate cartierele unde este necesar\u0103 interven\u021bia autospecialei. <\/p>\n\n\n\n<figure class=\"wp-block-image size-large\"><img decoding=\"async\" src=\"https:\/\/magdacesti.md\/wp-content\/uploads\/2021\/05\/Foto-13.jpg\" alt=\"\" class=\"wp-image-4362\"\/><\/figure>\n\n\n\n<p>Stima\u021bi locuitori, pentru ca utilajul s\u0103 efectueze lucr\u0103rile calitativ, v\u0103 rug\u0103m insistent s\u0103 evacua\u021bi toat\u0103 tehnica, materialele de construc\u021bie \u0219i de\u0219eurile de pe drumurile publice. <\/p>\n\n\n\n<p>De asemenea, pute\u021bi solicita serviciile autogrederului pe strada dumneavoastr\u0103, contact\u00e2nd-ne la urm\u0103toarele numere :<\/p>\n\n\n\n<p><strong>Primar (+373) 248 34236<\/strong>)<\/p>\n\n\n\n<p><strong>Secretar (+373) 248 34238)<\/strong><\/p>\n\n\n\n<p><strong>Contabil (+373) 248 34897)<\/strong><\/p>\n","protected":false},"excerpt":{"rendered":"<p>Timp de trei zile, un autogreder va nivela sectoarele de drum deteriorate \u00een urma precipita\u021biilor din ultima vreme. Lucr\u0103rile au fost \u00eencepute pe str\u0103zile de la prima intrare \u00een localitate \u0219i vor continua \u00een toate cartierele unde este necesar\u0103 interven\u021bia autospecialei. Stima\u021bi locuitori, pentru ca utilajul s\u0103 efectueze lucr\u0103rile calitativ, v\u0103 rug\u0103m insistent s\u0103 evacua\u021bi [&#8230;]\n","protected":false},"author":2,"featured_media":0,"comment_status":"closed","ping_status":"closed","sticky":false,"template":"","format":"standard","meta":{"ngg_post_thumbnail":0,"footnotes":""},"categories":[4],"tags":[],"class_list":["post-4361","post","type-post","status-publish","format-standard","hentry","category-stiri"],"yoast_head":"<!-- This site is optimized with the Yoast SEO plugin v23.3 - https:\/\/yoast.com\/wordpress\/plugins\/seo\/ -->\n<title>Ast\u0103zi au \u00eenceput lucr\u0103rile de nivelare \u0219i reparare a drumurilor secundare din localitate. - M\u0103gd\u0103ce\u0219ti<\/title>\n<meta name=\"description\" content=\"Bine ati venit pe pagina oficiala a Primariei Magdacesti.\" \/>\n<meta name=\"robots\" content=\"index, follow, max-snippet:-1, max-image-preview:large, max-video-preview:-1\" \/>\n<link rel=\"canonical\" href=\"https:\/\/magdacesti.md\/?p=4361\" \/>\n<meta property=\"og:locale\" content=\"en_US\" \/>\n<meta property=\"og:type\" content=\"article\" \/>\n<meta property=\"og:title\" content=\"Ast\u0103zi au \u00eenceput lucr\u0103rile de nivelare \u0219i reparare a drumurilor secundare din localitate. - M\u0103gd\u0103ce\u0219ti\" \/>\n<meta property=\"og:description\" content=\"Bine ati venit pe pagina oficiala a Primariei Magdacesti.\" \/>\n<meta property=\"og:url\" content=\"https:\/\/magdacesti.md\/?p=4361\" \/>\n<meta property=\"og:site_name\" content=\"M\u0103gd\u0103ce\u0219ti\" \/>\n<meta property=\"article:publisher\" content=\"https:\/\/www.facebook.com\/magdacesti.md\/\" \/>\n<meta property=\"article:published_time\" content=\"2021-05-18T08:30:47+00:00\" \/>\n<meta property=\"og:image\" content=\"https:\/\/magdacesti.md\/wp-content\/uploads\/2021\/05\/Foto-13.jpg\" \/>\n<meta name=\"author\" content=\"Olga Enachi\" \/>\n<meta name=\"twitter:card\" content=\"summary_large_image\" \/>\n<meta name=\"twitter:label1\" content=\"Written by\" \/>\n\t<meta name=\"twitter:data1\" content=\"Olga Enachi\" \/>\n<script type=\"application\/ld+json\" class=\"yoast-schema-graph\">{\"@context\":\"https:\/\/schema.org\",\"@graph\":[{\"@type\":\"Article\",\"@id\":\"https:\/\/magdacesti.md\/?p=4361#article\",\"isPartOf\":{\"@id\":\"https:\/\/magdacesti.md\/?p=4361\"},\"author\":{\"name\":\"Olga Enachi\",\"@id\":\"https:\/\/magdacesti.md\/#\/schema\/person\/0068cad735c7cf3ab41a532515da0575\"},\"headline\":\"Ast\u0103zi au \u00eenceput lucr\u0103rile de nivelare \u0219i reparare a drumurilor secundare din localitate.\",\"datePublished\":\"2021-05-18T08:30:47+00:00\",\"dateModified\":\"2021-05-18T08:30:47+00:00\",\"mainEntityOfPage\":{\"@id\":\"https:\/\/magdacesti.md\/?p=4361\"},\"wordCount\":110,\"publisher\":{\"@id\":\"https:\/\/magdacesti.md\/#organization\"},\"image\":{\"@id\":\"https:\/\/magdacesti.md\/?p=4361#primaryimage\"},\"thumbnailUrl\":\"https:\/\/magdacesti.md\/wp-content\/uploads\/2021\/05\/Foto-13.jpg\",\"articleSection\":[\"Stiri\"],\"inLanguage\":\"en-US\"},{\"@type\":\"WebPage\",\"@id\":\"https:\/\/magdacesti.md\/?p=4361\",\"url\":\"https:\/\/magdacesti.md\/?p=4361\",\"name\":\"Ast\u0103zi au \u00eenceput lucr\u0103rile de nivelare \u0219i reparare a drumurilor secundare din localitate. - M\u0103gd\u0103ce\u0219ti\",\"isPartOf\":{\"@id\":\"https:\/\/magdacesti.md\/#website\"},\"primaryImageOfPage\":{\"@id\":\"https:\/\/magdacesti.md\/?p=4361#primaryimage\"},\"image\":{\"@id\":\"https:\/\/magdacesti.md\/?p=4361#primaryimage\"},\"thumbnailUrl\":\"https:\/\/magdacesti.md\/wp-content\/uploads\/2021\/05\/Foto-13.jpg\",\"datePublished\":\"2021-05-18T08:30:47+00:00\",\"dateModified\":\"2021-05-18T08:30:47+00:00\",\"description\":\"Bine ati venit pe pagina oficiala a Primariei Magdacesti.\",\"breadcrumb\":{\"@id\":\"https:\/\/magdacesti.md\/?p=4361#breadcrumb\"},\"inLanguage\":\"en-US\",\"potentialAction\":[{\"@type\":\"ReadAction\",\"target\":[\"https:\/\/magdacesti.md\/?p=4361\"]}]},{\"@type\":\"ImageObject\",\"inLanguage\":\"en-US\",\"@id\":\"https:\/\/magdacesti.md\/?p=4361#primaryimage\",\"url\":\"https:\/\/magdacesti.md\/wp-content\/uploads\/2021\/05\/Foto-13.jpg\",\"contentUrl\":\"https:\/\/magdacesti.md\/wp-content\/uploads\/2021\/05\/Foto-13.jpg\"},{\"@type\":\"BreadcrumbList\",\"@id\":\"https:\/\/magdacesti.md\/?p=4361#breadcrumb\",\"itemListElement\":[{\"@type\":\"ListItem\",\"position\":1,\"name\":\"Home\",\"item\":\"https:\/\/magdacesti.md\/\"},{\"@type\":\"ListItem\",\"position\":2,\"name\":\"Ast\u0103zi au \u00eenceput lucr\u0103rile de nivelare \u0219i reparare a drumurilor secundare din localitate.\"}]},{\"@type\":\"WebSite\",\"@id\":\"https:\/\/magdacesti.md\/#website\",\"url\":\"https:\/\/magdacesti.md\/\",\"name\":\"M\u0103gd\u0103ce\u0219ti\",\"description\":\"Un or\u0103\u0219el cu condi\u021bii decente de trai!\",\"publisher\":{\"@id\":\"https:\/\/magdacesti.md\/#organization\"},\"potentialAction\":[{\"@type\":\"SearchAction\",\"target\":{\"@type\":\"EntryPoint\",\"urlTemplate\":\"https:\/\/magdacesti.md\/?s={search_term_string}\"},\"query-input\":\"required name=search_term_string\"}],\"inLanguage\":\"en-US\"},{\"@type\":\"Organization\",\"@id\":\"https:\/\/magdacesti.md\/#organization\",\"name\":\"M\u0103gd\u0103ce\u0219ti\",\"url\":\"https:\/\/magdacesti.md\/\",\"logo\":{\"@type\":\"ImageObject\",\"inLanguage\":\"en-US\",\"@id\":\"https:\/\/magdacesti.md\/#\/schema\/logo\/image\/\",\"url\":\"https:\/\/magdacesti.md\/wp-content\/uploads\/2021\/03\/Foto-514-scaled.jpg\",\"contentUrl\":\"https:\/\/magdacesti.md\/wp-content\/uploads\/2021\/03\/Foto-514-scaled.jpg\",\"width\":2560,\"height\":1707,\"caption\":\"M\u0103gd\u0103ce\u0219ti\"},\"image\":{\"@id\":\"https:\/\/magdacesti.md\/#\/schema\/logo\/image\/\"},\"sameAs\":[\"https:\/\/www.facebook.com\/magdacesti.md\/\"]},{\"@type\":\"Person\",\"@id\":\"https:\/\/magdacesti.md\/#\/schema\/person\/0068cad735c7cf3ab41a532515da0575\",\"name\":\"Olga Enachi\",\"url\":\"https:\/\/magdacesti.md\/?author=2\"}]}<\/script>\n<!-- \/ Yoast SEO plugin. -->","yoast_head_json":{"title":"Ast\u0103zi au \u00eenceput lucr\u0103rile de nivelare \u0219i reparare a drumurilor secundare din localitate. - M\u0103gd\u0103ce\u0219ti","description":"Bine ati venit pe pagina oficiala a Primariei Magdacesti.","robots":{"index":"index","follow":"follow","max-snippet":"max-snippet:-1","max-image-preview":"max-image-preview:large","max-video-preview":"max-video-preview:-1"},"canonical":"https:\/\/magdacesti.md\/?p=4361","og_locale":"en_US","og_type":"article","og_title":"Ast\u0103zi au \u00eenceput lucr\u0103rile de nivelare \u0219i reparare a drumurilor secundare din localitate. - M\u0103gd\u0103ce\u0219ti","og_description":"Bine ati venit pe pagina oficiala a Primariei Magdacesti.","og_url":"https:\/\/magdacesti.md\/?p=4361","og_site_name":"M\u0103gd\u0103ce\u0219ti","article_publisher":"https:\/\/www.facebook.com\/magdacesti.md\/","article_published_time":"2021-05-18T08:30:47+00:00","og_image":[{"url":"https:\/\/magdacesti.md\/wp-content\/uploads\/2021\/05\/Foto-13.jpg"}],"author":"Olga Enachi","twitter_card":"summary_large_image","twitter_misc":{"Written by":"Olga Enachi"},"schema":{"@context":"https:\/\/schema.org","@graph":[{"@type":"Article","@id":"https:\/\/magdacesti.md\/?p=4361#article","isPartOf":{"@id":"https:\/\/magdacesti.md\/?p=4361"},"author":{"name":"Olga Enachi","@id":"https:\/\/magdacesti.md\/#\/schema\/person\/0068cad735c7cf3ab41a532515da0575"},"headline":"Ast\u0103zi au \u00eenceput lucr\u0103rile de nivelare \u0219i reparare a drumurilor secundare din localitate.","datePublished":"2021-05-18T08:30:47+00:00","dateModified":"2021-05-18T08:30:47+00:00","mainEntityOfPage":{"@id":"https:\/\/magdacesti.md\/?p=4361"},"wordCount":110,"publisher":{"@id":"https:\/\/magdacesti.md\/#organization"},"image":{"@id":"https:\/\/magdacesti.md\/?p=4361#primaryimage"},"thumbnailUrl":"https:\/\/magdacesti.md\/wp-content\/uploads\/2021\/05\/Foto-13.jpg","articleSection":["Stiri"],"inLanguage":"en-US"},{"@type":"WebPage","@id":"https:\/\/magdacesti.md\/?p=4361","url":"https:\/\/magdacesti.md\/?p=4361","name":"Ast\u0103zi au \u00eenceput lucr\u0103rile de nivelare \u0219i reparare a drumurilor secundare din localitate. - M\u0103gd\u0103ce\u0219ti","isPartOf":{"@id":"https:\/\/magdacesti.md\/#website"},"primaryImageOfPage":{"@id":"https:\/\/magdacesti.md\/?p=4361#primaryimage"},"image":{"@id":"https:\/\/magdacesti.md\/?p=4361#primaryimage"},"thumbnailUrl":"https:\/\/magdacesti.md\/wp-content\/uploads\/2021\/05\/Foto-13.jpg","datePublished":"2021-05-18T08:30:47+00:00","dateModified":"2021-05-18T08:30:47+00:00","description":"Bine ati venit pe pagina oficiala a Primariei Magdacesti.","breadcrumb":{"@id":"https:\/\/magdacesti.md\/?p=4361#breadcrumb"},"inLanguage":"en-US","potentialAction":[{"@type":"ReadAction","target":["https:\/\/magdacesti.md\/?p=4361"]}]},{"@type":"ImageObject","inLanguage":"en-US","@id":"https:\/\/magdacesti.md\/?p=4361#primaryimage","url":"https:\/\/magdacesti.md\/wp-content\/uploads\/2021\/05\/Foto-13.jpg","contentUrl":"https:\/\/magdacesti.md\/wp-content\/uploads\/2021\/05\/Foto-13.jpg"},{"@type":"BreadcrumbList","@id":"https:\/\/magdacesti.md\/?p=4361#breadcrumb","itemListElement":[{"@type":"ListItem","position":1,"name":"Home","item":"https:\/\/magdacesti.md\/"},{"@type":"ListItem","position":2,"name":"Ast\u0103zi au \u00eenceput lucr\u0103rile de nivelare \u0219i reparare a drumurilor secundare din localitate."}]},{"@type":"WebSite","@id":"https:\/\/magdacesti.md\/#website","url":"https:\/\/magdacesti.md\/","name":"M\u0103gd\u0103ce\u0219ti","description":"Un or\u0103\u0219el cu condi\u021bii decente de trai!","publisher":{"@id":"https:\/\/magdacesti.md\/#organization"},"potentialAction":[{"@type":"SearchAction","target":{"@type":"EntryPoint","urlTemplate":"https:\/\/magdacesti.md\/?s={search_term_string}"},"query-input":"required name=search_term_string"}],"inLanguage":"en-US"},{"@type":"Organization","@id":"https:\/\/magdacesti.md\/#organization","name":"M\u0103gd\u0103ce\u0219ti","url":"https:\/\/magdacesti.md\/","logo":{"@type":"ImageObject","inLanguage":"en-US","@id":"https:\/\/magdacesti.md\/#\/schema\/logo\/image\/","url":"https:\/\/magdacesti.md\/wp-content\/uploads\/2021\/03\/Foto-514-scaled.jpg","contentUrl":"https:\/\/magdacesti.md\/wp-content\/uploads\/2021\/03\/Foto-514-scaled.jpg","width":2560,"height":1707,"caption":"M\u0103gd\u0103ce\u0219ti"},"image":{"@id":"https:\/\/magdacesti.md\/#\/schema\/logo\/image\/"},"sameAs":["https:\/\/www.facebook.com\/magdacesti.md\/"]},{"@type":"Person","@id":"https:\/\/magdacesti.md\/#\/schema\/person\/0068cad735c7cf3ab41a532515da0575","name":"Olga Enachi","url":"https:\/\/magdacesti.md\/?author=2"}]}},"_links":{"self":[{"href":"https:\/\/magdacesti.md\/index.php?rest_route=\/wp\/v2\/posts\/4361","targetHints":{"allow":["GET"]}}],"collection":[{"href":"https:\/\/magdacesti.md\/index.php?rest_route=\/wp\/v2\/posts"}],"about":[{"href":"https:\/\/magdacesti.md\/index.php?rest_route=\/wp\/v2\/types\/post"}],"author":[{"embeddable":true,"href":"https:\/\/magdacesti.md\/index.php?rest_route=\/wp\/v2\/users\/2"}],"replies":[{"embeddable":true,"href":"https:\/\/magdacesti.md\/index.php?rest_route=%2Fwp%2Fv2%2Fcomments&post=4361"}],"version-history":[{"count":0,"href":"https:\/\/magdacesti.md\/index.php?rest_route=\/wp\/v2\/posts\/4361\/revisions"}],"wp:attachment":[{"href":"https:\/\/magdacesti.md\/index.php?rest_route=%2Fwp%2Fv2%2Fmedia&parent=4361"}],"wp:term":[{"taxonomy":"category","embeddable":true,"href":"https:\/\/magdacesti.md\/index.php?rest_route=%2Fwp%2Fv2%2Fcategories&post=4361"},{"taxonomy":"post_tag","embeddable":true,"href":"https:\/\/magdacesti.md\/index.php?rest_route=%2Fwp%2Fv2%2Ftags&post=4361"}],"curies":[{"name":"wp","href":"https:\/\/api.w.org\/{rel}","templated":true}]}}