{"id":4377,"date":"2021-05-22T08:21:00","date_gmt":"2021-05-22T05:21:00","guid":{"rendered":"https:\/\/magdacesti.md\/?p=4377"},"modified":"2021-05-22T08:21:00","modified_gmt":"2021-05-22T05:21:00","slug":"anunt-privind-organizarea-consultarea-publica-a-proiectului-de-decizie","status":"publish","type":"post","link":"https:\/\/magdacesti.md\/?p=4377","title":{"rendered":"ANUN\u021a privind organizarea consultarea public\u0103 a proiectului de decizie"},"content":{"rendered":"\n<p>Prim\u0103ria M\u0103gd\u0103ce\u0219ti ini\u021biaz\u0103 \u00eencep\u00e2nd cu data de<strong> 22.05.2021<\/strong> consultarea public\u0103 a proiectului de decizie<\/p>\n\n\n\n<p><strong>1. Cu privire la ini\u021bierea \u00eenregistr\u0103rii primare masive<\/strong><\/p>\n\n\n\n<p>Recomand\u0103rile pe marginea proiectului de decizie supus consult\u0103rii publice pot fi expediate p\u00e2n\u0103 la data de<strong> 11.06.2021<\/strong>, la adresa, <strong>strada Mihai Eminescu nr. 14, s. M\u0103gd\u0103ce\u0219ti sau pe adresa electronic\u0103 primagdacesti@gmail.com<\/strong><\/p>\n\n\n\n<p>Proiectul de decizie, nota informativ\u0103 \u0219i alte materiale sunt disponibile pe pagina web oficial\u0103 <strong>magdacesti.md<\/strong> la compartimentul <strong>&#8220;Transparen\u021b\u0103<\/strong> <strong>decizional\u0103<\/strong>&#8221; sec\u021biunea &#8220;<strong>Consult\u0103ri publice&#8221;<\/strong>.<\/p>\n\n\n\n<p>Pentru data de <strong>11.06.2021<\/strong>, <strong>ora 15.00, \u00een Cantina Social\u0103<\/strong> va avea loc o \u0219edin\u021b\u0103 privind dezbaterea proiectului de decizie \u0219i examinarea recomand\u0103rilor cu respectarea cerin\u021belor epidemiologice (asigurarea cu dezinfectant ,m\u0103\u0219ti de protec\u021bie \u0219i respectarea distan\u021bei sociale ).<\/p>\n\n\n\n<p><strong><em>Secretarul Consiliului s\u0103tesc M\u0103gd\u0103ce\u0219ti,<\/em><\/strong><\/p>\n\n\n\n<p><strong>Svetlana B\u00ceTLAN<\/strong><\/p>\n\n\n\n<p><strong>Tel 024834238<\/strong><\/p>\n","protected":false},"excerpt":{"rendered":"<p>Prim\u0103ria M\u0103gd\u0103ce\u0219ti ini\u021biaz\u0103 \u00eencep\u00e2nd cu data de 22.05.2021 consultarea public\u0103 a proiectului de decizie 1. Cu privire la ini\u021bierea \u00eenregistr\u0103rii primare masive Recomand\u0103rile pe marginea proiectului de decizie supus consult\u0103rii publice pot fi expediate p\u00e2n\u0103 la data de 11.06.2021, la adresa, strada Mihai Eminescu nr. 14, s. M\u0103gd\u0103ce\u0219ti sau pe adresa electronic\u0103 primagdacesti@gmail.com Proiectul de [&#8230;]\n","protected":false},"author":2,"featured_media":0,"comment_status":"closed","ping_status":"closed","sticky":false,"template":"","format":"standard","meta":{"ngg_post_thumbnail":0,"footnotes":""},"categories":[4],"tags":[],"class_list":["post-4377","post","type-post","status-publish","format-standard","hentry","category-stiri"],"yoast_head":"<!-- This site is optimized with the Yoast SEO plugin v23.3 - https:\/\/yoast.com\/wordpress\/plugins\/seo\/ -->\n<title>ANUN\u021a privind organizarea consultarea public\u0103 a proiectului de decizie - M\u0103gd\u0103ce\u0219ti<\/title>\n<meta name=\"description\" content=\"Bine ati venit pe pagina oficiala a Primariei Magdacesti.\" \/>\n<meta name=\"robots\" content=\"index, follow, max-snippet:-1, max-image-preview:large, max-video-preview:-1\" \/>\n<link rel=\"canonical\" href=\"https:\/\/magdacesti.md\/?p=4377\" \/>\n<meta property=\"og:locale\" content=\"en_US\" \/>\n<meta property=\"og:type\" content=\"article\" \/>\n<meta property=\"og:title\" content=\"ANUN\u021a privind organizarea consultarea public\u0103 a proiectului de decizie - M\u0103gd\u0103ce\u0219ti\" \/>\n<meta property=\"og:description\" content=\"Bine ati venit pe pagina oficiala a Primariei Magdacesti.\" \/>\n<meta property=\"og:url\" content=\"https:\/\/magdacesti.md\/?p=4377\" \/>\n<meta property=\"og:site_name\" content=\"M\u0103gd\u0103ce\u0219ti\" \/>\n<meta property=\"article:publisher\" content=\"https:\/\/www.facebook.com\/magdacesti.md\/\" \/>\n<meta property=\"article:published_time\" content=\"2021-05-22T05:21:00+00:00\" \/>\n<meta property=\"og:image\" content=\"https:\/\/magdacesti.md\/wp-content\/uploads\/2021\/03\/Foto-514-edit-scaled.jpg\" \/>\n\t<meta property=\"og:image:width\" content=\"2560\" \/>\n\t<meta property=\"og:image:height\" content=\"1707\" \/>\n\t<meta property=\"og:image:type\" content=\"image\/jpeg\" \/>\n<meta name=\"author\" content=\"Olga Enachi\" \/>\n<meta name=\"twitter:card\" content=\"summary_large_image\" \/>\n<meta name=\"twitter:label1\" content=\"Written by\" \/>\n\t<meta name=\"twitter:data1\" content=\"Olga Enachi\" \/>\n\t<meta name=\"twitter:label2\" content=\"Est. reading time\" \/>\n\t<meta name=\"twitter:data2\" content=\"1 minute\" \/>\n<script type=\"application\/ld+json\" class=\"yoast-schema-graph\">{\"@context\":\"https:\/\/schema.org\",\"@graph\":[{\"@type\":\"Article\",\"@id\":\"https:\/\/magdacesti.md\/?p=4377#article\",\"isPartOf\":{\"@id\":\"https:\/\/magdacesti.md\/?p=4377\"},\"author\":{\"name\":\"Olga Enachi\",\"@id\":\"https:\/\/magdacesti.md\/#\/schema\/person\/0068cad735c7cf3ab41a532515da0575\"},\"headline\":\"ANUN\u021a privind organizarea consultarea public\u0103 a proiectului de decizie\",\"datePublished\":\"2021-05-22T05:21:00+00:00\",\"dateModified\":\"2021-05-22T05:21:00+00:00\",\"mainEntityOfPage\":{\"@id\":\"https:\/\/magdacesti.md\/?p=4377\"},\"wordCount\":150,\"publisher\":{\"@id\":\"https:\/\/magdacesti.md\/#organization\"},\"articleSection\":[\"Stiri\"],\"inLanguage\":\"en-US\"},{\"@type\":\"WebPage\",\"@id\":\"https:\/\/magdacesti.md\/?p=4377\",\"url\":\"https:\/\/magdacesti.md\/?p=4377\",\"name\":\"ANUN\u021a privind organizarea consultarea public\u0103 a proiectului de decizie - M\u0103gd\u0103ce\u0219ti\",\"isPartOf\":{\"@id\":\"https:\/\/magdacesti.md\/#website\"},\"datePublished\":\"2021-05-22T05:21:00+00:00\",\"dateModified\":\"2021-05-22T05:21:00+00:00\",\"description\":\"Bine ati venit pe pagina oficiala a Primariei Magdacesti.\",\"breadcrumb\":{\"@id\":\"https:\/\/magdacesti.md\/?p=4377#breadcrumb\"},\"inLanguage\":\"en-US\",\"potentialAction\":[{\"@type\":\"ReadAction\",\"target\":[\"https:\/\/magdacesti.md\/?p=4377\"]}]},{\"@type\":\"BreadcrumbList\",\"@id\":\"https:\/\/magdacesti.md\/?p=4377#breadcrumb\",\"itemListElement\":[{\"@type\":\"ListItem\",\"position\":1,\"name\":\"Home\",\"item\":\"https:\/\/magdacesti.md\/\"},{\"@type\":\"ListItem\",\"position\":2,\"name\":\"ANUN\u021a privind organizarea consultarea public\u0103 a proiectului de decizie\"}]},{\"@type\":\"WebSite\",\"@id\":\"https:\/\/magdacesti.md\/#website\",\"url\":\"https:\/\/magdacesti.md\/\",\"name\":\"M\u0103gd\u0103ce\u0219ti\",\"description\":\"Un or\u0103\u0219el cu condi\u021bii decente de trai!\",\"publisher\":{\"@id\":\"https:\/\/magdacesti.md\/#organization\"},\"potentialAction\":[{\"@type\":\"SearchAction\",\"target\":{\"@type\":\"EntryPoint\",\"urlTemplate\":\"https:\/\/magdacesti.md\/?s={search_term_string}\"},\"query-input\":\"required name=search_term_string\"}],\"inLanguage\":\"en-US\"},{\"@type\":\"Organization\",\"@id\":\"https:\/\/magdacesti.md\/#organization\",\"name\":\"M\u0103gd\u0103ce\u0219ti\",\"url\":\"https:\/\/magdacesti.md\/\",\"logo\":{\"@type\":\"ImageObject\",\"inLanguage\":\"en-US\",\"@id\":\"https:\/\/magdacesti.md\/#\/schema\/logo\/image\/\",\"url\":\"https:\/\/magdacesti.md\/wp-content\/uploads\/2021\/03\/Foto-514-scaled.jpg\",\"contentUrl\":\"https:\/\/magdacesti.md\/wp-content\/uploads\/2021\/03\/Foto-514-scaled.jpg\",\"width\":2560,\"height\":1707,\"caption\":\"M\u0103gd\u0103ce\u0219ti\"},\"image\":{\"@id\":\"https:\/\/magdacesti.md\/#\/schema\/logo\/image\/\"},\"sameAs\":[\"https:\/\/www.facebook.com\/magdacesti.md\/\"]},{\"@type\":\"Person\",\"@id\":\"https:\/\/magdacesti.md\/#\/schema\/person\/0068cad735c7cf3ab41a532515da0575\",\"name\":\"Olga Enachi\",\"url\":\"https:\/\/magdacesti.md\/?author=2\"}]}<\/script>\n<!-- \/ Yoast SEO plugin. -->","yoast_head_json":{"title":"ANUN\u021a privind organizarea consultarea public\u0103 a proiectului de decizie - M\u0103gd\u0103ce\u0219ti","description":"Bine ati venit pe pagina oficiala a Primariei Magdacesti.","robots":{"index":"index","follow":"follow","max-snippet":"max-snippet:-1","max-image-preview":"max-image-preview:large","max-video-preview":"max-video-preview:-1"},"canonical":"https:\/\/magdacesti.md\/?p=4377","og_locale":"en_US","og_type":"article","og_title":"ANUN\u021a privind organizarea consultarea public\u0103 a proiectului de decizie - M\u0103gd\u0103ce\u0219ti","og_description":"Bine ati venit pe pagina oficiala a Primariei Magdacesti.","og_url":"https:\/\/magdacesti.md\/?p=4377","og_site_name":"M\u0103gd\u0103ce\u0219ti","article_publisher":"https:\/\/www.facebook.com\/magdacesti.md\/","article_published_time":"2021-05-22T05:21:00+00:00","og_image":[{"width":2560,"height":1707,"url":"https:\/\/magdacesti.md\/wp-content\/uploads\/2021\/03\/Foto-514-edit-scaled.jpg","type":"image\/jpeg"}],"author":"Olga Enachi","twitter_card":"summary_large_image","twitter_misc":{"Written by":"Olga Enachi","Est. reading time":"1 minute"},"schema":{"@context":"https:\/\/schema.org","@graph":[{"@type":"Article","@id":"https:\/\/magdacesti.md\/?p=4377#article","isPartOf":{"@id":"https:\/\/magdacesti.md\/?p=4377"},"author":{"name":"Olga Enachi","@id":"https:\/\/magdacesti.md\/#\/schema\/person\/0068cad735c7cf3ab41a532515da0575"},"headline":"ANUN\u021a privind organizarea consultarea public\u0103 a proiectului de decizie","datePublished":"2021-05-22T05:21:00+00:00","dateModified":"2021-05-22T05:21:00+00:00","mainEntityOfPage":{"@id":"https:\/\/magdacesti.md\/?p=4377"},"wordCount":150,"publisher":{"@id":"https:\/\/magdacesti.md\/#organization"},"articleSection":["Stiri"],"inLanguage":"en-US"},{"@type":"WebPage","@id":"https:\/\/magdacesti.md\/?p=4377","url":"https:\/\/magdacesti.md\/?p=4377","name":"ANUN\u021a privind organizarea consultarea public\u0103 a proiectului de decizie - M\u0103gd\u0103ce\u0219ti","isPartOf":{"@id":"https:\/\/magdacesti.md\/#website"},"datePublished":"2021-05-22T05:21:00+00:00","dateModified":"2021-05-22T05:21:00+00:00","description":"Bine ati venit pe pagina oficiala a Primariei Magdacesti.","breadcrumb":{"@id":"https:\/\/magdacesti.md\/?p=4377#breadcrumb"},"inLanguage":"en-US","potentialAction":[{"@type":"ReadAction","target":["https:\/\/magdacesti.md\/?p=4377"]}]},{"@type":"BreadcrumbList","@id":"https:\/\/magdacesti.md\/?p=4377#breadcrumb","itemListElement":[{"@type":"ListItem","position":1,"name":"Home","item":"https:\/\/magdacesti.md\/"},{"@type":"ListItem","position":2,"name":"ANUN\u021a privind organizarea consultarea public\u0103 a proiectului de decizie"}]},{"@type":"WebSite","@id":"https:\/\/magdacesti.md\/#website","url":"https:\/\/magdacesti.md\/","name":"M\u0103gd\u0103ce\u0219ti","description":"Un or\u0103\u0219el cu condi\u021bii decente de trai!","publisher":{"@id":"https:\/\/magdacesti.md\/#organization"},"potentialAction":[{"@type":"SearchAction","target":{"@type":"EntryPoint","urlTemplate":"https:\/\/magdacesti.md\/?s={search_term_string}"},"query-input":"required name=search_term_string"}],"inLanguage":"en-US"},{"@type":"Organization","@id":"https:\/\/magdacesti.md\/#organization","name":"M\u0103gd\u0103ce\u0219ti","url":"https:\/\/magdacesti.md\/","logo":{"@type":"ImageObject","inLanguage":"en-US","@id":"https:\/\/magdacesti.md\/#\/schema\/logo\/image\/","url":"https:\/\/magdacesti.md\/wp-content\/uploads\/2021\/03\/Foto-514-scaled.jpg","contentUrl":"https:\/\/magdacesti.md\/wp-content\/uploads\/2021\/03\/Foto-514-scaled.jpg","width":2560,"height":1707,"caption":"M\u0103gd\u0103ce\u0219ti"},"image":{"@id":"https:\/\/magdacesti.md\/#\/schema\/logo\/image\/"},"sameAs":["https:\/\/www.facebook.com\/magdacesti.md\/"]},{"@type":"Person","@id":"https:\/\/magdacesti.md\/#\/schema\/person\/0068cad735c7cf3ab41a532515da0575","name":"Olga Enachi","url":"https:\/\/magdacesti.md\/?author=2"}]}},"_links":{"self":[{"href":"https:\/\/magdacesti.md\/index.php?rest_route=\/wp\/v2\/posts\/4377","targetHints":{"allow":["GET"]}}],"collection":[{"href":"https:\/\/magdacesti.md\/index.php?rest_route=\/wp\/v2\/posts"}],"about":[{"href":"https:\/\/magdacesti.md\/index.php?rest_route=\/wp\/v2\/types\/post"}],"author":[{"embeddable":true,"href":"https:\/\/magdacesti.md\/index.php?rest_route=\/wp\/v2\/users\/2"}],"replies":[{"embeddable":true,"href":"https:\/\/magdacesti.md\/index.php?rest_route=%2Fwp%2Fv2%2Fcomments&post=4377"}],"version-history":[{"count":0,"href":"https:\/\/magdacesti.md\/index.php?rest_route=\/wp\/v2\/posts\/4377\/revisions"}],"wp:attachment":[{"href":"https:\/\/magdacesti.md\/index.php?rest_route=%2Fwp%2Fv2%2Fmedia&parent=4377"}],"wp:term":[{"taxonomy":"category","embeddable":true,"href":"https:\/\/magdacesti.md\/index.php?rest_route=%2Fwp%2Fv2%2Fcategories&post=4377"},{"taxonomy":"post_tag","embeddable":true,"href":"https:\/\/magdacesti.md\/index.php?rest_route=%2Fwp%2Fv2%2Ftags&post=4377"}],"curies":[{"name":"wp","href":"https:\/\/api.w.org\/{rel}","templated":true}]}}