{"id":4384,"date":"2014-06-19T11:48:51","date_gmt":"2014-06-19T08:48:51","guid":{"rendered":"https:\/\/magdacesti.md\/?p=115"},"modified":"2014-06-19T11:48:51","modified_gmt":"2014-06-19T08:48:51","slug":"realizarile-pe-parcursul-unui-an-de-activitate","status":"publish","type":"post","link":"https:\/\/magdacesti.md\/?p=4384","title":{"rendered":"Realiz\u0103rile pe parcursul unui an de activitate."},"content":{"rendered":"<p align=\"center\"><strong>Realiz\u0103rile\u00a0\u00a0 pe parcursul\u00a0\u00a0 unui an\u00a0 de activitate.<\/strong><\/p>\n<p><strong>1. Repara\u021bia capital\u0103 a Oficiului Po\u0219tal, B\u0103ncii de Economii, Postului de Poli\u021bie, Bibliotecii\u00a0 Publice.\u00a0<\/strong><br \/>\nAm pornit de la ideia\u00a0 c\u0103\u00a0 s\u0103tenii mei\u00a0 merit\u0103\u00a0 servicii\u00a0 ca \u00een ora\u0219 ,\u0219i \u00een sat a ap\u0103rut un centru modern de acordare a serviciilor.<\/p>\n<p><strong>2. Alocarea de c\u0103tre Ministerul Mediului\u00a0 a 5 milioane lei pentru construc\u021bia\u00a0 re\u021belelor\u00a0 exterioare de canalizare\u00a0 \u00een satul M\u0103gd\u0103ce\u0219ti .<\/strong><br \/>\nAm ca scop ca costul\u00a0 pentru\u00a0 conectarea la re\u021belele de canalizare\u00a0 a unei gospod\u0103rii s\u0103 fie c\u00e2t mai mic.<\/p>\n<p><strong>3. Renovarea Estradei de Var\u0103 (Legiferat\u0103 ca C\u0103min Cultural).<\/strong><br \/>\nEstrada\u00a0 de var\u0103 este locul unde\u00a0 se adun\u0103 \u00eentreg satul\u00a0 la toate s\u0103rb\u0103torile,inclusiv \u0219i la adun\u0103rile satului.<br \/>\nS-au cheltuit\u00a0 236 mii lei ,din care 150mii lei sunt aloca\u021biile de la Consiliul Raional.<br \/>\nCa scop: pavarea platformei de dans,instalarea scaunelor\u00a0 \u0219i instalarea copertinei la estrad\u0103.<\/p>\n<p><strong>4. \u00cenceputul construc\u021biei\u00a0 unui bloc nou cu dou\u0103 etaje la\u00a0 gr\u0103dini\u021ba de copii.Costul total este de peste 2 milioane lei.<\/strong><br \/>\nLa etapa actual\u0103 sunt aloca\u021bi\u00a0 500 mii lei.\u00a0Ca scop\u00a0 \u00een anul 2012 : construc\u021bia pere\u021bilor \u0219i acoperi\u0219ului.<\/p>\n<p><strong>5. Repara\u021bia capital\u0103 a prim\u0103riei<\/strong>.<br \/>\nSediul prim\u0103riei este\u00a0 cartea de vizit\u0103\u00a0 a satului. \u00cen prim\u0103rie timp de un an \u00eentr\u0103\u00a0 aproape fiecare al\u00a0 doilea\u00a0 cet\u0103\u021bean al satului.Deaceea\u00a0 am considerat necesar\u0103 repara\u021bia cl\u0103dirii, care a costat:<\/p>\n<p>repara\u021bia coridorului -30000 lei;<br \/>\nrepara\u021bia exterioar\u0103 (ferestre, u\u0219i, tencuitul pere\u021bilor)-100 mii lei,<br \/>\ndintre care 50000lei\u00a0 sunt aloca\u021bi\u00a0 din exterior.<br \/>\nRepara\u021bia \u00een\u00a0 biroul primarului \/ 40000 lei \/ din bugetul propriu.<\/p>\n<p><strong>6. Construc\u021bia pavilioanelor de a\u0219teptare la traseul central.<\/strong><br \/>\nCostul total 180 mii lei &#8211; aloca\u021bi de Ministerul Transporturilor.<\/p>\n<p><strong>7. Instalarea semaforului la traseul\u00a0 central.<\/strong><br \/>\nCostul total\u00a0 500 mii lei &#8211; aloca\u021bi de la Ministerul Transporturilor.<\/p>\n<p><strong>8. Repara\u021bia drumurilor \u00een dou\u0103 cartiere\u00a0 noi.<\/strong><br \/>\nCostul total\u00a0 560 mii lei\u00a0 dintre\u00a0 care:<\/p>\n<p>300 mii lei\u00a0 &#8211; aloca\u021bi din Bugetul de Stat<br \/>\n60mii lei\u00a0 &#8211; contribu\u021bia locuitorilor\u00a0 (de la cartierul de la artezian\u0103)<\/p>\n<p><strong>9. \u00cenceputul construc\u021biei s\u0103lii de ceremonii funerare \u0219i cantinei sociale,din mijloacele s\u0103tenilor \u0219i donatorilor.<\/strong><\/p>\n<p><strong>10. Instalarea megafoanelor (\u00een num\u0103r de 11).<\/strong><br \/>\nCostul total 55 mii lei &#8211; din bugetul prim\u0103riei<br \/>\nMijloc de comunicare cu locuitorii satului.<\/p>\n<p><strong>11. Organizarea fanfarei satului\u00a0<\/strong><br \/>\nPentru instrumente au fost cheltuite 26 mii lei din bugetul satului .<br \/>\nDin dona\u021bii -20 mii lei<\/p>\n<p><strong>12. Trecerea Centrului de S\u0103n\u0103tate\u00a0 M\u0103gd\u0103ce\u0219ti\u00a0 cu deservirea la mun. Chi\u0219in\u0103u.<\/strong><\/p>\n<p><strong>13. Renovarea \u0219i amenajarea f\u00e2nt\u00e2nii din centrul satului .<\/strong><\/p>\n<p><strong>Pe parcursul\u00a0 unui an de activitate\u00a0 \u00een satul M\u0103gd\u0103ce\u0219ti au fost efectuate lucr\u0103ri \u00een sum\u0103 de\u00a0\u00a0<em>6 milioane 822\u00a0 mii lei<\/em>\u00a0&#8211; mijloace financiare din exterior. \u00cen compara\u021bie- bugetul satului M\u0103gd\u0103ce\u0219ti pentru un an \u00a0constituie &#8211;<em>11 milioane .<\/em><\/strong><\/p>\n<p align=\"center\"><strong>OBIECTIVELE\u00a0 PENTRU 2012-2013<\/strong><\/p>\n<ul>\n<li>Finisarea\u00a0 construc\u021biei apeductului, procurarea f\u00e2nt\u00e2nii arteziene.<\/li>\n<li>Finisarea construc\u021biei re\u021belelor de canalizare.<\/li>\n<li>Construc\u021bia sta\u021biei de epurare.<\/li>\n<li>Iluminarea stradal\u0103.<\/li>\n<li>Finisarea construc\u021biei\u00a0 blocului\u00a0 nou la gr\u0103dini\u021ba\u00a0 de copii.<\/li>\n<li>Construc\u021bia unui\u00a0 teren de joac\u0103\u00a0 performant pentru copii.<\/li>\n<li>Construc\u021bia pavilioanelor de a\u0219teptare \u00een interiorul satului.<\/li>\n<li>Schimbarea geamurilor \u0219i u\u0219ilor exterioare la Liceul Teoretic M\u0103gd\u0103ce\u0219ti \u0219i Gr\u0103dini\u021ba de copii.<\/li>\n<li>Amenajarea, \u00eenverzirea satului M\u0103gd\u0103ce\u0219ti.<\/li>\n<li>Grija permanent\u0103 fa\u021b\u0103 de to\u021bi locuitorii satului.<\/li>\n<\/ul>\n","protected":false},"excerpt":{"rendered":"<p>Realiz\u0103rile\u00a0\u00a0 pe parcursul\u00a0\u00a0 unui an\u00a0 de activitate. 1. Repara\u021bia capital\u0103 a Oficiului Po\u0219tal, B\u0103ncii de Economii, Postului de Poli\u021bie, Bibliotecii\u00a0 Publice.\u00a0 Am pornit de la ideia\u00a0 c\u0103\u00a0 s\u0103tenii mei\u00a0 merit\u0103\u00a0 servicii\u00a0 ca \u00een ora\u0219 ,\u0219i \u00een sat a ap\u0103rut un centru modern de acordare a serviciilor. 2. Alocarea de c\u0103tre Ministerul Mediului\u00a0 a 5 milioane [&#8230;]\n","protected":false},"author":1,"featured_media":0,"comment_status":"open","ping_status":"closed","sticky":false,"template":"","format":"standard","meta":{"ngg_post_thumbnail":0,"footnotes":""},"categories":[4],"tags":[],"class_list":["post-4384","post","type-post","status-publish","format-standard","hentry","category-stiri"],"yoast_head":"<!-- This site is optimized with the Yoast SEO plugin v23.3 - https:\/\/yoast.com\/wordpress\/plugins\/seo\/ -->\n<title>Realiz\u0103rile pe parcursul unui an de activitate. - M\u0103gd\u0103ce\u0219ti<\/title>\n<meta name=\"description\" content=\"Bine ati venit pe pagina oficiala a Primariei Magdacesti.\" \/>\n<meta name=\"robots\" content=\"index, follow, max-snippet:-1, max-image-preview:large, max-video-preview:-1\" \/>\n<link rel=\"canonical\" href=\"https:\/\/magdacesti.md\/?p=4384\" \/>\n<meta property=\"og:locale\" content=\"en_US\" \/>\n<meta property=\"og:type\" content=\"article\" \/>\n<meta property=\"og:title\" content=\"Realiz\u0103rile pe parcursul unui an de activitate. - M\u0103gd\u0103ce\u0219ti\" \/>\n<meta property=\"og:description\" content=\"Bine ati venit pe pagina oficiala a Primariei Magdacesti.\" \/>\n<meta property=\"og:url\" content=\"https:\/\/magdacesti.md\/?p=4384\" \/>\n<meta property=\"og:site_name\" content=\"M\u0103gd\u0103ce\u0219ti\" \/>\n<meta property=\"article:publisher\" content=\"https:\/\/www.facebook.com\/magdacesti.md\/\" \/>\n<meta property=\"article:published_time\" content=\"2014-06-19T08:48:51+00:00\" \/>\n<meta property=\"og:image\" content=\"https:\/\/magdacesti.md\/wp-content\/uploads\/2021\/03\/Foto-514-edit-scaled.jpg\" \/>\n\t<meta property=\"og:image:width\" content=\"2560\" \/>\n\t<meta property=\"og:image:height\" content=\"1707\" \/>\n\t<meta property=\"og:image:type\" content=\"image\/jpeg\" \/>\n<meta name=\"author\" content=\"magdacesti\" \/>\n<meta name=\"twitter:card\" content=\"summary_large_image\" \/>\n<meta name=\"twitter:label1\" content=\"Written by\" \/>\n\t<meta name=\"twitter:data1\" content=\"magdacesti\" \/>\n\t<meta name=\"twitter:label2\" content=\"Est. reading time\" \/>\n\t<meta name=\"twitter:data2\" content=\"3 minutes\" \/>\n<script type=\"application\/ld+json\" class=\"yoast-schema-graph\">{\"@context\":\"https:\/\/schema.org\",\"@graph\":[{\"@type\":\"Article\",\"@id\":\"https:\/\/magdacesti.md\/?p=4384#article\",\"isPartOf\":{\"@id\":\"https:\/\/magdacesti.md\/?p=4384\"},\"author\":{\"name\":\"magdacesti\",\"@id\":\"https:\/\/magdacesti.md\/#\/schema\/person\/ee6a6d0a5f0b0cb676ac992c8e414842\"},\"headline\":\"Realiz\u0103rile pe parcursul unui an de activitate.\",\"datePublished\":\"2014-06-19T08:48:51+00:00\",\"dateModified\":\"2014-06-19T08:48:51+00:00\",\"mainEntityOfPage\":{\"@id\":\"https:\/\/magdacesti.md\/?p=4384\"},\"wordCount\":565,\"commentCount\":0,\"publisher\":{\"@id\":\"https:\/\/magdacesti.md\/#organization\"},\"articleSection\":[\"Stiri\"],\"inLanguage\":\"en-US\",\"potentialAction\":[{\"@type\":\"CommentAction\",\"name\":\"Comment\",\"target\":[\"https:\/\/magdacesti.md\/?p=4384#respond\"]}]},{\"@type\":\"WebPage\",\"@id\":\"https:\/\/magdacesti.md\/?p=4384\",\"url\":\"https:\/\/magdacesti.md\/?p=4384\",\"name\":\"Realiz\u0103rile pe parcursul unui an de activitate. - M\u0103gd\u0103ce\u0219ti\",\"isPartOf\":{\"@id\":\"https:\/\/magdacesti.md\/#website\"},\"datePublished\":\"2014-06-19T08:48:51+00:00\",\"dateModified\":\"2014-06-19T08:48:51+00:00\",\"description\":\"Bine ati venit pe pagina oficiala a Primariei Magdacesti.\",\"breadcrumb\":{\"@id\":\"https:\/\/magdacesti.md\/?p=4384#breadcrumb\"},\"inLanguage\":\"en-US\",\"potentialAction\":[{\"@type\":\"ReadAction\",\"target\":[\"https:\/\/magdacesti.md\/?p=4384\"]}]},{\"@type\":\"BreadcrumbList\",\"@id\":\"https:\/\/magdacesti.md\/?p=4384#breadcrumb\",\"itemListElement\":[{\"@type\":\"ListItem\",\"position\":1,\"name\":\"Home\",\"item\":\"https:\/\/magdacesti.md\/\"},{\"@type\":\"ListItem\",\"position\":2,\"name\":\"Realiz\u0103rile pe parcursul unui an de activitate.\"}]},{\"@type\":\"WebSite\",\"@id\":\"https:\/\/magdacesti.md\/#website\",\"url\":\"https:\/\/magdacesti.md\/\",\"name\":\"M\u0103gd\u0103ce\u0219ti\",\"description\":\"Un or\u0103\u0219el cu condi\u021bii decente de trai!\",\"publisher\":{\"@id\":\"https:\/\/magdacesti.md\/#organization\"},\"potentialAction\":[{\"@type\":\"SearchAction\",\"target\":{\"@type\":\"EntryPoint\",\"urlTemplate\":\"https:\/\/magdacesti.md\/?s={search_term_string}\"},\"query-input\":\"required name=search_term_string\"}],\"inLanguage\":\"en-US\"},{\"@type\":\"Organization\",\"@id\":\"https:\/\/magdacesti.md\/#organization\",\"name\":\"M\u0103gd\u0103ce\u0219ti\",\"url\":\"https:\/\/magdacesti.md\/\",\"logo\":{\"@type\":\"ImageObject\",\"inLanguage\":\"en-US\",\"@id\":\"https:\/\/magdacesti.md\/#\/schema\/logo\/image\/\",\"url\":\"https:\/\/magdacesti.md\/wp-content\/uploads\/2021\/03\/Foto-514-scaled.jpg\",\"contentUrl\":\"https:\/\/magdacesti.md\/wp-content\/uploads\/2021\/03\/Foto-514-scaled.jpg\",\"width\":2560,\"height\":1707,\"caption\":\"M\u0103gd\u0103ce\u0219ti\"},\"image\":{\"@id\":\"https:\/\/magdacesti.md\/#\/schema\/logo\/image\/\"},\"sameAs\":[\"https:\/\/www.facebook.com\/magdacesti.md\/\"]},{\"@type\":\"Person\",\"@id\":\"https:\/\/magdacesti.md\/#\/schema\/person\/ee6a6d0a5f0b0cb676ac992c8e414842\",\"name\":\"magdacesti\",\"sameAs\":[\"https:\/\/magdacesti.md\"],\"url\":\"https:\/\/magdacesti.md\/?author=1\"}]}<\/script>\n<!-- \/ Yoast SEO plugin. -->","yoast_head_json":{"title":"Realiz\u0103rile pe parcursul unui an de activitate. - M\u0103gd\u0103ce\u0219ti","description":"Bine ati venit pe pagina oficiala a Primariei Magdacesti.","robots":{"index":"index","follow":"follow","max-snippet":"max-snippet:-1","max-image-preview":"max-image-preview:large","max-video-preview":"max-video-preview:-1"},"canonical":"https:\/\/magdacesti.md\/?p=4384","og_locale":"en_US","og_type":"article","og_title":"Realiz\u0103rile pe parcursul unui an de activitate. - M\u0103gd\u0103ce\u0219ti","og_description":"Bine ati venit pe pagina oficiala a Primariei Magdacesti.","og_url":"https:\/\/magdacesti.md\/?p=4384","og_site_name":"M\u0103gd\u0103ce\u0219ti","article_publisher":"https:\/\/www.facebook.com\/magdacesti.md\/","article_published_time":"2014-06-19T08:48:51+00:00","og_image":[{"width":2560,"height":1707,"url":"https:\/\/magdacesti.md\/wp-content\/uploads\/2021\/03\/Foto-514-edit-scaled.jpg","type":"image\/jpeg"}],"author":"magdacesti","twitter_card":"summary_large_image","twitter_misc":{"Written by":"magdacesti","Est. reading time":"3 minutes"},"schema":{"@context":"https:\/\/schema.org","@graph":[{"@type":"Article","@id":"https:\/\/magdacesti.md\/?p=4384#article","isPartOf":{"@id":"https:\/\/magdacesti.md\/?p=4384"},"author":{"name":"magdacesti","@id":"https:\/\/magdacesti.md\/#\/schema\/person\/ee6a6d0a5f0b0cb676ac992c8e414842"},"headline":"Realiz\u0103rile pe parcursul unui an de activitate.","datePublished":"2014-06-19T08:48:51+00:00","dateModified":"2014-06-19T08:48:51+00:00","mainEntityOfPage":{"@id":"https:\/\/magdacesti.md\/?p=4384"},"wordCount":565,"commentCount":0,"publisher":{"@id":"https:\/\/magdacesti.md\/#organization"},"articleSection":["Stiri"],"inLanguage":"en-US","potentialAction":[{"@type":"CommentAction","name":"Comment","target":["https:\/\/magdacesti.md\/?p=4384#respond"]}]},{"@type":"WebPage","@id":"https:\/\/magdacesti.md\/?p=4384","url":"https:\/\/magdacesti.md\/?p=4384","name":"Realiz\u0103rile pe parcursul unui an de activitate. - M\u0103gd\u0103ce\u0219ti","isPartOf":{"@id":"https:\/\/magdacesti.md\/#website"},"datePublished":"2014-06-19T08:48:51+00:00","dateModified":"2014-06-19T08:48:51+00:00","description":"Bine ati venit pe pagina oficiala a Primariei Magdacesti.","breadcrumb":{"@id":"https:\/\/magdacesti.md\/?p=4384#breadcrumb"},"inLanguage":"en-US","potentialAction":[{"@type":"ReadAction","target":["https:\/\/magdacesti.md\/?p=4384"]}]},{"@type":"BreadcrumbList","@id":"https:\/\/magdacesti.md\/?p=4384#breadcrumb","itemListElement":[{"@type":"ListItem","position":1,"name":"Home","item":"https:\/\/magdacesti.md\/"},{"@type":"ListItem","position":2,"name":"Realiz\u0103rile pe parcursul unui an de activitate."}]},{"@type":"WebSite","@id":"https:\/\/magdacesti.md\/#website","url":"https:\/\/magdacesti.md\/","name":"M\u0103gd\u0103ce\u0219ti","description":"Un or\u0103\u0219el cu condi\u021bii decente de trai!","publisher":{"@id":"https:\/\/magdacesti.md\/#organization"},"potentialAction":[{"@type":"SearchAction","target":{"@type":"EntryPoint","urlTemplate":"https:\/\/magdacesti.md\/?s={search_term_string}"},"query-input":"required name=search_term_string"}],"inLanguage":"en-US"},{"@type":"Organization","@id":"https:\/\/magdacesti.md\/#organization","name":"M\u0103gd\u0103ce\u0219ti","url":"https:\/\/magdacesti.md\/","logo":{"@type":"ImageObject","inLanguage":"en-US","@id":"https:\/\/magdacesti.md\/#\/schema\/logo\/image\/","url":"https:\/\/magdacesti.md\/wp-content\/uploads\/2021\/03\/Foto-514-scaled.jpg","contentUrl":"https:\/\/magdacesti.md\/wp-content\/uploads\/2021\/03\/Foto-514-scaled.jpg","width":2560,"height":1707,"caption":"M\u0103gd\u0103ce\u0219ti"},"image":{"@id":"https:\/\/magdacesti.md\/#\/schema\/logo\/image\/"},"sameAs":["https:\/\/www.facebook.com\/magdacesti.md\/"]},{"@type":"Person","@id":"https:\/\/magdacesti.md\/#\/schema\/person\/ee6a6d0a5f0b0cb676ac992c8e414842","name":"magdacesti","sameAs":["https:\/\/magdacesti.md"],"url":"https:\/\/magdacesti.md\/?author=1"}]}},"_links":{"self":[{"href":"https:\/\/magdacesti.md\/index.php?rest_route=\/wp\/v2\/posts\/4384","targetHints":{"allow":["GET"]}}],"collection":[{"href":"https:\/\/magdacesti.md\/index.php?rest_route=\/wp\/v2\/posts"}],"about":[{"href":"https:\/\/magdacesti.md\/index.php?rest_route=\/wp\/v2\/types\/post"}],"author":[{"embeddable":true,"href":"https:\/\/magdacesti.md\/index.php?rest_route=\/wp\/v2\/users\/1"}],"replies":[{"embeddable":true,"href":"https:\/\/magdacesti.md\/index.php?rest_route=%2Fwp%2Fv2%2Fcomments&post=4384"}],"version-history":[{"count":0,"href":"https:\/\/magdacesti.md\/index.php?rest_route=\/wp\/v2\/posts\/4384\/revisions"}],"wp:attachment":[{"href":"https:\/\/magdacesti.md\/index.php?rest_route=%2Fwp%2Fv2%2Fmedia&parent=4384"}],"wp:term":[{"taxonomy":"category","embeddable":true,"href":"https:\/\/magdacesti.md\/index.php?rest_route=%2Fwp%2Fv2%2Fcategories&post=4384"},{"taxonomy":"post_tag","embeddable":true,"href":"https:\/\/magdacesti.md\/index.php?rest_route=%2Fwp%2Fv2%2Ftags&post=4384"}],"curies":[{"name":"wp","href":"https:\/\/api.w.org\/{rel}","templated":true}]}}