{"id":4405,"date":"2015-12-08T10:01:32","date_gmt":"2015-12-08T08:01:32","guid":{"rendered":"https:\/\/magdacesti.md\/?p=505"},"modified":"2015-12-08T10:01:32","modified_gmt":"2015-12-08T08:01:32","slug":"ziua-internationala-a-persoanelor-cu-dizabilitati-in-satul-magdacesti","status":"publish","type":"post","link":"https:\/\/magdacesti.md\/?p=4405","title":{"rendered":"Ziua Interna\u021bional\u0103 a Persoanelor cu Dizabilit\u0103\u021bi \u00een satul M\u0103gd\u0103ce\u0219ti"},"content":{"rendered":"<p><strong>Ziua Interna\u021bional\u0103 a Persoanelor cu Dizabilit\u0103\u021bi \u00een satul M\u0103gd\u0103ce\u0219ti<\/strong><\/p>\n<p>&nbsp;<\/p>\n<p>De Ziua Interna\u021bional\u0103 a Persoanelor cu Dizabilit\u0103\u021bi, Administra\u021bia Public\u0103 Local\u0103 M\u0103gd\u0103ce\u0219ti \u00eempreun\u0103 cu Direc\u021bia Asisten\u021b\u0103 Social\u0103 \u0219i Protec\u021bia Familiei sunt al\u0103turi de cei care ne \u00eenva\u021b\u0103 \u00een fiecare\u00a0zi ce \u00eenseamn\u0103 s\u0103 ai curajul de a lupta, a rezista \u0219i a \u00eenvinge. Ace\u0219ti oameni sunt un exemplu pentru noi to\u021bi \u0219i ar trebui s\u0103 le mul\u021bumim, pe de o parte, pentru c\u0103 ne sprijin\u0103 s\u0103 construim \u00eempreun\u0103 o lume mai bun\u0103 \u00een care fiecare are o \u0219ans\u0103, iar pe de alt\u0103 parte, pentru c\u0103 ne arat\u0103 mereu c\u0103 destinul este opera celor puternici \u0219i scuza celor slabi.<\/p>\n<p>Cantina Social\u0103 din M\u0103gd\u0103ce\u0219ti \u00een aceast\u0103 zi a fost bucuroas\u0103 s\u0103 deschid\u0103 u\u0219ile pentru persoanele cu nevoi speciale av\u00eend mesele pline de bucate. Mult\u0103 c\u0103ldur\u0103 \u0219i lumin\u0103 au adus \u00a0copii\u00a0 de la Centrul de Resurse Pentru Educa\u021bie Incluziv\u0103 d\u0103ruindu-le tuturor poezii,c\u00eentece \u0219i dansuri. \u00a0\u00cen activitatea cultural\u0103 au fost implica\u021bi elevii Liceului\u00a0 Teoretic M\u0103gd\u0103ce\u0219ti\u00a0 cu un program \u201d\u0218coala, familia izvor de \u00een\u021belepciune\u201d.To\u021bi copii au fost servi\u021bi cu dulciuri.<\/p>\n<p>\u00cen fa\u021ba invita\u021bilor au evaluat Ansamblul\u201dCununa Dorului\u201d \u0219i \u201dForma\u021bia Dacii \u201dcu un repertoriu \u00a0de suflet.<\/p>\n<p>Invita\u021bii\u00a0 au plecat acas\u0103 av\u00eend sufletul plin de c\u0103ldur\u0103 \u0219i bucurie primind \u00een dar\u00a0 c\u00eete o plapum\u0103 c\u0103ldu\u021b\u0103 de iarn\u0103.<\/p>\n<p>&nbsp;<\/p>\n<p>&nbsp;<\/p>\n","protected":false},"excerpt":{"rendered":"<p>Ziua Interna\u021bional\u0103 a Persoanelor cu Dizabilit\u0103\u021bi \u00een satul M\u0103gd\u0103ce\u0219ti &nbsp; De Ziua Interna\u021bional\u0103 a Persoanelor cu Dizabilit\u0103\u021bi, Administra\u021bia Public\u0103 Local\u0103 M\u0103gd\u0103ce\u0219ti \u00eempreun\u0103 cu Direc\u021bia Asisten\u021b\u0103 Social\u0103 \u0219i Protec\u021bia Familiei sunt al\u0103turi de cei care ne \u00eenva\u021b\u0103 \u00een fiecare\u00a0zi ce \u00eenseamn\u0103 s\u0103 ai curajul de a lupta, a rezista \u0219i a \u00eenvinge. Ace\u0219ti oameni sunt un [&#8230;]\n","protected":false},"author":1,"featured_media":0,"comment_status":"open","ping_status":"closed","sticky":false,"template":"","format":"standard","meta":{"ngg_post_thumbnail":0,"footnotes":""},"categories":[4],"tags":[],"class_list":["post-4405","post","type-post","status-publish","format-standard","hentry","category-stiri"],"yoast_head":"<!-- This site is optimized with the Yoast SEO plugin v23.3 - https:\/\/yoast.com\/wordpress\/plugins\/seo\/ -->\n<title>Ziua Interna\u021bional\u0103 a Persoanelor cu Dizabilit\u0103\u021bi \u00een satul M\u0103gd\u0103ce\u0219ti - M\u0103gd\u0103ce\u0219ti<\/title>\n<meta name=\"description\" content=\"Bine ati venit pe pagina oficiala a Primariei Magdacesti.\" \/>\n<meta name=\"robots\" content=\"index, follow, max-snippet:-1, max-image-preview:large, max-video-preview:-1\" \/>\n<link rel=\"canonical\" href=\"https:\/\/magdacesti.md\/?p=4405\" \/>\n<meta property=\"og:locale\" content=\"en_US\" \/>\n<meta property=\"og:type\" content=\"article\" \/>\n<meta property=\"og:title\" content=\"Ziua Interna\u021bional\u0103 a Persoanelor cu Dizabilit\u0103\u021bi \u00een satul M\u0103gd\u0103ce\u0219ti - M\u0103gd\u0103ce\u0219ti\" \/>\n<meta property=\"og:description\" content=\"Bine ati venit pe pagina oficiala a Primariei Magdacesti.\" \/>\n<meta property=\"og:url\" content=\"https:\/\/magdacesti.md\/?p=4405\" \/>\n<meta property=\"og:site_name\" content=\"M\u0103gd\u0103ce\u0219ti\" \/>\n<meta property=\"article:publisher\" content=\"https:\/\/www.facebook.com\/magdacesti.md\/\" \/>\n<meta property=\"article:published_time\" content=\"2015-12-08T08:01:32+00:00\" \/>\n<meta property=\"og:image\" content=\"https:\/\/magdacesti.md\/wp-content\/uploads\/2021\/03\/Foto-514-edit-scaled.jpg\" \/>\n\t<meta property=\"og:image:width\" content=\"2560\" \/>\n\t<meta property=\"og:image:height\" content=\"1707\" \/>\n\t<meta property=\"og:image:type\" content=\"image\/jpeg\" \/>\n<meta name=\"author\" content=\"magdacesti\" \/>\n<meta name=\"twitter:card\" content=\"summary_large_image\" \/>\n<meta name=\"twitter:label1\" content=\"Written by\" \/>\n\t<meta name=\"twitter:data1\" content=\"magdacesti\" \/>\n\t<meta name=\"twitter:label2\" content=\"Est. reading time\" \/>\n\t<meta name=\"twitter:data2\" content=\"1 minute\" \/>\n<script type=\"application\/ld+json\" class=\"yoast-schema-graph\">{\"@context\":\"https:\/\/schema.org\",\"@graph\":[{\"@type\":\"Article\",\"@id\":\"https:\/\/magdacesti.md\/?p=4405#article\",\"isPartOf\":{\"@id\":\"https:\/\/magdacesti.md\/?p=4405\"},\"author\":{\"name\":\"magdacesti\",\"@id\":\"https:\/\/magdacesti.md\/#\/schema\/person\/ee6a6d0a5f0b0cb676ac992c8e414842\"},\"headline\":\"Ziua Interna\u021bional\u0103 a Persoanelor cu Dizabilit\u0103\u021bi \u00een satul M\u0103gd\u0103ce\u0219ti\",\"datePublished\":\"2015-12-08T08:01:32+00:00\",\"dateModified\":\"2015-12-08T08:01:32+00:00\",\"mainEntityOfPage\":{\"@id\":\"https:\/\/magdacesti.md\/?p=4405\"},\"wordCount\":269,\"commentCount\":0,\"publisher\":{\"@id\":\"https:\/\/magdacesti.md\/#organization\"},\"articleSection\":[\"Stiri\"],\"inLanguage\":\"en-US\",\"potentialAction\":[{\"@type\":\"CommentAction\",\"name\":\"Comment\",\"target\":[\"https:\/\/magdacesti.md\/?p=4405#respond\"]}]},{\"@type\":\"WebPage\",\"@id\":\"https:\/\/magdacesti.md\/?p=4405\",\"url\":\"https:\/\/magdacesti.md\/?p=4405\",\"name\":\"Ziua Interna\u021bional\u0103 a Persoanelor cu Dizabilit\u0103\u021bi \u00een satul M\u0103gd\u0103ce\u0219ti - M\u0103gd\u0103ce\u0219ti\",\"isPartOf\":{\"@id\":\"https:\/\/magdacesti.md\/#website\"},\"datePublished\":\"2015-12-08T08:01:32+00:00\",\"dateModified\":\"2015-12-08T08:01:32+00:00\",\"description\":\"Bine ati venit pe pagina oficiala a Primariei Magdacesti.\",\"breadcrumb\":{\"@id\":\"https:\/\/magdacesti.md\/?p=4405#breadcrumb\"},\"inLanguage\":\"en-US\",\"potentialAction\":[{\"@type\":\"ReadAction\",\"target\":[\"https:\/\/magdacesti.md\/?p=4405\"]}]},{\"@type\":\"BreadcrumbList\",\"@id\":\"https:\/\/magdacesti.md\/?p=4405#breadcrumb\",\"itemListElement\":[{\"@type\":\"ListItem\",\"position\":1,\"name\":\"Home\",\"item\":\"https:\/\/magdacesti.md\/\"},{\"@type\":\"ListItem\",\"position\":2,\"name\":\"Ziua Interna\u021bional\u0103 a Persoanelor cu Dizabilit\u0103\u021bi \u00een satul M\u0103gd\u0103ce\u0219ti\"}]},{\"@type\":\"WebSite\",\"@id\":\"https:\/\/magdacesti.md\/#website\",\"url\":\"https:\/\/magdacesti.md\/\",\"name\":\"M\u0103gd\u0103ce\u0219ti\",\"description\":\"Un or\u0103\u0219el cu condi\u021bii decente de trai!\",\"publisher\":{\"@id\":\"https:\/\/magdacesti.md\/#organization\"},\"potentialAction\":[{\"@type\":\"SearchAction\",\"target\":{\"@type\":\"EntryPoint\",\"urlTemplate\":\"https:\/\/magdacesti.md\/?s={search_term_string}\"},\"query-input\":\"required name=search_term_string\"}],\"inLanguage\":\"en-US\"},{\"@type\":\"Organization\",\"@id\":\"https:\/\/magdacesti.md\/#organization\",\"name\":\"M\u0103gd\u0103ce\u0219ti\",\"url\":\"https:\/\/magdacesti.md\/\",\"logo\":{\"@type\":\"ImageObject\",\"inLanguage\":\"en-US\",\"@id\":\"https:\/\/magdacesti.md\/#\/schema\/logo\/image\/\",\"url\":\"https:\/\/magdacesti.md\/wp-content\/uploads\/2021\/03\/Foto-514-scaled.jpg\",\"contentUrl\":\"https:\/\/magdacesti.md\/wp-content\/uploads\/2021\/03\/Foto-514-scaled.jpg\",\"width\":2560,\"height\":1707,\"caption\":\"M\u0103gd\u0103ce\u0219ti\"},\"image\":{\"@id\":\"https:\/\/magdacesti.md\/#\/schema\/logo\/image\/\"},\"sameAs\":[\"https:\/\/www.facebook.com\/magdacesti.md\/\"]},{\"@type\":\"Person\",\"@id\":\"https:\/\/magdacesti.md\/#\/schema\/person\/ee6a6d0a5f0b0cb676ac992c8e414842\",\"name\":\"magdacesti\",\"sameAs\":[\"https:\/\/magdacesti.md\"],\"url\":\"https:\/\/magdacesti.md\/?author=1\"}]}<\/script>\n<!-- \/ Yoast SEO plugin. -->","yoast_head_json":{"title":"Ziua Interna\u021bional\u0103 a Persoanelor cu Dizabilit\u0103\u021bi \u00een satul M\u0103gd\u0103ce\u0219ti - M\u0103gd\u0103ce\u0219ti","description":"Bine ati venit pe pagina oficiala a Primariei Magdacesti.","robots":{"index":"index","follow":"follow","max-snippet":"max-snippet:-1","max-image-preview":"max-image-preview:large","max-video-preview":"max-video-preview:-1"},"canonical":"https:\/\/magdacesti.md\/?p=4405","og_locale":"en_US","og_type":"article","og_title":"Ziua Interna\u021bional\u0103 a Persoanelor cu Dizabilit\u0103\u021bi \u00een satul M\u0103gd\u0103ce\u0219ti - M\u0103gd\u0103ce\u0219ti","og_description":"Bine ati venit pe pagina oficiala a Primariei Magdacesti.","og_url":"https:\/\/magdacesti.md\/?p=4405","og_site_name":"M\u0103gd\u0103ce\u0219ti","article_publisher":"https:\/\/www.facebook.com\/magdacesti.md\/","article_published_time":"2015-12-08T08:01:32+00:00","og_image":[{"width":2560,"height":1707,"url":"https:\/\/magdacesti.md\/wp-content\/uploads\/2021\/03\/Foto-514-edit-scaled.jpg","type":"image\/jpeg"}],"author":"magdacesti","twitter_card":"summary_large_image","twitter_misc":{"Written by":"magdacesti","Est. reading time":"1 minute"},"schema":{"@context":"https:\/\/schema.org","@graph":[{"@type":"Article","@id":"https:\/\/magdacesti.md\/?p=4405#article","isPartOf":{"@id":"https:\/\/magdacesti.md\/?p=4405"},"author":{"name":"magdacesti","@id":"https:\/\/magdacesti.md\/#\/schema\/person\/ee6a6d0a5f0b0cb676ac992c8e414842"},"headline":"Ziua Interna\u021bional\u0103 a Persoanelor cu Dizabilit\u0103\u021bi \u00een satul M\u0103gd\u0103ce\u0219ti","datePublished":"2015-12-08T08:01:32+00:00","dateModified":"2015-12-08T08:01:32+00:00","mainEntityOfPage":{"@id":"https:\/\/magdacesti.md\/?p=4405"},"wordCount":269,"commentCount":0,"publisher":{"@id":"https:\/\/magdacesti.md\/#organization"},"articleSection":["Stiri"],"inLanguage":"en-US","potentialAction":[{"@type":"CommentAction","name":"Comment","target":["https:\/\/magdacesti.md\/?p=4405#respond"]}]},{"@type":"WebPage","@id":"https:\/\/magdacesti.md\/?p=4405","url":"https:\/\/magdacesti.md\/?p=4405","name":"Ziua Interna\u021bional\u0103 a Persoanelor cu Dizabilit\u0103\u021bi \u00een satul M\u0103gd\u0103ce\u0219ti - M\u0103gd\u0103ce\u0219ti","isPartOf":{"@id":"https:\/\/magdacesti.md\/#website"},"datePublished":"2015-12-08T08:01:32+00:00","dateModified":"2015-12-08T08:01:32+00:00","description":"Bine ati venit pe pagina oficiala a Primariei Magdacesti.","breadcrumb":{"@id":"https:\/\/magdacesti.md\/?p=4405#breadcrumb"},"inLanguage":"en-US","potentialAction":[{"@type":"ReadAction","target":["https:\/\/magdacesti.md\/?p=4405"]}]},{"@type":"BreadcrumbList","@id":"https:\/\/magdacesti.md\/?p=4405#breadcrumb","itemListElement":[{"@type":"ListItem","position":1,"name":"Home","item":"https:\/\/magdacesti.md\/"},{"@type":"ListItem","position":2,"name":"Ziua Interna\u021bional\u0103 a Persoanelor cu Dizabilit\u0103\u021bi \u00een satul M\u0103gd\u0103ce\u0219ti"}]},{"@type":"WebSite","@id":"https:\/\/magdacesti.md\/#website","url":"https:\/\/magdacesti.md\/","name":"M\u0103gd\u0103ce\u0219ti","description":"Un or\u0103\u0219el cu condi\u021bii decente de trai!","publisher":{"@id":"https:\/\/magdacesti.md\/#organization"},"potentialAction":[{"@type":"SearchAction","target":{"@type":"EntryPoint","urlTemplate":"https:\/\/magdacesti.md\/?s={search_term_string}"},"query-input":"required name=search_term_string"}],"inLanguage":"en-US"},{"@type":"Organization","@id":"https:\/\/magdacesti.md\/#organization","name":"M\u0103gd\u0103ce\u0219ti","url":"https:\/\/magdacesti.md\/","logo":{"@type":"ImageObject","inLanguage":"en-US","@id":"https:\/\/magdacesti.md\/#\/schema\/logo\/image\/","url":"https:\/\/magdacesti.md\/wp-content\/uploads\/2021\/03\/Foto-514-scaled.jpg","contentUrl":"https:\/\/magdacesti.md\/wp-content\/uploads\/2021\/03\/Foto-514-scaled.jpg","width":2560,"height":1707,"caption":"M\u0103gd\u0103ce\u0219ti"},"image":{"@id":"https:\/\/magdacesti.md\/#\/schema\/logo\/image\/"},"sameAs":["https:\/\/www.facebook.com\/magdacesti.md\/"]},{"@type":"Person","@id":"https:\/\/magdacesti.md\/#\/schema\/person\/ee6a6d0a5f0b0cb676ac992c8e414842","name":"magdacesti","sameAs":["https:\/\/magdacesti.md"],"url":"https:\/\/magdacesti.md\/?author=1"}]}},"_links":{"self":[{"href":"https:\/\/magdacesti.md\/index.php?rest_route=\/wp\/v2\/posts\/4405","targetHints":{"allow":["GET"]}}],"collection":[{"href":"https:\/\/magdacesti.md\/index.php?rest_route=\/wp\/v2\/posts"}],"about":[{"href":"https:\/\/magdacesti.md\/index.php?rest_route=\/wp\/v2\/types\/post"}],"author":[{"embeddable":true,"href":"https:\/\/magdacesti.md\/index.php?rest_route=\/wp\/v2\/users\/1"}],"replies":[{"embeddable":true,"href":"https:\/\/magdacesti.md\/index.php?rest_route=%2Fwp%2Fv2%2Fcomments&post=4405"}],"version-history":[{"count":0,"href":"https:\/\/magdacesti.md\/index.php?rest_route=\/wp\/v2\/posts\/4405\/revisions"}],"wp:attachment":[{"href":"https:\/\/magdacesti.md\/index.php?rest_route=%2Fwp%2Fv2%2Fmedia&parent=4405"}],"wp:term":[{"taxonomy":"category","embeddable":true,"href":"https:\/\/magdacesti.md\/index.php?rest_route=%2Fwp%2Fv2%2Fcategories&post=4405"},{"taxonomy":"post_tag","embeddable":true,"href":"https:\/\/magdacesti.md\/index.php?rest_route=%2Fwp%2Fv2%2Ftags&post=4405"}],"curies":[{"name":"wp","href":"https:\/\/api.w.org\/{rel}","templated":true}]}}