{"id":4825,"date":"2022-12-17T08:56:39","date_gmt":"2022-12-17T08:56:39","guid":{"rendered":"https:\/\/magdacesti.md\/?p=4825"},"modified":"2022-12-18T09:16:07","modified_gmt":"2022-12-18T09:16:07","slug":"colindatorii-de-la-magdacesti-concert-extraordinar-de-colinde-la-mioveni-arges","status":"publish","type":"post","link":"https:\/\/magdacesti.md\/?p=4825","title":{"rendered":"Colind\u0103torii de la M\u0103gd\u0103ce\u0219ti, concert extraordinar de colinde la Mioveni, Arge\u0219"},"content":{"rendered":"\n\n\n<p><strong>\u00cen aceste zile, Corul Balada, \u00eempreun\u0103 cu parohul bisericii din localitate, Igor Condrea, se afl\u0103 la Mioveni, Arge\u0219 (Rom\u00e2nia) pentru a aduce minunatele colinde locuitorilor, \u00een preajma S\u0103rb\u0103torilor de Cr\u0103ciun.<\/strong><\/p>\n\n\n\n<p>Colind\u0103torii no\u0219tri i-au colindat pe cet\u0103\u021benii din Mioveni la Catedrala Sfin\u0163ii Apostoli Petru \u015fi Pavel, unde au luat parte \u0219i primarul ora\u0219ului Mioveni, Ion Georgescu, primarul de M\u0103gd\u0103ce\u0219ti, Liuba Cojocaru, arhimandritul Caliopie \u015fi mai mul\u0163i preo\u0163i.<\/p>\n\n\n\n<p> Cu aceast\u0103 frumoas\u0103 ocazie, delega\u021bia de la M\u0103gd\u0103ce\u0219ti a oferit \u00een dar\u00a0Moa\u015ftele Sf\u00e2ntului Ierarh Dionisie Erhan, cel ce a p\u0103storit credincio\u015fii din Episcopia Arge\u015fului \u00eentre 1940 \u015fi 1941. Moa\u015ftele vor r\u0103m\u00e2ne la Catedrala Sfin\u0163ii Apostoli Petru \u015fi Pavel din Mioveni ca semn al iubirii, aprecierii \u015fi recuno\u015ftin\u0163ei dintre cele dou\u0103 localit\u0103\u0163i \u00eenfr\u0103\u021bite.<\/p>\n\n\n\n<figure class=\"wp-block-image size-large is-resized\"><img loading=\"lazy\" decoding=\"async\" src=\"https:\/\/magdacesti.md\/wp-content\/uploads\/2022\/12\/639cc68ae2cbd019349073-1024x768.jpg\" alt=\"\" class=\"wp-image-4826\" width=\"596\" height=\"447\" srcset=\"https:\/\/magdacesti.md\/wp-content\/uploads\/2022\/12\/639cc68ae2cbd019349073-1024x768.jpg 1024w, https:\/\/magdacesti.md\/wp-content\/uploads\/2022\/12\/639cc68ae2cbd019349073-300x225.jpg 300w, https:\/\/magdacesti.md\/wp-content\/uploads\/2022\/12\/639cc68ae2cbd019349073-768x576.jpg 768w, https:\/\/magdacesti.md\/wp-content\/uploads\/2022\/12\/639cc68ae2cbd019349073-1536x1152.jpg 1536w, https:\/\/magdacesti.md\/wp-content\/uploads\/2022\/12\/639cc68ae2cbd019349073.jpg 2048w\" sizes=\"auto, (max-width: 596px) 100vw, 596px\" \/><\/figure>\n\n\n\n<figure class=\"wp-block-image size-large is-resized\"><img loading=\"lazy\" decoding=\"async\" src=\"https:\/\/magdacesti.md\/wp-content\/uploads\/2022\/12\/320043057_842219940333849_3624621888515656324_n-1024x576.jpg\" alt=\"\" class=\"wp-image-4827\" width=\"598\" height=\"336\" srcset=\"https:\/\/magdacesti.md\/wp-content\/uploads\/2022\/12\/320043057_842219940333849_3624621888515656324_n-1024x576.jpg 1024w, https:\/\/magdacesti.md\/wp-content\/uploads\/2022\/12\/320043057_842219940333849_3624621888515656324_n-300x169.jpg 300w, https:\/\/magdacesti.md\/wp-content\/uploads\/2022\/12\/320043057_842219940333849_3624621888515656324_n-768x432.jpg 768w, https:\/\/magdacesti.md\/wp-content\/uploads\/2022\/12\/320043057_842219940333849_3624621888515656324_n-1536x864.jpg 1536w, https:\/\/magdacesti.md\/wp-content\/uploads\/2022\/12\/320043057_842219940333849_3624621888515656324_n.jpg 2048w\" sizes=\"auto, (max-width: 598px) 100vw, 598px\" \/><\/figure>\n\n\n\n<figure class=\"wp-block-image size-large is-resized\"><img loading=\"lazy\" decoding=\"async\" src=\"https:\/\/magdacesti.md\/wp-content\/uploads\/2022\/12\/639cc5557a754504619381-768x1024.jpg\" alt=\"\" class=\"wp-image-4828\" width=\"539\" height=\"719\" srcset=\"https:\/\/magdacesti.md\/wp-content\/uploads\/2022\/12\/639cc5557a754504619381-768x1024.jpg 768w, https:\/\/magdacesti.md\/wp-content\/uploads\/2022\/12\/639cc5557a754504619381-225x300.jpg 225w, https:\/\/magdacesti.md\/wp-content\/uploads\/2022\/12\/639cc5557a754504619381-1152x1536.jpg 1152w, https:\/\/magdacesti.md\/wp-content\/uploads\/2022\/12\/639cc5557a754504619381.jpg 1536w\" sizes=\"auto, (max-width: 539px) 100vw, 539px\" \/><\/figure>\n\n\n\n<figure class=\"wp-block-image size-large is-resized\"><img loading=\"lazy\" decoding=\"async\" src=\"https:\/\/magdacesti.md\/wp-content\/uploads\/2022\/12\/Concert-cor-Magdacesti-117-1024x683.jpg\" alt=\"\" class=\"wp-image-4829\" width=\"650\" height=\"433\" srcset=\"https:\/\/magdacesti.md\/wp-content\/uploads\/2022\/12\/Concert-cor-Magdacesti-117-1024x683.jpg 1024w, https:\/\/magdacesti.md\/wp-content\/uploads\/2022\/12\/Concert-cor-Magdacesti-117-300x200.jpg 300w, https:\/\/magdacesti.md\/wp-content\/uploads\/2022\/12\/Concert-cor-Magdacesti-117-768x512.jpg 768w, https:\/\/magdacesti.md\/wp-content\/uploads\/2022\/12\/Concert-cor-Magdacesti-117-1536x1024.jpg 1536w, https:\/\/magdacesti.md\/wp-content\/uploads\/2022\/12\/Concert-cor-Magdacesti-117.jpg 1800w\" sizes=\"auto, (max-width: 650px) 100vw, 650px\" \/><\/figure>\n\n\n\n<figure class=\"wp-block-image size-full is-resized\"><img loading=\"lazy\" decoding=\"async\" src=\"https:\/\/magdacesti.md\/wp-content\/uploads\/2022\/12\/colinde-catedrala-sfintii-apostoli-petru-si-pavel.webp\" alt=\"\" class=\"wp-image-4830\" width=\"654\" height=\"364\" srcset=\"https:\/\/magdacesti.md\/wp-content\/uploads\/2022\/12\/colinde-catedrala-sfintii-apostoli-petru-si-pavel.webp 800w, https:\/\/magdacesti.md\/wp-content\/uploads\/2022\/12\/colinde-catedrala-sfintii-apostoli-petru-si-pavel-300x167.webp 300w, https:\/\/magdacesti.md\/wp-content\/uploads\/2022\/12\/colinde-catedrala-sfintii-apostoli-petru-si-pavel-768x427.webp 768w\" sizes=\"auto, (max-width: 654px) 100vw, 654px\" \/><\/figure>\n","protected":false},"excerpt":{"rendered":"<p>\u00cen aceste zile, Corul Balada, \u00eempreun\u0103 cu parohul bisericii din localitate, Igor Condrea, se afl\u0103 la Mioveni, Arge\u0219 (Rom\u00e2nia) pentru a aduce minunatele colinde locuitorilor, \u00een preajma S\u0103rb\u0103torilor de Cr\u0103ciun. Colind\u0103torii no\u0219tri i-au colindat pe cet\u0103\u021benii din Mioveni la Catedrala Sfin\u0163ii Apostoli Petru \u015fi Pavel, unde au luat parte \u0219i primarul ora\u0219ului Mioveni, Ion Georgescu, [&#8230;]\n","protected":false},"author":2,"featured_media":0,"comment_status":"closed","ping_status":"closed","sticky":false,"template":"","format":"standard","meta":{"ngg_post_thumbnail":0,"footnotes":""},"categories":[1],"tags":[],"class_list":["post-4825","post","type-post","status-publish","format-standard","hentry","category-uncategorized"],"yoast_head":"<!-- This site is optimized with the Yoast SEO plugin v23.3 - https:\/\/yoast.com\/wordpress\/plugins\/seo\/ -->\n<title>Colind\u0103torii de la M\u0103gd\u0103ce\u0219ti, concert extraordinar de colinde la Mioveni, Arge\u0219 - M\u0103gd\u0103ce\u0219ti<\/title>\n<meta name=\"description\" content=\"Bine ati venit pe pagina oficiala a Primariei Magdacesti.\" \/>\n<meta name=\"robots\" content=\"index, follow, max-snippet:-1, max-image-preview:large, max-video-preview:-1\" \/>\n<link rel=\"canonical\" href=\"https:\/\/magdacesti.md\/?p=4825\" \/>\n<meta property=\"og:locale\" content=\"en_US\" \/>\n<meta property=\"og:type\" content=\"article\" \/>\n<meta property=\"og:title\" content=\"Colind\u0103torii de la M\u0103gd\u0103ce\u0219ti, concert extraordinar de colinde la Mioveni, Arge\u0219 - M\u0103gd\u0103ce\u0219ti\" \/>\n<meta property=\"og:description\" content=\"Bine ati venit pe pagina oficiala a Primariei Magdacesti.\" \/>\n<meta property=\"og:url\" content=\"https:\/\/magdacesti.md\/?p=4825\" \/>\n<meta property=\"og:site_name\" content=\"M\u0103gd\u0103ce\u0219ti\" \/>\n<meta property=\"article:publisher\" content=\"https:\/\/www.facebook.com\/magdacesti.md\/\" \/>\n<meta property=\"article:published_time\" content=\"2022-12-17T08:56:39+00:00\" \/>\n<meta property=\"article:modified_time\" content=\"2022-12-18T09:16:07+00:00\" \/>\n<meta property=\"og:image\" content=\"https:\/\/magdacesti.md\/wp-content\/uploads\/2022\/12\/639cc68ae2cbd019349073-1024x768.jpg\" \/>\n<meta name=\"author\" content=\"Olga Enachi\" \/>\n<meta name=\"twitter:card\" content=\"summary_large_image\" \/>\n<meta name=\"twitter:label1\" content=\"Written by\" \/>\n\t<meta name=\"twitter:data1\" content=\"Olga Enachi\" \/>\n\t<meta name=\"twitter:label2\" content=\"Est. reading time\" \/>\n\t<meta name=\"twitter:data2\" content=\"2 minutes\" \/>\n<script type=\"application\/ld+json\" class=\"yoast-schema-graph\">{\"@context\":\"https:\/\/schema.org\",\"@graph\":[{\"@type\":\"Article\",\"@id\":\"https:\/\/magdacesti.md\/?p=4825#article\",\"isPartOf\":{\"@id\":\"https:\/\/magdacesti.md\/?p=4825\"},\"author\":{\"name\":\"Olga Enachi\",\"@id\":\"https:\/\/magdacesti.md\/#\/schema\/person\/0068cad735c7cf3ab41a532515da0575\"},\"headline\":\"Colind\u0103torii de la M\u0103gd\u0103ce\u0219ti, concert extraordinar de colinde la Mioveni, Arge\u0219\",\"datePublished\":\"2022-12-17T08:56:39+00:00\",\"dateModified\":\"2022-12-18T09:16:07+00:00\",\"mainEntityOfPage\":{\"@id\":\"https:\/\/magdacesti.md\/?p=4825\"},\"wordCount\":163,\"publisher\":{\"@id\":\"https:\/\/magdacesti.md\/#organization\"},\"image\":{\"@id\":\"https:\/\/magdacesti.md\/?p=4825#primaryimage\"},\"thumbnailUrl\":\"https:\/\/magdacesti.md\/wp-content\/uploads\/2022\/12\/639cc68ae2cbd019349073-1024x768.jpg\",\"inLanguage\":\"en-US\"},{\"@type\":\"WebPage\",\"@id\":\"https:\/\/magdacesti.md\/?p=4825\",\"url\":\"https:\/\/magdacesti.md\/?p=4825\",\"name\":\"Colind\u0103torii de la M\u0103gd\u0103ce\u0219ti, concert extraordinar de colinde la Mioveni, Arge\u0219 - M\u0103gd\u0103ce\u0219ti\",\"isPartOf\":{\"@id\":\"https:\/\/magdacesti.md\/#website\"},\"primaryImageOfPage\":{\"@id\":\"https:\/\/magdacesti.md\/?p=4825#primaryimage\"},\"image\":{\"@id\":\"https:\/\/magdacesti.md\/?p=4825#primaryimage\"},\"thumbnailUrl\":\"https:\/\/magdacesti.md\/wp-content\/uploads\/2022\/12\/639cc68ae2cbd019349073-1024x768.jpg\",\"datePublished\":\"2022-12-17T08:56:39+00:00\",\"dateModified\":\"2022-12-18T09:16:07+00:00\",\"description\":\"Bine ati venit pe pagina oficiala a Primariei Magdacesti.\",\"breadcrumb\":{\"@id\":\"https:\/\/magdacesti.md\/?p=4825#breadcrumb\"},\"inLanguage\":\"en-US\",\"potentialAction\":[{\"@type\":\"ReadAction\",\"target\":[\"https:\/\/magdacesti.md\/?p=4825\"]}]},{\"@type\":\"ImageObject\",\"inLanguage\":\"en-US\",\"@id\":\"https:\/\/magdacesti.md\/?p=4825#primaryimage\",\"url\":\"https:\/\/magdacesti.md\/wp-content\/uploads\/2022\/12\/639cc68ae2cbd019349073.jpg\",\"contentUrl\":\"https:\/\/magdacesti.md\/wp-content\/uploads\/2022\/12\/639cc68ae2cbd019349073.jpg\",\"width\":2048,\"height\":1536},{\"@type\":\"BreadcrumbList\",\"@id\":\"https:\/\/magdacesti.md\/?p=4825#breadcrumb\",\"itemListElement\":[{\"@type\":\"ListItem\",\"position\":1,\"name\":\"Home\",\"item\":\"https:\/\/magdacesti.md\/\"},{\"@type\":\"ListItem\",\"position\":2,\"name\":\"Colind\u0103torii de la M\u0103gd\u0103ce\u0219ti, concert extraordinar de colinde la Mioveni, Arge\u0219\"}]},{\"@type\":\"WebSite\",\"@id\":\"https:\/\/magdacesti.md\/#website\",\"url\":\"https:\/\/magdacesti.md\/\",\"name\":\"M\u0103gd\u0103ce\u0219ti\",\"description\":\"Un or\u0103\u0219el cu condi\u021bii decente de trai!\",\"publisher\":{\"@id\":\"https:\/\/magdacesti.md\/#organization\"},\"potentialAction\":[{\"@type\":\"SearchAction\",\"target\":{\"@type\":\"EntryPoint\",\"urlTemplate\":\"https:\/\/magdacesti.md\/?s={search_term_string}\"},\"query-input\":\"required name=search_term_string\"}],\"inLanguage\":\"en-US\"},{\"@type\":\"Organization\",\"@id\":\"https:\/\/magdacesti.md\/#organization\",\"name\":\"M\u0103gd\u0103ce\u0219ti\",\"url\":\"https:\/\/magdacesti.md\/\",\"logo\":{\"@type\":\"ImageObject\",\"inLanguage\":\"en-US\",\"@id\":\"https:\/\/magdacesti.md\/#\/schema\/logo\/image\/\",\"url\":\"https:\/\/magdacesti.md\/wp-content\/uploads\/2021\/03\/Foto-514-scaled.jpg\",\"contentUrl\":\"https:\/\/magdacesti.md\/wp-content\/uploads\/2021\/03\/Foto-514-scaled.jpg\",\"width\":2560,\"height\":1707,\"caption\":\"M\u0103gd\u0103ce\u0219ti\"},\"image\":{\"@id\":\"https:\/\/magdacesti.md\/#\/schema\/logo\/image\/\"},\"sameAs\":[\"https:\/\/www.facebook.com\/magdacesti.md\/\"]},{\"@type\":\"Person\",\"@id\":\"https:\/\/magdacesti.md\/#\/schema\/person\/0068cad735c7cf3ab41a532515da0575\",\"name\":\"Olga Enachi\",\"url\":\"https:\/\/magdacesti.md\/?author=2\"}]}<\/script>\n<!-- \/ Yoast SEO plugin. -->","yoast_head_json":{"title":"Colind\u0103torii de la M\u0103gd\u0103ce\u0219ti, concert extraordinar de colinde la Mioveni, Arge\u0219 - M\u0103gd\u0103ce\u0219ti","description":"Bine ati venit pe pagina oficiala a Primariei Magdacesti.","robots":{"index":"index","follow":"follow","max-snippet":"max-snippet:-1","max-image-preview":"max-image-preview:large","max-video-preview":"max-video-preview:-1"},"canonical":"https:\/\/magdacesti.md\/?p=4825","og_locale":"en_US","og_type":"article","og_title":"Colind\u0103torii de la M\u0103gd\u0103ce\u0219ti, concert extraordinar de colinde la Mioveni, Arge\u0219 - M\u0103gd\u0103ce\u0219ti","og_description":"Bine ati venit pe pagina oficiala a Primariei Magdacesti.","og_url":"https:\/\/magdacesti.md\/?p=4825","og_site_name":"M\u0103gd\u0103ce\u0219ti","article_publisher":"https:\/\/www.facebook.com\/magdacesti.md\/","article_published_time":"2022-12-17T08:56:39+00:00","article_modified_time":"2022-12-18T09:16:07+00:00","og_image":[{"url":"https:\/\/magdacesti.md\/wp-content\/uploads\/2022\/12\/639cc68ae2cbd019349073-1024x768.jpg"}],"author":"Olga Enachi","twitter_card":"summary_large_image","twitter_misc":{"Written by":"Olga Enachi","Est. reading time":"2 minutes"},"schema":{"@context":"https:\/\/schema.org","@graph":[{"@type":"Article","@id":"https:\/\/magdacesti.md\/?p=4825#article","isPartOf":{"@id":"https:\/\/magdacesti.md\/?p=4825"},"author":{"name":"Olga Enachi","@id":"https:\/\/magdacesti.md\/#\/schema\/person\/0068cad735c7cf3ab41a532515da0575"},"headline":"Colind\u0103torii de la M\u0103gd\u0103ce\u0219ti, concert extraordinar de colinde la Mioveni, Arge\u0219","datePublished":"2022-12-17T08:56:39+00:00","dateModified":"2022-12-18T09:16:07+00:00","mainEntityOfPage":{"@id":"https:\/\/magdacesti.md\/?p=4825"},"wordCount":163,"publisher":{"@id":"https:\/\/magdacesti.md\/#organization"},"image":{"@id":"https:\/\/magdacesti.md\/?p=4825#primaryimage"},"thumbnailUrl":"https:\/\/magdacesti.md\/wp-content\/uploads\/2022\/12\/639cc68ae2cbd019349073-1024x768.jpg","inLanguage":"en-US"},{"@type":"WebPage","@id":"https:\/\/magdacesti.md\/?p=4825","url":"https:\/\/magdacesti.md\/?p=4825","name":"Colind\u0103torii de la M\u0103gd\u0103ce\u0219ti, concert extraordinar de colinde la Mioveni, Arge\u0219 - M\u0103gd\u0103ce\u0219ti","isPartOf":{"@id":"https:\/\/magdacesti.md\/#website"},"primaryImageOfPage":{"@id":"https:\/\/magdacesti.md\/?p=4825#primaryimage"},"image":{"@id":"https:\/\/magdacesti.md\/?p=4825#primaryimage"},"thumbnailUrl":"https:\/\/magdacesti.md\/wp-content\/uploads\/2022\/12\/639cc68ae2cbd019349073-1024x768.jpg","datePublished":"2022-12-17T08:56:39+00:00","dateModified":"2022-12-18T09:16:07+00:00","description":"Bine ati venit pe pagina oficiala a Primariei Magdacesti.","breadcrumb":{"@id":"https:\/\/magdacesti.md\/?p=4825#breadcrumb"},"inLanguage":"en-US","potentialAction":[{"@type":"ReadAction","target":["https:\/\/magdacesti.md\/?p=4825"]}]},{"@type":"ImageObject","inLanguage":"en-US","@id":"https:\/\/magdacesti.md\/?p=4825#primaryimage","url":"https:\/\/magdacesti.md\/wp-content\/uploads\/2022\/12\/639cc68ae2cbd019349073.jpg","contentUrl":"https:\/\/magdacesti.md\/wp-content\/uploads\/2022\/12\/639cc68ae2cbd019349073.jpg","width":2048,"height":1536},{"@type":"BreadcrumbList","@id":"https:\/\/magdacesti.md\/?p=4825#breadcrumb","itemListElement":[{"@type":"ListItem","position":1,"name":"Home","item":"https:\/\/magdacesti.md\/"},{"@type":"ListItem","position":2,"name":"Colind\u0103torii de la M\u0103gd\u0103ce\u0219ti, concert extraordinar de colinde la Mioveni, Arge\u0219"}]},{"@type":"WebSite","@id":"https:\/\/magdacesti.md\/#website","url":"https:\/\/magdacesti.md\/","name":"M\u0103gd\u0103ce\u0219ti","description":"Un or\u0103\u0219el cu condi\u021bii decente de trai!","publisher":{"@id":"https:\/\/magdacesti.md\/#organization"},"potentialAction":[{"@type":"SearchAction","target":{"@type":"EntryPoint","urlTemplate":"https:\/\/magdacesti.md\/?s={search_term_string}"},"query-input":"required name=search_term_string"}],"inLanguage":"en-US"},{"@type":"Organization","@id":"https:\/\/magdacesti.md\/#organization","name":"M\u0103gd\u0103ce\u0219ti","url":"https:\/\/magdacesti.md\/","logo":{"@type":"ImageObject","inLanguage":"en-US","@id":"https:\/\/magdacesti.md\/#\/schema\/logo\/image\/","url":"https:\/\/magdacesti.md\/wp-content\/uploads\/2021\/03\/Foto-514-scaled.jpg","contentUrl":"https:\/\/magdacesti.md\/wp-content\/uploads\/2021\/03\/Foto-514-scaled.jpg","width":2560,"height":1707,"caption":"M\u0103gd\u0103ce\u0219ti"},"image":{"@id":"https:\/\/magdacesti.md\/#\/schema\/logo\/image\/"},"sameAs":["https:\/\/www.facebook.com\/magdacesti.md\/"]},{"@type":"Person","@id":"https:\/\/magdacesti.md\/#\/schema\/person\/0068cad735c7cf3ab41a532515da0575","name":"Olga Enachi","url":"https:\/\/magdacesti.md\/?author=2"}]}},"_links":{"self":[{"href":"https:\/\/magdacesti.md\/index.php?rest_route=\/wp\/v2\/posts\/4825","targetHints":{"allow":["GET"]}}],"collection":[{"href":"https:\/\/magdacesti.md\/index.php?rest_route=\/wp\/v2\/posts"}],"about":[{"href":"https:\/\/magdacesti.md\/index.php?rest_route=\/wp\/v2\/types\/post"}],"author":[{"embeddable":true,"href":"https:\/\/magdacesti.md\/index.php?rest_route=\/wp\/v2\/users\/2"}],"replies":[{"embeddable":true,"href":"https:\/\/magdacesti.md\/index.php?rest_route=%2Fwp%2Fv2%2Fcomments&post=4825"}],"version-history":[{"count":3,"href":"https:\/\/magdacesti.md\/index.php?rest_route=\/wp\/v2\/posts\/4825\/revisions"}],"predecessor-version":[{"id":4833,"href":"https:\/\/magdacesti.md\/index.php?rest_route=\/wp\/v2\/posts\/4825\/revisions\/4833"}],"wp:attachment":[{"href":"https:\/\/magdacesti.md\/index.php?rest_route=%2Fwp%2Fv2%2Fmedia&parent=4825"}],"wp:term":[{"taxonomy":"category","embeddable":true,"href":"https:\/\/magdacesti.md\/index.php?rest_route=%2Fwp%2Fv2%2Fcategories&post=4825"},{"taxonomy":"post_tag","embeddable":true,"href":"https:\/\/magdacesti.md\/index.php?rest_route=%2Fwp%2Fv2%2Ftags&post=4825"}],"curies":[{"name":"wp","href":"https:\/\/api.w.org\/{rel}","templated":true}]}}