{"id":5574,"date":"2025-08-29T11:22:59","date_gmt":"2025-08-29T11:22:59","guid":{"rendered":"https:\/\/magdacesti.md\/?p=5574"},"modified":"2025-08-29T11:23:02","modified_gmt":"2025-08-29T11:23:02","slug":"forumul-national-al-cadrelor-didactice-la-magdacesti","status":"publish","type":"post","link":"https:\/\/magdacesti.md\/?p=5574","title":{"rendered":"Forumul Na\u021bional al Cadrelor Didactice, la M\u0103gd\u0103ce\u0219ti"},"content":{"rendered":"\n\n\n<p>Ast\u0103zi, la M\u0103gd\u0103ce\u0219ti, s-a desf\u0103\u0219urat <strong>Forumul Na\u021bional al Cadrelor Didactice<\/strong>, cu genericul \u201e<strong>Republica Moldova: valori comune \u0219i viitor comun prin prisma sistemului educa\u021bional<\/strong>\u201d. Evenimentul a adunat zeci de profesori, educatori \u0219i directori de \u0219coli din raionul Criuleni, precum \u0219i reprezentan\u021bi ai Ministerului Educa\u021biei \u0219i ai administra\u021biei raionale.<\/p>\n\n\n\n<p>Forumul a fost o ocazie pentru dasc\u0103li \u0219i autorit\u0103\u021bi s\u0103 discute \u00eempreun\u0103 despre cum poate fi \u00eembun\u0103t\u0103\u021bit\u0103 \u0219coala: organizarea mai corect\u0103 a examenelor, folosirea noilor tehnologii \u0219i a inteligen\u021bei artificiale, transmiterea valorilor europene \u0219i democratice c\u0103tre copii, dar \u0219i implicarea elevilor \u00een via\u021ba comunit\u0103\u021bii.<\/p>\n\n\n\n<p>Ne-am sim\u021bit onora\u021bi s\u0103 fim gazde \u0219i ne dorim ca ideile \u0219i concluziile discutate ast\u0103zi s\u0103 fie transpuse \u00een practic\u0103 \u00een \u0219colile \u0219i gr\u0103dini\u021bele noastre. Astfel de \u00eent\u00e2lniri sprijin\u0103 copiii \u0219i le ofer\u0103 \u0219anse reale de reu\u0219it\u0103.<\/p>\n\n\n\n<p> <strong>S\u0103 fie un \u00eenceput de bun augur pentru o \u0219coal\u0103 mai bun\u0103 \u0219i pentru viitorul copiilor no\u0219tri!<\/strong><\/p>\n\n\n\n<figure class=\"wp-block-image size-large\"><img loading=\"lazy\" decoding=\"async\" width=\"1024\" height=\"576\" src=\"https:\/\/magdacesti.md\/wp-content\/uploads\/2025\/08\/539447116_2221294135038843_6865680488853741264_n-1024x576.jpg\" alt=\"\" class=\"wp-image-5575\" srcset=\"https:\/\/magdacesti.md\/wp-content\/uploads\/2025\/08\/539447116_2221294135038843_6865680488853741264_n-1024x576.jpg 1024w, https:\/\/magdacesti.md\/wp-content\/uploads\/2025\/08\/539447116_2221294135038843_6865680488853741264_n-300x169.jpg 300w, https:\/\/magdacesti.md\/wp-content\/uploads\/2025\/08\/539447116_2221294135038843_6865680488853741264_n-768x432.jpg 768w, https:\/\/magdacesti.md\/wp-content\/uploads\/2025\/08\/539447116_2221294135038843_6865680488853741264_n-1536x864.jpg 1536w, https:\/\/magdacesti.md\/wp-content\/uploads\/2025\/08\/539447116_2221294135038843_6865680488853741264_n.jpg 2048w\" sizes=\"auto, (max-width: 1024px) 100vw, 1024px\" \/><\/figure>\n\n\n\n<figure class=\"wp-block-image size-large\"><img loading=\"lazy\" decoding=\"async\" width=\"1024\" height=\"576\" src=\"https:\/\/magdacesti.md\/wp-content\/uploads\/2025\/08\/539162437_2221294141705509_2707490326515107104_n-1024x576.jpg\" alt=\"\" class=\"wp-image-5576\" srcset=\"https:\/\/magdacesti.md\/wp-content\/uploads\/2025\/08\/539162437_2221294141705509_2707490326515107104_n-1024x576.jpg 1024w, https:\/\/magdacesti.md\/wp-content\/uploads\/2025\/08\/539162437_2221294141705509_2707490326515107104_n-300x169.jpg 300w, https:\/\/magdacesti.md\/wp-content\/uploads\/2025\/08\/539162437_2221294141705509_2707490326515107104_n-768x432.jpg 768w, https:\/\/magdacesti.md\/wp-content\/uploads\/2025\/08\/539162437_2221294141705509_2707490326515107104_n-1536x864.jpg 1536w, https:\/\/magdacesti.md\/wp-content\/uploads\/2025\/08\/539162437_2221294141705509_2707490326515107104_n.jpg 2048w\" sizes=\"auto, (max-width: 1024px) 100vw, 1024px\" \/><\/figure>\n\n\n\n<figure class=\"wp-block-image size-large\"><img loading=\"lazy\" decoding=\"async\" width=\"1024\" height=\"768\" src=\"https:\/\/magdacesti.md\/wp-content\/uploads\/2025\/08\/540418827_2221294085038848_9185890583927102214_n-1024x768.jpg\" alt=\"\" class=\"wp-image-5577\" srcset=\"https:\/\/magdacesti.md\/wp-content\/uploads\/2025\/08\/540418827_2221294085038848_9185890583927102214_n-1024x768.jpg 1024w, https:\/\/magdacesti.md\/wp-content\/uploads\/2025\/08\/540418827_2221294085038848_9185890583927102214_n-300x225.jpg 300w, https:\/\/magdacesti.md\/wp-content\/uploads\/2025\/08\/540418827_2221294085038848_9185890583927102214_n-768x576.jpg 768w, https:\/\/magdacesti.md\/wp-content\/uploads\/2025\/08\/540418827_2221294085038848_9185890583927102214_n-1536x1152.jpg 1536w, https:\/\/magdacesti.md\/wp-content\/uploads\/2025\/08\/540418827_2221294085038848_9185890583927102214_n.jpg 2048w\" sizes=\"auto, (max-width: 1024px) 100vw, 1024px\" \/><\/figure>\n\n\n\n<figure class=\"wp-block-image size-large\"><img loading=\"lazy\" decoding=\"async\" width=\"576\" height=\"1024\" src=\"https:\/\/magdacesti.md\/wp-content\/uploads\/2025\/08\/540484801_2221294168372173_7031968763629410958_n-576x1024.jpg\" alt=\"\" class=\"wp-image-5579\" srcset=\"https:\/\/magdacesti.md\/wp-content\/uploads\/2025\/08\/540484801_2221294168372173_7031968763629410958_n-576x1024.jpg 576w, https:\/\/magdacesti.md\/wp-content\/uploads\/2025\/08\/540484801_2221294168372173_7031968763629410958_n-169x300.jpg 169w, https:\/\/magdacesti.md\/wp-content\/uploads\/2025\/08\/540484801_2221294168372173_7031968763629410958_n-768x1365.jpg 768w, https:\/\/magdacesti.md\/wp-content\/uploads\/2025\/08\/540484801_2221294168372173_7031968763629410958_n-864x1536.jpg 864w, https:\/\/magdacesti.md\/wp-content\/uploads\/2025\/08\/540484801_2221294168372173_7031968763629410958_n.jpg 1152w\" sizes=\"auto, (max-width: 576px) 100vw, 576px\" \/><\/figure>\n","protected":false},"excerpt":{"rendered":"<p>Ast\u0103zi, la M\u0103gd\u0103ce\u0219ti, s-a desf\u0103\u0219urat Forumul Na\u021bional al Cadrelor Didactice, cu genericul \u201eRepublica Moldova: valori comune \u0219i viitor comun prin prisma sistemului educa\u021bional\u201d. Evenimentul a adunat zeci de profesori, educatori \u0219i directori de \u0219coli din raionul Criuleni, precum \u0219i reprezentan\u021bi ai Ministerului Educa\u021biei \u0219i ai administra\u021biei raionale. Forumul a fost o ocazie pentru dasc\u0103li \u0219i [&#8230;]\n","protected":false},"author":2,"featured_media":0,"comment_status":"closed","ping_status":"closed","sticky":false,"template":"","format":"standard","meta":{"ngg_post_thumbnail":0,"footnotes":""},"categories":[1],"tags":[],"class_list":["post-5574","post","type-post","status-publish","format-standard","hentry","category-uncategorized"],"yoast_head":"<!-- This site is optimized with the Yoast SEO plugin v23.3 - https:\/\/yoast.com\/wordpress\/plugins\/seo\/ -->\n<title>Forumul Na\u021bional al Cadrelor Didactice, la M\u0103gd\u0103ce\u0219ti - M\u0103gd\u0103ce\u0219ti<\/title>\n<meta name=\"description\" content=\"Bine ati venit pe pagina oficiala a Primariei Magdacesti.\" \/>\n<meta name=\"robots\" content=\"index, follow, max-snippet:-1, max-image-preview:large, max-video-preview:-1\" \/>\n<link rel=\"canonical\" href=\"https:\/\/magdacesti.md\/?p=5574\" \/>\n<meta property=\"og:locale\" content=\"en_US\" \/>\n<meta property=\"og:type\" content=\"article\" \/>\n<meta property=\"og:title\" content=\"Forumul Na\u021bional al Cadrelor Didactice, la M\u0103gd\u0103ce\u0219ti - M\u0103gd\u0103ce\u0219ti\" \/>\n<meta property=\"og:description\" content=\"Bine ati venit pe pagina oficiala a Primariei Magdacesti.\" \/>\n<meta property=\"og:url\" content=\"https:\/\/magdacesti.md\/?p=5574\" \/>\n<meta property=\"og:site_name\" content=\"M\u0103gd\u0103ce\u0219ti\" \/>\n<meta property=\"article:publisher\" content=\"https:\/\/www.facebook.com\/magdacesti.md\/\" \/>\n<meta property=\"article:published_time\" content=\"2025-08-29T11:22:59+00:00\" \/>\n<meta property=\"article:modified_time\" content=\"2025-08-29T11:23:02+00:00\" \/>\n<meta property=\"og:image\" content=\"https:\/\/magdacesti.md\/wp-content\/uploads\/2025\/08\/539447116_2221294135038843_6865680488853741264_n-1024x576.jpg\" \/>\n<meta name=\"author\" content=\"Olga Enachi\" \/>\n<meta name=\"twitter:card\" content=\"summary_large_image\" \/>\n<meta name=\"twitter:label1\" content=\"Written by\" \/>\n\t<meta name=\"twitter:data1\" content=\"Olga Enachi\" \/>\n\t<meta name=\"twitter:label2\" content=\"Est. reading time\" \/>\n\t<meta name=\"twitter:data2\" content=\"2 minutes\" \/>\n<script type=\"application\/ld+json\" class=\"yoast-schema-graph\">{\"@context\":\"https:\/\/schema.org\",\"@graph\":[{\"@type\":\"Article\",\"@id\":\"https:\/\/magdacesti.md\/?p=5574#article\",\"isPartOf\":{\"@id\":\"https:\/\/magdacesti.md\/?p=5574\"},\"author\":{\"name\":\"Olga Enachi\",\"@id\":\"https:\/\/magdacesti.md\/#\/schema\/person\/0068cad735c7cf3ab41a532515da0575\"},\"headline\":\"Forumul Na\u021bional al Cadrelor Didactice, la M\u0103gd\u0103ce\u0219ti\",\"datePublished\":\"2025-08-29T11:22:59+00:00\",\"dateModified\":\"2025-08-29T11:23:02+00:00\",\"mainEntityOfPage\":{\"@id\":\"https:\/\/magdacesti.md\/?p=5574\"},\"wordCount\":182,\"publisher\":{\"@id\":\"https:\/\/magdacesti.md\/#organization\"},\"image\":{\"@id\":\"https:\/\/magdacesti.md\/?p=5574#primaryimage\"},\"thumbnailUrl\":\"https:\/\/magdacesti.md\/wp-content\/uploads\/2025\/08\/539447116_2221294135038843_6865680488853741264_n-1024x576.jpg\",\"inLanguage\":\"en-US\"},{\"@type\":\"WebPage\",\"@id\":\"https:\/\/magdacesti.md\/?p=5574\",\"url\":\"https:\/\/magdacesti.md\/?p=5574\",\"name\":\"Forumul Na\u021bional al Cadrelor Didactice, la M\u0103gd\u0103ce\u0219ti - M\u0103gd\u0103ce\u0219ti\",\"isPartOf\":{\"@id\":\"https:\/\/magdacesti.md\/#website\"},\"primaryImageOfPage\":{\"@id\":\"https:\/\/magdacesti.md\/?p=5574#primaryimage\"},\"image\":{\"@id\":\"https:\/\/magdacesti.md\/?p=5574#primaryimage\"},\"thumbnailUrl\":\"https:\/\/magdacesti.md\/wp-content\/uploads\/2025\/08\/539447116_2221294135038843_6865680488853741264_n-1024x576.jpg\",\"datePublished\":\"2025-08-29T11:22:59+00:00\",\"dateModified\":\"2025-08-29T11:23:02+00:00\",\"description\":\"Bine ati venit pe pagina oficiala a Primariei Magdacesti.\",\"breadcrumb\":{\"@id\":\"https:\/\/magdacesti.md\/?p=5574#breadcrumb\"},\"inLanguage\":\"en-US\",\"potentialAction\":[{\"@type\":\"ReadAction\",\"target\":[\"https:\/\/magdacesti.md\/?p=5574\"]}]},{\"@type\":\"ImageObject\",\"inLanguage\":\"en-US\",\"@id\":\"https:\/\/magdacesti.md\/?p=5574#primaryimage\",\"url\":\"https:\/\/magdacesti.md\/wp-content\/uploads\/2025\/08\/539447116_2221294135038843_6865680488853741264_n.jpg\",\"contentUrl\":\"https:\/\/magdacesti.md\/wp-content\/uploads\/2025\/08\/539447116_2221294135038843_6865680488853741264_n.jpg\",\"width\":2048,\"height\":1152},{\"@type\":\"BreadcrumbList\",\"@id\":\"https:\/\/magdacesti.md\/?p=5574#breadcrumb\",\"itemListElement\":[{\"@type\":\"ListItem\",\"position\":1,\"name\":\"Home\",\"item\":\"https:\/\/magdacesti.md\/\"},{\"@type\":\"ListItem\",\"position\":2,\"name\":\"Forumul Na\u021bional al Cadrelor Didactice, la M\u0103gd\u0103ce\u0219ti\"}]},{\"@type\":\"WebSite\",\"@id\":\"https:\/\/magdacesti.md\/#website\",\"url\":\"https:\/\/magdacesti.md\/\",\"name\":\"M\u0103gd\u0103ce\u0219ti\",\"description\":\"Un or\u0103\u0219el cu condi\u021bii decente de trai!\",\"publisher\":{\"@id\":\"https:\/\/magdacesti.md\/#organization\"},\"potentialAction\":[{\"@type\":\"SearchAction\",\"target\":{\"@type\":\"EntryPoint\",\"urlTemplate\":\"https:\/\/magdacesti.md\/?s={search_term_string}\"},\"query-input\":\"required name=search_term_string\"}],\"inLanguage\":\"en-US\"},{\"@type\":\"Organization\",\"@id\":\"https:\/\/magdacesti.md\/#organization\",\"name\":\"M\u0103gd\u0103ce\u0219ti\",\"url\":\"https:\/\/magdacesti.md\/\",\"logo\":{\"@type\":\"ImageObject\",\"inLanguage\":\"en-US\",\"@id\":\"https:\/\/magdacesti.md\/#\/schema\/logo\/image\/\",\"url\":\"https:\/\/magdacesti.md\/wp-content\/uploads\/2021\/03\/Foto-514-scaled.jpg\",\"contentUrl\":\"https:\/\/magdacesti.md\/wp-content\/uploads\/2021\/03\/Foto-514-scaled.jpg\",\"width\":2560,\"height\":1707,\"caption\":\"M\u0103gd\u0103ce\u0219ti\"},\"image\":{\"@id\":\"https:\/\/magdacesti.md\/#\/schema\/logo\/image\/\"},\"sameAs\":[\"https:\/\/www.facebook.com\/magdacesti.md\/\"]},{\"@type\":\"Person\",\"@id\":\"https:\/\/magdacesti.md\/#\/schema\/person\/0068cad735c7cf3ab41a532515da0575\",\"name\":\"Olga Enachi\",\"url\":\"https:\/\/magdacesti.md\/?author=2\"}]}<\/script>\n<!-- \/ Yoast SEO plugin. -->","yoast_head_json":{"title":"Forumul Na\u021bional al Cadrelor Didactice, la M\u0103gd\u0103ce\u0219ti - M\u0103gd\u0103ce\u0219ti","description":"Bine ati venit pe pagina oficiala a Primariei Magdacesti.","robots":{"index":"index","follow":"follow","max-snippet":"max-snippet:-1","max-image-preview":"max-image-preview:large","max-video-preview":"max-video-preview:-1"},"canonical":"https:\/\/magdacesti.md\/?p=5574","og_locale":"en_US","og_type":"article","og_title":"Forumul Na\u021bional al Cadrelor Didactice, la M\u0103gd\u0103ce\u0219ti - M\u0103gd\u0103ce\u0219ti","og_description":"Bine ati venit pe pagina oficiala a Primariei Magdacesti.","og_url":"https:\/\/magdacesti.md\/?p=5574","og_site_name":"M\u0103gd\u0103ce\u0219ti","article_publisher":"https:\/\/www.facebook.com\/magdacesti.md\/","article_published_time":"2025-08-29T11:22:59+00:00","article_modified_time":"2025-08-29T11:23:02+00:00","og_image":[{"url":"https:\/\/magdacesti.md\/wp-content\/uploads\/2025\/08\/539447116_2221294135038843_6865680488853741264_n-1024x576.jpg"}],"author":"Olga Enachi","twitter_card":"summary_large_image","twitter_misc":{"Written by":"Olga Enachi","Est. reading time":"2 minutes"},"schema":{"@context":"https:\/\/schema.org","@graph":[{"@type":"Article","@id":"https:\/\/magdacesti.md\/?p=5574#article","isPartOf":{"@id":"https:\/\/magdacesti.md\/?p=5574"},"author":{"name":"Olga Enachi","@id":"https:\/\/magdacesti.md\/#\/schema\/person\/0068cad735c7cf3ab41a532515da0575"},"headline":"Forumul Na\u021bional al Cadrelor Didactice, la M\u0103gd\u0103ce\u0219ti","datePublished":"2025-08-29T11:22:59+00:00","dateModified":"2025-08-29T11:23:02+00:00","mainEntityOfPage":{"@id":"https:\/\/magdacesti.md\/?p=5574"},"wordCount":182,"publisher":{"@id":"https:\/\/magdacesti.md\/#organization"},"image":{"@id":"https:\/\/magdacesti.md\/?p=5574#primaryimage"},"thumbnailUrl":"https:\/\/magdacesti.md\/wp-content\/uploads\/2025\/08\/539447116_2221294135038843_6865680488853741264_n-1024x576.jpg","inLanguage":"en-US"},{"@type":"WebPage","@id":"https:\/\/magdacesti.md\/?p=5574","url":"https:\/\/magdacesti.md\/?p=5574","name":"Forumul Na\u021bional al Cadrelor Didactice, la M\u0103gd\u0103ce\u0219ti - M\u0103gd\u0103ce\u0219ti","isPartOf":{"@id":"https:\/\/magdacesti.md\/#website"},"primaryImageOfPage":{"@id":"https:\/\/magdacesti.md\/?p=5574#primaryimage"},"image":{"@id":"https:\/\/magdacesti.md\/?p=5574#primaryimage"},"thumbnailUrl":"https:\/\/magdacesti.md\/wp-content\/uploads\/2025\/08\/539447116_2221294135038843_6865680488853741264_n-1024x576.jpg","datePublished":"2025-08-29T11:22:59+00:00","dateModified":"2025-08-29T11:23:02+00:00","description":"Bine ati venit pe pagina oficiala a Primariei Magdacesti.","breadcrumb":{"@id":"https:\/\/magdacesti.md\/?p=5574#breadcrumb"},"inLanguage":"en-US","potentialAction":[{"@type":"ReadAction","target":["https:\/\/magdacesti.md\/?p=5574"]}]},{"@type":"ImageObject","inLanguage":"en-US","@id":"https:\/\/magdacesti.md\/?p=5574#primaryimage","url":"https:\/\/magdacesti.md\/wp-content\/uploads\/2025\/08\/539447116_2221294135038843_6865680488853741264_n.jpg","contentUrl":"https:\/\/magdacesti.md\/wp-content\/uploads\/2025\/08\/539447116_2221294135038843_6865680488853741264_n.jpg","width":2048,"height":1152},{"@type":"BreadcrumbList","@id":"https:\/\/magdacesti.md\/?p=5574#breadcrumb","itemListElement":[{"@type":"ListItem","position":1,"name":"Home","item":"https:\/\/magdacesti.md\/"},{"@type":"ListItem","position":2,"name":"Forumul Na\u021bional al Cadrelor Didactice, la M\u0103gd\u0103ce\u0219ti"}]},{"@type":"WebSite","@id":"https:\/\/magdacesti.md\/#website","url":"https:\/\/magdacesti.md\/","name":"M\u0103gd\u0103ce\u0219ti","description":"Un or\u0103\u0219el cu condi\u021bii decente de trai!","publisher":{"@id":"https:\/\/magdacesti.md\/#organization"},"potentialAction":[{"@type":"SearchAction","target":{"@type":"EntryPoint","urlTemplate":"https:\/\/magdacesti.md\/?s={search_term_string}"},"query-input":"required name=search_term_string"}],"inLanguage":"en-US"},{"@type":"Organization","@id":"https:\/\/magdacesti.md\/#organization","name":"M\u0103gd\u0103ce\u0219ti","url":"https:\/\/magdacesti.md\/","logo":{"@type":"ImageObject","inLanguage":"en-US","@id":"https:\/\/magdacesti.md\/#\/schema\/logo\/image\/","url":"https:\/\/magdacesti.md\/wp-content\/uploads\/2021\/03\/Foto-514-scaled.jpg","contentUrl":"https:\/\/magdacesti.md\/wp-content\/uploads\/2021\/03\/Foto-514-scaled.jpg","width":2560,"height":1707,"caption":"M\u0103gd\u0103ce\u0219ti"},"image":{"@id":"https:\/\/magdacesti.md\/#\/schema\/logo\/image\/"},"sameAs":["https:\/\/www.facebook.com\/magdacesti.md\/"]},{"@type":"Person","@id":"https:\/\/magdacesti.md\/#\/schema\/person\/0068cad735c7cf3ab41a532515da0575","name":"Olga Enachi","url":"https:\/\/magdacesti.md\/?author=2"}]}},"_links":{"self":[{"href":"https:\/\/magdacesti.md\/index.php?rest_route=\/wp\/v2\/posts\/5574","targetHints":{"allow":["GET"]}}],"collection":[{"href":"https:\/\/magdacesti.md\/index.php?rest_route=\/wp\/v2\/posts"}],"about":[{"href":"https:\/\/magdacesti.md\/index.php?rest_route=\/wp\/v2\/types\/post"}],"author":[{"embeddable":true,"href":"https:\/\/magdacesti.md\/index.php?rest_route=\/wp\/v2\/users\/2"}],"replies":[{"embeddable":true,"href":"https:\/\/magdacesti.md\/index.php?rest_route=%2Fwp%2Fv2%2Fcomments&post=5574"}],"version-history":[{"count":1,"href":"https:\/\/magdacesti.md\/index.php?rest_route=\/wp\/v2\/posts\/5574\/revisions"}],"predecessor-version":[{"id":5580,"href":"https:\/\/magdacesti.md\/index.php?rest_route=\/wp\/v2\/posts\/5574\/revisions\/5580"}],"wp:attachment":[{"href":"https:\/\/magdacesti.md\/index.php?rest_route=%2Fwp%2Fv2%2Fmedia&parent=5574"}],"wp:term":[{"taxonomy":"category","embeddable":true,"href":"https:\/\/magdacesti.md\/index.php?rest_route=%2Fwp%2Fv2%2Fcategories&post=5574"},{"taxonomy":"post_tag","embeddable":true,"href":"https:\/\/magdacesti.md\/index.php?rest_route=%2Fwp%2Fv2%2Ftags&post=5574"}],"curies":[{"name":"wp","href":"https:\/\/api.w.org\/{rel}","templated":true}]}}