{"id":5581,"date":"2025-09-01T06:51:34","date_gmt":"2025-09-01T06:51:34","guid":{"rendered":"https:\/\/magdacesti.md\/?p=5581"},"modified":"2025-09-02T06:58:11","modified_gmt":"2025-09-02T06:58:11","slug":"un-nou-inceput-la-liceul-teoretic-magdacesti","status":"publish","type":"post","link":"https:\/\/magdacesti.md\/?p=5581","title":{"rendered":"Un nou \u00eenceput la Liceul Teoretic M\u0103gd\u0103ce\u0219ti"},"content":{"rendered":"\n\n\n<figure class=\"wp-block-embed is-type-video is-provider-youtube wp-block-embed-youtube wp-embed-aspect-16-9 wp-has-aspect-ratio\"><div class=\"wp-block-embed__wrapper\">\n<iframe loading=\"lazy\" title=\"Primul sunet 2025 - LICEUL TEORETIC M\u0102GD\u0102CE\u0218TI\" width=\"1020\" height=\"574\" src=\"https:\/\/www.youtube.com\/embed\/hRLJZTPshWY?feature=oembed\" frameborder=\"0\" allow=\"accelerometer; autoplay; clipboard-write; encrypted-media; gyroscope; picture-in-picture; web-share\" referrerpolicy=\"strict-origin-when-cross-origin\" allowfullscreen><\/iframe>\n<\/div><\/figure>\n\n\n\n<p>Ast\u0103zi, curtea liceului a prins din nou via\u021b\u0103. Emo\u021biile primei zile de \u0219coal\u0103 au adunat laolalt\u0103 elevi, p\u0103rin\u021bi, bunici \u0219i profesori, to\u021bi uni\u021bi de aceea\u0219i bucurie \u0219i speran\u021b\u0103 &#8211; un an de studii reu\u0219it.<\/p>\n\n\n\n<p class=\"has-text-align-center\"><strong>Dragi elevi, dragi p\u0103rin\u021bi \u0219i profesori, v\u0103 dorim ca acest an \u0219colar s\u0103 fie plin de realiz\u0103ri frumoase. S\u0103 fie un drum pres\u0103rat cu eforturi r\u0103spl\u0103tite, cu prietenii trainice, cu experien\u021be care s\u0103 v\u0103 \u00eembog\u0103\u021beasc\u0103 \u0219i cu cuno\u0219tin\u021be ce v\u0103 vor deschide noi orizonturi.<\/strong><\/p>\n\n\n\n<p>Un an \u0219colar nou \u00eenseamn\u0103 un nou capitol \u00een via\u021ba fiec\u0103rui elev. Le dorim tuturor mult curaj, perseveren\u021b\u0103 \u0219i \u00eencredere \u00een for\u021bele proprii. \u00cempreun\u0103 vom transforma acest an \u00eentr-o experien\u021b\u0103 de neuitat.<\/p>\n\n\n\n<p>La <strong>Liceul Teoretic M\u0103gd\u0103ce\u0219ti<\/strong> \u00ee\u0219i fac ast\u0103zi studiile <strong>1027 de elevi<\/strong>. <\/p>\n\n\n\n<figure class=\"wp-block-image size-large\"><img loading=\"lazy\" decoding=\"async\" width=\"1024\" height=\"576\" src=\"https:\/\/magdacesti.md\/wp-content\/uploads\/2025\/09\/540495018_2223806828120907_3481980150516460687_n-1024x576.jpg\" alt=\"\" class=\"wp-image-5582\" srcset=\"https:\/\/magdacesti.md\/wp-content\/uploads\/2025\/09\/540495018_2223806828120907_3481980150516460687_n-1024x576.jpg 1024w, https:\/\/magdacesti.md\/wp-content\/uploads\/2025\/09\/540495018_2223806828120907_3481980150516460687_n-300x169.jpg 300w, https:\/\/magdacesti.md\/wp-content\/uploads\/2025\/09\/540495018_2223806828120907_3481980150516460687_n-768x432.jpg 768w, https:\/\/magdacesti.md\/wp-content\/uploads\/2025\/09\/540495018_2223806828120907_3481980150516460687_n-1536x864.jpg 1536w, https:\/\/magdacesti.md\/wp-content\/uploads\/2025\/09\/540495018_2223806828120907_3481980150516460687_n.jpg 2048w\" sizes=\"auto, (max-width: 1024px) 100vw, 1024px\" \/><\/figure>\n\n\n\n<figure class=\"wp-block-image size-large\"><img loading=\"lazy\" decoding=\"async\" width=\"1024\" height=\"768\" src=\"https:\/\/magdacesti.md\/wp-content\/uploads\/2025\/09\/541498567_2223806974787559_8896931016191609928_n-1024x768.jpg\" alt=\"\" class=\"wp-image-5583\" srcset=\"https:\/\/magdacesti.md\/wp-content\/uploads\/2025\/09\/541498567_2223806974787559_8896931016191609928_n-1024x768.jpg 1024w, https:\/\/magdacesti.md\/wp-content\/uploads\/2025\/09\/541498567_2223806974787559_8896931016191609928_n-300x225.jpg 300w, https:\/\/magdacesti.md\/wp-content\/uploads\/2025\/09\/541498567_2223806974787559_8896931016191609928_n-768x576.jpg 768w, https:\/\/magdacesti.md\/wp-content\/uploads\/2025\/09\/541498567_2223806974787559_8896931016191609928_n-1536x1152.jpg 1536w, https:\/\/magdacesti.md\/wp-content\/uploads\/2025\/09\/541498567_2223806974787559_8896931016191609928_n.jpg 2048w\" sizes=\"auto, (max-width: 1024px) 100vw, 1024px\" \/><\/figure>\n\n\n\n<figure class=\"wp-block-image size-large\"><img loading=\"lazy\" decoding=\"async\" width=\"1024\" height=\"576\" src=\"https:\/\/magdacesti.md\/wp-content\/uploads\/2025\/09\/540685453_2223807198120870_8938889716261419410_n-1024x576.jpg\" alt=\"\" class=\"wp-image-5584\" srcset=\"https:\/\/magdacesti.md\/wp-content\/uploads\/2025\/09\/540685453_2223807198120870_8938889716261419410_n-1024x576.jpg 1024w, https:\/\/magdacesti.md\/wp-content\/uploads\/2025\/09\/540685453_2223807198120870_8938889716261419410_n-300x169.jpg 300w, https:\/\/magdacesti.md\/wp-content\/uploads\/2025\/09\/540685453_2223807198120870_8938889716261419410_n-768x432.jpg 768w, https:\/\/magdacesti.md\/wp-content\/uploads\/2025\/09\/540685453_2223807198120870_8938889716261419410_n-1536x864.jpg 1536w, https:\/\/magdacesti.md\/wp-content\/uploads\/2025\/09\/540685453_2223807198120870_8938889716261419410_n.jpg 2048w\" sizes=\"auto, (max-width: 1024px) 100vw, 1024px\" \/><\/figure>\n\n\n\n<figure class=\"wp-block-image size-large\"><img loading=\"lazy\" decoding=\"async\" width=\"1024\" height=\"576\" src=\"https:\/\/magdacesti.md\/wp-content\/uploads\/2025\/09\/540602475_2223807154787541_1309567342536401257_n-1024x576.jpg\" alt=\"\" class=\"wp-image-5585\" srcset=\"https:\/\/magdacesti.md\/wp-content\/uploads\/2025\/09\/540602475_2223807154787541_1309567342536401257_n-1024x576.jpg 1024w, https:\/\/magdacesti.md\/wp-content\/uploads\/2025\/09\/540602475_2223807154787541_1309567342536401257_n-300x169.jpg 300w, https:\/\/magdacesti.md\/wp-content\/uploads\/2025\/09\/540602475_2223807154787541_1309567342536401257_n-768x432.jpg 768w, https:\/\/magdacesti.md\/wp-content\/uploads\/2025\/09\/540602475_2223807154787541_1309567342536401257_n-1536x864.jpg 1536w, https:\/\/magdacesti.md\/wp-content\/uploads\/2025\/09\/540602475_2223807154787541_1309567342536401257_n.jpg 2048w\" sizes=\"auto, (max-width: 1024px) 100vw, 1024px\" \/><\/figure>\n\n\n\n<figure class=\"wp-block-image size-large\"><img loading=\"lazy\" decoding=\"async\" width=\"1024\" height=\"576\" src=\"https:\/\/magdacesti.md\/wp-content\/uploads\/2025\/09\/540677436_2223806608120929_432562292678702665_n-1024x576.jpg\" alt=\"\" class=\"wp-image-5586\" srcset=\"https:\/\/magdacesti.md\/wp-content\/uploads\/2025\/09\/540677436_2223806608120929_432562292678702665_n-1024x576.jpg 1024w, https:\/\/magdacesti.md\/wp-content\/uploads\/2025\/09\/540677436_2223806608120929_432562292678702665_n-300x169.jpg 300w, https:\/\/magdacesti.md\/wp-content\/uploads\/2025\/09\/540677436_2223806608120929_432562292678702665_n-768x432.jpg 768w, https:\/\/magdacesti.md\/wp-content\/uploads\/2025\/09\/540677436_2223806608120929_432562292678702665_n-1536x864.jpg 1536w, https:\/\/magdacesti.md\/wp-content\/uploads\/2025\/09\/540677436_2223806608120929_432562292678702665_n.jpg 2048w\" sizes=\"auto, (max-width: 1024px) 100vw, 1024px\" \/><\/figure>\n","protected":false},"excerpt":{"rendered":"<p>Ast\u0103zi, curtea liceului a prins din nou via\u021b\u0103. Emo\u021biile primei zile de \u0219coal\u0103 au adunat laolalt\u0103 elevi, p\u0103rin\u021bi, bunici \u0219i profesori, to\u021bi uni\u021bi de aceea\u0219i bucurie \u0219i speran\u021b\u0103 &#8211; un an de studii reu\u0219it. Dragi elevi, dragi p\u0103rin\u021bi \u0219i profesori, v\u0103 dorim ca acest an \u0219colar s\u0103 fie plin de realiz\u0103ri frumoase. S\u0103 fie un [&#8230;]\n","protected":false},"author":2,"featured_media":0,"comment_status":"closed","ping_status":"closed","sticky":false,"template":"","format":"standard","meta":{"ngg_post_thumbnail":0,"footnotes":""},"categories":[1],"tags":[],"class_list":["post-5581","post","type-post","status-publish","format-standard","hentry","category-uncategorized"],"yoast_head":"<!-- This site is optimized with the Yoast SEO plugin v23.3 - https:\/\/yoast.com\/wordpress\/plugins\/seo\/ -->\n<title>Un nou \u00eenceput la Liceul Teoretic M\u0103gd\u0103ce\u0219ti - M\u0103gd\u0103ce\u0219ti<\/title>\n<meta name=\"description\" content=\"Bine ati venit pe pagina oficiala a Primariei Magdacesti.\" \/>\n<meta name=\"robots\" content=\"index, follow, max-snippet:-1, max-image-preview:large, max-video-preview:-1\" \/>\n<link rel=\"canonical\" href=\"https:\/\/magdacesti.md\/?p=5581\" \/>\n<meta property=\"og:locale\" content=\"en_US\" \/>\n<meta property=\"og:type\" content=\"article\" \/>\n<meta property=\"og:title\" content=\"Un nou \u00eenceput la Liceul Teoretic M\u0103gd\u0103ce\u0219ti - M\u0103gd\u0103ce\u0219ti\" \/>\n<meta property=\"og:description\" content=\"Bine ati venit pe pagina oficiala a Primariei Magdacesti.\" \/>\n<meta property=\"og:url\" content=\"https:\/\/magdacesti.md\/?p=5581\" \/>\n<meta property=\"og:site_name\" content=\"M\u0103gd\u0103ce\u0219ti\" \/>\n<meta property=\"article:publisher\" content=\"https:\/\/www.facebook.com\/magdacesti.md\/\" \/>\n<meta property=\"article:published_time\" content=\"2025-09-01T06:51:34+00:00\" \/>\n<meta property=\"article:modified_time\" content=\"2025-09-02T06:58:11+00:00\" \/>\n<meta property=\"og:image\" content=\"https:\/\/magdacesti.md\/wp-content\/uploads\/2025\/09\/540495018_2223806828120907_3481980150516460687_n-1024x576.jpg\" \/>\n<meta name=\"author\" content=\"Olga Enachi\" \/>\n<meta name=\"twitter:card\" content=\"summary_large_image\" \/>\n<meta name=\"twitter:label1\" content=\"Written by\" \/>\n\t<meta name=\"twitter:data1\" content=\"Olga Enachi\" \/>\n\t<meta name=\"twitter:label2\" content=\"Est. reading time\" \/>\n\t<meta name=\"twitter:data2\" content=\"2 minutes\" \/>\n<script type=\"application\/ld+json\" class=\"yoast-schema-graph\">{\"@context\":\"https:\/\/schema.org\",\"@graph\":[{\"@type\":\"Article\",\"@id\":\"https:\/\/magdacesti.md\/?p=5581#article\",\"isPartOf\":{\"@id\":\"https:\/\/magdacesti.md\/?p=5581\"},\"author\":{\"name\":\"Olga Enachi\",\"@id\":\"https:\/\/magdacesti.md\/#\/schema\/person\/0068cad735c7cf3ab41a532515da0575\"},\"headline\":\"Un nou \u00eenceput la Liceul Teoretic M\u0103gd\u0103ce\u0219ti\",\"datePublished\":\"2025-09-01T06:51:34+00:00\",\"dateModified\":\"2025-09-02T06:58:11+00:00\",\"mainEntityOfPage\":{\"@id\":\"https:\/\/magdacesti.md\/?p=5581\"},\"wordCount\":159,\"publisher\":{\"@id\":\"https:\/\/magdacesti.md\/#organization\"},\"image\":{\"@id\":\"https:\/\/magdacesti.md\/?p=5581#primaryimage\"},\"thumbnailUrl\":\"https:\/\/magdacesti.md\/wp-content\/uploads\/2025\/09\/540495018_2223806828120907_3481980150516460687_n-1024x576.jpg\",\"inLanguage\":\"en-US\"},{\"@type\":\"WebPage\",\"@id\":\"https:\/\/magdacesti.md\/?p=5581\",\"url\":\"https:\/\/magdacesti.md\/?p=5581\",\"name\":\"Un nou \u00eenceput la Liceul Teoretic M\u0103gd\u0103ce\u0219ti - M\u0103gd\u0103ce\u0219ti\",\"isPartOf\":{\"@id\":\"https:\/\/magdacesti.md\/#website\"},\"primaryImageOfPage\":{\"@id\":\"https:\/\/magdacesti.md\/?p=5581#primaryimage\"},\"image\":{\"@id\":\"https:\/\/magdacesti.md\/?p=5581#primaryimage\"},\"thumbnailUrl\":\"https:\/\/magdacesti.md\/wp-content\/uploads\/2025\/09\/540495018_2223806828120907_3481980150516460687_n-1024x576.jpg\",\"datePublished\":\"2025-09-01T06:51:34+00:00\",\"dateModified\":\"2025-09-02T06:58:11+00:00\",\"description\":\"Bine ati venit pe pagina oficiala a Primariei Magdacesti.\",\"breadcrumb\":{\"@id\":\"https:\/\/magdacesti.md\/?p=5581#breadcrumb\"},\"inLanguage\":\"en-US\",\"potentialAction\":[{\"@type\":\"ReadAction\",\"target\":[\"https:\/\/magdacesti.md\/?p=5581\"]}]},{\"@type\":\"ImageObject\",\"inLanguage\":\"en-US\",\"@id\":\"https:\/\/magdacesti.md\/?p=5581#primaryimage\",\"url\":\"https:\/\/magdacesti.md\/wp-content\/uploads\/2025\/09\/540495018_2223806828120907_3481980150516460687_n.jpg\",\"contentUrl\":\"https:\/\/magdacesti.md\/wp-content\/uploads\/2025\/09\/540495018_2223806828120907_3481980150516460687_n.jpg\",\"width\":2048,\"height\":1152},{\"@type\":\"BreadcrumbList\",\"@id\":\"https:\/\/magdacesti.md\/?p=5581#breadcrumb\",\"itemListElement\":[{\"@type\":\"ListItem\",\"position\":1,\"name\":\"Home\",\"item\":\"https:\/\/magdacesti.md\/\"},{\"@type\":\"ListItem\",\"position\":2,\"name\":\"Un nou \u00eenceput la Liceul Teoretic M\u0103gd\u0103ce\u0219ti\"}]},{\"@type\":\"WebSite\",\"@id\":\"https:\/\/magdacesti.md\/#website\",\"url\":\"https:\/\/magdacesti.md\/\",\"name\":\"M\u0103gd\u0103ce\u0219ti\",\"description\":\"Un or\u0103\u0219el cu condi\u021bii decente de trai!\",\"publisher\":{\"@id\":\"https:\/\/magdacesti.md\/#organization\"},\"potentialAction\":[{\"@type\":\"SearchAction\",\"target\":{\"@type\":\"EntryPoint\",\"urlTemplate\":\"https:\/\/magdacesti.md\/?s={search_term_string}\"},\"query-input\":\"required name=search_term_string\"}],\"inLanguage\":\"en-US\"},{\"@type\":\"Organization\",\"@id\":\"https:\/\/magdacesti.md\/#organization\",\"name\":\"M\u0103gd\u0103ce\u0219ti\",\"url\":\"https:\/\/magdacesti.md\/\",\"logo\":{\"@type\":\"ImageObject\",\"inLanguage\":\"en-US\",\"@id\":\"https:\/\/magdacesti.md\/#\/schema\/logo\/image\/\",\"url\":\"https:\/\/magdacesti.md\/wp-content\/uploads\/2021\/03\/Foto-514-scaled.jpg\",\"contentUrl\":\"https:\/\/magdacesti.md\/wp-content\/uploads\/2021\/03\/Foto-514-scaled.jpg\",\"width\":2560,\"height\":1707,\"caption\":\"M\u0103gd\u0103ce\u0219ti\"},\"image\":{\"@id\":\"https:\/\/magdacesti.md\/#\/schema\/logo\/image\/\"},\"sameAs\":[\"https:\/\/www.facebook.com\/magdacesti.md\/\"]},{\"@type\":\"Person\",\"@id\":\"https:\/\/magdacesti.md\/#\/schema\/person\/0068cad735c7cf3ab41a532515da0575\",\"name\":\"Olga Enachi\",\"url\":\"https:\/\/magdacesti.md\/?author=2\"}]}<\/script>\n<!-- \/ Yoast SEO plugin. -->","yoast_head_json":{"title":"Un nou \u00eenceput la Liceul Teoretic M\u0103gd\u0103ce\u0219ti - M\u0103gd\u0103ce\u0219ti","description":"Bine ati venit pe pagina oficiala a Primariei Magdacesti.","robots":{"index":"index","follow":"follow","max-snippet":"max-snippet:-1","max-image-preview":"max-image-preview:large","max-video-preview":"max-video-preview:-1"},"canonical":"https:\/\/magdacesti.md\/?p=5581","og_locale":"en_US","og_type":"article","og_title":"Un nou \u00eenceput la Liceul Teoretic M\u0103gd\u0103ce\u0219ti - M\u0103gd\u0103ce\u0219ti","og_description":"Bine ati venit pe pagina oficiala a Primariei Magdacesti.","og_url":"https:\/\/magdacesti.md\/?p=5581","og_site_name":"M\u0103gd\u0103ce\u0219ti","article_publisher":"https:\/\/www.facebook.com\/magdacesti.md\/","article_published_time":"2025-09-01T06:51:34+00:00","article_modified_time":"2025-09-02T06:58:11+00:00","og_image":[{"url":"https:\/\/magdacesti.md\/wp-content\/uploads\/2025\/09\/540495018_2223806828120907_3481980150516460687_n-1024x576.jpg"}],"author":"Olga Enachi","twitter_card":"summary_large_image","twitter_misc":{"Written by":"Olga Enachi","Est. reading time":"2 minutes"},"schema":{"@context":"https:\/\/schema.org","@graph":[{"@type":"Article","@id":"https:\/\/magdacesti.md\/?p=5581#article","isPartOf":{"@id":"https:\/\/magdacesti.md\/?p=5581"},"author":{"name":"Olga Enachi","@id":"https:\/\/magdacesti.md\/#\/schema\/person\/0068cad735c7cf3ab41a532515da0575"},"headline":"Un nou \u00eenceput la Liceul Teoretic M\u0103gd\u0103ce\u0219ti","datePublished":"2025-09-01T06:51:34+00:00","dateModified":"2025-09-02T06:58:11+00:00","mainEntityOfPage":{"@id":"https:\/\/magdacesti.md\/?p=5581"},"wordCount":159,"publisher":{"@id":"https:\/\/magdacesti.md\/#organization"},"image":{"@id":"https:\/\/magdacesti.md\/?p=5581#primaryimage"},"thumbnailUrl":"https:\/\/magdacesti.md\/wp-content\/uploads\/2025\/09\/540495018_2223806828120907_3481980150516460687_n-1024x576.jpg","inLanguage":"en-US"},{"@type":"WebPage","@id":"https:\/\/magdacesti.md\/?p=5581","url":"https:\/\/magdacesti.md\/?p=5581","name":"Un nou \u00eenceput la Liceul Teoretic M\u0103gd\u0103ce\u0219ti - M\u0103gd\u0103ce\u0219ti","isPartOf":{"@id":"https:\/\/magdacesti.md\/#website"},"primaryImageOfPage":{"@id":"https:\/\/magdacesti.md\/?p=5581#primaryimage"},"image":{"@id":"https:\/\/magdacesti.md\/?p=5581#primaryimage"},"thumbnailUrl":"https:\/\/magdacesti.md\/wp-content\/uploads\/2025\/09\/540495018_2223806828120907_3481980150516460687_n-1024x576.jpg","datePublished":"2025-09-01T06:51:34+00:00","dateModified":"2025-09-02T06:58:11+00:00","description":"Bine ati venit pe pagina oficiala a Primariei Magdacesti.","breadcrumb":{"@id":"https:\/\/magdacesti.md\/?p=5581#breadcrumb"},"inLanguage":"en-US","potentialAction":[{"@type":"ReadAction","target":["https:\/\/magdacesti.md\/?p=5581"]}]},{"@type":"ImageObject","inLanguage":"en-US","@id":"https:\/\/magdacesti.md\/?p=5581#primaryimage","url":"https:\/\/magdacesti.md\/wp-content\/uploads\/2025\/09\/540495018_2223806828120907_3481980150516460687_n.jpg","contentUrl":"https:\/\/magdacesti.md\/wp-content\/uploads\/2025\/09\/540495018_2223806828120907_3481980150516460687_n.jpg","width":2048,"height":1152},{"@type":"BreadcrumbList","@id":"https:\/\/magdacesti.md\/?p=5581#breadcrumb","itemListElement":[{"@type":"ListItem","position":1,"name":"Home","item":"https:\/\/magdacesti.md\/"},{"@type":"ListItem","position":2,"name":"Un nou \u00eenceput la Liceul Teoretic M\u0103gd\u0103ce\u0219ti"}]},{"@type":"WebSite","@id":"https:\/\/magdacesti.md\/#website","url":"https:\/\/magdacesti.md\/","name":"M\u0103gd\u0103ce\u0219ti","description":"Un or\u0103\u0219el cu condi\u021bii decente de trai!","publisher":{"@id":"https:\/\/magdacesti.md\/#organization"},"potentialAction":[{"@type":"SearchAction","target":{"@type":"EntryPoint","urlTemplate":"https:\/\/magdacesti.md\/?s={search_term_string}"},"query-input":"required name=search_term_string"}],"inLanguage":"en-US"},{"@type":"Organization","@id":"https:\/\/magdacesti.md\/#organization","name":"M\u0103gd\u0103ce\u0219ti","url":"https:\/\/magdacesti.md\/","logo":{"@type":"ImageObject","inLanguage":"en-US","@id":"https:\/\/magdacesti.md\/#\/schema\/logo\/image\/","url":"https:\/\/magdacesti.md\/wp-content\/uploads\/2021\/03\/Foto-514-scaled.jpg","contentUrl":"https:\/\/magdacesti.md\/wp-content\/uploads\/2021\/03\/Foto-514-scaled.jpg","width":2560,"height":1707,"caption":"M\u0103gd\u0103ce\u0219ti"},"image":{"@id":"https:\/\/magdacesti.md\/#\/schema\/logo\/image\/"},"sameAs":["https:\/\/www.facebook.com\/magdacesti.md\/"]},{"@type":"Person","@id":"https:\/\/magdacesti.md\/#\/schema\/person\/0068cad735c7cf3ab41a532515da0575","name":"Olga Enachi","url":"https:\/\/magdacesti.md\/?author=2"}]}},"_links":{"self":[{"href":"https:\/\/magdacesti.md\/index.php?rest_route=\/wp\/v2\/posts\/5581","targetHints":{"allow":["GET"]}}],"collection":[{"href":"https:\/\/magdacesti.md\/index.php?rest_route=\/wp\/v2\/posts"}],"about":[{"href":"https:\/\/magdacesti.md\/index.php?rest_route=\/wp\/v2\/types\/post"}],"author":[{"embeddable":true,"href":"https:\/\/magdacesti.md\/index.php?rest_route=\/wp\/v2\/users\/2"}],"replies":[{"embeddable":true,"href":"https:\/\/magdacesti.md\/index.php?rest_route=%2Fwp%2Fv2%2Fcomments&post=5581"}],"version-history":[{"count":1,"href":"https:\/\/magdacesti.md\/index.php?rest_route=\/wp\/v2\/posts\/5581\/revisions"}],"predecessor-version":[{"id":5587,"href":"https:\/\/magdacesti.md\/index.php?rest_route=\/wp\/v2\/posts\/5581\/revisions\/5587"}],"wp:attachment":[{"href":"https:\/\/magdacesti.md\/index.php?rest_route=%2Fwp%2Fv2%2Fmedia&parent=5581"}],"wp:term":[{"taxonomy":"category","embeddable":true,"href":"https:\/\/magdacesti.md\/index.php?rest_route=%2Fwp%2Fv2%2Fcategories&post=5581"},{"taxonomy":"post_tag","embeddable":true,"href":"https:\/\/magdacesti.md\/index.php?rest_route=%2Fwp%2Fv2%2Ftags&post=5581"}],"curies":[{"name":"wp","href":"https:\/\/api.w.org\/{rel}","templated":true}]}}