{"id":5601,"date":"2025-09-19T19:36:59","date_gmt":"2025-09-19T19:36:59","guid":{"rendered":"https:\/\/magdacesti.md\/?p=5601"},"modified":"2025-10-02T14:57:22","modified_gmt":"2025-10-02T14:57:22","slug":"anunt-16","status":"publish","type":"post","link":"https:\/\/magdacesti.md\/?p=5601","title":{"rendered":"Concurs pentru ocuparea func\u021biei de director al gr\u0103dini\u021bei ,, Floricica&#8221; din satul M\u0103gd\u0103ce\u0219ti"},"content":{"rendered":"\n\n\n<p><strong>Prim\u0103ria satului M\u0103gd\u0103ce\u0219ti, raionul Criuleni, anun\u021b\u0103 concurs pentru ocuparea func\u021biei de director al gr\u0103dini\u021bei din localitate.<\/strong><\/p>\n\n\n\n<h3 class=\"wp-block-heading\">Scopul func\u021biei<\/h3>\n\n\n\n<p>Asigurarea unui management eficient al institu\u021biei, respectarea prevederilor Codului Educa\u021biei, a statutului cadrului didactic \u0219i implementarea regulamentelor elaborate de Ministerul Educa\u021biei \u0219i Direc\u021bia Educa\u021bie Criuleni.<\/p>\n\n\n\n<h3 class=\"wp-block-heading\">Sarcini de baz\u0103<\/h3>\n\n\n\n<ul class=\"wp-block-list\">\n<li>coordonarea activit\u0103\u021bii metodice \u0219i educa\u021bionale din institu\u021bie;<\/li>\n\n\n\n<li>aplicarea planurilor de \u00eenv\u0103\u021b\u0103m\u00e2nt \u0219i realizarea programelor educative;<\/li>\n\n\n\n<li>crearea condi\u021biilor pentru s\u0103n\u0103tatea, educa\u021bia \u0219i dezvoltarea copiilor;<\/li>\n\n\n\n<li>gestionarea activit\u0103\u021bii pedagogice, financiare \u0219i gospod\u0103re\u0219ti;<\/li>\n\n\n\n<li>conducerea consiliului pedagogic \u0219i colaborarea cu p\u0103rin\u021bii;<\/li>\n\n\n\n<li>respectarea legisla\u021biei muncii \u0219i a normelor sanitare.<\/li>\n<\/ul>\n\n\n\n<h3 class=\"wp-block-heading\">Condi\u021bii de participare la concurs<\/h3>\n\n\n\n<p>Candidatul trebuie s\u0103:<\/p>\n\n\n\n<ol class=\"wp-block-list\">\n<li>de\u021bin\u0103 cet\u0103\u021benia Republicii Moldova;<\/li>\n\n\n\n<li>aib\u0103 studii superioare de master (nivel 7 CNC) sau echivalente;<\/li>\n\n\n\n<li>aib\u0103 minimum 3 ani experien\u021b\u0103 \u00eentr-o func\u021bie de conducere sau activitate didactic\u0103;<\/li>\n\n\n\n<li>nu fi dep\u0103\u0219it v\u00e2rsta de 65 ani la data-limit\u0103 de depunere a dosarelor;<\/li>\n\n\n\n<li>cunoasc\u0103 limba rom\u00e2n\u0103;<\/li>\n\n\n\n<li>fie apt din punct de vedere medical;<\/li>\n\n\n\n<li>nu aib\u0103 antecedente penale \u0219i interdic\u021bii privind ocuparea func\u021biilor de conducere;<\/li>\n\n\n\n<li>demonstreze reputa\u021bie irepro\u0219abil\u0103.<\/li>\n<\/ol>\n\n\n\n<p><strong>Cuno\u0219tin\u021be \u0219i abilit\u0103\u021bi necesare:<\/strong><\/p>\n\n\n\n<ul class=\"wp-block-list\">\n<li>psihologia copilului, comunicare;<\/li>\n\n\n\n<li>planificare, organizare, coordonare, instruire, control;<\/li>\n\n\n\n<li>creativitate, negociere, aplanare a conflictelor.<\/li>\n<\/ul>\n\n\n\n<p><strong>Atitudini:<\/strong> responsabilitate, respect fa\u021b\u0103 de oameni, disciplin\u0103, transparen\u021b\u0103, loialitate, dorin\u021b\u0103 de dezvoltare profesional\u0103 continu\u0103.<\/p>\n\n\n\n<h3 class=\"wp-block-heading\">Dosarul de concurs trebuie s\u0103 con\u021bin\u0103:<\/h3>\n\n\n\n<ol class=\"wp-block-list\">\n<li>cererea de participare la concurs;<\/li>\n\n\n\n<li>copia actului de identitate;<\/li>\n\n\n\n<li>copia actelor de studii;<\/li>\n\n\n\n<li>copii ale actelor care confirm\u0103 vechimea \u00een munc\u0103;<\/li>\n\n\n\n<li>curriculum vitae;<\/li>\n\n\n\n<li>certificat medical de la medicul de familie;<\/li>\n\n\n\n<li>cazier judiciar sau declara\u021bie pe propria r\u0103spundere;<\/li>\n\n\n\n<li>declara\u021bie privind prezentarea proiectului de dezvoltare a institu\u021biei pentru 5 ani;<\/li>\n\n\n\n<li>declara\u021bie privind lipsa interdic\u021biilor \u0219i reputa\u021bia irepro\u0219abil\u0103.<\/li>\n<\/ol>\n\n\n\n<p>Candida\u021bii pot anexa \u0219i alte documente relevante (grade didactice, recomand\u0103ri, diplome de formare continu\u0103 etc.).<\/p>\n\n\n\n<h3 class=\"wp-block-heading\">Termenul \u0219i locul depunerii dosarelor<\/h3>\n\n\n\n<p>Termen-limit\u0103 de depunere a actelor: <strong>24 octombrie 2025, ora 17:00.<\/strong><\/p>\n\n\n\n<p>Candida\u021bii vor fi informa\u021bi despre data, ora \u0219i locul desf\u0103\u0219ur\u0103rii concursului prin adresa de e-mail sau prin num\u0103rul de telefon indicat \u00een cererea de participare.<\/p>\n\n\n\n<p><strong>Date de contact pentru informa\u021bii suplimentare:<\/strong><br>\ud83d\udcde 0248 34 236; 0248 34 238<br>\ud83d\udce7 <a>primagdacesti@gmail.com<\/a><br>\ud83d\udcee MD-4829, str. Mihai Eminescu 14, s. M\u0103gd\u0103ce\u0219ti, r. Criuleni<\/p>\n\n\n\n<p>Primar,<br><strong>Liuba COJOCARU<\/strong><\/p>\n\n\n\n<hr class=\"wp-block-separator has-alpha-channel-opacity\"\/>\n\n\n\n<p><\/p>\n","protected":false},"excerpt":{"rendered":"<p>Prim\u0103ria satului M\u0103gd\u0103ce\u0219ti, raionul Criuleni, anun\u021b\u0103 concurs pentru ocuparea func\u021biei de director al gr\u0103dini\u021bei din localitate. Scopul func\u021biei Asigurarea unui management eficient al institu\u021biei, respectarea prevederilor Codului Educa\u021biei, a statutului cadrului didactic \u0219i implementarea regulamentelor elaborate de Ministerul Educa\u021biei \u0219i Direc\u021bia Educa\u021bie Criuleni. Sarcini de baz\u0103 Condi\u021bii de participare la concurs Candidatul trebuie s\u0103: Cuno\u0219tin\u021be [&#8230;]\n","protected":false},"author":2,"featured_media":5644,"comment_status":"closed","ping_status":"closed","sticky":false,"template":"","format":"standard","meta":{"ngg_post_thumbnail":0,"footnotes":""},"categories":[1],"tags":[],"class_list":["post-5601","post","type-post","status-publish","format-standard","has-post-thumbnail","hentry","category-uncategorized"],"yoast_head":"<!-- This site is optimized with the Yoast SEO plugin v23.3 - https:\/\/yoast.com\/wordpress\/plugins\/seo\/ -->\n<title>Concurs pentru ocuparea func\u021biei de director al gr\u0103dini\u021bei ,, Floricica&quot; din satul M\u0103gd\u0103ce\u0219ti - M\u0103gd\u0103ce\u0219ti<\/title>\n<meta name=\"description\" content=\"Bine ati venit pe pagina oficiala a Primariei Magdacesti.\" \/>\n<meta name=\"robots\" content=\"index, follow, max-snippet:-1, max-image-preview:large, max-video-preview:-1\" \/>\n<link rel=\"canonical\" href=\"https:\/\/magdacesti.md\/?p=5601\" \/>\n<meta property=\"og:locale\" content=\"en_US\" \/>\n<meta property=\"og:type\" content=\"article\" \/>\n<meta property=\"og:title\" content=\"Concurs pentru ocuparea func\u021biei de director al gr\u0103dini\u021bei ,, Floricica&quot; din satul M\u0103gd\u0103ce\u0219ti - M\u0103gd\u0103ce\u0219ti\" \/>\n<meta property=\"og:description\" content=\"Bine ati venit pe pagina oficiala a Primariei Magdacesti.\" \/>\n<meta property=\"og:url\" content=\"https:\/\/magdacesti.md\/?p=5601\" \/>\n<meta property=\"og:site_name\" content=\"M\u0103gd\u0103ce\u0219ti\" \/>\n<meta property=\"article:publisher\" content=\"https:\/\/www.facebook.com\/magdacesti.md\/\" \/>\n<meta property=\"article:published_time\" content=\"2025-09-19T19:36:59+00:00\" \/>\n<meta property=\"article:modified_time\" content=\"2025-10-02T14:57:22+00:00\" \/>\n<meta property=\"og:image\" content=\"https:\/\/magdacesti.md\/wp-content\/uploads\/2025\/09\/concurs-directror-gradininta.png\" \/>\n\t<meta property=\"og:image:width\" content=\"1024\" \/>\n\t<meta property=\"og:image:height\" content=\"1024\" \/>\n\t<meta property=\"og:image:type\" content=\"image\/png\" \/>\n<meta name=\"author\" content=\"Olga Enachi\" \/>\n<meta name=\"twitter:card\" content=\"summary_large_image\" \/>\n<meta name=\"twitter:label1\" content=\"Written by\" \/>\n\t<meta name=\"twitter:data1\" content=\"Olga Enachi\" \/>\n\t<meta name=\"twitter:label2\" content=\"Est. reading time\" \/>\n\t<meta name=\"twitter:data2\" content=\"2 minutes\" \/>\n<script type=\"application\/ld+json\" class=\"yoast-schema-graph\">{\"@context\":\"https:\/\/schema.org\",\"@graph\":[{\"@type\":\"Article\",\"@id\":\"https:\/\/magdacesti.md\/?p=5601#article\",\"isPartOf\":{\"@id\":\"https:\/\/magdacesti.md\/?p=5601\"},\"author\":{\"name\":\"Olga Enachi\",\"@id\":\"https:\/\/magdacesti.md\/#\/schema\/person\/0068cad735c7cf3ab41a532515da0575\"},\"headline\":\"Concurs pentru ocuparea func\u021biei de director al gr\u0103dini\u021bei ,, Floricica&#8221; din satul M\u0103gd\u0103ce\u0219ti\",\"datePublished\":\"2025-09-19T19:36:59+00:00\",\"dateModified\":\"2025-10-02T14:57:22+00:00\",\"mainEntityOfPage\":{\"@id\":\"https:\/\/magdacesti.md\/?p=5601\"},\"wordCount\":400,\"publisher\":{\"@id\":\"https:\/\/magdacesti.md\/#organization\"},\"image\":{\"@id\":\"https:\/\/magdacesti.md\/?p=5601#primaryimage\"},\"thumbnailUrl\":\"https:\/\/magdacesti.md\/wp-content\/uploads\/2025\/09\/concurs-directror-gradininta.png\",\"inLanguage\":\"en-US\"},{\"@type\":\"WebPage\",\"@id\":\"https:\/\/magdacesti.md\/?p=5601\",\"url\":\"https:\/\/magdacesti.md\/?p=5601\",\"name\":\"Concurs pentru ocuparea func\u021biei de director al gr\u0103dini\u021bei ,, Floricica\\\" din satul M\u0103gd\u0103ce\u0219ti - M\u0103gd\u0103ce\u0219ti\",\"isPartOf\":{\"@id\":\"https:\/\/magdacesti.md\/#website\"},\"primaryImageOfPage\":{\"@id\":\"https:\/\/magdacesti.md\/?p=5601#primaryimage\"},\"image\":{\"@id\":\"https:\/\/magdacesti.md\/?p=5601#primaryimage\"},\"thumbnailUrl\":\"https:\/\/magdacesti.md\/wp-content\/uploads\/2025\/09\/concurs-directror-gradininta.png\",\"datePublished\":\"2025-09-19T19:36:59+00:00\",\"dateModified\":\"2025-10-02T14:57:22+00:00\",\"description\":\"Bine ati venit pe pagina oficiala a Primariei Magdacesti.\",\"breadcrumb\":{\"@id\":\"https:\/\/magdacesti.md\/?p=5601#breadcrumb\"},\"inLanguage\":\"en-US\",\"potentialAction\":[{\"@type\":\"ReadAction\",\"target\":[\"https:\/\/magdacesti.md\/?p=5601\"]}]},{\"@type\":\"ImageObject\",\"inLanguage\":\"en-US\",\"@id\":\"https:\/\/magdacesti.md\/?p=5601#primaryimage\",\"url\":\"https:\/\/magdacesti.md\/wp-content\/uploads\/2025\/09\/concurs-directror-gradininta.png\",\"contentUrl\":\"https:\/\/magdacesti.md\/wp-content\/uploads\/2025\/09\/concurs-directror-gradininta.png\",\"width\":1024,\"height\":1024},{\"@type\":\"BreadcrumbList\",\"@id\":\"https:\/\/magdacesti.md\/?p=5601#breadcrumb\",\"itemListElement\":[{\"@type\":\"ListItem\",\"position\":1,\"name\":\"Home\",\"item\":\"https:\/\/magdacesti.md\/\"},{\"@type\":\"ListItem\",\"position\":2,\"name\":\"Concurs pentru ocuparea func\u021biei de director al gr\u0103dini\u021bei ,, Floricica&#8221; din satul M\u0103gd\u0103ce\u0219ti\"}]},{\"@type\":\"WebSite\",\"@id\":\"https:\/\/magdacesti.md\/#website\",\"url\":\"https:\/\/magdacesti.md\/\",\"name\":\"M\u0103gd\u0103ce\u0219ti\",\"description\":\"Un or\u0103\u0219el cu condi\u021bii decente de trai!\",\"publisher\":{\"@id\":\"https:\/\/magdacesti.md\/#organization\"},\"potentialAction\":[{\"@type\":\"SearchAction\",\"target\":{\"@type\":\"EntryPoint\",\"urlTemplate\":\"https:\/\/magdacesti.md\/?s={search_term_string}\"},\"query-input\":\"required name=search_term_string\"}],\"inLanguage\":\"en-US\"},{\"@type\":\"Organization\",\"@id\":\"https:\/\/magdacesti.md\/#organization\",\"name\":\"M\u0103gd\u0103ce\u0219ti\",\"url\":\"https:\/\/magdacesti.md\/\",\"logo\":{\"@type\":\"ImageObject\",\"inLanguage\":\"en-US\",\"@id\":\"https:\/\/magdacesti.md\/#\/schema\/logo\/image\/\",\"url\":\"https:\/\/magdacesti.md\/wp-content\/uploads\/2021\/03\/Foto-514-scaled.jpg\",\"contentUrl\":\"https:\/\/magdacesti.md\/wp-content\/uploads\/2021\/03\/Foto-514-scaled.jpg\",\"width\":2560,\"height\":1707,\"caption\":\"M\u0103gd\u0103ce\u0219ti\"},\"image\":{\"@id\":\"https:\/\/magdacesti.md\/#\/schema\/logo\/image\/\"},\"sameAs\":[\"https:\/\/www.facebook.com\/magdacesti.md\/\"]},{\"@type\":\"Person\",\"@id\":\"https:\/\/magdacesti.md\/#\/schema\/person\/0068cad735c7cf3ab41a532515da0575\",\"name\":\"Olga Enachi\",\"url\":\"https:\/\/magdacesti.md\/?author=2\"}]}<\/script>\n<!-- \/ Yoast SEO plugin. -->","yoast_head_json":{"title":"Concurs pentru ocuparea func\u021biei de director al gr\u0103dini\u021bei ,, Floricica\" din satul M\u0103gd\u0103ce\u0219ti - M\u0103gd\u0103ce\u0219ti","description":"Bine ati venit pe pagina oficiala a Primariei Magdacesti.","robots":{"index":"index","follow":"follow","max-snippet":"max-snippet:-1","max-image-preview":"max-image-preview:large","max-video-preview":"max-video-preview:-1"},"canonical":"https:\/\/magdacesti.md\/?p=5601","og_locale":"en_US","og_type":"article","og_title":"Concurs pentru ocuparea func\u021biei de director al gr\u0103dini\u021bei ,, Floricica\" din satul M\u0103gd\u0103ce\u0219ti - M\u0103gd\u0103ce\u0219ti","og_description":"Bine ati venit pe pagina oficiala a Primariei Magdacesti.","og_url":"https:\/\/magdacesti.md\/?p=5601","og_site_name":"M\u0103gd\u0103ce\u0219ti","article_publisher":"https:\/\/www.facebook.com\/magdacesti.md\/","article_published_time":"2025-09-19T19:36:59+00:00","article_modified_time":"2025-10-02T14:57:22+00:00","og_image":[{"width":1024,"height":1024,"url":"https:\/\/magdacesti.md\/wp-content\/uploads\/2025\/09\/concurs-directror-gradininta.png","type":"image\/png"}],"author":"Olga Enachi","twitter_card":"summary_large_image","twitter_misc":{"Written by":"Olga Enachi","Est. reading time":"2 minutes"},"schema":{"@context":"https:\/\/schema.org","@graph":[{"@type":"Article","@id":"https:\/\/magdacesti.md\/?p=5601#article","isPartOf":{"@id":"https:\/\/magdacesti.md\/?p=5601"},"author":{"name":"Olga Enachi","@id":"https:\/\/magdacesti.md\/#\/schema\/person\/0068cad735c7cf3ab41a532515da0575"},"headline":"Concurs pentru ocuparea func\u021biei de director al gr\u0103dini\u021bei ,, Floricica&#8221; din satul M\u0103gd\u0103ce\u0219ti","datePublished":"2025-09-19T19:36:59+00:00","dateModified":"2025-10-02T14:57:22+00:00","mainEntityOfPage":{"@id":"https:\/\/magdacesti.md\/?p=5601"},"wordCount":400,"publisher":{"@id":"https:\/\/magdacesti.md\/#organization"},"image":{"@id":"https:\/\/magdacesti.md\/?p=5601#primaryimage"},"thumbnailUrl":"https:\/\/magdacesti.md\/wp-content\/uploads\/2025\/09\/concurs-directror-gradininta.png","inLanguage":"en-US"},{"@type":"WebPage","@id":"https:\/\/magdacesti.md\/?p=5601","url":"https:\/\/magdacesti.md\/?p=5601","name":"Concurs pentru ocuparea func\u021biei de director al gr\u0103dini\u021bei ,, Floricica\" din satul M\u0103gd\u0103ce\u0219ti - M\u0103gd\u0103ce\u0219ti","isPartOf":{"@id":"https:\/\/magdacesti.md\/#website"},"primaryImageOfPage":{"@id":"https:\/\/magdacesti.md\/?p=5601#primaryimage"},"image":{"@id":"https:\/\/magdacesti.md\/?p=5601#primaryimage"},"thumbnailUrl":"https:\/\/magdacesti.md\/wp-content\/uploads\/2025\/09\/concurs-directror-gradininta.png","datePublished":"2025-09-19T19:36:59+00:00","dateModified":"2025-10-02T14:57:22+00:00","description":"Bine ati venit pe pagina oficiala a Primariei Magdacesti.","breadcrumb":{"@id":"https:\/\/magdacesti.md\/?p=5601#breadcrumb"},"inLanguage":"en-US","potentialAction":[{"@type":"ReadAction","target":["https:\/\/magdacesti.md\/?p=5601"]}]},{"@type":"ImageObject","inLanguage":"en-US","@id":"https:\/\/magdacesti.md\/?p=5601#primaryimage","url":"https:\/\/magdacesti.md\/wp-content\/uploads\/2025\/09\/concurs-directror-gradininta.png","contentUrl":"https:\/\/magdacesti.md\/wp-content\/uploads\/2025\/09\/concurs-directror-gradininta.png","width":1024,"height":1024},{"@type":"BreadcrumbList","@id":"https:\/\/magdacesti.md\/?p=5601#breadcrumb","itemListElement":[{"@type":"ListItem","position":1,"name":"Home","item":"https:\/\/magdacesti.md\/"},{"@type":"ListItem","position":2,"name":"Concurs pentru ocuparea func\u021biei de director al gr\u0103dini\u021bei ,, Floricica&#8221; din satul M\u0103gd\u0103ce\u0219ti"}]},{"@type":"WebSite","@id":"https:\/\/magdacesti.md\/#website","url":"https:\/\/magdacesti.md\/","name":"M\u0103gd\u0103ce\u0219ti","description":"Un or\u0103\u0219el cu condi\u021bii decente de trai!","publisher":{"@id":"https:\/\/magdacesti.md\/#organization"},"potentialAction":[{"@type":"SearchAction","target":{"@type":"EntryPoint","urlTemplate":"https:\/\/magdacesti.md\/?s={search_term_string}"},"query-input":"required name=search_term_string"}],"inLanguage":"en-US"},{"@type":"Organization","@id":"https:\/\/magdacesti.md\/#organization","name":"M\u0103gd\u0103ce\u0219ti","url":"https:\/\/magdacesti.md\/","logo":{"@type":"ImageObject","inLanguage":"en-US","@id":"https:\/\/magdacesti.md\/#\/schema\/logo\/image\/","url":"https:\/\/magdacesti.md\/wp-content\/uploads\/2021\/03\/Foto-514-scaled.jpg","contentUrl":"https:\/\/magdacesti.md\/wp-content\/uploads\/2021\/03\/Foto-514-scaled.jpg","width":2560,"height":1707,"caption":"M\u0103gd\u0103ce\u0219ti"},"image":{"@id":"https:\/\/magdacesti.md\/#\/schema\/logo\/image\/"},"sameAs":["https:\/\/www.facebook.com\/magdacesti.md\/"]},{"@type":"Person","@id":"https:\/\/magdacesti.md\/#\/schema\/person\/0068cad735c7cf3ab41a532515da0575","name":"Olga Enachi","url":"https:\/\/magdacesti.md\/?author=2"}]}},"_links":{"self":[{"href":"https:\/\/magdacesti.md\/index.php?rest_route=\/wp\/v2\/posts\/5601","targetHints":{"allow":["GET"]}}],"collection":[{"href":"https:\/\/magdacesti.md\/index.php?rest_route=\/wp\/v2\/posts"}],"about":[{"href":"https:\/\/magdacesti.md\/index.php?rest_route=\/wp\/v2\/types\/post"}],"author":[{"embeddable":true,"href":"https:\/\/magdacesti.md\/index.php?rest_route=\/wp\/v2\/users\/2"}],"replies":[{"embeddable":true,"href":"https:\/\/magdacesti.md\/index.php?rest_route=%2Fwp%2Fv2%2Fcomments&post=5601"}],"version-history":[{"count":4,"href":"https:\/\/magdacesti.md\/index.php?rest_route=\/wp\/v2\/posts\/5601\/revisions"}],"predecessor-version":[{"id":5610,"href":"https:\/\/magdacesti.md\/index.php?rest_route=\/wp\/v2\/posts\/5601\/revisions\/5610"}],"wp:featuredmedia":[{"embeddable":true,"href":"https:\/\/magdacesti.md\/index.php?rest_route=\/wp\/v2\/media\/5644"}],"wp:attachment":[{"href":"https:\/\/magdacesti.md\/index.php?rest_route=%2Fwp%2Fv2%2Fmedia&parent=5601"}],"wp:term":[{"taxonomy":"category","embeddable":true,"href":"https:\/\/magdacesti.md\/index.php?rest_route=%2Fwp%2Fv2%2Fcategories&post=5601"},{"taxonomy":"post_tag","embeddable":true,"href":"https:\/\/magdacesti.md\/index.php?rest_route=%2Fwp%2Fv2%2Ftags&post=5601"}],"curies":[{"name":"wp","href":"https:\/\/api.w.org\/{rel}","templated":true}]}}