{"id":5605,"date":"2025-09-19T19:42:35","date_gmt":"2025-09-19T19:42:35","guid":{"rendered":"https:\/\/magdacesti.md\/?p=5605"},"modified":"2025-10-02T15:46:23","modified_gmt":"2025-10-02T15:46:23","slug":"concurs-pentru-ocuparea-functiei-de-director-al-scolii-de-arte-din-satul-magdacesti","status":"publish","type":"post","link":"https:\/\/magdacesti.md\/?p=5605","title":{"rendered":"Concurs pentru ocuparea func\u021biei de Director al \u0218colii de Arte din satul M\u0103gd\u0103ce\u0219ti"},"content":{"rendered":"\n\n\n<h2 class=\"wp-block-heading\"><\/h2>\n\n\n\n<p class=\"has-cyan-bluish-gray-background-color has-background\">Prim\u0103ria satului M\u0103gd\u0103ce\u0219ti anun\u021b\u0103 concurs pentru ocuparea func\u021biei vacante de <strong>director al \u0218colii de Arte<\/strong>.<\/p>\n\n\n\n<h3 class=\"wp-block-heading\">Scopul general al func\u021biei:<\/h3>\n\n\n\n<p>Asigurarea managementului eficient al institu\u021biei \u0219i buna desf\u0103\u0219urare a procesului educa\u021bional-artistic.<\/p>\n\n\n\n<h3 class=\"wp-block-heading\">Atribu\u021bii de baz\u0103:<\/h3>\n\n\n\n<ul class=\"wp-block-list\">\n<li>coordonarea \u0219i conducerea activit\u0103\u021bii institu\u021biei;<\/li>\n\n\n\n<li>organizarea \u0219i controlul procesului educa\u021bional \u0219i metodic;<\/li>\n\n\n\n<li>responsabilitatea pentru aplicarea planurilor de \u00eenv\u0103\u021b\u0103m\u00e2nt \u0219i realizarea programelor instructiv-educative;<\/li>\n\n\n\n<li>conducerea consiliului pedagogic \u0219i promovarea cuno\u0219tin\u021belor pedagogice \u0219i artistice;<\/li>\n\n\n\n<li>gestionarea corect\u0103 a activit\u0103\u021bii pedagogice, financiare \u0219i administrative;<\/li>\n\n\n\n<li>respectarea legisla\u021biei muncii, a normelor sanitare \u0219i de securitate a copiilor.<\/li>\n<\/ul>\n\n\n\n<h3 class=\"wp-block-heading\">Condi\u021bii de participare la concurs:<\/h3>\n\n\n\n<ul class=\"wp-block-list\">\n<li>cet\u0103\u021benia Republicii Moldova;<\/li>\n\n\n\n<li>studii superioare de master (nivel 7 CNC) sau echivalente;<\/li>\n\n\n\n<li>experien\u021b\u0103 profesional\u0103 de minimum 3 ani \u00eentr-o func\u021bie de conducere sau \u00een activitatea didactic\u0103;<\/li>\n\n\n\n<li>v\u00e2rsta sub 65 de ani la data expir\u0103rii termenului de depunere a dosarelor;<\/li>\n\n\n\n<li>cunoa\u0219terea limbii rom\u00e2ne;<\/li>\n\n\n\n<li>stare de s\u0103n\u0103tate corespunz\u0103toare (certificat medical de la medicul de familie);<\/li>\n\n\n\n<li>lipsa antecedentelor penale;<\/li>\n\n\n\n<li>s\u0103 nu fi fost concediat(\u0103) \u00een ultimii 5 ani pentru abateri disciplinare grave \u0219i s\u0103 nu aib\u0103 interdic\u021bii de a ocupa func\u021bii de conducere;<\/li>\n\n\n\n<li>reputa\u021bie irepro\u0219abil\u0103.<\/li>\n<\/ul>\n\n\n\n<p><strong>Cuno\u0219tin\u021be \u0219i abilit\u0103\u021bi necesare:<\/strong><\/p>\n\n\n\n<ul class=\"wp-block-list\">\n<li>psihologie \u0219i comunicare (avantaj), planificare, conducere, coordonare, creativitate, rezolvarea conflictelor, comunicare eficient\u0103;<\/li>\n\n\n\n<li>responsabilitate, disciplin\u0103, loialitate, respect fa\u021b\u0103 de oameni, transparen\u021b\u0103, dorin\u021b\u0103 de dezvoltare profesional\u0103 continu\u0103.<\/li>\n<\/ul>\n\n\n\n<h3 class=\"wp-block-heading\">Dosarul de concurs va con\u021bine:<\/h3>\n\n\n\n<ol class=\"wp-block-list\">\n<li>Cererea de participare;<\/li>\n\n\n\n<li>Copia actului de identitate;<\/li>\n\n\n\n<li>Copia actelor de studii;<\/li>\n\n\n\n<li>Acte ce confirm\u0103 vechimea \u00een activitatea didactic\u0103\/managerial\u0103;<\/li>\n\n\n\n<li>Curriculum vitae;<\/li>\n\n\n\n<li>Certificat medical;<\/li>\n\n\n\n<li>Cazier judiciar sau declara\u021bie pe propria r\u0103spundere;<\/li>\n\n\n\n<li>Declara\u021bie pe propria r\u0103spundere privind prezentarea unui plan de dezvoltare al institu\u021biei pe 5 ani;<\/li>\n\n\n\n<li>Declara\u021bie pe propria r\u0103spundere c\u0103 nu are interdic\u021bie de a ocupa func\u021bii de conducere \u0219i c\u0103 are reputa\u021bie irepro\u0219abil\u0103.<\/li>\n<\/ol>\n\n\n\n<p>Candida\u021bii pot anexa \u0219i alte documente relevante (grade didactice, recomand\u0103ri, diplome, atestate etc.).<\/p>\n\n\n\n<p><strong>Termen-limit\u0103 pentru depunerea actelor:<\/strong> 31 octombrie 2025, ora 17:00.<\/p>\n\n\n\n<p>Candida\u021bii vor fi anun\u021ba\u021bi prin po\u0219ta electronic\u0103 sau prin num\u0103rul de telefon indicat \u00een cererea de participare, despre data, ora \u0219i locul desf\u0103\u0219ur\u0103rii concursului.<\/p>\n\n\n\n<p>\u2139\ufe0f <strong>Informa\u021bii suplimentare:<\/strong><br>\ud83d\udcde 0248 34 236, 0248 34 238<br>\u2709\ufe0f <a>primagdacesti@gmail.com<\/a><br>\ud83c\udfe2 MD-4829, str. Mihai Eminescu 14, satul M\u0103gd\u0103ce\u0219ti, raionul Criuleni<\/p>\n\n\n\n<p>Pentru informa\u021bii suplimentare: <strong>0248-34236, 0248-34238<\/strong>.<\/p>\n\n\n\n<hr class=\"wp-block-separator has-alpha-channel-opacity\"\/>\n\n\n\n<p><strong>Primar<\/strong><br>Liuba COJOCARU<\/p>\n","protected":false},"excerpt":{"rendered":"<p>Concurs pentru ocuparea func\u021biei de Director al \u0218colii de Arte din satul M\u0103gd\u0103ce\u0219ti<\/p>\n","protected":false},"author":2,"featured_media":5642,"comment_status":"closed","ping_status":"closed","sticky":false,"template":"","format":"standard","meta":{"ngg_post_thumbnail":0,"footnotes":""},"categories":[4,1],"tags":[],"class_list":["post-5605","post","type-post","status-publish","format-standard","has-post-thumbnail","hentry","category-stiri","category-uncategorized"],"yoast_head":"<!-- This site is optimized with the Yoast SEO plugin v23.3 - https:\/\/yoast.com\/wordpress\/plugins\/seo\/ -->\n<title>Concurs pentru ocuparea func\u021biei de Director al \u0218colii de Arte din satul M\u0103gd\u0103ce\u0219ti - M\u0103gd\u0103ce\u0219ti<\/title>\n<meta name=\"description\" content=\"Bine ati venit pe pagina oficiala a Primariei Magdacesti.\" \/>\n<meta name=\"robots\" content=\"index, follow, max-snippet:-1, max-image-preview:large, max-video-preview:-1\" \/>\n<link rel=\"canonical\" href=\"https:\/\/magdacesti.md\/?p=5605\" \/>\n<meta property=\"og:locale\" content=\"en_US\" \/>\n<meta property=\"og:type\" content=\"article\" \/>\n<meta property=\"og:title\" content=\"Concurs pentru ocuparea func\u021biei de Director al \u0218colii de Arte din satul M\u0103gd\u0103ce\u0219ti - M\u0103gd\u0103ce\u0219ti\" \/>\n<meta property=\"og:description\" content=\"Bine ati venit pe pagina oficiala a Primariei Magdacesti.\" \/>\n<meta property=\"og:url\" content=\"https:\/\/magdacesti.md\/?p=5605\" \/>\n<meta property=\"og:site_name\" content=\"M\u0103gd\u0103ce\u0219ti\" \/>\n<meta property=\"article:publisher\" content=\"https:\/\/www.facebook.com\/magdacesti.md\/\" \/>\n<meta property=\"article:published_time\" content=\"2025-09-19T19:42:35+00:00\" \/>\n<meta property=\"article:modified_time\" content=\"2025-10-02T15:46:23+00:00\" \/>\n<meta property=\"og:image\" content=\"https:\/\/magdacesti.md\/wp-content\/uploads\/2025\/09\/concurs-directror-scoala-de-arte.png\" \/>\n\t<meta property=\"og:image:width\" content=\"1024\" \/>\n\t<meta property=\"og:image:height\" content=\"1024\" \/>\n\t<meta property=\"og:image:type\" content=\"image\/png\" \/>\n<meta name=\"author\" content=\"Olga Enachi\" \/>\n<meta name=\"twitter:card\" content=\"summary_large_image\" \/>\n<meta name=\"twitter:label1\" content=\"Written by\" \/>\n\t<meta name=\"twitter:data1\" content=\"Olga Enachi\" \/>\n\t<meta name=\"twitter:label2\" content=\"Est. reading time\" \/>\n\t<meta name=\"twitter:data2\" content=\"2 minutes\" \/>\n<script type=\"application\/ld+json\" class=\"yoast-schema-graph\">{\"@context\":\"https:\/\/schema.org\",\"@graph\":[{\"@type\":\"Article\",\"@id\":\"https:\/\/magdacesti.md\/?p=5605#article\",\"isPartOf\":{\"@id\":\"https:\/\/magdacesti.md\/?p=5605\"},\"author\":{\"name\":\"Olga Enachi\",\"@id\":\"https:\/\/magdacesti.md\/#\/schema\/person\/0068cad735c7cf3ab41a532515da0575\"},\"headline\":\"Concurs pentru ocuparea func\u021biei de Director al \u0218colii de Arte din satul M\u0103gd\u0103ce\u0219ti\",\"datePublished\":\"2025-09-19T19:42:35+00:00\",\"dateModified\":\"2025-10-02T15:46:23+00:00\",\"mainEntityOfPage\":{\"@id\":\"https:\/\/magdacesti.md\/?p=5605\"},\"wordCount\":406,\"publisher\":{\"@id\":\"https:\/\/magdacesti.md\/#organization\"},\"image\":{\"@id\":\"https:\/\/magdacesti.md\/?p=5605#primaryimage\"},\"thumbnailUrl\":\"https:\/\/magdacesti.md\/wp-content\/uploads\/2025\/09\/concurs-directror-scoala-de-arte.png\",\"articleSection\":[\"Stiri\"],\"inLanguage\":\"en-US\"},{\"@type\":\"WebPage\",\"@id\":\"https:\/\/magdacesti.md\/?p=5605\",\"url\":\"https:\/\/magdacesti.md\/?p=5605\",\"name\":\"Concurs pentru ocuparea func\u021biei de Director al \u0218colii de Arte din satul M\u0103gd\u0103ce\u0219ti - M\u0103gd\u0103ce\u0219ti\",\"isPartOf\":{\"@id\":\"https:\/\/magdacesti.md\/#website\"},\"primaryImageOfPage\":{\"@id\":\"https:\/\/magdacesti.md\/?p=5605#primaryimage\"},\"image\":{\"@id\":\"https:\/\/magdacesti.md\/?p=5605#primaryimage\"},\"thumbnailUrl\":\"https:\/\/magdacesti.md\/wp-content\/uploads\/2025\/09\/concurs-directror-scoala-de-arte.png\",\"datePublished\":\"2025-09-19T19:42:35+00:00\",\"dateModified\":\"2025-10-02T15:46:23+00:00\",\"description\":\"Bine ati venit pe pagina oficiala a Primariei Magdacesti.\",\"breadcrumb\":{\"@id\":\"https:\/\/magdacesti.md\/?p=5605#breadcrumb\"},\"inLanguage\":\"en-US\",\"potentialAction\":[{\"@type\":\"ReadAction\",\"target\":[\"https:\/\/magdacesti.md\/?p=5605\"]}]},{\"@type\":\"ImageObject\",\"inLanguage\":\"en-US\",\"@id\":\"https:\/\/magdacesti.md\/?p=5605#primaryimage\",\"url\":\"https:\/\/magdacesti.md\/wp-content\/uploads\/2025\/09\/concurs-directror-scoala-de-arte.png\",\"contentUrl\":\"https:\/\/magdacesti.md\/wp-content\/uploads\/2025\/09\/concurs-directror-scoala-de-arte.png\",\"width\":1024,\"height\":1024},{\"@type\":\"BreadcrumbList\",\"@id\":\"https:\/\/magdacesti.md\/?p=5605#breadcrumb\",\"itemListElement\":[{\"@type\":\"ListItem\",\"position\":1,\"name\":\"Home\",\"item\":\"https:\/\/magdacesti.md\/\"},{\"@type\":\"ListItem\",\"position\":2,\"name\":\"Concurs pentru ocuparea func\u021biei de Director al \u0218colii de Arte din satul M\u0103gd\u0103ce\u0219ti\"}]},{\"@type\":\"WebSite\",\"@id\":\"https:\/\/magdacesti.md\/#website\",\"url\":\"https:\/\/magdacesti.md\/\",\"name\":\"M\u0103gd\u0103ce\u0219ti\",\"description\":\"Un or\u0103\u0219el cu condi\u021bii decente de trai!\",\"publisher\":{\"@id\":\"https:\/\/magdacesti.md\/#organization\"},\"potentialAction\":[{\"@type\":\"SearchAction\",\"target\":{\"@type\":\"EntryPoint\",\"urlTemplate\":\"https:\/\/magdacesti.md\/?s={search_term_string}\"},\"query-input\":\"required name=search_term_string\"}],\"inLanguage\":\"en-US\"},{\"@type\":\"Organization\",\"@id\":\"https:\/\/magdacesti.md\/#organization\",\"name\":\"M\u0103gd\u0103ce\u0219ti\",\"url\":\"https:\/\/magdacesti.md\/\",\"logo\":{\"@type\":\"ImageObject\",\"inLanguage\":\"en-US\",\"@id\":\"https:\/\/magdacesti.md\/#\/schema\/logo\/image\/\",\"url\":\"https:\/\/magdacesti.md\/wp-content\/uploads\/2021\/03\/Foto-514-scaled.jpg\",\"contentUrl\":\"https:\/\/magdacesti.md\/wp-content\/uploads\/2021\/03\/Foto-514-scaled.jpg\",\"width\":2560,\"height\":1707,\"caption\":\"M\u0103gd\u0103ce\u0219ti\"},\"image\":{\"@id\":\"https:\/\/magdacesti.md\/#\/schema\/logo\/image\/\"},\"sameAs\":[\"https:\/\/www.facebook.com\/magdacesti.md\/\"]},{\"@type\":\"Person\",\"@id\":\"https:\/\/magdacesti.md\/#\/schema\/person\/0068cad735c7cf3ab41a532515da0575\",\"name\":\"Olga Enachi\",\"url\":\"https:\/\/magdacesti.md\/?author=2\"}]}<\/script>\n<!-- \/ Yoast SEO plugin. -->","yoast_head_json":{"title":"Concurs pentru ocuparea func\u021biei de Director al \u0218colii de Arte din satul M\u0103gd\u0103ce\u0219ti - M\u0103gd\u0103ce\u0219ti","description":"Bine ati venit pe pagina oficiala a Primariei Magdacesti.","robots":{"index":"index","follow":"follow","max-snippet":"max-snippet:-1","max-image-preview":"max-image-preview:large","max-video-preview":"max-video-preview:-1"},"canonical":"https:\/\/magdacesti.md\/?p=5605","og_locale":"en_US","og_type":"article","og_title":"Concurs pentru ocuparea func\u021biei de Director al \u0218colii de Arte din satul M\u0103gd\u0103ce\u0219ti - M\u0103gd\u0103ce\u0219ti","og_description":"Bine ati venit pe pagina oficiala a Primariei Magdacesti.","og_url":"https:\/\/magdacesti.md\/?p=5605","og_site_name":"M\u0103gd\u0103ce\u0219ti","article_publisher":"https:\/\/www.facebook.com\/magdacesti.md\/","article_published_time":"2025-09-19T19:42:35+00:00","article_modified_time":"2025-10-02T15:46:23+00:00","og_image":[{"width":1024,"height":1024,"url":"https:\/\/magdacesti.md\/wp-content\/uploads\/2025\/09\/concurs-directror-scoala-de-arte.png","type":"image\/png"}],"author":"Olga Enachi","twitter_card":"summary_large_image","twitter_misc":{"Written by":"Olga Enachi","Est. reading time":"2 minutes"},"schema":{"@context":"https:\/\/schema.org","@graph":[{"@type":"Article","@id":"https:\/\/magdacesti.md\/?p=5605#article","isPartOf":{"@id":"https:\/\/magdacesti.md\/?p=5605"},"author":{"name":"Olga Enachi","@id":"https:\/\/magdacesti.md\/#\/schema\/person\/0068cad735c7cf3ab41a532515da0575"},"headline":"Concurs pentru ocuparea func\u021biei de Director al \u0218colii de Arte din satul M\u0103gd\u0103ce\u0219ti","datePublished":"2025-09-19T19:42:35+00:00","dateModified":"2025-10-02T15:46:23+00:00","mainEntityOfPage":{"@id":"https:\/\/magdacesti.md\/?p=5605"},"wordCount":406,"publisher":{"@id":"https:\/\/magdacesti.md\/#organization"},"image":{"@id":"https:\/\/magdacesti.md\/?p=5605#primaryimage"},"thumbnailUrl":"https:\/\/magdacesti.md\/wp-content\/uploads\/2025\/09\/concurs-directror-scoala-de-arte.png","articleSection":["Stiri"],"inLanguage":"en-US"},{"@type":"WebPage","@id":"https:\/\/magdacesti.md\/?p=5605","url":"https:\/\/magdacesti.md\/?p=5605","name":"Concurs pentru ocuparea func\u021biei de Director al \u0218colii de Arte din satul M\u0103gd\u0103ce\u0219ti - M\u0103gd\u0103ce\u0219ti","isPartOf":{"@id":"https:\/\/magdacesti.md\/#website"},"primaryImageOfPage":{"@id":"https:\/\/magdacesti.md\/?p=5605#primaryimage"},"image":{"@id":"https:\/\/magdacesti.md\/?p=5605#primaryimage"},"thumbnailUrl":"https:\/\/magdacesti.md\/wp-content\/uploads\/2025\/09\/concurs-directror-scoala-de-arte.png","datePublished":"2025-09-19T19:42:35+00:00","dateModified":"2025-10-02T15:46:23+00:00","description":"Bine ati venit pe pagina oficiala a Primariei Magdacesti.","breadcrumb":{"@id":"https:\/\/magdacesti.md\/?p=5605#breadcrumb"},"inLanguage":"en-US","potentialAction":[{"@type":"ReadAction","target":["https:\/\/magdacesti.md\/?p=5605"]}]},{"@type":"ImageObject","inLanguage":"en-US","@id":"https:\/\/magdacesti.md\/?p=5605#primaryimage","url":"https:\/\/magdacesti.md\/wp-content\/uploads\/2025\/09\/concurs-directror-scoala-de-arte.png","contentUrl":"https:\/\/magdacesti.md\/wp-content\/uploads\/2025\/09\/concurs-directror-scoala-de-arte.png","width":1024,"height":1024},{"@type":"BreadcrumbList","@id":"https:\/\/magdacesti.md\/?p=5605#breadcrumb","itemListElement":[{"@type":"ListItem","position":1,"name":"Home","item":"https:\/\/magdacesti.md\/"},{"@type":"ListItem","position":2,"name":"Concurs pentru ocuparea func\u021biei de Director al \u0218colii de Arte din satul M\u0103gd\u0103ce\u0219ti"}]},{"@type":"WebSite","@id":"https:\/\/magdacesti.md\/#website","url":"https:\/\/magdacesti.md\/","name":"M\u0103gd\u0103ce\u0219ti","description":"Un or\u0103\u0219el cu condi\u021bii decente de trai!","publisher":{"@id":"https:\/\/magdacesti.md\/#organization"},"potentialAction":[{"@type":"SearchAction","target":{"@type":"EntryPoint","urlTemplate":"https:\/\/magdacesti.md\/?s={search_term_string}"},"query-input":"required name=search_term_string"}],"inLanguage":"en-US"},{"@type":"Organization","@id":"https:\/\/magdacesti.md\/#organization","name":"M\u0103gd\u0103ce\u0219ti","url":"https:\/\/magdacesti.md\/","logo":{"@type":"ImageObject","inLanguage":"en-US","@id":"https:\/\/magdacesti.md\/#\/schema\/logo\/image\/","url":"https:\/\/magdacesti.md\/wp-content\/uploads\/2021\/03\/Foto-514-scaled.jpg","contentUrl":"https:\/\/magdacesti.md\/wp-content\/uploads\/2021\/03\/Foto-514-scaled.jpg","width":2560,"height":1707,"caption":"M\u0103gd\u0103ce\u0219ti"},"image":{"@id":"https:\/\/magdacesti.md\/#\/schema\/logo\/image\/"},"sameAs":["https:\/\/www.facebook.com\/magdacesti.md\/"]},{"@type":"Person","@id":"https:\/\/magdacesti.md\/#\/schema\/person\/0068cad735c7cf3ab41a532515da0575","name":"Olga Enachi","url":"https:\/\/magdacesti.md\/?author=2"}]}},"_links":{"self":[{"href":"https:\/\/magdacesti.md\/index.php?rest_route=\/wp\/v2\/posts\/5605","targetHints":{"allow":["GET"]}}],"collection":[{"href":"https:\/\/magdacesti.md\/index.php?rest_route=\/wp\/v2\/posts"}],"about":[{"href":"https:\/\/magdacesti.md\/index.php?rest_route=\/wp\/v2\/types\/post"}],"author":[{"embeddable":true,"href":"https:\/\/magdacesti.md\/index.php?rest_route=\/wp\/v2\/users\/2"}],"replies":[{"embeddable":true,"href":"https:\/\/magdacesti.md\/index.php?rest_route=%2Fwp%2Fv2%2Fcomments&post=5605"}],"version-history":[{"count":3,"href":"https:\/\/magdacesti.md\/index.php?rest_route=\/wp\/v2\/posts\/5605\/revisions"}],"predecessor-version":[{"id":5646,"href":"https:\/\/magdacesti.md\/index.php?rest_route=\/wp\/v2\/posts\/5605\/revisions\/5646"}],"wp:featuredmedia":[{"embeddable":true,"href":"https:\/\/magdacesti.md\/index.php?rest_route=\/wp\/v2\/media\/5642"}],"wp:attachment":[{"href":"https:\/\/magdacesti.md\/index.php?rest_route=%2Fwp%2Fv2%2Fmedia&parent=5605"}],"wp:term":[{"taxonomy":"category","embeddable":true,"href":"https:\/\/magdacesti.md\/index.php?rest_route=%2Fwp%2Fv2%2Fcategories&post=5605"},{"taxonomy":"post_tag","embeddable":true,"href":"https:\/\/magdacesti.md\/index.php?rest_route=%2Fwp%2Fv2%2Ftags&post=5605"}],"curies":[{"name":"wp","href":"https:\/\/api.w.org\/{rel}","templated":true}]}}