{"id":5817,"date":"2026-04-24T04:21:11","date_gmt":"2026-04-24T04:21:11","guid":{"rendered":"https:\/\/magdacesti.md\/?p=5817"},"modified":"2026-04-26T04:22:48","modified_gmt":"2026-04-26T04:22:48","slug":"anunt-sedinta-consiliului-satesc-magdacesti-4-mai-2026-ora-1800","status":"publish","type":"post","link":"https:\/\/magdacesti.md\/?p=5817","title":{"rendered":"Anun\u021b: \u0218edin\u021ba Consiliului s\u0103tesc M\u0103gd\u0103ce\u0219ti \u2013 4 mai 2026, ora 18:00"},"content":{"rendered":"\n\n\n<p><strong>PRIM\u0102RIA SATULUI M\u0102GD\u0102CE\u0218TI<\/strong><br>e-mail: <a>primagdacesti@gmail.com<\/a><br><a href=\"http:\/\/www.magdacesti.md\">www.magdacesti.md<\/a><\/p>\n\n\n\n<hr class=\"wp-block-separator has-alpha-channel-opacity\"\/>\n\n\n\n<h3 class=\"wp-block-heading\"><strong>DISPOZI\u021aIE<\/strong><\/h3>\n\n\n\n<p>Nr. 27 din 24 aprilie 2026<\/p>\n\n\n\n<p><strong>Cu privire la convocarea \u0219edin\u021bei Consiliului s\u0103tesc M\u0103gd\u0103ce\u0219ti<\/strong><\/p>\n\n\n\n<p>\u00cen conformitate cu art. 16 alin. (2), (3) \u0219i (5) din Legea privind administra\u021bia public\u0103 local\u0103 nr. 436-XVI din 28.12.2006,<\/p>\n\n\n\n<p><strong>DISPUN:<\/strong><\/p>\n\n\n\n<p><strong>1.<\/strong> Se convoac\u0103 \u0219edin\u021ba ordinar\u0103 a Consiliului s\u0103tesc M\u0103gd\u0103ce\u0219ti pentru data de <strong>04 mai 2026, ora 18:00<\/strong>, \u00een incinta Liceului Teoretic M\u0103gd\u0103ce\u0219ti (sala festiv\u0103).<\/p>\n\n\n\n<p><strong>2.<\/strong> Se propune urm\u0103toarea ordine de zi:<\/p>\n\n\n\n<p><strong>2.1.<\/strong> Cu privire la aprobarea planului geometric \u0219i atribuirea terenurilor \u00een proprietate privat\u0103<br>Raportori: Liuba Cojocaru, primar; Feodosie Solotchi, specialist principal<br>Avizare: Comisia pentru reglementarea propriet\u0103\u021bii funciare \u0219i supravegherea \u00een construc\u021bii<\/p>\n\n\n\n<p><strong>2.2.<\/strong> Cu privire la rapoartele de audit \u0219i follow-up privind gestionarea patrimoniului \u0219i procesul bugetar<br>Raportor: Liuba Cojocaru, primar<br>Avizare: Comisia economie, finan\u021be \u0219i buget<\/p>\n\n\n\n<p><strong>2.3.<\/strong> Cu privire la aprobarea Planului de durabilitate a proiectului \u201eConstruc\u021bia centrului cultural-sportiv\u201d<br>Raportor: Liuba Cojocaru, primar<br>Avizare: Comisia economie, finan\u021be \u0219i buget<\/p>\n\n\n\n<p><strong>2.4.<\/strong> Cu privire la actul de constatare a costului investi\u021bional (Fondul na\u021bional pentru dezvoltare regional\u0103 \u0219i local\u0103)<br>Raportor: Liuba Cojocaru, primar<br>Avizare: Comisia economie, finan\u021be \u0219i buget<\/p>\n\n\n\n<p><strong>2.5.<\/strong> Cu privire la aprobarea documenta\u021biei PUD pentru amplasarea unei ferme avicole (S.C. AXEDUM S.R.L.)<br>Raportor: Liuba Cojocaru, primar<br>Avizare: Comisia pentru reglementarea propriet\u0103\u021bii funciare<\/p>\n\n\n\n<p><strong>2.6.<\/strong> Cu privire la acordarea ajutorului material cet\u0103\u021benilor<br>Raportor: Svetlana B\u00ee\u021blan, secretar<br>Avizare: Comisia economie, buget \u0219i finan\u021be<\/p>\n\n\n\n<p><strong>2.7.<\/strong> Cu privire la aprobarea beneficiarilor cantinei sociale<br>Raportor: Svetlana B\u00ee\u021blan<br>Avizare: Comisia economie, buget \u0219i finan\u021be<\/p>\n\n\n\n<p><strong>2.8 \u2013 2.13.<\/strong> Cu privire la examinarea cererilor<br>Raportori: Liuba Cojocaru \/ Feodosie Solotchi<br>Avizare: Comisia pentru reglementarea propriet\u0103\u021bii funciare<\/p>\n\n\n\n<p><strong>2.14 \u2013 2.16.<\/strong> Cu privire la schimbarea destina\u021biei terenurilor<br>Raportor: Feodosie Solotchi<br>Avizare: Comisia de profil<\/p>\n\n\n\n<p><strong>2.17 \u2013 2.19.<\/strong> Cu privire la abrogarea unor decizii anterioare<br>Raportor: Feodosie Solotchi<\/p>\n\n\n\n<p><strong>2.20 \u2013 2.26.<\/strong> Cu privire la aprobarea planurilor geometrice \u0219i transmiterea \u00een proprietate a surplusurilor de teren<br>Raportor: Feodosie Solotchi<\/p>\n\n\n\n<p><strong>2.27 \u2013 2.29.<\/strong> Cu privire la aprobarea planurilor geometrice<br>Raportor: Feodosie Solotchi<\/p>\n\n\n\n<p><strong>2.30.<\/strong> Cu privire la modificarea bugetului satului M\u0103gd\u0103ce\u0219ti pentru anul 2026<br>Raportor: Liuba Cojocaru<br>Avizare: Comisia economie, buget \u0219i finan\u021be<\/p>\n\n\n\n<hr class=\"wp-block-separator has-alpha-channel-opacity\"\/>\n\n\n\n<p><strong>Primar<\/strong><br>Liuba Cojocaru<\/p>\n","protected":false},"excerpt":{"rendered":"<p>PRIM\u0102RIA SATULUI M\u0102GD\u0102CE\u0218TIe-mail: primagdacesti@gmail.comwww.magdacesti.md DISPOZI\u021aIE Nr. 27 din 24 aprilie 2026 Cu privire la convocarea \u0219edin\u021bei Consiliului s\u0103tesc M\u0103gd\u0103ce\u0219ti \u00cen conformitate cu art. 16 alin. (2), (3) \u0219i (5) din Legea privind administra\u021bia public\u0103 local\u0103 nr. 436-XVI din 28.12.2006, DISPUN: 1. Se convoac\u0103 \u0219edin\u021ba ordinar\u0103 a Consiliului s\u0103tesc M\u0103gd\u0103ce\u0219ti pentru data de 04 mai 2026, [&#8230;]\n","protected":false},"author":2,"featured_media":0,"comment_status":"closed","ping_status":"closed","sticky":false,"template":"","format":"standard","meta":{"ngg_post_thumbnail":0,"footnotes":""},"categories":[1],"tags":[],"class_list":["post-5817","post","type-post","status-publish","format-standard","hentry","category-uncategorized"],"yoast_head":"<!-- This site is optimized with the Yoast SEO plugin v23.3 - https:\/\/yoast.com\/wordpress\/plugins\/seo\/ -->\n<title>Anun\u021b: \u0218edin\u021ba Consiliului s\u0103tesc M\u0103gd\u0103ce\u0219ti \u2013 4 mai 2026, ora 18:00 - M\u0103gd\u0103ce\u0219ti<\/title>\n<meta name=\"description\" content=\"Bine ati venit pe pagina oficiala a Primariei Magdacesti.\" \/>\n<meta name=\"robots\" content=\"index, follow, max-snippet:-1, max-image-preview:large, max-video-preview:-1\" \/>\n<link rel=\"canonical\" href=\"https:\/\/magdacesti.md\/?p=5817\" \/>\n<meta property=\"og:locale\" content=\"en_US\" \/>\n<meta property=\"og:type\" content=\"article\" \/>\n<meta property=\"og:title\" content=\"Anun\u021b: \u0218edin\u021ba Consiliului s\u0103tesc M\u0103gd\u0103ce\u0219ti \u2013 4 mai 2026, ora 18:00 - M\u0103gd\u0103ce\u0219ti\" \/>\n<meta property=\"og:description\" content=\"Bine ati venit pe pagina oficiala a Primariei Magdacesti.\" \/>\n<meta property=\"og:url\" content=\"https:\/\/magdacesti.md\/?p=5817\" \/>\n<meta property=\"og:site_name\" content=\"M\u0103gd\u0103ce\u0219ti\" \/>\n<meta property=\"article:publisher\" content=\"https:\/\/www.facebook.com\/magdacesti.md\/\" \/>\n<meta property=\"article:published_time\" content=\"2026-04-24T04:21:11+00:00\" \/>\n<meta property=\"article:modified_time\" content=\"2026-04-26T04:22:48+00:00\" \/>\n<meta property=\"og:image\" content=\"https:\/\/magdacesti.md\/wp-content\/uploads\/2021\/03\/Foto-514-edit-scaled.jpg\" \/>\n\t<meta property=\"og:image:width\" content=\"2560\" \/>\n\t<meta property=\"og:image:height\" content=\"1707\" \/>\n\t<meta property=\"og:image:type\" content=\"image\/jpeg\" \/>\n<meta name=\"author\" content=\"Olga Enachi\" \/>\n<meta name=\"twitter:card\" content=\"summary_large_image\" \/>\n<meta name=\"twitter:label1\" content=\"Written by\" \/>\n\t<meta name=\"twitter:data1\" content=\"Olga Enachi\" \/>\n\t<meta name=\"twitter:label2\" content=\"Est. reading time\" \/>\n\t<meta name=\"twitter:data2\" content=\"2 minutes\" \/>\n<script type=\"application\/ld+json\" class=\"yoast-schema-graph\">{\"@context\":\"https:\/\/schema.org\",\"@graph\":[{\"@type\":\"Article\",\"@id\":\"https:\/\/magdacesti.md\/?p=5817#article\",\"isPartOf\":{\"@id\":\"https:\/\/magdacesti.md\/?p=5817\"},\"author\":{\"name\":\"Olga Enachi\",\"@id\":\"https:\/\/magdacesti.md\/#\/schema\/person\/0068cad735c7cf3ab41a532515da0575\"},\"headline\":\"Anun\u021b: \u0218edin\u021ba Consiliului s\u0103tesc M\u0103gd\u0103ce\u0219ti \u2013 4 mai 2026, ora 18:00\",\"datePublished\":\"2026-04-24T04:21:11+00:00\",\"dateModified\":\"2026-04-26T04:22:48+00:00\",\"mainEntityOfPage\":{\"@id\":\"https:\/\/magdacesti.md\/?p=5817\"},\"wordCount\":347,\"publisher\":{\"@id\":\"https:\/\/magdacesti.md\/#organization\"},\"inLanguage\":\"en-US\"},{\"@type\":\"WebPage\",\"@id\":\"https:\/\/magdacesti.md\/?p=5817\",\"url\":\"https:\/\/magdacesti.md\/?p=5817\",\"name\":\"Anun\u021b: \u0218edin\u021ba Consiliului s\u0103tesc M\u0103gd\u0103ce\u0219ti \u2013 4 mai 2026, ora 18:00 - M\u0103gd\u0103ce\u0219ti\",\"isPartOf\":{\"@id\":\"https:\/\/magdacesti.md\/#website\"},\"datePublished\":\"2026-04-24T04:21:11+00:00\",\"dateModified\":\"2026-04-26T04:22:48+00:00\",\"description\":\"Bine ati venit pe pagina oficiala a Primariei Magdacesti.\",\"breadcrumb\":{\"@id\":\"https:\/\/magdacesti.md\/?p=5817#breadcrumb\"},\"inLanguage\":\"en-US\",\"potentialAction\":[{\"@type\":\"ReadAction\",\"target\":[\"https:\/\/magdacesti.md\/?p=5817\"]}]},{\"@type\":\"BreadcrumbList\",\"@id\":\"https:\/\/magdacesti.md\/?p=5817#breadcrumb\",\"itemListElement\":[{\"@type\":\"ListItem\",\"position\":1,\"name\":\"Home\",\"item\":\"https:\/\/magdacesti.md\/\"},{\"@type\":\"ListItem\",\"position\":2,\"name\":\"Anun\u021b: \u0218edin\u021ba Consiliului s\u0103tesc M\u0103gd\u0103ce\u0219ti \u2013 4 mai 2026, ora 18:00\"}]},{\"@type\":\"WebSite\",\"@id\":\"https:\/\/magdacesti.md\/#website\",\"url\":\"https:\/\/magdacesti.md\/\",\"name\":\"M\u0103gd\u0103ce\u0219ti\",\"description\":\"Un or\u0103\u0219el cu condi\u021bii decente de trai!\",\"publisher\":{\"@id\":\"https:\/\/magdacesti.md\/#organization\"},\"potentialAction\":[{\"@type\":\"SearchAction\",\"target\":{\"@type\":\"EntryPoint\",\"urlTemplate\":\"https:\/\/magdacesti.md\/?s={search_term_string}\"},\"query-input\":\"required name=search_term_string\"}],\"inLanguage\":\"en-US\"},{\"@type\":\"Organization\",\"@id\":\"https:\/\/magdacesti.md\/#organization\",\"name\":\"M\u0103gd\u0103ce\u0219ti\",\"url\":\"https:\/\/magdacesti.md\/\",\"logo\":{\"@type\":\"ImageObject\",\"inLanguage\":\"en-US\",\"@id\":\"https:\/\/magdacesti.md\/#\/schema\/logo\/image\/\",\"url\":\"https:\/\/magdacesti.md\/wp-content\/uploads\/2021\/03\/Foto-514-scaled.jpg\",\"contentUrl\":\"https:\/\/magdacesti.md\/wp-content\/uploads\/2021\/03\/Foto-514-scaled.jpg\",\"width\":2560,\"height\":1707,\"caption\":\"M\u0103gd\u0103ce\u0219ti\"},\"image\":{\"@id\":\"https:\/\/magdacesti.md\/#\/schema\/logo\/image\/\"},\"sameAs\":[\"https:\/\/www.facebook.com\/magdacesti.md\/\"]},{\"@type\":\"Person\",\"@id\":\"https:\/\/magdacesti.md\/#\/schema\/person\/0068cad735c7cf3ab41a532515da0575\",\"name\":\"Olga Enachi\",\"url\":\"https:\/\/magdacesti.md\/?author=2\"}]}<\/script>\n<!-- \/ Yoast SEO plugin. -->","yoast_head_json":{"title":"Anun\u021b: \u0218edin\u021ba Consiliului s\u0103tesc M\u0103gd\u0103ce\u0219ti \u2013 4 mai 2026, ora 18:00 - M\u0103gd\u0103ce\u0219ti","description":"Bine ati venit pe pagina oficiala a Primariei Magdacesti.","robots":{"index":"index","follow":"follow","max-snippet":"max-snippet:-1","max-image-preview":"max-image-preview:large","max-video-preview":"max-video-preview:-1"},"canonical":"https:\/\/magdacesti.md\/?p=5817","og_locale":"en_US","og_type":"article","og_title":"Anun\u021b: \u0218edin\u021ba Consiliului s\u0103tesc M\u0103gd\u0103ce\u0219ti \u2013 4 mai 2026, ora 18:00 - M\u0103gd\u0103ce\u0219ti","og_description":"Bine ati venit pe pagina oficiala a Primariei Magdacesti.","og_url":"https:\/\/magdacesti.md\/?p=5817","og_site_name":"M\u0103gd\u0103ce\u0219ti","article_publisher":"https:\/\/www.facebook.com\/magdacesti.md\/","article_published_time":"2026-04-24T04:21:11+00:00","article_modified_time":"2026-04-26T04:22:48+00:00","og_image":[{"width":2560,"height":1707,"url":"https:\/\/magdacesti.md\/wp-content\/uploads\/2021\/03\/Foto-514-edit-scaled.jpg","type":"image\/jpeg"}],"author":"Olga Enachi","twitter_card":"summary_large_image","twitter_misc":{"Written by":"Olga Enachi","Est. reading time":"2 minutes"},"schema":{"@context":"https:\/\/schema.org","@graph":[{"@type":"Article","@id":"https:\/\/magdacesti.md\/?p=5817#article","isPartOf":{"@id":"https:\/\/magdacesti.md\/?p=5817"},"author":{"name":"Olga Enachi","@id":"https:\/\/magdacesti.md\/#\/schema\/person\/0068cad735c7cf3ab41a532515da0575"},"headline":"Anun\u021b: \u0218edin\u021ba Consiliului s\u0103tesc M\u0103gd\u0103ce\u0219ti \u2013 4 mai 2026, ora 18:00","datePublished":"2026-04-24T04:21:11+00:00","dateModified":"2026-04-26T04:22:48+00:00","mainEntityOfPage":{"@id":"https:\/\/magdacesti.md\/?p=5817"},"wordCount":347,"publisher":{"@id":"https:\/\/magdacesti.md\/#organization"},"inLanguage":"en-US"},{"@type":"WebPage","@id":"https:\/\/magdacesti.md\/?p=5817","url":"https:\/\/magdacesti.md\/?p=5817","name":"Anun\u021b: \u0218edin\u021ba Consiliului s\u0103tesc M\u0103gd\u0103ce\u0219ti \u2013 4 mai 2026, ora 18:00 - M\u0103gd\u0103ce\u0219ti","isPartOf":{"@id":"https:\/\/magdacesti.md\/#website"},"datePublished":"2026-04-24T04:21:11+00:00","dateModified":"2026-04-26T04:22:48+00:00","description":"Bine ati venit pe pagina oficiala a Primariei Magdacesti.","breadcrumb":{"@id":"https:\/\/magdacesti.md\/?p=5817#breadcrumb"},"inLanguage":"en-US","potentialAction":[{"@type":"ReadAction","target":["https:\/\/magdacesti.md\/?p=5817"]}]},{"@type":"BreadcrumbList","@id":"https:\/\/magdacesti.md\/?p=5817#breadcrumb","itemListElement":[{"@type":"ListItem","position":1,"name":"Home","item":"https:\/\/magdacesti.md\/"},{"@type":"ListItem","position":2,"name":"Anun\u021b: \u0218edin\u021ba Consiliului s\u0103tesc M\u0103gd\u0103ce\u0219ti \u2013 4 mai 2026, ora 18:00"}]},{"@type":"WebSite","@id":"https:\/\/magdacesti.md\/#website","url":"https:\/\/magdacesti.md\/","name":"M\u0103gd\u0103ce\u0219ti","description":"Un or\u0103\u0219el cu condi\u021bii decente de trai!","publisher":{"@id":"https:\/\/magdacesti.md\/#organization"},"potentialAction":[{"@type":"SearchAction","target":{"@type":"EntryPoint","urlTemplate":"https:\/\/magdacesti.md\/?s={search_term_string}"},"query-input":"required name=search_term_string"}],"inLanguage":"en-US"},{"@type":"Organization","@id":"https:\/\/magdacesti.md\/#organization","name":"M\u0103gd\u0103ce\u0219ti","url":"https:\/\/magdacesti.md\/","logo":{"@type":"ImageObject","inLanguage":"en-US","@id":"https:\/\/magdacesti.md\/#\/schema\/logo\/image\/","url":"https:\/\/magdacesti.md\/wp-content\/uploads\/2021\/03\/Foto-514-scaled.jpg","contentUrl":"https:\/\/magdacesti.md\/wp-content\/uploads\/2021\/03\/Foto-514-scaled.jpg","width":2560,"height":1707,"caption":"M\u0103gd\u0103ce\u0219ti"},"image":{"@id":"https:\/\/magdacesti.md\/#\/schema\/logo\/image\/"},"sameAs":["https:\/\/www.facebook.com\/magdacesti.md\/"]},{"@type":"Person","@id":"https:\/\/magdacesti.md\/#\/schema\/person\/0068cad735c7cf3ab41a532515da0575","name":"Olga Enachi","url":"https:\/\/magdacesti.md\/?author=2"}]}},"_links":{"self":[{"href":"https:\/\/magdacesti.md\/index.php?rest_route=\/wp\/v2\/posts\/5817","targetHints":{"allow":["GET"]}}],"collection":[{"href":"https:\/\/magdacesti.md\/index.php?rest_route=\/wp\/v2\/posts"}],"about":[{"href":"https:\/\/magdacesti.md\/index.php?rest_route=\/wp\/v2\/types\/post"}],"author":[{"embeddable":true,"href":"https:\/\/magdacesti.md\/index.php?rest_route=\/wp\/v2\/users\/2"}],"replies":[{"embeddable":true,"href":"https:\/\/magdacesti.md\/index.php?rest_route=%2Fwp%2Fv2%2Fcomments&post=5817"}],"version-history":[{"count":1,"href":"https:\/\/magdacesti.md\/index.php?rest_route=\/wp\/v2\/posts\/5817\/revisions"}],"predecessor-version":[{"id":5818,"href":"https:\/\/magdacesti.md\/index.php?rest_route=\/wp\/v2\/posts\/5817\/revisions\/5818"}],"wp:attachment":[{"href":"https:\/\/magdacesti.md\/index.php?rest_route=%2Fwp%2Fv2%2Fmedia&parent=5817"}],"wp:term":[{"taxonomy":"category","embeddable":true,"href":"https:\/\/magdacesti.md\/index.php?rest_route=%2Fwp%2Fv2%2Fcategories&post=5817"},{"taxonomy":"post_tag","embeddable":true,"href":"https:\/\/magdacesti.md\/index.php?rest_route=%2Fwp%2Fv2%2Ftags&post=5817"}],"curies":[{"name":"wp","href":"https:\/\/api.w.org\/{rel}","templated":true}]}}