{"id":690,"date":"2016-03-12T08:52:24","date_gmt":"2016-03-12T06:52:24","guid":{"rendered":"https:\/\/magdacesti.md\/?p=690"},"modified":"2016-03-12T08:52:24","modified_gmt":"2016-03-12T06:52:24","slug":"semnarea-acordului-de-infratire-magdacesti-moldova-mioveni-romania","status":"publish","type":"post","link":"https:\/\/magdacesti.md\/?p=690","title":{"rendered":"Semnarea acordului de \u00eenfra\u021bire M\u0103gd\u0103ce\u0219ti (Moldova) &#8211; Mioveni (Romania)"},"content":{"rendered":"<p><img loading=\"lazy\" decoding=\"async\" class=\"alignleft size-medium wp-image-192\" style=\"border: 2px solid black;\" alt=\"Foto005\" src=\"https:\/\/magdacesti.md\/wp-content\/uploads\/2016\/03\/DSC_0481.jpg\" width=\"610\" height=\"400\" \/><\/p>\n<p>\u00cen perioada 06-09 martie 2016, delega\u021bia din cadrul Administra\u021biei Publice Locale din ora\u0219ul Mioveni, Romania, condus\u0103 de primarul ora\u0219ului d-nul Ion Georgescu, s-au aflat \u00een vizit\u0103 la M\u0103gd\u0103ce\u0219ti, av\u00eend ca obiectiv de baz\u0103-semnarea Acordului de \u00cenfr\u0103\u021bire \u00eentre localit\u0103\u021bi.<\/p>\n<p>\u00cen acest context au fost vizitate obiectivele de educa\u021bie, cultur\u0103, sport, s\u0103n\u0103tate public\u0103 precum \u0219i agen\u021bi economici din localitate.<\/p>\n<p>La 8 martie 2016, \u00een sediul Cantinei Sociale, \u00een cadrul \u0218edin\u021bei festive a Consiliului S\u0103tesc M\u0103gd\u0103ce\u0219ti a fost aprobat\u0103 \u00eenfr\u0103\u021birea ora\u0219ului Mioveni \u0219i satului M\u0103gd\u0103ce\u0219ti, un eveniment de o importan\u021b\u0103 major\u0103, marc\u00eend astfel un capitol nou \u00een istoria celor dou\u0103 localit\u0103\u021bi.<\/p>\n<p><iframe loading=\"lazy\" title=\"Semnarea acordului de \u00eenfr\u0103\u021bire M\u0103gd\u0103ce\u0219ti (Moldova) - Mioveni (Romania)\" width=\"1020\" height=\"574\" src=\"https:\/\/www.youtube.com\/embed\/WZc2XN8h8j4?feature=oembed\" frameborder=\"0\" allow=\"accelerometer; autoplay; clipboard-write; encrypted-media; gyroscope; picture-in-picture\" allowfullscreen><\/iframe><\/p>\n","protected":false},"excerpt":{"rendered":"<p>\u00cen perioada 06-09 martie 2016, delega\u021bia din cadrul Administra\u021biei Publice Locale din ora\u0219ul Mioveni, Romania, condus\u0103 de primarul ora\u0219ului d-nul Ion Georgescu, s-au aflat \u00een vizit\u0103 la M\u0103gd\u0103ce\u0219ti, av\u00eend ca obiectiv de baz\u0103-semnarea Acordului de \u00cenfr\u0103\u021bire \u00eentre localit\u0103\u021bi. \u00cen acest context au fost vizitate obiectivele de educa\u021bie, cultur\u0103, sport, s\u0103n\u0103tate public\u0103 precum \u0219i agen\u021bi economici [&#8230;]\n","protected":false},"author":1,"featured_media":0,"comment_status":"open","ping_status":"closed","sticky":false,"template":"","format":"standard","meta":{"ngg_post_thumbnail":0,"footnotes":""},"categories":[4],"tags":[],"class_list":["post-690","post","type-post","status-publish","format-standard","hentry","category-stiri"],"yoast_head":"<!-- This site is optimized with the Yoast SEO plugin v23.3 - https:\/\/yoast.com\/wordpress\/plugins\/seo\/ -->\n<title>Semnarea acordului de \u00eenfra\u021bire M\u0103gd\u0103ce\u0219ti (Moldova) - Mioveni (Romania) - M\u0103gd\u0103ce\u0219ti<\/title>\n<meta name=\"description\" content=\"Bine ati venit pe pagina oficiala a Primariei Magdacesti.\" \/>\n<meta name=\"robots\" content=\"index, follow, max-snippet:-1, max-image-preview:large, max-video-preview:-1\" \/>\n<link rel=\"canonical\" href=\"https:\/\/magdacesti.md\/?p=690\" \/>\n<meta property=\"og:locale\" content=\"en_US\" \/>\n<meta property=\"og:type\" content=\"article\" \/>\n<meta property=\"og:title\" content=\"Semnarea acordului de \u00eenfra\u021bire M\u0103gd\u0103ce\u0219ti (Moldova) - Mioveni (Romania) - M\u0103gd\u0103ce\u0219ti\" \/>\n<meta property=\"og:description\" content=\"Bine ati venit pe pagina oficiala a Primariei Magdacesti.\" \/>\n<meta property=\"og:url\" content=\"https:\/\/magdacesti.md\/?p=690\" \/>\n<meta property=\"og:site_name\" content=\"M\u0103gd\u0103ce\u0219ti\" \/>\n<meta property=\"article:publisher\" content=\"https:\/\/www.facebook.com\/magdacesti.md\/\" \/>\n<meta property=\"article:published_time\" content=\"2016-03-12T06:52:24+00:00\" \/>\n<meta property=\"og:image\" content=\"https:\/\/magdacesti.md\/wp-content\/uploads\/2016\/03\/DSC_0481.jpg\" \/>\n<meta name=\"author\" content=\"magdacesti\" \/>\n<meta name=\"twitter:card\" content=\"summary_large_image\" \/>\n<meta name=\"twitter:label1\" content=\"Written by\" \/>\n\t<meta name=\"twitter:data1\" content=\"magdacesti\" \/>\n\t<meta name=\"twitter:label2\" content=\"Est. reading time\" \/>\n\t<meta name=\"twitter:data2\" content=\"1 minute\" \/>\n<script type=\"application\/ld+json\" class=\"yoast-schema-graph\">{\"@context\":\"https:\/\/schema.org\",\"@graph\":[{\"@type\":\"Article\",\"@id\":\"https:\/\/magdacesti.md\/?p=690#article\",\"isPartOf\":{\"@id\":\"https:\/\/magdacesti.md\/?p=690\"},\"author\":{\"name\":\"magdacesti\",\"@id\":\"https:\/\/magdacesti.md\/#\/schema\/person\/ee6a6d0a5f0b0cb676ac992c8e414842\"},\"headline\":\"Semnarea acordului de \u00eenfra\u021bire M\u0103gd\u0103ce\u0219ti (Moldova) &#8211; Mioveni (Romania)\",\"datePublished\":\"2016-03-12T06:52:24+00:00\",\"dateModified\":\"2016-03-12T06:52:24+00:00\",\"mainEntityOfPage\":{\"@id\":\"https:\/\/magdacesti.md\/?p=690\"},\"wordCount\":145,\"commentCount\":0,\"publisher\":{\"@id\":\"https:\/\/magdacesti.md\/#organization\"},\"image\":{\"@id\":\"https:\/\/magdacesti.md\/?p=690#primaryimage\"},\"thumbnailUrl\":\"https:\/\/magdacesti.md\/wp-content\/uploads\/2016\/03\/DSC_0481.jpg\",\"articleSection\":[\"Stiri\"],\"inLanguage\":\"en-US\",\"potentialAction\":[{\"@type\":\"CommentAction\",\"name\":\"Comment\",\"target\":[\"https:\/\/magdacesti.md\/?p=690#respond\"]}]},{\"@type\":\"WebPage\",\"@id\":\"https:\/\/magdacesti.md\/?p=690\",\"url\":\"https:\/\/magdacesti.md\/?p=690\",\"name\":\"Semnarea acordului de \u00eenfra\u021bire M\u0103gd\u0103ce\u0219ti (Moldova) - Mioveni (Romania) - M\u0103gd\u0103ce\u0219ti\",\"isPartOf\":{\"@id\":\"https:\/\/magdacesti.md\/#website\"},\"primaryImageOfPage\":{\"@id\":\"https:\/\/magdacesti.md\/?p=690#primaryimage\"},\"image\":{\"@id\":\"https:\/\/magdacesti.md\/?p=690#primaryimage\"},\"thumbnailUrl\":\"https:\/\/magdacesti.md\/wp-content\/uploads\/2016\/03\/DSC_0481.jpg\",\"datePublished\":\"2016-03-12T06:52:24+00:00\",\"dateModified\":\"2016-03-12T06:52:24+00:00\",\"description\":\"Bine ati venit pe pagina oficiala a Primariei Magdacesti.\",\"breadcrumb\":{\"@id\":\"https:\/\/magdacesti.md\/?p=690#breadcrumb\"},\"inLanguage\":\"en-US\",\"potentialAction\":[{\"@type\":\"ReadAction\",\"target\":[\"https:\/\/magdacesti.md\/?p=690\"]}]},{\"@type\":\"ImageObject\",\"inLanguage\":\"en-US\",\"@id\":\"https:\/\/magdacesti.md\/?p=690#primaryimage\",\"url\":\"https:\/\/magdacesti.md\/wp-content\/uploads\/2016\/03\/DSC_0481.jpg\",\"contentUrl\":\"https:\/\/magdacesti.md\/wp-content\/uploads\/2016\/03\/DSC_0481.jpg\"},{\"@type\":\"BreadcrumbList\",\"@id\":\"https:\/\/magdacesti.md\/?p=690#breadcrumb\",\"itemListElement\":[{\"@type\":\"ListItem\",\"position\":1,\"name\":\"Home\",\"item\":\"https:\/\/magdacesti.md\/\"},{\"@type\":\"ListItem\",\"position\":2,\"name\":\"Semnarea acordului de \u00eenfra\u021bire M\u0103gd\u0103ce\u0219ti (Moldova) &#8211; Mioveni (Romania)\"}]},{\"@type\":\"WebSite\",\"@id\":\"https:\/\/magdacesti.md\/#website\",\"url\":\"https:\/\/magdacesti.md\/\",\"name\":\"M\u0103gd\u0103ce\u0219ti\",\"description\":\"Un or\u0103\u0219el cu condi\u021bii decente de trai!\",\"publisher\":{\"@id\":\"https:\/\/magdacesti.md\/#organization\"},\"potentialAction\":[{\"@type\":\"SearchAction\",\"target\":{\"@type\":\"EntryPoint\",\"urlTemplate\":\"https:\/\/magdacesti.md\/?s={search_term_string}\"},\"query-input\":\"required name=search_term_string\"}],\"inLanguage\":\"en-US\"},{\"@type\":\"Organization\",\"@id\":\"https:\/\/magdacesti.md\/#organization\",\"name\":\"M\u0103gd\u0103ce\u0219ti\",\"url\":\"https:\/\/magdacesti.md\/\",\"logo\":{\"@type\":\"ImageObject\",\"inLanguage\":\"en-US\",\"@id\":\"https:\/\/magdacesti.md\/#\/schema\/logo\/image\/\",\"url\":\"https:\/\/magdacesti.md\/wp-content\/uploads\/2021\/03\/Foto-514-scaled.jpg\",\"contentUrl\":\"https:\/\/magdacesti.md\/wp-content\/uploads\/2021\/03\/Foto-514-scaled.jpg\",\"width\":2560,\"height\":1707,\"caption\":\"M\u0103gd\u0103ce\u0219ti\"},\"image\":{\"@id\":\"https:\/\/magdacesti.md\/#\/schema\/logo\/image\/\"},\"sameAs\":[\"https:\/\/www.facebook.com\/magdacesti.md\/\"]},{\"@type\":\"Person\",\"@id\":\"https:\/\/magdacesti.md\/#\/schema\/person\/ee6a6d0a5f0b0cb676ac992c8e414842\",\"name\":\"magdacesti\",\"sameAs\":[\"https:\/\/magdacesti.md\"],\"url\":\"https:\/\/magdacesti.md\/?author=1\"}]}<\/script>\n<!-- \/ Yoast SEO plugin. -->","yoast_head_json":{"title":"Semnarea acordului de \u00eenfra\u021bire M\u0103gd\u0103ce\u0219ti (Moldova) - Mioveni (Romania) - M\u0103gd\u0103ce\u0219ti","description":"Bine ati venit pe pagina oficiala a Primariei Magdacesti.","robots":{"index":"index","follow":"follow","max-snippet":"max-snippet:-1","max-image-preview":"max-image-preview:large","max-video-preview":"max-video-preview:-1"},"canonical":"https:\/\/magdacesti.md\/?p=690","og_locale":"en_US","og_type":"article","og_title":"Semnarea acordului de \u00eenfra\u021bire M\u0103gd\u0103ce\u0219ti (Moldova) - Mioveni (Romania) - M\u0103gd\u0103ce\u0219ti","og_description":"Bine ati venit pe pagina oficiala a Primariei Magdacesti.","og_url":"https:\/\/magdacesti.md\/?p=690","og_site_name":"M\u0103gd\u0103ce\u0219ti","article_publisher":"https:\/\/www.facebook.com\/magdacesti.md\/","article_published_time":"2016-03-12T06:52:24+00:00","og_image":[{"url":"https:\/\/magdacesti.md\/wp-content\/uploads\/2016\/03\/DSC_0481.jpg"}],"author":"magdacesti","twitter_card":"summary_large_image","twitter_misc":{"Written by":"magdacesti","Est. reading time":"1 minute"},"schema":{"@context":"https:\/\/schema.org","@graph":[{"@type":"Article","@id":"https:\/\/magdacesti.md\/?p=690#article","isPartOf":{"@id":"https:\/\/magdacesti.md\/?p=690"},"author":{"name":"magdacesti","@id":"https:\/\/magdacesti.md\/#\/schema\/person\/ee6a6d0a5f0b0cb676ac992c8e414842"},"headline":"Semnarea acordului de \u00eenfra\u021bire M\u0103gd\u0103ce\u0219ti (Moldova) &#8211; Mioveni (Romania)","datePublished":"2016-03-12T06:52:24+00:00","dateModified":"2016-03-12T06:52:24+00:00","mainEntityOfPage":{"@id":"https:\/\/magdacesti.md\/?p=690"},"wordCount":145,"commentCount":0,"publisher":{"@id":"https:\/\/magdacesti.md\/#organization"},"image":{"@id":"https:\/\/magdacesti.md\/?p=690#primaryimage"},"thumbnailUrl":"https:\/\/magdacesti.md\/wp-content\/uploads\/2016\/03\/DSC_0481.jpg","articleSection":["Stiri"],"inLanguage":"en-US","potentialAction":[{"@type":"CommentAction","name":"Comment","target":["https:\/\/magdacesti.md\/?p=690#respond"]}]},{"@type":"WebPage","@id":"https:\/\/magdacesti.md\/?p=690","url":"https:\/\/magdacesti.md\/?p=690","name":"Semnarea acordului de \u00eenfra\u021bire M\u0103gd\u0103ce\u0219ti (Moldova) - Mioveni (Romania) - M\u0103gd\u0103ce\u0219ti","isPartOf":{"@id":"https:\/\/magdacesti.md\/#website"},"primaryImageOfPage":{"@id":"https:\/\/magdacesti.md\/?p=690#primaryimage"},"image":{"@id":"https:\/\/magdacesti.md\/?p=690#primaryimage"},"thumbnailUrl":"https:\/\/magdacesti.md\/wp-content\/uploads\/2016\/03\/DSC_0481.jpg","datePublished":"2016-03-12T06:52:24+00:00","dateModified":"2016-03-12T06:52:24+00:00","description":"Bine ati venit pe pagina oficiala a Primariei Magdacesti.","breadcrumb":{"@id":"https:\/\/magdacesti.md\/?p=690#breadcrumb"},"inLanguage":"en-US","potentialAction":[{"@type":"ReadAction","target":["https:\/\/magdacesti.md\/?p=690"]}]},{"@type":"ImageObject","inLanguage":"en-US","@id":"https:\/\/magdacesti.md\/?p=690#primaryimage","url":"https:\/\/magdacesti.md\/wp-content\/uploads\/2016\/03\/DSC_0481.jpg","contentUrl":"https:\/\/magdacesti.md\/wp-content\/uploads\/2016\/03\/DSC_0481.jpg"},{"@type":"BreadcrumbList","@id":"https:\/\/magdacesti.md\/?p=690#breadcrumb","itemListElement":[{"@type":"ListItem","position":1,"name":"Home","item":"https:\/\/magdacesti.md\/"},{"@type":"ListItem","position":2,"name":"Semnarea acordului de \u00eenfra\u021bire M\u0103gd\u0103ce\u0219ti (Moldova) &#8211; Mioveni (Romania)"}]},{"@type":"WebSite","@id":"https:\/\/magdacesti.md\/#website","url":"https:\/\/magdacesti.md\/","name":"M\u0103gd\u0103ce\u0219ti","description":"Un or\u0103\u0219el cu condi\u021bii decente de trai!","publisher":{"@id":"https:\/\/magdacesti.md\/#organization"},"potentialAction":[{"@type":"SearchAction","target":{"@type":"EntryPoint","urlTemplate":"https:\/\/magdacesti.md\/?s={search_term_string}"},"query-input":"required name=search_term_string"}],"inLanguage":"en-US"},{"@type":"Organization","@id":"https:\/\/magdacesti.md\/#organization","name":"M\u0103gd\u0103ce\u0219ti","url":"https:\/\/magdacesti.md\/","logo":{"@type":"ImageObject","inLanguage":"en-US","@id":"https:\/\/magdacesti.md\/#\/schema\/logo\/image\/","url":"https:\/\/magdacesti.md\/wp-content\/uploads\/2021\/03\/Foto-514-scaled.jpg","contentUrl":"https:\/\/magdacesti.md\/wp-content\/uploads\/2021\/03\/Foto-514-scaled.jpg","width":2560,"height":1707,"caption":"M\u0103gd\u0103ce\u0219ti"},"image":{"@id":"https:\/\/magdacesti.md\/#\/schema\/logo\/image\/"},"sameAs":["https:\/\/www.facebook.com\/magdacesti.md\/"]},{"@type":"Person","@id":"https:\/\/magdacesti.md\/#\/schema\/person\/ee6a6d0a5f0b0cb676ac992c8e414842","name":"magdacesti","sameAs":["https:\/\/magdacesti.md"],"url":"https:\/\/magdacesti.md\/?author=1"}]}},"_links":{"self":[{"href":"https:\/\/magdacesti.md\/index.php?rest_route=\/wp\/v2\/posts\/690","targetHints":{"allow":["GET"]}}],"collection":[{"href":"https:\/\/magdacesti.md\/index.php?rest_route=\/wp\/v2\/posts"}],"about":[{"href":"https:\/\/magdacesti.md\/index.php?rest_route=\/wp\/v2\/types\/post"}],"author":[{"embeddable":true,"href":"https:\/\/magdacesti.md\/index.php?rest_route=\/wp\/v2\/users\/1"}],"replies":[{"embeddable":true,"href":"https:\/\/magdacesti.md\/index.php?rest_route=%2Fwp%2Fv2%2Fcomments&post=690"}],"version-history":[{"count":0,"href":"https:\/\/magdacesti.md\/index.php?rest_route=\/wp\/v2\/posts\/690\/revisions"}],"wp:attachment":[{"href":"https:\/\/magdacesti.md\/index.php?rest_route=%2Fwp%2Fv2%2Fmedia&parent=690"}],"wp:term":[{"taxonomy":"category","embeddable":true,"href":"https:\/\/magdacesti.md\/index.php?rest_route=%2Fwp%2Fv2%2Fcategories&post=690"},{"taxonomy":"post_tag","embeddable":true,"href":"https:\/\/magdacesti.md\/index.php?rest_route=%2Fwp%2Fv2%2Ftags&post=690"}],"curies":[{"name":"wp","href":"https:\/\/api.w.org\/{rel}","templated":true}]}}