{"id":789,"date":"2016-07-27T11:37:22","date_gmt":"2016-07-27T08:37:22","guid":{"rendered":"https:\/\/magdacesti.md\/?p=789"},"modified":"2016-07-27T11:37:22","modified_gmt":"2016-07-27T08:37:22","slug":"789","status":"publish","type":"post","link":"https:\/\/magdacesti.md\/?p=789","title":{"rendered":"\u201dCei mai buni dintre cei mai buni\u201d, tabere de vara M\u0103gd\u0103ce\u0219ti-Mioveni"},"content":{"rendered":"<p><img loading=\"lazy\" decoding=\"async\" class=\"alignleft size-medium wp-image-192\" style=\"border: 2px solid black;\" src=\"https:\/\/magdacesti.md\/wp-content\/uploads\/2016\/07\/DSC_0327.jpg\" alt=\"Foto005\" width=\"610\" height=\"400\" \/><\/p>\n<p>________________________________________________________________________________________<\/p>\n<p>Dup\u0103 ce \u00een perioada 05-10 martie 2016 primarii Ion GEORGESCU\u00a0 \u0219i Liuba COJOCARU au semnat Acordul de \u00cenfr\u0103\u021bire \u00eentre\u00a0 ora\u0219ul Mioveni \u0219i satul M\u0103gd\u0103ce\u0219ti, s-au derulat\u00a0 o serie\u00a0 de schimburi culturale \u0219i de bune practici\u00a0 administrative .<\/p>\n<p>\u00cen baza Acordului de Parteneriat \u201dCei mai buni dintre cei mai buni\u201d au fost organizate\u00a0 tabere de var\u0103 \u00een ora\u0219ul Mioveni (18-24 iunie 2016) \u0219i satul M\u0103gd\u0103ce\u0219ti (18-23 iulie 2016).<\/p>\n<p>Un proiect comun\u00a0 \u00een vederea\u00a0 schimbului de experien\u021b\u0103 pentru elevi, populariz\u0103rii modului de organizare a proiectului de ac\u021biune comunitar\u0103.<\/p>\n<p>Delega\u021bia copiilor din satul M\u0103gd\u0103ce\u0219ti , \u00een num\u0103r de 30 persoane,\u00a0 a vizitat ora\u0219ul Mioveni, f\u0103c\u00e2nd cuno\u0219tin\u021b\u0103 cu mai multe institu\u021bii publice cultural-educa\u021bionale din localitate, c\u00e2t \u0219i cu ceva puncte de atrac\u021bie turistic\u0103 din zon\u0103 printre care Curtea de Arge\u0219, Cetatea Poenari \u0219i altele.<\/p>\n<p>\u00cen perioada 18-23 iulie 2016, 25 copii din ora\u0219ul Mioveni s-au bucurat de ospitalitatea\u00a0 locuitorilor satului M\u0103gd\u0103ce\u0219ti. Copii au efectuat o vizit\u0103 la institu\u021biile publice din satul M\u0103gd\u0103ce\u0219ti\u00a0 precum\u00a0 \u0219i la \u201eMoara Domneasc\u0103\u201d\u00a0 unde au f\u0103cut cuno\u0219tin\u021b\u0103 cu procesul\u00a0 de producere . Au fost surprin\u0219i de Ora\u0219ul Subteran Cricova .Au poposit \u00een inima Moldovei \u2013M\u0103n\u0103stirea Curchi \u0219i codrii .Au\u00a0 vizitat cetatea Sorocii. La\u00a0 finele\u00a0 taberei, au vizitat ora\u0219ul Chi\u0219in\u0103u \u2013Muzeul de Etnografie \u0219i Roata Vremii .<\/p>\n<p>Copii din Mioveni au fost \u00eent\u00e2mpina\u021bi cu ospitalitate\u00a0 \u0219i s-au sim\u021bit\u00a0 emo\u021biona\u021bi \u0219i importan\u021bi.<br \/>\n________________________________________________________________________________________<br \/>\n<img loading=\"lazy\" decoding=\"async\" class=\"alignleft size-medium wp-image-192\" style=\"border: 2px solid black;\" src=\"https:\/\/magdacesti.md\/wp-content\/uploads\/2016\/07\/DSC_0397.jpg\" alt=\"Foto005\" width=\"610\" height=\"400\" \/><br \/>\nDelega\u021bia din M\u0103gd\u0103ce\u0219ti in fata sediului primariei orasului Mioveni<br \/>\n________________________________________________________________________________________<br \/>\n<img loading=\"lazy\" decoding=\"async\" class=\"alignleft size-medium wp-image-192\" style=\"border: 2px solid black;\" src=\"https:\/\/magdacesti.md\/wp-content\/uploads\/2016\/07\/20160623_115940.jpg\" alt=\"Foto005\" width=\"400\" height=\"610\" \/><br \/>\n________________________________________________________________________________________<br \/>\n<img loading=\"lazy\" decoding=\"async\" class=\"alignleft size-medium wp-image-192\" style=\"border: 2px solid black;\" src=\"https:\/\/magdacesti.md\/wp-content\/uploads\/2016\/07\/20160623_120334.jpg\" alt=\"Foto005\" width=\"610\" height=\"380\" \/><br \/>\n________________________________________________________________________________________<br \/>\n<img loading=\"lazy\" decoding=\"async\" class=\"alignleft size-medium wp-image-192\" style=\"border: 2px solid black;\" src=\"https:\/\/magdacesti.md\/wp-content\/uploads\/2016\/07\/20160623_134446.jpg\" alt=\"Foto005\" width=\"610\" height=\"380\" \/><br \/>\n________________________________________________________________________________________<br \/>\n<strong>Impresiile grupului de copii de la M\u0103gd\u0103ce\u0219ti<\/strong><\/p>\n<p>Excursia c\u0103tre ora\u0219ul Mioveni, a fost cu siguran\u021b\u0103 una frumoas\u0103 \u0219i memorabil\u0103. Timp de 5 zile, am reu\u0219it s\u0103 \u00eembin\u0103m frumos odihna, distrac\u021bia, \u0219i \u00een acela\u0219i timp \u0219i cunoa\u0219terea, explorarea celor mai frumoase locuri \u0219i obiceiuri ale acelui or\u0103\u0219el, cit \u0219i a Rom\u00e2niei \u00een general.<br \/>\nAm r\u0103mas impresiona\u021bi de locurile pitore\u0219ti \u00een care am avut ocazia sa ne afl\u0103m, printre acestea nu avem cum s\u0103 nu men\u021bion\u0103m M\u0103n\u0103stirea Curtea de Arge\u0219, unde am fost extrem de incanta\u021bi s\u0103 vedem locul \u00een care a fost zidit\u0103 Ana, din foarte cunoscuta legenda Me\u0219terul Manole. Mai mult ca at\u00e2t, tot \u00een acest loc, am avut prilejul s\u0103 facem incursiuni \u0219i \u00een istoria Rom\u00e2niei, av\u00e2nd \u00een vedere ca tot \u00een acest ora\u0219, Curtea de Arge\u0219, la m\u0103n\u0103stire sunt \u00eentre\u021binute si mormintele celor mai de seam\u0103 regi ai Rom\u00e2niei ca Carol 1, Ferdinand \u0219i so\u021biile acestora. O alta experien\u021b\u0103 la fel de frumoas\u0103 a fost \u0219i provocarea de a urca 1457 trepte care duc c\u0103tre Cetatea Poenari, un monument istoric deosebit , unde conform legendei s-a refugiat marele domnitor Vlad \u021aepe\u0219 , fiind urm\u0103rit de turci.<br \/>\nNu mai pu\u021bin important si interesant a fost si faptul c\u0103 am cunoscut \u0219i am legat prietenii cu copii din ora\u0219ul Mioveni. Am vizitat \u0219coli, unde am putut observa cum este \u00eenv\u0103\u021b\u0103m\u00e2ntul \u00een Mioveni, cum se studiaz\u0103.<br \/>\nAm fost \u00eentimpina\u021bi cu cea mai mare ospitalitate si am sim\u021bit ca \u00eentr-adev\u0103r sunte\u021bi bineveni\u021bi. Domnul Primar Ion Georgescu ii dator\u0103m un mare mul\u021bumesc pentru grija \u0219i ospitalitatea care a reu\u0219it s\u0103 ni le acorde aceste zile petrecute la Mioveni.<br \/>\n________________________________________________________________________________________<br \/>\n<img loading=\"lazy\" decoding=\"async\" class=\"alignleft size-medium wp-image-192\" style=\"border: 2px solid black;\" src=\"https:\/\/magdacesti.md\/wp-content\/uploads\/2016\/07\/Foto-288.jpg\" alt=\"Foto005\" width=\"610\" height=\"380\" \/><br \/>\nDelega\u021bia din Mioveni \u00eempreun\u0103 cu d-na primar \u00een vizita la &#8220;Casa Mare&#8221;, M\u0103gd\u0103ce\u0219ti<br \/>\n________________________________________________________________________________________<br \/>\n<img loading=\"lazy\" decoding=\"async\" class=\"alignleft size-medium wp-image-192\" style=\"border: 2px solid black;\" src=\"https:\/\/magdacesti.md\/wp-content\/uploads\/2016\/07\/Foto-134.jpg\" alt=\"Foto005\" width=\"610\" height=\"380\" \/><br \/>\n\u00cempreun\u0103 cu d-na primar \u00een vizita la Or\u0103\u0219elul Subteran, Cricova<br \/>\n________________________________________________________________________________________<br \/>\n<img loading=\"lazy\" decoding=\"async\" class=\"alignleft size-medium wp-image-192\" style=\"border: 2px solid black;\" src=\"https:\/\/magdacesti.md\/wp-content\/uploads\/2016\/07\/Foto-248.jpg\" alt=\"Foto005\" width=\"610\" height=\"380\" \/><br \/>\n\u00cempreun\u0103 cu d-na primar \u00een vizita la Or\u0103\u0219elul Subteran, Cricova<br \/>\n________________________________________________________________________________________<br \/>\n<img loading=\"lazy\" decoding=\"async\" class=\"alignleft size-medium wp-image-192\" style=\"border: 2px solid black;\" src=\"https:\/\/magdacesti.md\/wp-content\/uploads\/2016\/07\/IMG-20160721-WA0020.jpg\" alt=\"Foto005\" width=\"610\" height=\"380\" \/><br \/>\nCopiii din Mioveni la Magdacesti, savur\u00e2nd din darurile verii<br \/>\n________________________________________________________________________________________<br \/>\n<img loading=\"lazy\" decoding=\"async\" class=\"alignleft size-medium wp-image-192\" style=\"border: 2px solid black;\" src=\"https:\/\/magdacesti.md\/wp-content\/uploads\/2016\/07\/IMG-20160723-WA0008.jpg\" alt=\"Foto005\" width=\"610\" height=\"380\" \/><br \/>\nCopiii din Mioveni la cafenea \u00een Capitala Moldovei<br \/>\n________________________________________________________________________________________<\/p>\n","protected":false},"excerpt":{"rendered":"<p>________________________________________________________________________________________ Dup\u0103 ce \u00een perioada 05-10 martie 2016 primarii Ion GEORGESCU\u00a0 \u0219i Liuba COJOCARU au semnat Acordul de \u00cenfr\u0103\u021bire \u00eentre\u00a0 ora\u0219ul Mioveni \u0219i satul M\u0103gd\u0103ce\u0219ti, s-au derulat\u00a0 o serie\u00a0 de schimburi culturale \u0219i de bune practici\u00a0 administrative . \u00cen baza Acordului de Parteneriat \u201dCei mai buni dintre cei mai buni\u201d au fost organizate\u00a0 tabere de [&#8230;]\n","protected":false},"author":1,"featured_media":0,"comment_status":"closed","ping_status":"closed","sticky":false,"template":"","format":"standard","meta":{"ngg_post_thumbnail":0,"footnotes":""},"categories":[4],"tags":[],"class_list":["post-789","post","type-post","status-publish","format-standard","hentry","category-stiri"],"yoast_head":"<!-- This site is optimized with the Yoast SEO plugin v23.3 - https:\/\/yoast.com\/wordpress\/plugins\/seo\/ -->\n<title>\u201dCei mai buni dintre cei mai buni\u201d, tabere de vara M\u0103gd\u0103ce\u0219ti-Mioveni - M\u0103gd\u0103ce\u0219ti<\/title>\n<meta name=\"description\" content=\"Bine ati venit pe pagina oficiala a Primariei Magdacesti.\" \/>\n<meta name=\"robots\" content=\"index, follow, max-snippet:-1, max-image-preview:large, max-video-preview:-1\" \/>\n<link rel=\"canonical\" href=\"https:\/\/magdacesti.md\/?p=789\" \/>\n<meta property=\"og:locale\" content=\"en_US\" \/>\n<meta property=\"og:type\" content=\"article\" \/>\n<meta property=\"og:title\" content=\"\u201dCei mai buni dintre cei mai buni\u201d, tabere de vara M\u0103gd\u0103ce\u0219ti-Mioveni - M\u0103gd\u0103ce\u0219ti\" \/>\n<meta property=\"og:description\" content=\"Bine ati venit pe pagina oficiala a Primariei Magdacesti.\" \/>\n<meta property=\"og:url\" content=\"https:\/\/magdacesti.md\/?p=789\" \/>\n<meta property=\"og:site_name\" content=\"M\u0103gd\u0103ce\u0219ti\" \/>\n<meta property=\"article:publisher\" content=\"https:\/\/www.facebook.com\/magdacesti.md\/\" \/>\n<meta property=\"article:published_time\" content=\"2016-07-27T08:37:22+00:00\" \/>\n<meta property=\"og:image\" content=\"https:\/\/magdacesti.md\/wp-content\/uploads\/2016\/07\/DSC_0327.jpg\" \/>\n<meta name=\"author\" content=\"magdacesti\" \/>\n<meta name=\"twitter:card\" content=\"summary_large_image\" \/>\n<meta name=\"twitter:label1\" content=\"Written by\" \/>\n\t<meta name=\"twitter:data1\" content=\"magdacesti\" \/>\n\t<meta name=\"twitter:label2\" content=\"Est. reading time\" \/>\n\t<meta name=\"twitter:data2\" content=\"3 minutes\" \/>\n<script type=\"application\/ld+json\" class=\"yoast-schema-graph\">{\"@context\":\"https:\/\/schema.org\",\"@graph\":[{\"@type\":\"Article\",\"@id\":\"https:\/\/magdacesti.md\/?p=789#article\",\"isPartOf\":{\"@id\":\"https:\/\/magdacesti.md\/?p=789\"},\"author\":{\"name\":\"magdacesti\",\"@id\":\"https:\/\/magdacesti.md\/#\/schema\/person\/ee6a6d0a5f0b0cb676ac992c8e414842\"},\"headline\":\"\u201dCei mai buni dintre cei mai buni\u201d, tabere de vara M\u0103gd\u0103ce\u0219ti-Mioveni\",\"datePublished\":\"2016-07-27T08:37:22+00:00\",\"dateModified\":\"2016-07-27T08:37:22+00:00\",\"mainEntityOfPage\":{\"@id\":\"https:\/\/magdacesti.md\/?p=789\"},\"wordCount\":645,\"publisher\":{\"@id\":\"https:\/\/magdacesti.md\/#organization\"},\"image\":{\"@id\":\"https:\/\/magdacesti.md\/?p=789#primaryimage\"},\"thumbnailUrl\":\"https:\/\/magdacesti.md\/wp-content\/uploads\/2016\/07\/DSC_0327.jpg\",\"articleSection\":[\"Stiri\"],\"inLanguage\":\"en-US\"},{\"@type\":\"WebPage\",\"@id\":\"https:\/\/magdacesti.md\/?p=789\",\"url\":\"https:\/\/magdacesti.md\/?p=789\",\"name\":\"\u201dCei mai buni dintre cei mai buni\u201d, tabere de vara M\u0103gd\u0103ce\u0219ti-Mioveni - M\u0103gd\u0103ce\u0219ti\",\"isPartOf\":{\"@id\":\"https:\/\/magdacesti.md\/#website\"},\"primaryImageOfPage\":{\"@id\":\"https:\/\/magdacesti.md\/?p=789#primaryimage\"},\"image\":{\"@id\":\"https:\/\/magdacesti.md\/?p=789#primaryimage\"},\"thumbnailUrl\":\"https:\/\/magdacesti.md\/wp-content\/uploads\/2016\/07\/DSC_0327.jpg\",\"datePublished\":\"2016-07-27T08:37:22+00:00\",\"dateModified\":\"2016-07-27T08:37:22+00:00\",\"description\":\"Bine ati venit pe pagina oficiala a Primariei Magdacesti.\",\"breadcrumb\":{\"@id\":\"https:\/\/magdacesti.md\/?p=789#breadcrumb\"},\"inLanguage\":\"en-US\",\"potentialAction\":[{\"@type\":\"ReadAction\",\"target\":[\"https:\/\/magdacesti.md\/?p=789\"]}]},{\"@type\":\"ImageObject\",\"inLanguage\":\"en-US\",\"@id\":\"https:\/\/magdacesti.md\/?p=789#primaryimage\",\"url\":\"https:\/\/magdacesti.md\/wp-content\/uploads\/2016\/07\/DSC_0327.jpg\",\"contentUrl\":\"https:\/\/magdacesti.md\/wp-content\/uploads\/2016\/07\/DSC_0327.jpg\"},{\"@type\":\"BreadcrumbList\",\"@id\":\"https:\/\/magdacesti.md\/?p=789#breadcrumb\",\"itemListElement\":[{\"@type\":\"ListItem\",\"position\":1,\"name\":\"Home\",\"item\":\"https:\/\/magdacesti.md\/\"},{\"@type\":\"ListItem\",\"position\":2,\"name\":\"\u201dCei mai buni dintre cei mai buni\u201d, tabere de vara M\u0103gd\u0103ce\u0219ti-Mioveni\"}]},{\"@type\":\"WebSite\",\"@id\":\"https:\/\/magdacesti.md\/#website\",\"url\":\"https:\/\/magdacesti.md\/\",\"name\":\"M\u0103gd\u0103ce\u0219ti\",\"description\":\"Un or\u0103\u0219el cu condi\u021bii decente de trai!\",\"publisher\":{\"@id\":\"https:\/\/magdacesti.md\/#organization\"},\"potentialAction\":[{\"@type\":\"SearchAction\",\"target\":{\"@type\":\"EntryPoint\",\"urlTemplate\":\"https:\/\/magdacesti.md\/?s={search_term_string}\"},\"query-input\":\"required name=search_term_string\"}],\"inLanguage\":\"en-US\"},{\"@type\":\"Organization\",\"@id\":\"https:\/\/magdacesti.md\/#organization\",\"name\":\"M\u0103gd\u0103ce\u0219ti\",\"url\":\"https:\/\/magdacesti.md\/\",\"logo\":{\"@type\":\"ImageObject\",\"inLanguage\":\"en-US\",\"@id\":\"https:\/\/magdacesti.md\/#\/schema\/logo\/image\/\",\"url\":\"https:\/\/magdacesti.md\/wp-content\/uploads\/2021\/03\/Foto-514-scaled.jpg\",\"contentUrl\":\"https:\/\/magdacesti.md\/wp-content\/uploads\/2021\/03\/Foto-514-scaled.jpg\",\"width\":2560,\"height\":1707,\"caption\":\"M\u0103gd\u0103ce\u0219ti\"},\"image\":{\"@id\":\"https:\/\/magdacesti.md\/#\/schema\/logo\/image\/\"},\"sameAs\":[\"https:\/\/www.facebook.com\/magdacesti.md\/\"]},{\"@type\":\"Person\",\"@id\":\"https:\/\/magdacesti.md\/#\/schema\/person\/ee6a6d0a5f0b0cb676ac992c8e414842\",\"name\":\"magdacesti\",\"sameAs\":[\"https:\/\/magdacesti.md\"],\"url\":\"https:\/\/magdacesti.md\/?author=1\"}]}<\/script>\n<!-- \/ Yoast SEO plugin. -->","yoast_head_json":{"title":"\u201dCei mai buni dintre cei mai buni\u201d, tabere de vara M\u0103gd\u0103ce\u0219ti-Mioveni - M\u0103gd\u0103ce\u0219ti","description":"Bine ati venit pe pagina oficiala a Primariei Magdacesti.","robots":{"index":"index","follow":"follow","max-snippet":"max-snippet:-1","max-image-preview":"max-image-preview:large","max-video-preview":"max-video-preview:-1"},"canonical":"https:\/\/magdacesti.md\/?p=789","og_locale":"en_US","og_type":"article","og_title":"\u201dCei mai buni dintre cei mai buni\u201d, tabere de vara M\u0103gd\u0103ce\u0219ti-Mioveni - M\u0103gd\u0103ce\u0219ti","og_description":"Bine ati venit pe pagina oficiala a Primariei Magdacesti.","og_url":"https:\/\/magdacesti.md\/?p=789","og_site_name":"M\u0103gd\u0103ce\u0219ti","article_publisher":"https:\/\/www.facebook.com\/magdacesti.md\/","article_published_time":"2016-07-27T08:37:22+00:00","og_image":[{"url":"https:\/\/magdacesti.md\/wp-content\/uploads\/2016\/07\/DSC_0327.jpg"}],"author":"magdacesti","twitter_card":"summary_large_image","twitter_misc":{"Written by":"magdacesti","Est. reading time":"3 minutes"},"schema":{"@context":"https:\/\/schema.org","@graph":[{"@type":"Article","@id":"https:\/\/magdacesti.md\/?p=789#article","isPartOf":{"@id":"https:\/\/magdacesti.md\/?p=789"},"author":{"name":"magdacesti","@id":"https:\/\/magdacesti.md\/#\/schema\/person\/ee6a6d0a5f0b0cb676ac992c8e414842"},"headline":"\u201dCei mai buni dintre cei mai buni\u201d, tabere de vara M\u0103gd\u0103ce\u0219ti-Mioveni","datePublished":"2016-07-27T08:37:22+00:00","dateModified":"2016-07-27T08:37:22+00:00","mainEntityOfPage":{"@id":"https:\/\/magdacesti.md\/?p=789"},"wordCount":645,"publisher":{"@id":"https:\/\/magdacesti.md\/#organization"},"image":{"@id":"https:\/\/magdacesti.md\/?p=789#primaryimage"},"thumbnailUrl":"https:\/\/magdacesti.md\/wp-content\/uploads\/2016\/07\/DSC_0327.jpg","articleSection":["Stiri"],"inLanguage":"en-US"},{"@type":"WebPage","@id":"https:\/\/magdacesti.md\/?p=789","url":"https:\/\/magdacesti.md\/?p=789","name":"\u201dCei mai buni dintre cei mai buni\u201d, tabere de vara M\u0103gd\u0103ce\u0219ti-Mioveni - M\u0103gd\u0103ce\u0219ti","isPartOf":{"@id":"https:\/\/magdacesti.md\/#website"},"primaryImageOfPage":{"@id":"https:\/\/magdacesti.md\/?p=789#primaryimage"},"image":{"@id":"https:\/\/magdacesti.md\/?p=789#primaryimage"},"thumbnailUrl":"https:\/\/magdacesti.md\/wp-content\/uploads\/2016\/07\/DSC_0327.jpg","datePublished":"2016-07-27T08:37:22+00:00","dateModified":"2016-07-27T08:37:22+00:00","description":"Bine ati venit pe pagina oficiala a Primariei Magdacesti.","breadcrumb":{"@id":"https:\/\/magdacesti.md\/?p=789#breadcrumb"},"inLanguage":"en-US","potentialAction":[{"@type":"ReadAction","target":["https:\/\/magdacesti.md\/?p=789"]}]},{"@type":"ImageObject","inLanguage":"en-US","@id":"https:\/\/magdacesti.md\/?p=789#primaryimage","url":"https:\/\/magdacesti.md\/wp-content\/uploads\/2016\/07\/DSC_0327.jpg","contentUrl":"https:\/\/magdacesti.md\/wp-content\/uploads\/2016\/07\/DSC_0327.jpg"},{"@type":"BreadcrumbList","@id":"https:\/\/magdacesti.md\/?p=789#breadcrumb","itemListElement":[{"@type":"ListItem","position":1,"name":"Home","item":"https:\/\/magdacesti.md\/"},{"@type":"ListItem","position":2,"name":"\u201dCei mai buni dintre cei mai buni\u201d, tabere de vara M\u0103gd\u0103ce\u0219ti-Mioveni"}]},{"@type":"WebSite","@id":"https:\/\/magdacesti.md\/#website","url":"https:\/\/magdacesti.md\/","name":"M\u0103gd\u0103ce\u0219ti","description":"Un or\u0103\u0219el cu condi\u021bii decente de trai!","publisher":{"@id":"https:\/\/magdacesti.md\/#organization"},"potentialAction":[{"@type":"SearchAction","target":{"@type":"EntryPoint","urlTemplate":"https:\/\/magdacesti.md\/?s={search_term_string}"},"query-input":"required name=search_term_string"}],"inLanguage":"en-US"},{"@type":"Organization","@id":"https:\/\/magdacesti.md\/#organization","name":"M\u0103gd\u0103ce\u0219ti","url":"https:\/\/magdacesti.md\/","logo":{"@type":"ImageObject","inLanguage":"en-US","@id":"https:\/\/magdacesti.md\/#\/schema\/logo\/image\/","url":"https:\/\/magdacesti.md\/wp-content\/uploads\/2021\/03\/Foto-514-scaled.jpg","contentUrl":"https:\/\/magdacesti.md\/wp-content\/uploads\/2021\/03\/Foto-514-scaled.jpg","width":2560,"height":1707,"caption":"M\u0103gd\u0103ce\u0219ti"},"image":{"@id":"https:\/\/magdacesti.md\/#\/schema\/logo\/image\/"},"sameAs":["https:\/\/www.facebook.com\/magdacesti.md\/"]},{"@type":"Person","@id":"https:\/\/magdacesti.md\/#\/schema\/person\/ee6a6d0a5f0b0cb676ac992c8e414842","name":"magdacesti","sameAs":["https:\/\/magdacesti.md"],"url":"https:\/\/magdacesti.md\/?author=1"}]}},"_links":{"self":[{"href":"https:\/\/magdacesti.md\/index.php?rest_route=\/wp\/v2\/posts\/789","targetHints":{"allow":["GET"]}}],"collection":[{"href":"https:\/\/magdacesti.md\/index.php?rest_route=\/wp\/v2\/posts"}],"about":[{"href":"https:\/\/magdacesti.md\/index.php?rest_route=\/wp\/v2\/types\/post"}],"author":[{"embeddable":true,"href":"https:\/\/magdacesti.md\/index.php?rest_route=\/wp\/v2\/users\/1"}],"replies":[{"embeddable":true,"href":"https:\/\/magdacesti.md\/index.php?rest_route=%2Fwp%2Fv2%2Fcomments&post=789"}],"version-history":[{"count":0,"href":"https:\/\/magdacesti.md\/index.php?rest_route=\/wp\/v2\/posts\/789\/revisions"}],"wp:attachment":[{"href":"https:\/\/magdacesti.md\/index.php?rest_route=%2Fwp%2Fv2%2Fmedia&parent=789"}],"wp:term":[{"taxonomy":"category","embeddable":true,"href":"https:\/\/magdacesti.md\/index.php?rest_route=%2Fwp%2Fv2%2Fcategories&post=789"},{"taxonomy":"post_tag","embeddable":true,"href":"https:\/\/magdacesti.md\/index.php?rest_route=%2Fwp%2Fv2%2Ftags&post=789"}],"curies":[{"name":"wp","href":"https:\/\/api.w.org\/{rel}","templated":true}]}}